{"id":1046120,"date":"2024-12-16T10:29:23","date_gmt":"2024-12-16T07:29:23","guid":{"rendered":"https:\/\/darkamazi.info\/?p=1046120"},"modified":"2024-12-16T10:29:23","modified_gmt":"2024-12-16T07:29:23","slug":"enks-pewiste-sistema-federali-li-suriye-be-ava-kirin","status":"publish","type":"post","link":"https:\/\/darkamazi.info\/archives\/1046120","title":{"rendered":"ENKS: P\u00eaw\u00eeste s\u00eestema Federal\u00ee li S\u00fbriy\u00ea b\u00ea ava kirin"},"content":{"rendered":"<h3 style=\"text-align: justify\"><span style=\"font-family: 'arial black', sans-serif\">Enc\u00fbmena Ni\u015ftimaniya Kurd li S\u00fbriy\u00ea (ENKS) ragehand li S\u00fbriy\u00ea p\u00eaw\u00eeste bi awayek\u00ee dest\u00fbr\u00ee maf\u00ean Kurdan b\u00ean nas\u00een \u00fb s\u00eestema Federal\u00ee li S\u00fbriy\u00ea b\u00ea ava kirin.<\/span><\/h3>\n<h3 style=\"text-align: justify\">\u00cero 15.12.2024\u00ea ENKS\u00ea di civ\u00eena xwe ya li Qami\u015flo de behsa giringiya yekitiya helw\u00easta Kurdan li S\u00fbriy\u00ea \u00fb giringiya parastina nav\u00e7ey\u00ean Kurdistan\u00ea y\u00ean ji hem\u00fb destwerdanek\u00ee derve kir.<\/h3>\n<h3 style=\"text-align: justify\">Ji aliyek\u00ee din ve ENKS\u00ea ragehand, lez\u00ea dikin ku peywendiy\u00ean li gel desthilat\u00ea li \u015eam\u00ea \u00e7\u00eakin \u00fb daxuyaniya helw\u00easta enc\u00fbmen\u00ea li S\u00fbriy\u00ea, ji p\u00eaw\u00eestiya naskirina dest\u00fbr\u00ee ya heb\u00fbna gel\u00ea Kurd \u00fb maf\u00ean w\u00ea y\u00ean netew\u00ee li S\u00fbriy\u00ea \u00fb nenavend\u00ee \u00fb federaliy\u00ea p\u00eak t\u00ea.<\/h3>\n<h3 style=\"text-align: justify\">ENKS\u00ea diyar kir, c\u00eehbic\u00eehkirina biryara 2254 a Netew\u00ean Yekb\u00fby\u00ee bo \u00e7areseriya kr\u00eeza S\u00fbriy\u00ea, bi berdewamiya peywendiy\u00ean bi hem\u00fb welat\u00ean ereb\u00ee \u00fb civaka navnetew\u00ee \u00fb r\u00eazgirtina li maf\u00ean p\u00eakhateyan li S\u00fbriy\u00ea ve misoger dibe.<\/h3>\n<h3 style=\"text-align: justify\">ENKS\u00ea di civ\u00eena xwe de, ji ber pi\u015ftevaniya w\u00ee ya li gel\u00ea Kurd li S\u00fbriy\u00ea \u00fb himb\u00eazkirina penaber\u00ean Kurd\u00ean S\u00fbriy\u00ea li Her\u00eama Kurdistan\u00ea \u00fb her ji destp\u00eaka kr\u00eeza S\u00fbriy\u00ea ya sala 2011\u00ea heta naha pi\u015ftevaniya w\u00ee spasiya Serok Barzan\u00ee kir.<\/h3>\n","protected":false},"excerpt":{"rendered":"<p>Enc\u00fbmena Ni\u015ftimaniya Kurd li S\u00fbriy\u00ea (ENKS) ragehand li S\u00fbriy\u00ea p\u00eaw\u00eeste bi awayek\u00ee dest\u00fbr\u00ee maf\u00ean Kurdan b\u00ean nas\u00een \u00fb s\u00eestema Federal\u00ee li S\u00fbriy\u00ea b\u00ea ava kirin. \u00cero 15.12.2024\u00ea ENKS\u00ea di civ\u00eena xwe ya li Qami\u015flo de behsa giringiya yekitiya helw\u00easta Kurdan li S\u00fbriy\u00ea \u00fb giringiya parastina nav\u00e7ey\u00ean Kurdistan\u00ea y\u00ean ji hem\u00fb destwerdanek\u00ee derve kir. Ji aliyek\u00ee [&hellip;]<\/p>\n","protected":false},"author":2,"featured_media":1046121,"comment_status":"closed","ping_status":"closed","sticky":false,"template":"","format":"standard","meta":{"footnotes":""},"categories":[29],"tags":[37],"class_list":["post-1046120","post","type-post","status-publish","format-standard","has-post-thumbnail","hentry","category-kurdistan","tag-sereke"],"blocksy_meta":[],"seo_head":"<!-- This site is optimized with the Yoast SEO plugin v27.5 - https:\/\/yoast.com\/product\/yoast-seo-wordpress\/ -->\n<title>ENKS: P\u00eaw\u00eeste s\u00eestema Federal\u00ee li S\u00fbriy\u00ea b\u00ea ava kirin - Darka Maz\u00ee<\/title>\n<meta name=\"robots\" content=\"index, follow, max-snippet:-1, max-image-preview:large, max-video-preview:-1\" \/>\n<link rel=\"canonical\" href=\"https:\/\/darkamazi.info\/archives\/1046120\" \/>\n<meta property=\"og:locale\" content=\"en_US\" \/>\n<meta property=\"og:type\" content=\"article\" \/>\n<meta property=\"og:title\" content=\"ENKS: P\u00eaw\u00eeste s\u00eestema Federal\u00ee li S\u00fbriy\u00ea b\u00ea ava kirin - Darka Maz\u00ee\" \/>\n<meta property=\"og:description\" content=\"Enc\u00fbmena Ni\u015ftimaniya Kurd li S\u00fbriy\u00ea (ENKS) ragehand li S\u00fbriy\u00ea p\u00eaw\u00eeste bi awayek\u00ee dest\u00fbr\u00ee maf\u00ean Kurdan b\u00ean nas\u00een \u00fb s\u00eestema Federal\u00ee li S\u00fbriy\u00ea b\u00ea ava kirin. \u00cero 15.12.2024\u00ea ENKS\u00ea di civ\u00eena xwe ya li Qami\u015flo de behsa giringiya yekitiya helw\u00easta Kurdan li S\u00fbriy\u00ea \u00fb giringiya parastina nav\u00e7ey\u00ean Kurdistan\u00ea y\u00ean ji hem\u00fb destwerdanek\u00ee derve kir. Ji aliyek\u00ee [&hellip;]\" \/>\n<meta property=\"og:url\" content=\"https:\/\/darkamazi.info\/archives\/1046120\" \/>\n<meta property=\"og:site_name\" content=\"Darka Maz\u00ee\" \/>\n<meta property=\"article:publisher\" content=\"https:\/\/www.facebook.com\/DarMaziKurmanci\" \/>\n<meta property=\"article:published_time\" content=\"2024-12-16T07:29:23+00:00\" \/>\n<meta property=\"og:image\" content=\"https:\/\/darkamazi.info\/file\/2024\/12\/enks-rojava-1.jpg\" \/>\n\t<meta property=\"og:image:width\" content=\"900\" \/>\n\t<meta property=\"og:image:height\" content=\"497\" \/>\n\t<meta property=\"og:image:type\" content=\"image\/jpeg\" \/>\n<meta name=\"author\" content=\"darka mazi\" \/>\n<meta name=\"twitter:card\" content=\"summary_large_image\" \/>\n<meta name=\"twitter:creator\" content=\"@DarkaMaziLatini\" \/>\n<meta name=\"twitter:site\" content=\"@DarkaMaziLatini\" \/>\n<meta name=\"twitter:label1\" content=\"Written by\" \/>\n\t<meta name=\"twitter:data1\" content=\"darka mazi\" \/>\n\t<meta name=\"twitter:label2\" content=\"Est. reading time\" \/>\n\t<meta name=\"twitter:data2\" content=\"1 minute\" \/>\n<script type=\"application\/ld+json\" class=\"seo-schema-graph\">{\"@context\":\"https:\\\/\\\/schema.org\",\"@graph\":[{\"@type\":\"Article\",\"@id\":\"https:\\\/\\\/darkamazi.info\\\/archives\\\/1046120#article\",\"isPartOf\":{\"@id\":\"https:\\\/\\\/darkamazi.info\\\/archives\\\/1046120\"},\"author\":{\"name\":\"darka mazi\",\"@id\":\"https:\\\/\\\/darkamazi.info\\\/#\\\/schema\\\/person\\\/5ad3e24553a0567993fa8ed4bd0a776c\"},\"headline\":\"ENKS: P\u00eaw\u00eeste s\u00eestema Federal\u00ee li S\u00fbriy\u00ea b\u00ea ava kirin\",\"datePublished\":\"2024-12-16T07:29:23+00:00\",\"mainEntityOfPage\":{\"@id\":\"https:\\\/\\\/darkamazi.info\\\/archives\\\/1046120\"},\"wordCount\":224,\"publisher\":{\"@id\":\"https:\\\/\\\/darkamazi.info\\\/#organization\"},\"image\":{\"@id\":\"https:\\\/\\\/darkamazi.info\\\/archives\\\/1046120#primaryimage\"},\"thumbnailUrl\":\"https:\\\/\\\/darkamazi.info\\\/darka-content\\\/uploads\\\/2024\\\/12\\\/enks-rojava-1.jpg\",\"keywords\":[\"sereke\"],\"articleSection\":[\"Kurdistan\"],\"inLanguage\":\"en-US\"},{\"@type\":\"WebPage\",\"@id\":\"https:\\\/\\\/darkamazi.info\\\/archives\\\/1046120\",\"url\":\"https:\\\/\\\/darkamazi.info\\\/archives\\\/1046120\",\"name\":\"ENKS: P\u00eaw\u00eeste s\u00eestema Federal\u00ee li S\u00fbriy\u00ea b\u00ea ava kirin - Darka Maz\u00ee\",\"isPartOf\":{\"@id\":\"https:\\\/\\\/darkamazi.info\\\/#website\"},\"primaryImageOfPage\":{\"@id\":\"https:\\\/\\\/darkamazi.info\\\/archives\\\/1046120#primaryimage\"},\"image\":{\"@id\":\"https:\\\/\\\/darkamazi.info\\\/archives\\\/1046120#primaryimage\"},\"thumbnailUrl\":\"https:\\\/\\\/darkamazi.info\\\/darka-content\\\/uploads\\\/2024\\\/12\\\/enks-rojava-1.jpg\",\"datePublished\":\"2024-12-16T07:29:23+00:00\",\"breadcrumb\":{\"@id\":\"https:\\\/\\\/darkamazi.info\\\/archives\\\/1046120#breadcrumb\"},\"inLanguage\":\"en-US\",\"potentialAction\":[{\"@type\":\"ReadAction\",\"target\":[\"https:\\\/\\\/darkamazi.info\\\/archives\\\/1046120\"]}]},{\"@type\":\"ImageObject\",\"inLanguage\":\"en-US\",\"@id\":\"https:\\\/\\\/darkamazi.info\\\/archives\\\/1046120#primaryimage\",\"url\":\"https:\\\/\\\/darkamazi.info\\\/darka-content\\\/uploads\\\/2024\\\/12\\\/enks-rojava-1.jpg\",\"contentUrl\":\"https:\\\/\\\/darkamazi.info\\\/darka-content\\\/uploads\\\/2024\\\/12\\\/enks-rojava-1.jpg\",\"width\":900,\"height\":497,\"caption\":\"ENKS: P\u00eaw\u00eeste s\u00eestema Federal\u00ee li S\u00fbriy\u00ea b\u00ea ava kirin\"},{\"@type\":\"BreadcrumbList\",\"@id\":\"https:\\\/\\\/darkamazi.info\\\/archives\\\/1046120#breadcrumb\",\"itemListElement\":[{\"@type\":\"ListItem\",\"position\":1,\"name\":\"Home\",\"item\":\"https:\\\/\\\/darkamazi.info\\\/\"},{\"@type\":\"ListItem\",\"position\":2,\"name\":\"ENKS: P\u00eaw\u00eeste s\u00eestema Federal\u00ee li S\u00fbriy\u00ea b\u00ea ava kirin\"}]},{\"@type\":\"WebSite\",\"@id\":\"https:\\\/\\\/darkamazi.info\\\/#website\",\"url\":\"https:\\\/\\\/darkamazi.info\\\/\",\"name\":\"Darka Maz\u00ee\",\"description\":\"P\u00eageha Zanyariy\u00ean Nebih\u00eest\u00ee\",\"publisher\":{\"@id\":\"https:\\\/\\\/darkamazi.info\\\/#organization\"},\"potentialAction\":[{\"@type\":\"SearchAction\",\"target\":{\"@type\":\"EntryPoint\",\"urlTemplate\":\"https:\\\/\\\/darkamazi.info\\\/?s={search_term_string}\"},\"query-input\":{\"@type\":\"PropertyValueSpecification\",\"valueRequired\":true,\"valueName\":\"search_term_string\"}}],\"inLanguage\":\"en-US\"},{\"@type\":\"Organization\",\"@id\":\"https:\\\/\\\/darkamazi.info\\\/#organization\",\"name\":\"Darka Maz\u00ee\",\"url\":\"https:\\\/\\\/darkamazi.info\\\/\",\"logo\":{\"@type\":\"ImageObject\",\"inLanguage\":\"en-US\",\"@id\":\"https:\\\/\\\/darkamazi.info\\\/#\\\/schema\\\/logo\\\/image\\\/\",\"url\":\"https:\\\/\\\/darkamazi.info\\\/darka-content\\\/uploads\\\/2017\\\/12\\\/darka-mazi-logo.png\",\"contentUrl\":\"https:\\\/\\\/darkamazi.info\\\/darka-content\\\/uploads\\\/2017\\\/12\\\/darka-mazi-logo.png\",\"width\":151,\"height\":75,\"caption\":\"Darka Maz\u00ee\"},\"image\":{\"@id\":\"https:\\\/\\\/darkamazi.info\\\/#\\\/schema\\\/logo\\\/image\\\/\"},\"sameAs\":[\"https:\\\/\\\/www.facebook.com\\\/DarMaziKurmanci\",\"https:\\\/\\\/x.com\\\/DarkaMaziLatini\",\"https:\\\/\\\/www.instagram.com\\\/darkamazi.kurmanci\\\/\",\"https:\\\/\\\/www.youtube.com\\\/channel\\\/UCa5HkTdmI8U1qCUFuTw8B2g\"]},{\"@type\":\"Person\",\"@id\":\"https:\\\/\\\/darkamazi.info\\\/#\\\/schema\\\/person\\\/5ad3e24553a0567993fa8ed4bd0a776c\",\"name\":\"darka mazi\",\"sameAs\":[\"https:\\\/\\\/darkamazi.info\\\/\"],\"url\":\"https:\\\/\\\/darkamazi.info\\\/archives\\\/author\\\/kurdi\"}]}<\/script>\n<!-- \/ Yoast SEO plugin. -->","seo_head_json":{"title":"ENKS: P\u00eaw\u00eeste s\u00eestema Federal\u00ee li S\u00fbriy\u00ea b\u00ea ava kirin - Darka Maz\u00ee","robots":{"index":"index","follow":"follow","max-snippet":"max-snippet:-1","max-image-preview":"max-image-preview:large","max-video-preview":"max-video-preview:-1"},"canonical":"https:\/\/darkamazi.info\/archives\/1046120","og_locale":"en_US","og_type":"article","og_title":"ENKS: P\u00eaw\u00eeste s\u00eestema Federal\u00ee li S\u00fbriy\u00ea b\u00ea ava kirin - Darka Maz\u00ee","og_description":"Enc\u00fbmena Ni\u015ftimaniya Kurd li S\u00fbriy\u00ea (ENKS) ragehand li S\u00fbriy\u00ea p\u00eaw\u00eeste bi awayek\u00ee dest\u00fbr\u00ee maf\u00ean Kurdan b\u00ean nas\u00een \u00fb s\u00eestema Federal\u00ee li S\u00fbriy\u00ea b\u00ea ava kirin. \u00cero 15.12.2024\u00ea ENKS\u00ea di civ\u00eena xwe ya li Qami\u015flo de behsa giringiya yekitiya helw\u00easta Kurdan li S\u00fbriy\u00ea \u00fb giringiya parastina nav\u00e7ey\u00ean Kurdistan\u00ea y\u00ean ji hem\u00fb destwerdanek\u00ee derve kir. Ji aliyek\u00ee [&hellip;]","og_url":"https:\/\/darkamazi.info\/archives\/1046120","og_site_name":"Darka Maz\u00ee","article_publisher":"https:\/\/www.facebook.com\/DarMaziKurmanci","article_published_time":"2024-12-16T07:29:23+00:00","og_image":[{"width":900,"height":497,"url":"https:\/\/darkamazi.info\/file\/2024\/12\/enks-rojava-1.jpg","type":"image\/jpeg"}],"author":"darka mazi","twitter_card":"summary_large_image","twitter_creator":"@DarkaMaziLatini","twitter_site":"@DarkaMaziLatini","twitter_misc":{"Written by":"darka mazi","Est. reading time":"1 minute"},"schema":{"@context":"https:\/\/schema.org","@graph":[{"@type":"Article","@id":"https:\/\/darkamazi.info\/archives\/1046120#article","isPartOf":{"@id":"https:\/\/darkamazi.info\/archives\/1046120"},"author":{"name":"darka mazi","@id":"https:\/\/darkamazi.info\/#\/schema\/person\/5ad3e24553a0567993fa8ed4bd0a776c"},"headline":"ENKS: P\u00eaw\u00eeste s\u00eestema Federal\u00ee li S\u00fbriy\u00ea b\u00ea ava kirin","datePublished":"2024-12-16T07:29:23+00:00","mainEntityOfPage":{"@id":"https:\/\/darkamazi.info\/archives\/1046120"},"wordCount":224,"publisher":{"@id":"https:\/\/darkamazi.info\/#organization"},"image":{"@id":"https:\/\/darkamazi.info\/archives\/1046120#primaryimage"},"thumbnailUrl":"https:\/\/darkamazi.info\/file\/2024\/12\/enks-rojava-1.jpg","keywords":["sereke"],"articleSection":["Kurdistan"],"inLanguage":"en-US"},{"@type":"WebPage","@id":"https:\/\/darkamazi.info\/archives\/1046120","url":"https:\/\/darkamazi.info\/archives\/1046120","name":"ENKS: P\u00eaw\u00eeste s\u00eestema Federal\u00ee li S\u00fbriy\u00ea b\u00ea ava kirin - Darka Maz\u00ee","isPartOf":{"@id":"https:\/\/darkamazi.info\/#website"},"primaryImageOfPage":{"@id":"https:\/\/darkamazi.info\/archives\/1046120#primaryimage"},"image":{"@id":"https:\/\/darkamazi.info\/archives\/1046120#primaryimage"},"thumbnailUrl":"https:\/\/darkamazi.info\/file\/2024\/12\/enks-rojava-1.jpg","datePublished":"2024-12-16T07:29:23+00:00","breadcrumb":{"@id":"https:\/\/darkamazi.info\/archives\/1046120#breadcrumb"},"inLanguage":"en-US","potentialAction":[{"@type":"ReadAction","target":["https:\/\/darkamazi.info\/archives\/1046120"]}]},{"@type":"ImageObject","inLanguage":"en-US","@id":"https:\/\/darkamazi.info\/archives\/1046120#primaryimage","url":"https:\/\/darkamazi.info\/file\/2024\/12\/enks-rojava-1.jpg","contentUrl":"https:\/\/darkamazi.info\/file\/2024\/12\/enks-rojava-1.jpg","width":900,"height":497,"caption":"ENKS: P\u00eaw\u00eeste s\u00eestema Federal\u00ee li S\u00fbriy\u00ea b\u00ea ava kirin"},{"@type":"BreadcrumbList","@id":"https:\/\/darkamazi.info\/archives\/1046120#breadcrumb","itemListElement":[{"@type":"ListItem","position":1,"name":"Home","item":"https:\/\/darkamazi.info\/"},{"@type":"ListItem","position":2,"name":"ENKS: P\u00eaw\u00eeste s\u00eestema Federal\u00ee li S\u00fbriy\u00ea b\u00ea ava kirin"}]},{"@type":"WebSite","@id":"https:\/\/darkamazi.info\/#website","url":"https:\/\/darkamazi.info\/","name":"Darka Maz\u00ee","description":"P\u00eageha Zanyariy\u00ean Nebih\u00eest\u00ee","publisher":{"@id":"https:\/\/darkamazi.info\/#organization"},"potentialAction":[{"@type":"SearchAction","target":{"@type":"EntryPoint","urlTemplate":"https:\/\/darkamazi.info\/?s={search_term_string}"},"query-input":{"@type":"PropertyValueSpecification","valueRequired":true,"valueName":"search_term_string"}}],"inLanguage":"en-US"},{"@type":"Organization","@id":"https:\/\/darkamazi.info\/#organization","name":"Darka Maz\u00ee","url":"https:\/\/darkamazi.info\/","logo":{"@type":"ImageObject","inLanguage":"en-US","@id":"https:\/\/darkamazi.info\/#\/schema\/logo\/image\/","url":"https:\/\/darkamazi.info\/file\/2017\/12\/darka-mazi-logo.png","contentUrl":"https:\/\/darkamazi.info\/file\/2017\/12\/darka-mazi-logo.png","width":151,"height":75,"caption":"Darka Maz\u00ee"},"image":{"@id":"https:\/\/darkamazi.info\/#\/schema\/logo\/image\/"},"sameAs":["https:\/\/www.facebook.com\/DarMaziKurmanci","https:\/\/x.com\/DarkaMaziLatini","https:\/\/www.instagram.com\/darkamazi.kurmanci\/","https:\/\/www.youtube.com\/channel\/UCa5HkTdmI8U1qCUFuTw8B2g"]},{"@type":"Person","@id":"https:\/\/darkamazi.info\/#\/schema\/person\/5ad3e24553a0567993fa8ed4bd0a776c","name":"darka mazi","sameAs":["https:\/\/darkamazi.info\/"],"url":"https:\/\/darkamazi.info\/archives\/author\/kurdi"}]}},"_links":{"self":[{"href":"https:\/\/darkamazi.info\/funavuv\/wp\/v2\/posts\/1046120","targetHints":{"allow":["GET"]}}],"collection":[{"href":"https:\/\/darkamazi.info\/funavuv\/wp\/v2\/posts"}],"about":[{"href":"https:\/\/darkamazi.info\/funavuv\/wp\/v2\/types\/post"}],"author":[{"embeddable":true,"href":"https:\/\/darkamazi.info\/funavuv\/wp\/v2\/users\/2"}],"replies":[{"embeddable":true,"href":"https:\/\/darkamazi.info\/funavuv\/wp\/v2\/comments?post=1046120"}],"version-history":[{"count":0,"href":"https:\/\/darkamazi.info\/funavuv\/wp\/v2\/posts\/1046120\/revisions"}],"wp:featuredmedia":[{"embeddable":true,"href":"https:\/\/darkamazi.info\/funavuv\/wp\/v2\/media\/1046121"}],"wp:attachment":[{"href":"https:\/\/darkamazi.info\/funavuv\/wp\/v2\/media?parent=1046120"}],"wp:term":[{"taxonomy":"category","embeddable":true,"href":"https:\/\/darkamazi.info\/funavuv\/wp\/v2\/categories?post=1046120"},{"taxonomy":"post_tag","embeddable":true,"href":"https:\/\/darkamazi.info\/funavuv\/wp\/v2\/tags?post=1046120"}],"curies":[{"name":"wp","href":"https:\/\/api.w.org\/{rel}","templated":true}]}}