{"id":1046176,"date":"2024-12-19T16:42:34","date_gmt":"2024-12-19T13:42:34","guid":{"rendered":"https:\/\/darkamazi.info\/?p=1046176"},"modified":"2024-12-19T16:42:34","modified_gmt":"2024-12-19T13:42:34","slug":"dem-partiye-hevsaredara-hezexe-ji-partiye-dur-xist","status":"publish","type":"post","link":"https:\/\/darkamazi.info\/archives\/1046176","title":{"rendered":"DEM Partiy\u00ea Hev\u015faredara Hezex\u00ea ji partiy\u00ea d\u00fbr xist"},"content":{"rendered":"<h3 style=\"text-align: justify\"><span style=\"font-family: 'arial black', sans-serif\">Desteya R\u00eaveberiy\u00ean Her\u00eam\u00ee ya Partiya Wekhev\u00ee \u00fb Demokrasiy\u00ea ya Gelan (DEM Part\u00ee) ragihand, Hev\u015faredara Nav\u00e7eya Hezex\u00ea ya \u015eirnex\u00ea Turkan Kayir ji partiy\u00ea hatiye d\u00fbrxistin.<\/span><\/h3>\n<h3 style=\"text-align: justify\">DEM Partiy\u00ea d\u00fbrxistina Turkan Kayir di daxuyaniy\u00ea de a\u015fkere kir \u00fb diyar kir:<\/h3>\n<h3 style=\"text-align: justify\">\u2018\u2019Di hilbijartin\u00ean 31&#8217;\u00ea Adara 2024&#8217;an de gel\u00ea Hezex\u00ea bi ji sed\u00ee 71.27&#8217;\u00ea dengan \u00eeradeya xwe ya ji bo partiya me n\u00ee\u015fan da. Pi\u015ft\u00ee hilbijartinan, weke Partiya DEM \u00fb p\u00eakhatey\u00ean w\u00ea y\u00ean saz\u00ee, me weke prens\u00eeba xwe ya bingeh\u00een destn\u00ee\u015fan kir ku w\u00earaniya wefadariy\u00ea ya 8 sal in li Hezex\u00ea hatiye \u00e7\u00eakirin, ji hol\u00ea rakin. Bel\u00ea, me d\u00eet ku hin kesan xwestin w\u00earankirina ku weliyan bi salan belav kirib\u00fbn bidom\u00eenin.<\/h3>\n<h3 style=\"text-align: justify\">Mixabin di v\u00ea heyama 8 mehan de hat d\u00eetin ku n\u00eaz\u00eekatiy\u00ean ku nirx \u00fb prens\u00eeb\u00ean t\u00eako\u015f\u00eena me ya demokrat\u00eek ji ned\u00eet\u00ee ve t\u00ean, xizmeta gel esas nagirin, \u00eeradeya hilbijartin\u00ea ji ned\u00eet\u00ee ve t\u00ean, bi z\u00eehniyet\u00ean dij-part\u00ee tevdigerin \u00fb hewl didin. \u015faredariy\u00ea bi t\u00eakiliy\u00ean hevr\u00eatiy\u00ea \u00eedare bike. Hewldan \u00fb xebat\u00ean avaker \u00ean demdir\u00eaj \u00ean partiya me ji ned\u00eet\u00ee ve hatin, n\u00eaz\u00eekatiyeke ku di xwe de israr dike, derket p\u00ea\u015f. Ji ber v\u00ea yek\u00ea Hev\u015faredara Hezex\u00ea Turkan Kayir ji Desteya Dis\u00eepl\u00een\u00ea ya Navend\u00ee ya Partiya DEM\u2019\u00ea re wiha got; Endam\u00ea Mecl\u00eesa \u015earedariy\u00ea Ekrem \u015e\u00eem\u015fek sewq\u00ee Lijneya Dis\u00eepl\u00een\u00ea ya \u015eirnex\u00ea ya Partiya DEM&#8217;\u00ea hat kirin.<\/h3>\n<h3 style=\"text-align: justify\">P\u00eavajoy\u00ean d\u00ees\u00eepl\u00een\u00ea y\u00ean der bar\u00ea Kayir \u00fb \u015e\u00eem\u015fek de ji aliy\u00ea lijney\u00ean me ve hatin nirxandin \u00fb bi daw\u00ee kirin. Kom\u00eetey\u00ean me y\u00ean d\u00ees\u00eepl\u00een\u00ea biryara \u00eexrackirina Kayir \u00fb \u015e\u00eem\u015fek ji partiya me dan.<\/h3>\n<h3 style=\"text-align: justify\">Em careke din soz didin ku em \u00ea li dij\u00ee z\u00eehniyet\u00ean ku nirx\u00ean v\u00ee gel\u00ee ji bo berjewendiy\u00ean xwe bikar t\u00eenin t\u00eabiko\u015fin. Li gel endam\u00ean mecl\u00ees\u00ea em \u00ea di Mecl\u00eesa \u015earedariya Hezex\u00ea de bertek \u00fb dijberiya xwe ya demokrat\u00eek bidom\u00eenin \u00fb bi gel\u00ea xwe re tevbigerin.\u201d<\/h3>\n<h3 style=\"text-align: justify\">Hev\u015faredera Hezex\u00ea Turkan Kayir a S\u00fbryan li Sw\u00easray\u00ea dij\u00eeya \u00fb pi\u015ft\u00ee 37 salan vegeryab\u00fb bajar\u00ea xwe. Hat \u00eedd\u00eeakirin ku Hevserok\u00ea Hezex\u00ea Dogan Adibelli \u00eemzeya w\u00ea ji bo kar\u00ean ne yasay\u00ee kar an\u00eeb\u00fb \u00fb w\u00ea j\u00ee derheq\u00ea w\u00ee de scala tomarkirib\u00fb.<\/h3>\n","protected":false},"excerpt":{"rendered":"<p>Desteya R\u00eaveberiy\u00ean Her\u00eam\u00ee ya Partiya Wekhev\u00ee \u00fb Demokrasiy\u00ea ya Gelan (DEM Part\u00ee) ragihand, Hev\u015faredara Nav\u00e7eya Hezex\u00ea ya \u015eirnex\u00ea Turkan Kayir ji partiy\u00ea hatiye d\u00fbrxistin. DEM Partiy\u00ea d\u00fbrxistina Turkan Kayir di daxuyaniy\u00ea de a\u015fkere kir \u00fb diyar kir: \u2018\u2019Di hilbijartin\u00ean 31&#8217;\u00ea Adara 2024&#8217;an de gel\u00ea Hezex\u00ea bi ji sed\u00ee 71.27&#8217;\u00ea dengan \u00eeradeya xwe ya ji bo [&hellip;]<\/p>\n","protected":false},"author":2,"featured_media":1046177,"comment_status":"closed","ping_status":"closed","sticky":false,"template":"","format":"standard","meta":{"footnotes":""},"categories":[29],"tags":[37],"class_list":["post-1046176","post","type-post","status-publish","format-standard","has-post-thumbnail","hentry","category-kurdistan","tag-sereke"],"blocksy_meta":[],"seo_head":"<!-- This site is optimized with the Yoast SEO plugin v27.5 - https:\/\/yoast.com\/product\/yoast-seo-wordpress\/ -->\n<title>DEM Partiy\u00ea Hev\u015faredara Hezex\u00ea ji partiy\u00ea d\u00fbr xist - Darka Maz\u00ee<\/title>\n<meta name=\"robots\" content=\"index, follow, max-snippet:-1, max-image-preview:large, max-video-preview:-1\" \/>\n<link rel=\"canonical\" href=\"https:\/\/darkamazi.info\/archives\/1046176\" \/>\n<meta property=\"og:locale\" content=\"en_US\" \/>\n<meta property=\"og:type\" content=\"article\" \/>\n<meta property=\"og:title\" content=\"DEM Partiy\u00ea Hev\u015faredara Hezex\u00ea ji partiy\u00ea d\u00fbr xist - Darka Maz\u00ee\" \/>\n<meta property=\"og:description\" content=\"Desteya R\u00eaveberiy\u00ean Her\u00eam\u00ee ya Partiya Wekhev\u00ee \u00fb Demokrasiy\u00ea ya Gelan (DEM Part\u00ee) ragihand, Hev\u015faredara Nav\u00e7eya Hezex\u00ea ya \u015eirnex\u00ea Turkan Kayir ji partiy\u00ea hatiye d\u00fbrxistin. DEM Partiy\u00ea d\u00fbrxistina Turkan Kayir di daxuyaniy\u00ea de a\u015fkere kir \u00fb diyar kir: \u2018\u2019Di hilbijartin\u00ean 31&#8217;\u00ea Adara 2024&#8217;an de gel\u00ea Hezex\u00ea bi ji sed\u00ee 71.27&#8217;\u00ea dengan \u00eeradeya xwe ya ji bo [&hellip;]\" \/>\n<meta property=\"og:url\" content=\"https:\/\/darkamazi.info\/archives\/1046176\" \/>\n<meta property=\"og:site_name\" content=\"Darka Maz\u00ee\" \/>\n<meta property=\"article:publisher\" content=\"https:\/\/www.facebook.com\/DarMaziKurmanci\" \/>\n<meta property=\"article:published_time\" content=\"2024-12-19T13:42:34+00:00\" \/>\n<meta property=\"og:image\" content=\"https:\/\/darkamazi.info\/file\/2024\/12\/hevsaredara-hezexe.jpg\" \/>\n\t<meta property=\"og:image:width\" content=\"900\" \/>\n\t<meta property=\"og:image:height\" content=\"497\" \/>\n\t<meta property=\"og:image:type\" content=\"image\/jpeg\" \/>\n<meta name=\"author\" content=\"darka mazi\" \/>\n<meta name=\"twitter:card\" content=\"summary_large_image\" \/>\n<meta name=\"twitter:creator\" content=\"@DarkaMaziLatini\" \/>\n<meta name=\"twitter:site\" content=\"@DarkaMaziLatini\" \/>\n<meta name=\"twitter:label1\" content=\"Written by\" \/>\n\t<meta name=\"twitter:data1\" content=\"darka mazi\" \/>\n\t<meta name=\"twitter:label2\" content=\"Est. reading time\" \/>\n\t<meta name=\"twitter:data2\" content=\"2 minutes\" \/>\n<script type=\"application\/ld+json\" class=\"seo-schema-graph\">{\"@context\":\"https:\\\/\\\/schema.org\",\"@graph\":[{\"@type\":\"Article\",\"@id\":\"https:\\\/\\\/darkamazi.info\\\/archives\\\/1046176#article\",\"isPartOf\":{\"@id\":\"https:\\\/\\\/darkamazi.info\\\/archives\\\/1046176\"},\"author\":{\"name\":\"darka mazi\",\"@id\":\"https:\\\/\\\/darkamazi.info\\\/#\\\/schema\\\/person\\\/5ad3e24553a0567993fa8ed4bd0a776c\"},\"headline\":\"DEM Partiy\u00ea Hev\u015faredara Hezex\u00ea ji partiy\u00ea d\u00fbr xist\",\"datePublished\":\"2024-12-19T13:42:34+00:00\",\"mainEntityOfPage\":{\"@id\":\"https:\\\/\\\/darkamazi.info\\\/archives\\\/1046176\"},\"wordCount\":404,\"publisher\":{\"@id\":\"https:\\\/\\\/darkamazi.info\\\/#organization\"},\"image\":{\"@id\":\"https:\\\/\\\/darkamazi.info\\\/archives\\\/1046176#primaryimage\"},\"thumbnailUrl\":\"https:\\\/\\\/darkamazi.info\\\/darka-content\\\/uploads\\\/2024\\\/12\\\/hevsaredara-hezexe.jpg\",\"keywords\":[\"sereke\"],\"articleSection\":[\"Kurdistan\"],\"inLanguage\":\"en-US\"},{\"@type\":\"WebPage\",\"@id\":\"https:\\\/\\\/darkamazi.info\\\/archives\\\/1046176\",\"url\":\"https:\\\/\\\/darkamazi.info\\\/archives\\\/1046176\",\"name\":\"DEM Partiy\u00ea Hev\u015faredara Hezex\u00ea ji partiy\u00ea d\u00fbr xist - Darka Maz\u00ee\",\"isPartOf\":{\"@id\":\"https:\\\/\\\/darkamazi.info\\\/#website\"},\"primaryImageOfPage\":{\"@id\":\"https:\\\/\\\/darkamazi.info\\\/archives\\\/1046176#primaryimage\"},\"image\":{\"@id\":\"https:\\\/\\\/darkamazi.info\\\/archives\\\/1046176#primaryimage\"},\"thumbnailUrl\":\"https:\\\/\\\/darkamazi.info\\\/darka-content\\\/uploads\\\/2024\\\/12\\\/hevsaredara-hezexe.jpg\",\"datePublished\":\"2024-12-19T13:42:34+00:00\",\"breadcrumb\":{\"@id\":\"https:\\\/\\\/darkamazi.info\\\/archives\\\/1046176#breadcrumb\"},\"inLanguage\":\"en-US\",\"potentialAction\":[{\"@type\":\"ReadAction\",\"target\":[\"https:\\\/\\\/darkamazi.info\\\/archives\\\/1046176\"]}]},{\"@type\":\"ImageObject\",\"inLanguage\":\"en-US\",\"@id\":\"https:\\\/\\\/darkamazi.info\\\/archives\\\/1046176#primaryimage\",\"url\":\"https:\\\/\\\/darkamazi.info\\\/darka-content\\\/uploads\\\/2024\\\/12\\\/hevsaredara-hezexe.jpg\",\"contentUrl\":\"https:\\\/\\\/darkamazi.info\\\/darka-content\\\/uploads\\\/2024\\\/12\\\/hevsaredara-hezexe.jpg\",\"width\":900,\"height\":497,\"caption\":\"DEM Partiy\u00ea Hev\u015faredara Hezex\u00ea ji partiy\u00ea d\u00fbr xist\"},{\"@type\":\"BreadcrumbList\",\"@id\":\"https:\\\/\\\/darkamazi.info\\\/archives\\\/1046176#breadcrumb\",\"itemListElement\":[{\"@type\":\"ListItem\",\"position\":1,\"name\":\"Home\",\"item\":\"https:\\\/\\\/darkamazi.info\\\/\"},{\"@type\":\"ListItem\",\"position\":2,\"name\":\"DEM Partiy\u00ea Hev\u015faredara Hezex\u00ea ji partiy\u00ea d\u00fbr xist\"}]},{\"@type\":\"WebSite\",\"@id\":\"https:\\\/\\\/darkamazi.info\\\/#website\",\"url\":\"https:\\\/\\\/darkamazi.info\\\/\",\"name\":\"Darka Maz\u00ee\",\"description\":\"P\u00eageha Zanyariy\u00ean Nebih\u00eest\u00ee\",\"publisher\":{\"@id\":\"https:\\\/\\\/darkamazi.info\\\/#organization\"},\"potentialAction\":[{\"@type\":\"SearchAction\",\"target\":{\"@type\":\"EntryPoint\",\"urlTemplate\":\"https:\\\/\\\/darkamazi.info\\\/?s={search_term_string}\"},\"query-input\":{\"@type\":\"PropertyValueSpecification\",\"valueRequired\":true,\"valueName\":\"search_term_string\"}}],\"inLanguage\":\"en-US\"},{\"@type\":\"Organization\",\"@id\":\"https:\\\/\\\/darkamazi.info\\\/#organization\",\"name\":\"Darka Maz\u00ee\",\"url\":\"https:\\\/\\\/darkamazi.info\\\/\",\"logo\":{\"@type\":\"ImageObject\",\"inLanguage\":\"en-US\",\"@id\":\"https:\\\/\\\/darkamazi.info\\\/#\\\/schema\\\/logo\\\/image\\\/\",\"url\":\"https:\\\/\\\/darkamazi.info\\\/darka-content\\\/uploads\\\/2017\\\/12\\\/darka-mazi-logo.png\",\"contentUrl\":\"https:\\\/\\\/darkamazi.info\\\/darka-content\\\/uploads\\\/2017\\\/12\\\/darka-mazi-logo.png\",\"width\":151,\"height\":75,\"caption\":\"Darka Maz\u00ee\"},\"image\":{\"@id\":\"https:\\\/\\\/darkamazi.info\\\/#\\\/schema\\\/logo\\\/image\\\/\"},\"sameAs\":[\"https:\\\/\\\/www.facebook.com\\\/DarMaziKurmanci\",\"https:\\\/\\\/x.com\\\/DarkaMaziLatini\",\"https:\\\/\\\/www.instagram.com\\\/darkamazi.kurmanci\\\/\",\"https:\\\/\\\/www.youtube.com\\\/channel\\\/UCa5HkTdmI8U1qCUFuTw8B2g\"]},{\"@type\":\"Person\",\"@id\":\"https:\\\/\\\/darkamazi.info\\\/#\\\/schema\\\/person\\\/5ad3e24553a0567993fa8ed4bd0a776c\",\"name\":\"darka mazi\",\"sameAs\":[\"https:\\\/\\\/darkamazi.info\\\/\"],\"url\":\"https:\\\/\\\/darkamazi.info\\\/archives\\\/author\\\/kurdi\"}]}<\/script>\n<!-- \/ Yoast SEO plugin. -->","seo_head_json":{"title":"DEM Partiy\u00ea Hev\u015faredara Hezex\u00ea ji partiy\u00ea d\u00fbr xist - Darka Maz\u00ee","robots":{"index":"index","follow":"follow","max-snippet":"max-snippet:-1","max-image-preview":"max-image-preview:large","max-video-preview":"max-video-preview:-1"},"canonical":"https:\/\/darkamazi.info\/archives\/1046176","og_locale":"en_US","og_type":"article","og_title":"DEM Partiy\u00ea Hev\u015faredara Hezex\u00ea ji partiy\u00ea d\u00fbr xist - Darka Maz\u00ee","og_description":"Desteya R\u00eaveberiy\u00ean Her\u00eam\u00ee ya Partiya Wekhev\u00ee \u00fb Demokrasiy\u00ea ya Gelan (DEM Part\u00ee) ragihand, Hev\u015faredara Nav\u00e7eya Hezex\u00ea ya \u015eirnex\u00ea Turkan Kayir ji partiy\u00ea hatiye d\u00fbrxistin. DEM Partiy\u00ea d\u00fbrxistina Turkan Kayir di daxuyaniy\u00ea de a\u015fkere kir \u00fb diyar kir: \u2018\u2019Di hilbijartin\u00ean 31&#8217;\u00ea Adara 2024&#8217;an de gel\u00ea Hezex\u00ea bi ji sed\u00ee 71.27&#8217;\u00ea dengan \u00eeradeya xwe ya ji bo [&hellip;]","og_url":"https:\/\/darkamazi.info\/archives\/1046176","og_site_name":"Darka Maz\u00ee","article_publisher":"https:\/\/www.facebook.com\/DarMaziKurmanci","article_published_time":"2024-12-19T13:42:34+00:00","og_image":[{"width":900,"height":497,"url":"https:\/\/darkamazi.info\/file\/2024\/12\/hevsaredara-hezexe.jpg","type":"image\/jpeg"}],"author":"darka mazi","twitter_card":"summary_large_image","twitter_creator":"@DarkaMaziLatini","twitter_site":"@DarkaMaziLatini","twitter_misc":{"Written by":"darka mazi","Est. reading time":"2 minutes"},"schema":{"@context":"https:\/\/schema.org","@graph":[{"@type":"Article","@id":"https:\/\/darkamazi.info\/archives\/1046176#article","isPartOf":{"@id":"https:\/\/darkamazi.info\/archives\/1046176"},"author":{"name":"darka mazi","@id":"https:\/\/darkamazi.info\/#\/schema\/person\/5ad3e24553a0567993fa8ed4bd0a776c"},"headline":"DEM Partiy\u00ea Hev\u015faredara Hezex\u00ea ji partiy\u00ea d\u00fbr xist","datePublished":"2024-12-19T13:42:34+00:00","mainEntityOfPage":{"@id":"https:\/\/darkamazi.info\/archives\/1046176"},"wordCount":404,"publisher":{"@id":"https:\/\/darkamazi.info\/#organization"},"image":{"@id":"https:\/\/darkamazi.info\/archives\/1046176#primaryimage"},"thumbnailUrl":"https:\/\/darkamazi.info\/file\/2024\/12\/hevsaredara-hezexe.jpg","keywords":["sereke"],"articleSection":["Kurdistan"],"inLanguage":"en-US"},{"@type":"WebPage","@id":"https:\/\/darkamazi.info\/archives\/1046176","url":"https:\/\/darkamazi.info\/archives\/1046176","name":"DEM Partiy\u00ea Hev\u015faredara Hezex\u00ea ji partiy\u00ea d\u00fbr xist - Darka Maz\u00ee","isPartOf":{"@id":"https:\/\/darkamazi.info\/#website"},"primaryImageOfPage":{"@id":"https:\/\/darkamazi.info\/archives\/1046176#primaryimage"},"image":{"@id":"https:\/\/darkamazi.info\/archives\/1046176#primaryimage"},"thumbnailUrl":"https:\/\/darkamazi.info\/file\/2024\/12\/hevsaredara-hezexe.jpg","datePublished":"2024-12-19T13:42:34+00:00","breadcrumb":{"@id":"https:\/\/darkamazi.info\/archives\/1046176#breadcrumb"},"inLanguage":"en-US","potentialAction":[{"@type":"ReadAction","target":["https:\/\/darkamazi.info\/archives\/1046176"]}]},{"@type":"ImageObject","inLanguage":"en-US","@id":"https:\/\/darkamazi.info\/archives\/1046176#primaryimage","url":"https:\/\/darkamazi.info\/file\/2024\/12\/hevsaredara-hezexe.jpg","contentUrl":"https:\/\/darkamazi.info\/file\/2024\/12\/hevsaredara-hezexe.jpg","width":900,"height":497,"caption":"DEM Partiy\u00ea Hev\u015faredara Hezex\u00ea ji partiy\u00ea d\u00fbr xist"},{"@type":"BreadcrumbList","@id":"https:\/\/darkamazi.info\/archives\/1046176#breadcrumb","itemListElement":[{"@type":"ListItem","position":1,"name":"Home","item":"https:\/\/darkamazi.info\/"},{"@type":"ListItem","position":2,"name":"DEM Partiy\u00ea Hev\u015faredara Hezex\u00ea ji partiy\u00ea d\u00fbr xist"}]},{"@type":"WebSite","@id":"https:\/\/darkamazi.info\/#website","url":"https:\/\/darkamazi.info\/","name":"Darka Maz\u00ee","description":"P\u00eageha Zanyariy\u00ean Nebih\u00eest\u00ee","publisher":{"@id":"https:\/\/darkamazi.info\/#organization"},"potentialAction":[{"@type":"SearchAction","target":{"@type":"EntryPoint","urlTemplate":"https:\/\/darkamazi.info\/?s={search_term_string}"},"query-input":{"@type":"PropertyValueSpecification","valueRequired":true,"valueName":"search_term_string"}}],"inLanguage":"en-US"},{"@type":"Organization","@id":"https:\/\/darkamazi.info\/#organization","name":"Darka Maz\u00ee","url":"https:\/\/darkamazi.info\/","logo":{"@type":"ImageObject","inLanguage":"en-US","@id":"https:\/\/darkamazi.info\/#\/schema\/logo\/image\/","url":"https:\/\/darkamazi.info\/file\/2017\/12\/darka-mazi-logo.png","contentUrl":"https:\/\/darkamazi.info\/file\/2017\/12\/darka-mazi-logo.png","width":151,"height":75,"caption":"Darka Maz\u00ee"},"image":{"@id":"https:\/\/darkamazi.info\/#\/schema\/logo\/image\/"},"sameAs":["https:\/\/www.facebook.com\/DarMaziKurmanci","https:\/\/x.com\/DarkaMaziLatini","https:\/\/www.instagram.com\/darkamazi.kurmanci\/","https:\/\/www.youtube.com\/channel\/UCa5HkTdmI8U1qCUFuTw8B2g"]},{"@type":"Person","@id":"https:\/\/darkamazi.info\/#\/schema\/person\/5ad3e24553a0567993fa8ed4bd0a776c","name":"darka mazi","sameAs":["https:\/\/darkamazi.info\/"],"url":"https:\/\/darkamazi.info\/archives\/author\/kurdi"}]}},"_links":{"self":[{"href":"https:\/\/darkamazi.info\/funavuv\/wp\/v2\/posts\/1046176","targetHints":{"allow":["GET"]}}],"collection":[{"href":"https:\/\/darkamazi.info\/funavuv\/wp\/v2\/posts"}],"about":[{"href":"https:\/\/darkamazi.info\/funavuv\/wp\/v2\/types\/post"}],"author":[{"embeddable":true,"href":"https:\/\/darkamazi.info\/funavuv\/wp\/v2\/users\/2"}],"replies":[{"embeddable":true,"href":"https:\/\/darkamazi.info\/funavuv\/wp\/v2\/comments?post=1046176"}],"version-history":[{"count":0,"href":"https:\/\/darkamazi.info\/funavuv\/wp\/v2\/posts\/1046176\/revisions"}],"wp:featuredmedia":[{"embeddable":true,"href":"https:\/\/darkamazi.info\/funavuv\/wp\/v2\/media\/1046177"}],"wp:attachment":[{"href":"https:\/\/darkamazi.info\/funavuv\/wp\/v2\/media?parent=1046176"}],"wp:term":[{"taxonomy":"category","embeddable":true,"href":"https:\/\/darkamazi.info\/funavuv\/wp\/v2\/categories?post=1046176"},{"taxonomy":"post_tag","embeddable":true,"href":"https:\/\/darkamazi.info\/funavuv\/wp\/v2\/tags?post=1046176"}],"curies":[{"name":"wp","href":"https:\/\/api.w.org\/{rel}","templated":true}]}}