{"id":1046200,"date":"2024-12-21T18:24:35","date_gmt":"2024-12-21T15:24:35","guid":{"rendered":"https:\/\/darkamazi.info\/?p=1046200"},"modified":"2024-12-21T19:58:20","modified_gmt":"2024-12-21T16:58:20","slug":"seroke-hesda-sebi-li-kerkuke-civin-pek-anin-bi-ynk-u-pkke-re-ji-hevditin-kirin","status":"publish","type":"post","link":"https:\/\/darkamazi.info\/archives\/1046200","title":{"rendered":"Serok\u00ea He\u015fda \u015eeb\u00ee li Kerk\u00fbk\u00ea civ\u00een p\u00eak an\u00een, bi YNK \u00fb PKK\u00ea re j\u00ee hevd\u00eetin kirin"},"content":{"rendered":"<h3 style=\"text-align: justify\"><span style=\"font-family: 'arial black', sans-serif\">Di p\u00eanc roj\u00ean daw\u00ee de, r\u00eaber\u00ean He\u015fda \u015eeb\u00ee y\u00ean li Iraq\u00ea yek bi yek serdana Kerk\u00fbk\u00ea kirin. Di nav serdanvana de serok\u00ea He\u015fda \u015eeb\u00ee Fal\u00eeh Feyyaz \u00fb serok\u00ea Tevgera Hikmeya Netewey\u00ee ya Iraq\u00ea Ammar el-Hek\u00eem j\u00ee heb\u00fbn. Gelek \u00e7avkan\u00ee dib\u00eajin ku r\u00eaber\u00ea Esaib-\u00ee Ehl\u00ee Heq Qeys el-Xezal\u00ee j\u00ee bi ve\u015fart\u00ee hatiye bajar \u00fb li bajar hin civ\u00een p\u00eak an\u00eene.<\/span><\/h3>\n<h3 style=\"text-align: justify\"><span style=\"font-family: arial, helvetica, sans-serif\">Pi\u015ft\u00ee hilwe\u015f\u00eena rej\u00eema S\u00fbriy\u00ea, rew\u015f li Iraq\u00ea j\u00ee aloz b\u00fb. Dewleta Iraq\u00ea ji ber ku bandora rew\u015fa S\u00fbriy\u00ea ya li ser Iraq\u00ea bi pileya yekem tes\u00eer\u00ea dike, gelek\u00ee aloz \u00fb nerihete. Kom\u00ean \u015ei\u00ee y\u00ean Iraq\u00ee ku bi \u00cesra\u00eel\u00ea re di nav aloziyek devk\u00ee \u00fb le\u015fker\u00ee de ne, h\u00ea b\u00eatir aloz in \u00fb dixwazin li gor\u00ee her \u00ear\u00ee\u015fek\u00ea tevbigerin. Tevgera \u015ei\u00ee ya v\u00ea dawiy\u00ea li Kerk\u00fbk\u00ea j\u00ee wek be\u015fek ji xwe \u00fb hevalbend\u00ean xwe ji n\u00fb ve plansazkirina li gor\u00ee v\u00ea serdem\u00ea t\u00ea d\u00eetin.<\/span><\/h3>\n<h3 style=\"text-align: justify\"><span style=\"font-family: arial, helvetica, sans-serif\">\u00c7avkaniy\u00ean her\u00eam\u00ee dib\u00eajin ku Fal\u00eeh el Feyyaz li Kerk\u00fbk\u00ea r\u00eazek civ\u00een\u00ean ve\u015fart\u00ee p\u00eak an\u00eene. Her wiha agah\u00ee hene ku Feyyaz bi Qeys Xezal\u00ee re j\u00ee hevd\u00eetin kiriye ku bi diz\u00ee li Kerk\u00fbk\u00ea ye. Agah\u00ee hene ku malbata Qeys Xezal\u00ee, ku ji ber daxuyaniy\u00ean xwe y\u00ean tund ji \u00cesra\u00eel\u00ea ditirse, ji 6 mehan ve ye li Sil\u00eamaniy\u00ea ye \u00fb ew bi xwe j\u00ee piran\u00ee li Kerk\u00fbk\u00ea ye. Ne ten\u00ea Qeys el Xezal\u00ee, gelek r\u00eaber\u00ean He\u015fda \u015eeb\u00ee malbat\u00ean xwe \u015fandine Sil\u00eamaniy\u00ea.<\/span><\/h3>\n<h3 style=\"text-align: justify\"><span style=\"font-family: arial, helvetica, sans-serif\">Be\u015fek din ku Fal\u00eeh el Feyyaz p\u00ea re hevd\u00eetin kiriye j\u00ee kom\u00ean Tirkmen \u00fb hin Sunn\u00ee ne ku di nav He\u015fda \u015eeb\u00ee de cih digirin.<\/span><\/h3>\n<h3 style=\"text-align: justify\"><span style=\"font-family: 'arial black', sans-serif;font-size: 18pt;color: #8c0808\">Bi YNK \u00fb PKK \u00ea re j\u00ee hevd\u00eetin p\u00eak hatin<\/span><\/h3>\n<h3 style=\"text-align: justify\"><span style=\"font-family: arial, helvetica, sans-serif\">Be\u015fek din ku Fal\u00eeh Feyyaz bi diz\u00ee p\u00ea re hevd\u00eetin kiriye j\u00ee PKK \u00fb YNK ne. T\u00ea gotin ku He\u015fda \u015eeb\u00ee dixwaze her du h\u00eazan bib\u00eene li hember\u00ee \u00eeht\u00eemala ku YNK \u00fb PKK di p\u00eavajoya ku t\u00ea jiy\u00een de li pey r\u00eay\u00ean siyas\u00ee y\u00ean cuda bikevin.<\/span><\/h3>\n<h3 style=\"text-align: justify\"><span style=\"font-family: arial, helvetica, sans-serif\">\u00c7avkaniy\u00ean ku Darka Maz\u00ee gih\u00ee\u015ftiye dib\u00eajin ku sekreter\u00ea Fal\u00eeh Feyyaz bi r\u00eaveber\u00ean YNK \u00ea re hevd\u00eetin kiriye. Di hevd\u00eetina bi YNK \u00ea re xala sereke ya ku derket p\u00ea\u015f ev b\u00fb ku &#8220;ji YNK \u00ea hat xwestin ku p\u00eavajoya avakirina hik\u00fbmeta n\u00fb ya li Her\u00eama Kurdistan\u00ea dir\u00eaj bike \u00fb asteng bike ku hik\u00fbmeta n\u00fb neh\u00ea avakirin&#8221;. Her wiha derbar\u00ea zev\u00eey\u00ean gaza Kor Mor \u00fb mijar\u00ean enerjiy\u00ea de j\u00ee bi YNK \u00ea re hat axaftin. Wek\u00ee din, hat n\u00eeqa\u015fkirin ku pi\u015ft\u00ee S\u00fbriy\u00ea kar \u00fb bar\u00ean wek petrol, sp\u00eekirina perey\u00ean re\u015f \u00fb hwd. ku di ser r\u00eaya \u00ceran-Sil\u00eaman\u00ee-Kerk\u00fbk-Iraq\u00ea re dime\u015fin, div\u00ea \u00e7awa b\u00ean me\u015fandin hat n\u00eeqa\u015fkirin.<\/span><\/h3>\n<h3 style=\"text-align: justify\"><span style=\"font-family: 'arial black', sans-serif;font-size: 18pt;color: #8c0808\">El Feyyaz n\u00fbner\u00ea Cem\u00eel Bayik Ned\u00eem Seven d\u00eet\u2026<\/span><\/h3>\n<h3 style=\"text-align: justify\"><span style=\"font-family: arial, helvetica, sans-serif\">Her wiha agah\u00ee hene ku sekreter\u00ea Feyyaz bi endam\u00ea Konseya R\u00eaveber a KCK \u00ea Behzad \u00c7ar\u00e7el (Ned\u00eem Seven) ku wek n\u00fbner\u00ea Cem\u00eel Bayik e \u00fb kesek\u00ee ku di kom\u00eeteya p\u00eawendiy\u00ean derve y\u00ean KCK \u00ea de dixebite re hevd\u00eetin kiriye.<\/span><\/h3>\n<h3 style=\"text-align: justify\"><span style=\"font-family: arial, helvetica, sans-serif\">\u00c7avkan\u00ee dib\u00eajin ku serok\u00ea He\u015fda \u015eeb\u00ee dixwaze saziy\u00ean ku heta niha p\u00ea re hevkar b\u00fbne bicerib\u00eene \u00fb derbar\u00ea YNK \u00fb PKK \u00ea de hin goman\u00ean w\u00ee hene. Li gor\u00ee \u00e7avkaniyan, He\u015fda \u015eeb\u00ee ji gotar\u00ean r\u00eaveberiya Rojava y\u00ean li dij\u00ee Amer\u00eeka, \u00cesra\u00eel \u00fb Tirkiyey\u00ea li S\u00fbriy\u00ea neraz\u00ee ye. Her wiha xwest derbar\u00ea p\u00eavajoya ku li \u00cemraliy\u00ea p\u00ea\u015f dikeve \u00fb helwesta PKK \u00ea ya di t\u00eakiliy\u00ean bi Tirkiyey\u00ea re de agahdar bibe. PKK \u00ea bi He\u015fda \u015eeb\u00ee re t\u00eakiliy\u00ean le\u015fker\u00ee \u00fb siyas\u00ee p\u00ea\u015f xistib\u00fbn \u00fb t\u00eakiliy\u00ean wan \u00ean abor\u00ee j\u00ee hene. Ev xebat\u00ean ku bi taybet\u00ee di ser \u015eengal\u00ea re dihatin me\u015fandin, ji ber guhertina rej\u00eem\u00ea li S\u00fbriy\u00ea sekin\u00een. Yan\u00ee hem\u00fb xal\u00ean hevpar \u00ean di navbera He\u015fda \u015eeb\u00ee \u00fb PKK \u00ea de derbe xwarin. Niha He\u015fda \u015eeb\u00ee dixwaze PKK helwesta xwe zelal bike.<\/span><\/h3>\n<h3 style=\"text-align: justify\"><span style=\"font-family: arial, helvetica, sans-serif\">El Feyyaz diyar kir ku ew bi taybet\u00ee derbar\u00ea yekitiya di navbera Kurdan de li Rojava \u00fb mijara \u00e7areseriya ku d\u00ea Amer\u00eeka \u00fb \u00cesra\u00eel p\u00ea\u015fniyar bikin de nerihetin. Li gor\u00ee \u00e7avkaniyan, He\u015fda \u015eeb\u00ee xwest ku PKK ji hin xal\u00ean li \u00e7iyay\u00ea \u015eengal\u00ea derkeve.<\/span><\/h3>\n<h3 style=\"text-align: justify\"><span style=\"font-family: arial, helvetica, sans-serif\">Hat ragihandin hevd\u00eetin\u00ean ku bi diz\u00ee p\u00eak hatin hevd\u00eetin\u00ean p\u00ea\u015f\u00een in \u00fb biryar hat day\u00een ku \u015fandey\u00ean asta j\u00ear de hin mijaran de hinek biryara bigirin.<\/span><\/h3>\n<h3 style=\"text-align: justify\"><span style=\"font-family: 'arial black', sans-serif;font-size: 18pt;color: #8c0808\">He\u015fda \u015eeb\u00ee \u00fb \u015eiiy\u00ean Iraq\u00ea bi diltirs in<\/span><\/h3>\n<h3 style=\"text-align: justify\"><span style=\"font-family: arial, helvetica, sans-serif\">Operasyona bi nav\u00ea Tofana Eqsay\u00ea ya ku Hemas\u00ea di 7 \u00ea Cotmeh\u00ea de li dij\u00ee \u00cesra\u00eel\u00ea p\u00eak an\u00ee, bandoreke bumerang\u00ea \u00e7\u00eakir \u00fb tofan li dewlet, saz\u00ee \u00fb h\u00eaz\u00ean paramil\u00eeter \u00ean di nav eniya \u015ei\u00ee de ku \u00ceran j\u00ea re dib\u00eaje &#8220;Mihwera Berxwedan\u00ea&#8221; vegeriya. \u00ceran ji hem\u00fb erdn\u00eegariy\u00ean ku ji sala 2011 an \u00fb vir ve gav bi gav ketib\u00fby\u00ea hat derxistin. Hilwe\u015f\u00eena rej\u00eema Esed ji bo \u00ceran\u00ea b\u00fb derbeyeke her\u00ee kujer. Niha j\u00ee \u00e7av li ser Y\u00eamen \u00fb Iraq\u00ea ne. Bi taybet\u00ee j\u00ee Iraq ji bo parastina \u00ceran\u00ea wek derwazek stratej\u00eek e \u00fb satirek\u00ee p\u00ea\u015f e. \u00db heman dem ji ber ku c\u00eeran\u00ea S\u00fbriy\u00ea ye j\u00ee, t\u00ea d\u00eetin ku d\u00ea di nav armanc\u00ean pileya yekem de be bo \u00cesra\u00eel \u00fb Emer\u00eeka. Ev hilwe\u015f\u00eena babel\u00eesk\u00ee ya ser bi S\u00fbr\u00eey\u00ea de hat\u00ee \u015eiiy\u00ean ser bi \u00ceran\u00ea ve xistina nava tirs \u00fb xof\u00ea k\u00ee mezin.<\/span><\/h3>\n","protected":false},"excerpt":{"rendered":"<p>Di p\u00eanc roj\u00ean daw\u00ee de, r\u00eaber\u00ean He\u015fda \u015eeb\u00ee y\u00ean li Iraq\u00ea yek bi yek serdana Kerk\u00fbk\u00ea kirin. Di nav serdanvana de serok\u00ea He\u015fda \u015eeb\u00ee Fal\u00eeh Feyyaz \u00fb serok\u00ea Tevgera Hikmeya Netewey\u00ee ya Iraq\u00ea Ammar el-Hek\u00eem j\u00ee heb\u00fbn. Gelek \u00e7avkan\u00ee dib\u00eajin ku r\u00eaber\u00ea Esaib-\u00ee Ehl\u00ee Heq Qeys el-Xezal\u00ee j\u00ee bi ve\u015fart\u00ee hatiye bajar \u00fb li bajar [&hellip;]<\/p>\n","protected":false},"author":2,"featured_media":1046206,"comment_status":"closed","ping_status":"closed","sticky":false,"template":"","format":"standard","meta":{"footnotes":""},"categories":[68],"tags":[37],"class_list":["post-1046200","post","type-post","status-publish","format-standard","has-post-thumbnail","hentry","category-analiz","tag-sereke"],"blocksy_meta":[],"seo_head":"<!-- This site is optimized with the Yoast SEO plugin v27.5 - https:\/\/yoast.com\/product\/yoast-seo-wordpress\/ -->\n<title>Serok\u00ea He\u015fda \u015eeb\u00ee li Kerk\u00fbk\u00ea civ\u00een p\u00eak an\u00een, bi YNK \u00fb PKK\u00ea re j\u00ee hevd\u00eetin kirin - Darka Maz\u00ee<\/title>\n<meta name=\"robots\" content=\"index, follow, max-snippet:-1, max-image-preview:large, max-video-preview:-1\" \/>\n<link rel=\"canonical\" href=\"https:\/\/darkamazi.info\/archives\/1046200\" \/>\n<meta property=\"og:locale\" content=\"en_US\" \/>\n<meta property=\"og:type\" content=\"article\" \/>\n<meta property=\"og:title\" content=\"Serok\u00ea He\u015fda \u015eeb\u00ee li Kerk\u00fbk\u00ea civ\u00een p\u00eak an\u00een, bi YNK \u00fb PKK\u00ea re j\u00ee hevd\u00eetin kirin - Darka Maz\u00ee\" \/>\n<meta property=\"og:description\" content=\"Di p\u00eanc roj\u00ean daw\u00ee de, r\u00eaber\u00ean He\u015fda \u015eeb\u00ee y\u00ean li Iraq\u00ea yek bi yek serdana Kerk\u00fbk\u00ea kirin. Di nav serdanvana de serok\u00ea He\u015fda \u015eeb\u00ee Fal\u00eeh Feyyaz \u00fb serok\u00ea Tevgera Hikmeya Netewey\u00ee ya Iraq\u00ea Ammar el-Hek\u00eem j\u00ee heb\u00fbn. Gelek \u00e7avkan\u00ee dib\u00eajin ku r\u00eaber\u00ea Esaib-\u00ee Ehl\u00ee Heq Qeys el-Xezal\u00ee j\u00ee bi ve\u015fart\u00ee hatiye bajar \u00fb li bajar [&hellip;]\" \/>\n<meta property=\"og:url\" content=\"https:\/\/darkamazi.info\/archives\/1046200\" \/>\n<meta property=\"og:site_name\" content=\"Darka Maz\u00ee\" \/>\n<meta property=\"article:publisher\" content=\"https:\/\/www.facebook.com\/DarMaziKurmanci\" \/>\n<meta property=\"article:published_time\" content=\"2024-12-21T15:24:35+00:00\" \/>\n<meta property=\"article:modified_time\" content=\"2024-12-21T16:58:20+00:00\" \/>\n<meta property=\"og:image\" content=\"https:\/\/darkamazi.info\/file\/2024\/12\/PKK-YNK-Hashid-Shabi-info-Kirkuk.jpg\" \/>\n\t<meta property=\"og:image:width\" content=\"900\" \/>\n\t<meta property=\"og:image:height\" content=\"475\" \/>\n\t<meta property=\"og:image:type\" content=\"image\/jpeg\" \/>\n<meta name=\"author\" content=\"darka mazi\" \/>\n<meta name=\"twitter:card\" content=\"summary_large_image\" \/>\n<meta name=\"twitter:creator\" content=\"@DarkaMaziLatini\" \/>\n<meta name=\"twitter:site\" content=\"@DarkaMaziLatini\" \/>\n<meta name=\"twitter:label1\" content=\"Written by\" \/>\n\t<meta name=\"twitter:data1\" content=\"darka mazi\" \/>\n\t<meta name=\"twitter:label2\" content=\"Est. reading time\" \/>\n\t<meta name=\"twitter:data2\" content=\"4 minutes\" \/>\n<script type=\"application\/ld+json\" class=\"seo-schema-graph\">{\"@context\":\"https:\\\/\\\/schema.org\",\"@graph\":[{\"@type\":\"Article\",\"@id\":\"https:\\\/\\\/darkamazi.info\\\/archives\\\/1046200#article\",\"isPartOf\":{\"@id\":\"https:\\\/\\\/darkamazi.info\\\/archives\\\/1046200\"},\"author\":{\"name\":\"darka mazi\",\"@id\":\"https:\\\/\\\/darkamazi.info\\\/#\\\/schema\\\/person\\\/5ad3e24553a0567993fa8ed4bd0a776c\"},\"headline\":\"Serok\u00ea He\u015fda \u015eeb\u00ee li Kerk\u00fbk\u00ea civ\u00een p\u00eak an\u00een, bi YNK \u00fb PKK\u00ea re j\u00ee hevd\u00eetin kirin\",\"datePublished\":\"2024-12-21T15:24:35+00:00\",\"dateModified\":\"2024-12-21T16:58:20+00:00\",\"mainEntityOfPage\":{\"@id\":\"https:\\\/\\\/darkamazi.info\\\/archives\\\/1046200\"},\"wordCount\":967,\"publisher\":{\"@id\":\"https:\\\/\\\/darkamazi.info\\\/#organization\"},\"image\":{\"@id\":\"https:\\\/\\\/darkamazi.info\\\/archives\\\/1046200#primaryimage\"},\"thumbnailUrl\":\"https:\\\/\\\/darkamazi.info\\\/darka-content\\\/uploads\\\/2024\\\/12\\\/PKK-YNK-Hashid-Shabi-info-Kirkuk.jpg\",\"keywords\":[\"sereke\"],\"articleSection\":[\"Anal\u00eez\"],\"inLanguage\":\"en-US\"},{\"@type\":\"WebPage\",\"@id\":\"https:\\\/\\\/darkamazi.info\\\/archives\\\/1046200\",\"url\":\"https:\\\/\\\/darkamazi.info\\\/archives\\\/1046200\",\"name\":\"Serok\u00ea He\u015fda \u015eeb\u00ee li Kerk\u00fbk\u00ea civ\u00een p\u00eak an\u00een, bi YNK \u00fb PKK\u00ea re j\u00ee hevd\u00eetin kirin - Darka Maz\u00ee\",\"isPartOf\":{\"@id\":\"https:\\\/\\\/darkamazi.info\\\/#website\"},\"primaryImageOfPage\":{\"@id\":\"https:\\\/\\\/darkamazi.info\\\/archives\\\/1046200#primaryimage\"},\"image\":{\"@id\":\"https:\\\/\\\/darkamazi.info\\\/archives\\\/1046200#primaryimage\"},\"thumbnailUrl\":\"https:\\\/\\\/darkamazi.info\\\/darka-content\\\/uploads\\\/2024\\\/12\\\/PKK-YNK-Hashid-Shabi-info-Kirkuk.jpg\",\"datePublished\":\"2024-12-21T15:24:35+00:00\",\"dateModified\":\"2024-12-21T16:58:20+00:00\",\"breadcrumb\":{\"@id\":\"https:\\\/\\\/darkamazi.info\\\/archives\\\/1046200#breadcrumb\"},\"inLanguage\":\"en-US\",\"potentialAction\":[{\"@type\":\"ReadAction\",\"target\":[\"https:\\\/\\\/darkamazi.info\\\/archives\\\/1046200\"]}]},{\"@type\":\"ImageObject\",\"inLanguage\":\"en-US\",\"@id\":\"https:\\\/\\\/darkamazi.info\\\/archives\\\/1046200#primaryimage\",\"url\":\"https:\\\/\\\/darkamazi.info\\\/darka-content\\\/uploads\\\/2024\\\/12\\\/PKK-YNK-Hashid-Shabi-info-Kirkuk.jpg\",\"contentUrl\":\"https:\\\/\\\/darkamazi.info\\\/darka-content\\\/uploads\\\/2024\\\/12\\\/PKK-YNK-Hashid-Shabi-info-Kirkuk.jpg\",\"width\":900,\"height\":475,\"caption\":\"PKK-YNK--Hashid-Shabi-net-Kirkuk\"},{\"@type\":\"BreadcrumbList\",\"@id\":\"https:\\\/\\\/darkamazi.info\\\/archives\\\/1046200#breadcrumb\",\"itemListElement\":[{\"@type\":\"ListItem\",\"position\":1,\"name\":\"Home\",\"item\":\"https:\\\/\\\/darkamazi.info\\\/\"},{\"@type\":\"ListItem\",\"position\":2,\"name\":\"Serok\u00ea He\u015fda \u015eeb\u00ee li Kerk\u00fbk\u00ea civ\u00een p\u00eak an\u00een, bi YNK \u00fb PKK\u00ea re j\u00ee hevd\u00eetin kirin\"}]},{\"@type\":\"WebSite\",\"@id\":\"https:\\\/\\\/darkamazi.info\\\/#website\",\"url\":\"https:\\\/\\\/darkamazi.info\\\/\",\"name\":\"Darka Maz\u00ee\",\"description\":\"P\u00eageha Zanyariy\u00ean Nebih\u00eest\u00ee\",\"publisher\":{\"@id\":\"https:\\\/\\\/darkamazi.info\\\/#organization\"},\"potentialAction\":[{\"@type\":\"SearchAction\",\"target\":{\"@type\":\"EntryPoint\",\"urlTemplate\":\"https:\\\/\\\/darkamazi.info\\\/?s={search_term_string}\"},\"query-input\":{\"@type\":\"PropertyValueSpecification\",\"valueRequired\":true,\"valueName\":\"search_term_string\"}}],\"inLanguage\":\"en-US\"},{\"@type\":\"Organization\",\"@id\":\"https:\\\/\\\/darkamazi.info\\\/#organization\",\"name\":\"Darka Maz\u00ee\",\"url\":\"https:\\\/\\\/darkamazi.info\\\/\",\"logo\":{\"@type\":\"ImageObject\",\"inLanguage\":\"en-US\",\"@id\":\"https:\\\/\\\/darkamazi.info\\\/#\\\/schema\\\/logo\\\/image\\\/\",\"url\":\"https:\\\/\\\/darkamazi.info\\\/darka-content\\\/uploads\\\/2017\\\/12\\\/darka-mazi-logo.png\",\"contentUrl\":\"https:\\\/\\\/darkamazi.info\\\/darka-content\\\/uploads\\\/2017\\\/12\\\/darka-mazi-logo.png\",\"width\":151,\"height\":75,\"caption\":\"Darka Maz\u00ee\"},\"image\":{\"@id\":\"https:\\\/\\\/darkamazi.info\\\/#\\\/schema\\\/logo\\\/image\\\/\"},\"sameAs\":[\"https:\\\/\\\/www.facebook.com\\\/DarMaziKurmanci\",\"https:\\\/\\\/x.com\\\/DarkaMaziLatini\",\"https:\\\/\\\/www.instagram.com\\\/darkamazi.kurmanci\\\/\",\"https:\\\/\\\/www.youtube.com\\\/channel\\\/UCa5HkTdmI8U1qCUFuTw8B2g\"]},{\"@type\":\"Person\",\"@id\":\"https:\\\/\\\/darkamazi.info\\\/#\\\/schema\\\/person\\\/5ad3e24553a0567993fa8ed4bd0a776c\",\"name\":\"darka mazi\",\"sameAs\":[\"https:\\\/\\\/darkamazi.info\\\/\"],\"url\":\"https:\\\/\\\/darkamazi.info\\\/archives\\\/author\\\/kurdi\"}]}<\/script>\n<!-- \/ Yoast SEO plugin. -->","seo_head_json":{"title":"Serok\u00ea He\u015fda \u015eeb\u00ee li Kerk\u00fbk\u00ea civ\u00een p\u00eak an\u00een, bi YNK \u00fb PKK\u00ea re j\u00ee hevd\u00eetin kirin - Darka Maz\u00ee","robots":{"index":"index","follow":"follow","max-snippet":"max-snippet:-1","max-image-preview":"max-image-preview:large","max-video-preview":"max-video-preview:-1"},"canonical":"https:\/\/darkamazi.info\/archives\/1046200","og_locale":"en_US","og_type":"article","og_title":"Serok\u00ea He\u015fda \u015eeb\u00ee li Kerk\u00fbk\u00ea civ\u00een p\u00eak an\u00een, bi YNK \u00fb PKK\u00ea re j\u00ee hevd\u00eetin kirin - Darka Maz\u00ee","og_description":"Di p\u00eanc roj\u00ean daw\u00ee de, r\u00eaber\u00ean He\u015fda \u015eeb\u00ee y\u00ean li Iraq\u00ea yek bi yek serdana Kerk\u00fbk\u00ea kirin. Di nav serdanvana de serok\u00ea He\u015fda \u015eeb\u00ee Fal\u00eeh Feyyaz \u00fb serok\u00ea Tevgera Hikmeya Netewey\u00ee ya Iraq\u00ea Ammar el-Hek\u00eem j\u00ee heb\u00fbn. Gelek \u00e7avkan\u00ee dib\u00eajin ku r\u00eaber\u00ea Esaib-\u00ee Ehl\u00ee Heq Qeys el-Xezal\u00ee j\u00ee bi ve\u015fart\u00ee hatiye bajar \u00fb li bajar [&hellip;]","og_url":"https:\/\/darkamazi.info\/archives\/1046200","og_site_name":"Darka Maz\u00ee","article_publisher":"https:\/\/www.facebook.com\/DarMaziKurmanci","article_published_time":"2024-12-21T15:24:35+00:00","article_modified_time":"2024-12-21T16:58:20+00:00","og_image":[{"width":900,"height":475,"url":"https:\/\/darkamazi.info\/file\/2024\/12\/PKK-YNK-Hashid-Shabi-info-Kirkuk.jpg","type":"image\/jpeg"}],"author":"darka mazi","twitter_card":"summary_large_image","twitter_creator":"@DarkaMaziLatini","twitter_site":"@DarkaMaziLatini","twitter_misc":{"Written by":"darka mazi","Est. reading time":"4 minutes"},"schema":{"@context":"https:\/\/schema.org","@graph":[{"@type":"Article","@id":"https:\/\/darkamazi.info\/archives\/1046200#article","isPartOf":{"@id":"https:\/\/darkamazi.info\/archives\/1046200"},"author":{"name":"darka mazi","@id":"https:\/\/darkamazi.info\/#\/schema\/person\/5ad3e24553a0567993fa8ed4bd0a776c"},"headline":"Serok\u00ea He\u015fda \u015eeb\u00ee li Kerk\u00fbk\u00ea civ\u00een p\u00eak an\u00een, bi YNK \u00fb PKK\u00ea re j\u00ee hevd\u00eetin kirin","datePublished":"2024-12-21T15:24:35+00:00","dateModified":"2024-12-21T16:58:20+00:00","mainEntityOfPage":{"@id":"https:\/\/darkamazi.info\/archives\/1046200"},"wordCount":967,"publisher":{"@id":"https:\/\/darkamazi.info\/#organization"},"image":{"@id":"https:\/\/darkamazi.info\/archives\/1046200#primaryimage"},"thumbnailUrl":"https:\/\/darkamazi.info\/file\/2024\/12\/PKK-YNK-Hashid-Shabi-info-Kirkuk.jpg","keywords":["sereke"],"articleSection":["Anal\u00eez"],"inLanguage":"en-US"},{"@type":"WebPage","@id":"https:\/\/darkamazi.info\/archives\/1046200","url":"https:\/\/darkamazi.info\/archives\/1046200","name":"Serok\u00ea He\u015fda \u015eeb\u00ee li Kerk\u00fbk\u00ea civ\u00een p\u00eak an\u00een, bi YNK \u00fb PKK\u00ea re j\u00ee hevd\u00eetin kirin - Darka Maz\u00ee","isPartOf":{"@id":"https:\/\/darkamazi.info\/#website"},"primaryImageOfPage":{"@id":"https:\/\/darkamazi.info\/archives\/1046200#primaryimage"},"image":{"@id":"https:\/\/darkamazi.info\/archives\/1046200#primaryimage"},"thumbnailUrl":"https:\/\/darkamazi.info\/file\/2024\/12\/PKK-YNK-Hashid-Shabi-info-Kirkuk.jpg","datePublished":"2024-12-21T15:24:35+00:00","dateModified":"2024-12-21T16:58:20+00:00","breadcrumb":{"@id":"https:\/\/darkamazi.info\/archives\/1046200#breadcrumb"},"inLanguage":"en-US","potentialAction":[{"@type":"ReadAction","target":["https:\/\/darkamazi.info\/archives\/1046200"]}]},{"@type":"ImageObject","inLanguage":"en-US","@id":"https:\/\/darkamazi.info\/archives\/1046200#primaryimage","url":"https:\/\/darkamazi.info\/file\/2024\/12\/PKK-YNK-Hashid-Shabi-info-Kirkuk.jpg","contentUrl":"https:\/\/darkamazi.info\/file\/2024\/12\/PKK-YNK-Hashid-Shabi-info-Kirkuk.jpg","width":900,"height":475,"caption":"PKK-YNK--Hashid-Shabi-net-Kirkuk"},{"@type":"BreadcrumbList","@id":"https:\/\/darkamazi.info\/archives\/1046200#breadcrumb","itemListElement":[{"@type":"ListItem","position":1,"name":"Home","item":"https:\/\/darkamazi.info\/"},{"@type":"ListItem","position":2,"name":"Serok\u00ea He\u015fda \u015eeb\u00ee li Kerk\u00fbk\u00ea civ\u00een p\u00eak an\u00een, bi YNK \u00fb PKK\u00ea re j\u00ee hevd\u00eetin kirin"}]},{"@type":"WebSite","@id":"https:\/\/darkamazi.info\/#website","url":"https:\/\/darkamazi.info\/","name":"Darka Maz\u00ee","description":"P\u00eageha Zanyariy\u00ean Nebih\u00eest\u00ee","publisher":{"@id":"https:\/\/darkamazi.info\/#organization"},"potentialAction":[{"@type":"SearchAction","target":{"@type":"EntryPoint","urlTemplate":"https:\/\/darkamazi.info\/?s={search_term_string}"},"query-input":{"@type":"PropertyValueSpecification","valueRequired":true,"valueName":"search_term_string"}}],"inLanguage":"en-US"},{"@type":"Organization","@id":"https:\/\/darkamazi.info\/#organization","name":"Darka Maz\u00ee","url":"https:\/\/darkamazi.info\/","logo":{"@type":"ImageObject","inLanguage":"en-US","@id":"https:\/\/darkamazi.info\/#\/schema\/logo\/image\/","url":"https:\/\/darkamazi.info\/file\/2017\/12\/darka-mazi-logo.png","contentUrl":"https:\/\/darkamazi.info\/file\/2017\/12\/darka-mazi-logo.png","width":151,"height":75,"caption":"Darka Maz\u00ee"},"image":{"@id":"https:\/\/darkamazi.info\/#\/schema\/logo\/image\/"},"sameAs":["https:\/\/www.facebook.com\/DarMaziKurmanci","https:\/\/x.com\/DarkaMaziLatini","https:\/\/www.instagram.com\/darkamazi.kurmanci\/","https:\/\/www.youtube.com\/channel\/UCa5HkTdmI8U1qCUFuTw8B2g"]},{"@type":"Person","@id":"https:\/\/darkamazi.info\/#\/schema\/person\/5ad3e24553a0567993fa8ed4bd0a776c","name":"darka mazi","sameAs":["https:\/\/darkamazi.info\/"],"url":"https:\/\/darkamazi.info\/archives\/author\/kurdi"}]}},"_links":{"self":[{"href":"https:\/\/darkamazi.info\/funavuv\/wp\/v2\/posts\/1046200","targetHints":{"allow":["GET"]}}],"collection":[{"href":"https:\/\/darkamazi.info\/funavuv\/wp\/v2\/posts"}],"about":[{"href":"https:\/\/darkamazi.info\/funavuv\/wp\/v2\/types\/post"}],"author":[{"embeddable":true,"href":"https:\/\/darkamazi.info\/funavuv\/wp\/v2\/users\/2"}],"replies":[{"embeddable":true,"href":"https:\/\/darkamazi.info\/funavuv\/wp\/v2\/comments?post=1046200"}],"version-history":[{"count":0,"href":"https:\/\/darkamazi.info\/funavuv\/wp\/v2\/posts\/1046200\/revisions"}],"wp:featuredmedia":[{"embeddable":true,"href":"https:\/\/darkamazi.info\/funavuv\/wp\/v2\/media\/1046206"}],"wp:attachment":[{"href":"https:\/\/darkamazi.info\/funavuv\/wp\/v2\/media?parent=1046200"}],"wp:term":[{"taxonomy":"category","embeddable":true,"href":"https:\/\/darkamazi.info\/funavuv\/wp\/v2\/categories?post=1046200"},{"taxonomy":"post_tag","embeddable":true,"href":"https:\/\/darkamazi.info\/funavuv\/wp\/v2\/tags?post=1046200"}],"curies":[{"name":"wp","href":"https:\/\/api.w.org\/{rel}","templated":true}]}}