{"id":1046227,"date":"2024-12-22T19:43:11","date_gmt":"2024-12-22T16:43:11","guid":{"rendered":"https:\/\/darkamazi.info\/?p=1046227"},"modified":"2024-12-22T19:43:11","modified_gmt":"2024-12-22T16:43:11","slug":"ji-20i-ve-mehe-ve-23-cekdaren-pkke-hatine-kustin","status":"publish","type":"post","link":"https:\/\/darkamazi.info\/archives\/1046227","title":{"rendered":"Ji 20\u00ee v\u00ea meh\u00ea ve 23 \u00e7ekdar\u00ean PKK\u00ea hatine ku\u015ftin"},"content":{"rendered":"<h3 style=\"text-align: justify\"><span style=\"font-family: 'arial black', sans-serif\">Ji 20\u00ee meha Kan\u00fbn\u00ea ve, bi \u00ear\u00ee\u015f\u00ean asman\u00ee, 23 \u00e7ekdar\u00ean PKK\u00ea li Ba\u015f\u00fbr\u00ea \u00fb Rojava Kurdistan\u00ea hatine ku\u015ftin \u00fb r\u00eaxistin\u00ea h\u00eajan mirina ti y\u00eak ji wan j\u00ee \u00eelan nekiriye.<\/span><\/h3>\n<h3 style=\"text-align: justify\"><span style=\"font-family: arial, helvetica, sans-serif\">Li gor\u00ee amar\u00ean art\u00ea\u015fa Tirkiy\u00ea, ji 20\u00ee v\u00ea meh\u00ea ve, 23 \u00e7ekdar\u00ean PKK\u00ea li her\u00eama operasyona pence li \u00e7iyay\u00ea Gare y\u00ea li Ba\u015f\u00fbr\u00ea Kurdistan\u00ea \u00fb her wiha li her\u00eam\u00ean operasyon\u00ean Kaniya A\u015fitiy\u00ea \u00fb Mertala Firat\u00ea ketine ber \u00ear\u00ee\u015f\u00ean heway\u00ee y\u00ean dewleta Tirk \u00fb jiyana xwe ji dest da ne.<\/span><\/h3>\n<h3 style=\"text-align: justify\"><span style=\"font-family: arial, helvetica, sans-serif\">Di \u00ear\u00ee\u015f\u00ean ser Rojava Kurdistan\u00ea de li roj\u00ean 21 \u00fb 22\/12\/2024\u00ea 12 \u00e7ekdar\u00ean YPG\u00ea bask\u00ea PKK\u00ea y\u00ea Rojava Kurdistan\u00ea hatine ku\u015ftin.<\/span><\/h3>\n<h3 style=\"text-align: justify\"><span style=\"font-family: arial, helvetica, sans-serif\">Li Ba\u015f\u00fbr\u00ea Kurdistan\u00ea j\u00ee, 11 \u00e7ekdar\u00ean PKK\u00ea ketine ber \u00ear\u00ee\u015fan, r\u00eaxistina PKK\u00ea heya \u00eero j\u00ee mirina ti y\u00eak ji van \u00e7ekdaran ranegehandiye.<\/span><\/h3>\n","protected":false},"excerpt":{"rendered":"<p>Ji 20\u00ee meha Kan\u00fbn\u00ea ve, bi \u00ear\u00ee\u015f\u00ean asman\u00ee, 23 \u00e7ekdar\u00ean PKK\u00ea li Ba\u015f\u00fbr\u00ea \u00fb Rojava Kurdistan\u00ea hatine ku\u015ftin \u00fb r\u00eaxistin\u00ea h\u00eajan mirina ti y\u00eak ji wan j\u00ee \u00eelan nekiriye. Li gor\u00ee amar\u00ean art\u00ea\u015fa Tirkiy\u00ea, ji 20\u00ee v\u00ea meh\u00ea ve, 23 \u00e7ekdar\u00ean PKK\u00ea li her\u00eama operasyona pence li \u00e7iyay\u00ea Gare y\u00ea li Ba\u015f\u00fbr\u00ea Kurdistan\u00ea \u00fb her [&hellip;]<\/p>\n","protected":false},"author":2,"featured_media":1046228,"comment_status":"closed","ping_status":"closed","sticky":false,"template":"","format":"standard","meta":{"footnotes":""},"categories":[29],"tags":[37],"class_list":["post-1046227","post","type-post","status-publish","format-standard","has-post-thumbnail","hentry","category-kurdistan","tag-sereke"],"blocksy_meta":[],"seo_head":"<!-- This site is optimized with the Yoast SEO plugin v27.5 - https:\/\/yoast.com\/product\/yoast-seo-wordpress\/ -->\n<title>Ji 20\u00ee v\u00ea meh\u00ea ve 23 \u00e7ekdar\u00ean PKK\u00ea hatine ku\u015ftin - Darka Maz\u00ee<\/title>\n<meta name=\"robots\" content=\"index, follow, max-snippet:-1, max-image-preview:large, max-video-preview:-1\" \/>\n<link rel=\"canonical\" href=\"https:\/\/darkamazi.info\/archives\/1046227\" \/>\n<meta property=\"og:locale\" content=\"en_US\" \/>\n<meta property=\"og:type\" content=\"article\" \/>\n<meta property=\"og:title\" content=\"Ji 20\u00ee v\u00ea meh\u00ea ve 23 \u00e7ekdar\u00ean PKK\u00ea hatine ku\u015ftin - Darka Maz\u00ee\" \/>\n<meta property=\"og:description\" content=\"Ji 20\u00ee meha Kan\u00fbn\u00ea ve, bi \u00ear\u00ee\u015f\u00ean asman\u00ee, 23 \u00e7ekdar\u00ean PKK\u00ea li Ba\u015f\u00fbr\u00ea \u00fb Rojava Kurdistan\u00ea hatine ku\u015ftin \u00fb r\u00eaxistin\u00ea h\u00eajan mirina ti y\u00eak ji wan j\u00ee \u00eelan nekiriye. Li gor\u00ee amar\u00ean art\u00ea\u015fa Tirkiy\u00ea, ji 20\u00ee v\u00ea meh\u00ea ve, 23 \u00e7ekdar\u00ean PKK\u00ea li her\u00eama operasyona pence li \u00e7iyay\u00ea Gare y\u00ea li Ba\u015f\u00fbr\u00ea Kurdistan\u00ea \u00fb her [&hellip;]\" \/>\n<meta property=\"og:url\" content=\"https:\/\/darkamazi.info\/archives\/1046227\" \/>\n<meta property=\"og:site_name\" content=\"Darka Maz\u00ee\" \/>\n<meta property=\"article:publisher\" content=\"https:\/\/www.facebook.com\/DarMaziKurmanci\" \/>\n<meta property=\"article:published_time\" content=\"2024-12-22T16:43:11+00:00\" \/>\n<meta property=\"og:image\" content=\"https:\/\/darkamazi.info\/file\/2024\/12\/pkk-23-12-2024-info.jpg\" \/>\n\t<meta property=\"og:image:width\" content=\"900\" \/>\n\t<meta property=\"og:image:height\" content=\"500\" \/>\n\t<meta property=\"og:image:type\" content=\"image\/jpeg\" \/>\n<meta name=\"author\" content=\"darka mazi\" \/>\n<meta name=\"twitter:card\" content=\"summary_large_image\" \/>\n<meta name=\"twitter:creator\" content=\"@DarkaMaziLatini\" \/>\n<meta name=\"twitter:site\" content=\"@DarkaMaziLatini\" \/>\n<meta name=\"twitter:label1\" content=\"Written by\" \/>\n\t<meta name=\"twitter:data1\" content=\"darka mazi\" \/>\n\t<meta name=\"twitter:label2\" content=\"Est. reading time\" \/>\n\t<meta name=\"twitter:data2\" content=\"1 minute\" \/>\n<script type=\"application\/ld+json\" class=\"seo-schema-graph\">{\"@context\":\"https:\\\/\\\/schema.org\",\"@graph\":[{\"@type\":\"Article\",\"@id\":\"https:\\\/\\\/darkamazi.info\\\/archives\\\/1046227#article\",\"isPartOf\":{\"@id\":\"https:\\\/\\\/darkamazi.info\\\/archives\\\/1046227\"},\"author\":{\"name\":\"darka mazi\",\"@id\":\"https:\\\/\\\/darkamazi.info\\\/#\\\/schema\\\/person\\\/5ad3e24553a0567993fa8ed4bd0a776c\"},\"headline\":\"Ji 20\u00ee v\u00ea meh\u00ea ve 23 \u00e7ekdar\u00ean PKK\u00ea hatine ku\u015ftin\",\"datePublished\":\"2024-12-22T16:43:11+00:00\",\"mainEntityOfPage\":{\"@id\":\"https:\\\/\\\/darkamazi.info\\\/archives\\\/1046227\"},\"wordCount\":145,\"publisher\":{\"@id\":\"https:\\\/\\\/darkamazi.info\\\/#organization\"},\"image\":{\"@id\":\"https:\\\/\\\/darkamazi.info\\\/archives\\\/1046227#primaryimage\"},\"thumbnailUrl\":\"https:\\\/\\\/darkamazi.info\\\/darka-content\\\/uploads\\\/2024\\\/12\\\/pkk-23-12-2024-info.jpg\",\"keywords\":[\"sereke\"],\"articleSection\":[\"Kurdistan\"],\"inLanguage\":\"en-US\"},{\"@type\":\"WebPage\",\"@id\":\"https:\\\/\\\/darkamazi.info\\\/archives\\\/1046227\",\"url\":\"https:\\\/\\\/darkamazi.info\\\/archives\\\/1046227\",\"name\":\"Ji 20\u00ee v\u00ea meh\u00ea ve 23 \u00e7ekdar\u00ean PKK\u00ea hatine ku\u015ftin - Darka Maz\u00ee\",\"isPartOf\":{\"@id\":\"https:\\\/\\\/darkamazi.info\\\/#website\"},\"primaryImageOfPage\":{\"@id\":\"https:\\\/\\\/darkamazi.info\\\/archives\\\/1046227#primaryimage\"},\"image\":{\"@id\":\"https:\\\/\\\/darkamazi.info\\\/archives\\\/1046227#primaryimage\"},\"thumbnailUrl\":\"https:\\\/\\\/darkamazi.info\\\/darka-content\\\/uploads\\\/2024\\\/12\\\/pkk-23-12-2024-info.jpg\",\"datePublished\":\"2024-12-22T16:43:11+00:00\",\"breadcrumb\":{\"@id\":\"https:\\\/\\\/darkamazi.info\\\/archives\\\/1046227#breadcrumb\"},\"inLanguage\":\"en-US\",\"potentialAction\":[{\"@type\":\"ReadAction\",\"target\":[\"https:\\\/\\\/darkamazi.info\\\/archives\\\/1046227\"]}]},{\"@type\":\"ImageObject\",\"inLanguage\":\"en-US\",\"@id\":\"https:\\\/\\\/darkamazi.info\\\/archives\\\/1046227#primaryimage\",\"url\":\"https:\\\/\\\/darkamazi.info\\\/darka-content\\\/uploads\\\/2024\\\/12\\\/pkk-23-12-2024-info.jpg\",\"contentUrl\":\"https:\\\/\\\/darkamazi.info\\\/darka-content\\\/uploads\\\/2024\\\/12\\\/pkk-23-12-2024-info.jpg\",\"width\":900,\"height\":500,\"caption\":\"pkk-23-12-2024-net\"},{\"@type\":\"BreadcrumbList\",\"@id\":\"https:\\\/\\\/darkamazi.info\\\/archives\\\/1046227#breadcrumb\",\"itemListElement\":[{\"@type\":\"ListItem\",\"position\":1,\"name\":\"Home\",\"item\":\"https:\\\/\\\/darkamazi.info\\\/\"},{\"@type\":\"ListItem\",\"position\":2,\"name\":\"Ji 20\u00ee v\u00ea meh\u00ea ve 23 \u00e7ekdar\u00ean PKK\u00ea hatine ku\u015ftin\"}]},{\"@type\":\"WebSite\",\"@id\":\"https:\\\/\\\/darkamazi.info\\\/#website\",\"url\":\"https:\\\/\\\/darkamazi.info\\\/\",\"name\":\"Darka Maz\u00ee\",\"description\":\"P\u00eageha Zanyariy\u00ean Nebih\u00eest\u00ee\",\"publisher\":{\"@id\":\"https:\\\/\\\/darkamazi.info\\\/#organization\"},\"potentialAction\":[{\"@type\":\"SearchAction\",\"target\":{\"@type\":\"EntryPoint\",\"urlTemplate\":\"https:\\\/\\\/darkamazi.info\\\/?s={search_term_string}\"},\"query-input\":{\"@type\":\"PropertyValueSpecification\",\"valueRequired\":true,\"valueName\":\"search_term_string\"}}],\"inLanguage\":\"en-US\"},{\"@type\":\"Organization\",\"@id\":\"https:\\\/\\\/darkamazi.info\\\/#organization\",\"name\":\"Darka Maz\u00ee\",\"url\":\"https:\\\/\\\/darkamazi.info\\\/\",\"logo\":{\"@type\":\"ImageObject\",\"inLanguage\":\"en-US\",\"@id\":\"https:\\\/\\\/darkamazi.info\\\/#\\\/schema\\\/logo\\\/image\\\/\",\"url\":\"https:\\\/\\\/darkamazi.info\\\/darka-content\\\/uploads\\\/2017\\\/12\\\/darka-mazi-logo.png\",\"contentUrl\":\"https:\\\/\\\/darkamazi.info\\\/darka-content\\\/uploads\\\/2017\\\/12\\\/darka-mazi-logo.png\",\"width\":151,\"height\":75,\"caption\":\"Darka Maz\u00ee\"},\"image\":{\"@id\":\"https:\\\/\\\/darkamazi.info\\\/#\\\/schema\\\/logo\\\/image\\\/\"},\"sameAs\":[\"https:\\\/\\\/www.facebook.com\\\/DarMaziKurmanci\",\"https:\\\/\\\/x.com\\\/DarkaMaziLatini\",\"https:\\\/\\\/www.instagram.com\\\/darkamazi.kurmanci\\\/\",\"https:\\\/\\\/www.youtube.com\\\/channel\\\/UCa5HkTdmI8U1qCUFuTw8B2g\"]},{\"@type\":\"Person\",\"@id\":\"https:\\\/\\\/darkamazi.info\\\/#\\\/schema\\\/person\\\/5ad3e24553a0567993fa8ed4bd0a776c\",\"name\":\"darka mazi\",\"sameAs\":[\"https:\\\/\\\/darkamazi.info\\\/\"],\"url\":\"https:\\\/\\\/darkamazi.info\\\/archives\\\/author\\\/kurdi\"}]}<\/script>\n<!-- \/ Yoast SEO plugin. -->","seo_head_json":{"title":"Ji 20\u00ee v\u00ea meh\u00ea ve 23 \u00e7ekdar\u00ean PKK\u00ea hatine ku\u015ftin - Darka Maz\u00ee","robots":{"index":"index","follow":"follow","max-snippet":"max-snippet:-1","max-image-preview":"max-image-preview:large","max-video-preview":"max-video-preview:-1"},"canonical":"https:\/\/darkamazi.info\/archives\/1046227","og_locale":"en_US","og_type":"article","og_title":"Ji 20\u00ee v\u00ea meh\u00ea ve 23 \u00e7ekdar\u00ean PKK\u00ea hatine ku\u015ftin - Darka Maz\u00ee","og_description":"Ji 20\u00ee meha Kan\u00fbn\u00ea ve, bi \u00ear\u00ee\u015f\u00ean asman\u00ee, 23 \u00e7ekdar\u00ean PKK\u00ea li Ba\u015f\u00fbr\u00ea \u00fb Rojava Kurdistan\u00ea hatine ku\u015ftin \u00fb r\u00eaxistin\u00ea h\u00eajan mirina ti y\u00eak ji wan j\u00ee \u00eelan nekiriye. Li gor\u00ee amar\u00ean art\u00ea\u015fa Tirkiy\u00ea, ji 20\u00ee v\u00ea meh\u00ea ve, 23 \u00e7ekdar\u00ean PKK\u00ea li her\u00eama operasyona pence li \u00e7iyay\u00ea Gare y\u00ea li Ba\u015f\u00fbr\u00ea Kurdistan\u00ea \u00fb her [&hellip;]","og_url":"https:\/\/darkamazi.info\/archives\/1046227","og_site_name":"Darka Maz\u00ee","article_publisher":"https:\/\/www.facebook.com\/DarMaziKurmanci","article_published_time":"2024-12-22T16:43:11+00:00","og_image":[{"width":900,"height":500,"url":"https:\/\/darkamazi.info\/file\/2024\/12\/pkk-23-12-2024-info.jpg","type":"image\/jpeg"}],"author":"darka mazi","twitter_card":"summary_large_image","twitter_creator":"@DarkaMaziLatini","twitter_site":"@DarkaMaziLatini","twitter_misc":{"Written by":"darka mazi","Est. reading time":"1 minute"},"schema":{"@context":"https:\/\/schema.org","@graph":[{"@type":"Article","@id":"https:\/\/darkamazi.info\/archives\/1046227#article","isPartOf":{"@id":"https:\/\/darkamazi.info\/archives\/1046227"},"author":{"name":"darka mazi","@id":"https:\/\/darkamazi.info\/#\/schema\/person\/5ad3e24553a0567993fa8ed4bd0a776c"},"headline":"Ji 20\u00ee v\u00ea meh\u00ea ve 23 \u00e7ekdar\u00ean PKK\u00ea hatine ku\u015ftin","datePublished":"2024-12-22T16:43:11+00:00","mainEntityOfPage":{"@id":"https:\/\/darkamazi.info\/archives\/1046227"},"wordCount":145,"publisher":{"@id":"https:\/\/darkamazi.info\/#organization"},"image":{"@id":"https:\/\/darkamazi.info\/archives\/1046227#primaryimage"},"thumbnailUrl":"https:\/\/darkamazi.info\/file\/2024\/12\/pkk-23-12-2024-info.jpg","keywords":["sereke"],"articleSection":["Kurdistan"],"inLanguage":"en-US"},{"@type":"WebPage","@id":"https:\/\/darkamazi.info\/archives\/1046227","url":"https:\/\/darkamazi.info\/archives\/1046227","name":"Ji 20\u00ee v\u00ea meh\u00ea ve 23 \u00e7ekdar\u00ean PKK\u00ea hatine ku\u015ftin - Darka Maz\u00ee","isPartOf":{"@id":"https:\/\/darkamazi.info\/#website"},"primaryImageOfPage":{"@id":"https:\/\/darkamazi.info\/archives\/1046227#primaryimage"},"image":{"@id":"https:\/\/darkamazi.info\/archives\/1046227#primaryimage"},"thumbnailUrl":"https:\/\/darkamazi.info\/file\/2024\/12\/pkk-23-12-2024-info.jpg","datePublished":"2024-12-22T16:43:11+00:00","breadcrumb":{"@id":"https:\/\/darkamazi.info\/archives\/1046227#breadcrumb"},"inLanguage":"en-US","potentialAction":[{"@type":"ReadAction","target":["https:\/\/darkamazi.info\/archives\/1046227"]}]},{"@type":"ImageObject","inLanguage":"en-US","@id":"https:\/\/darkamazi.info\/archives\/1046227#primaryimage","url":"https:\/\/darkamazi.info\/file\/2024\/12\/pkk-23-12-2024-info.jpg","contentUrl":"https:\/\/darkamazi.info\/file\/2024\/12\/pkk-23-12-2024-info.jpg","width":900,"height":500,"caption":"pkk-23-12-2024-net"},{"@type":"BreadcrumbList","@id":"https:\/\/darkamazi.info\/archives\/1046227#breadcrumb","itemListElement":[{"@type":"ListItem","position":1,"name":"Home","item":"https:\/\/darkamazi.info\/"},{"@type":"ListItem","position":2,"name":"Ji 20\u00ee v\u00ea meh\u00ea ve 23 \u00e7ekdar\u00ean PKK\u00ea hatine ku\u015ftin"}]},{"@type":"WebSite","@id":"https:\/\/darkamazi.info\/#website","url":"https:\/\/darkamazi.info\/","name":"Darka Maz\u00ee","description":"P\u00eageha Zanyariy\u00ean Nebih\u00eest\u00ee","publisher":{"@id":"https:\/\/darkamazi.info\/#organization"},"potentialAction":[{"@type":"SearchAction","target":{"@type":"EntryPoint","urlTemplate":"https:\/\/darkamazi.info\/?s={search_term_string}"},"query-input":{"@type":"PropertyValueSpecification","valueRequired":true,"valueName":"search_term_string"}}],"inLanguage":"en-US"},{"@type":"Organization","@id":"https:\/\/darkamazi.info\/#organization","name":"Darka Maz\u00ee","url":"https:\/\/darkamazi.info\/","logo":{"@type":"ImageObject","inLanguage":"en-US","@id":"https:\/\/darkamazi.info\/#\/schema\/logo\/image\/","url":"https:\/\/darkamazi.info\/file\/2017\/12\/darka-mazi-logo.png","contentUrl":"https:\/\/darkamazi.info\/file\/2017\/12\/darka-mazi-logo.png","width":151,"height":75,"caption":"Darka Maz\u00ee"},"image":{"@id":"https:\/\/darkamazi.info\/#\/schema\/logo\/image\/"},"sameAs":["https:\/\/www.facebook.com\/DarMaziKurmanci","https:\/\/x.com\/DarkaMaziLatini","https:\/\/www.instagram.com\/darkamazi.kurmanci\/","https:\/\/www.youtube.com\/channel\/UCa5HkTdmI8U1qCUFuTw8B2g"]},{"@type":"Person","@id":"https:\/\/darkamazi.info\/#\/schema\/person\/5ad3e24553a0567993fa8ed4bd0a776c","name":"darka mazi","sameAs":["https:\/\/darkamazi.info\/"],"url":"https:\/\/darkamazi.info\/archives\/author\/kurdi"}]}},"_links":{"self":[{"href":"https:\/\/darkamazi.info\/funavuv\/wp\/v2\/posts\/1046227","targetHints":{"allow":["GET"]}}],"collection":[{"href":"https:\/\/darkamazi.info\/funavuv\/wp\/v2\/posts"}],"about":[{"href":"https:\/\/darkamazi.info\/funavuv\/wp\/v2\/types\/post"}],"author":[{"embeddable":true,"href":"https:\/\/darkamazi.info\/funavuv\/wp\/v2\/users\/2"}],"replies":[{"embeddable":true,"href":"https:\/\/darkamazi.info\/funavuv\/wp\/v2\/comments?post=1046227"}],"version-history":[{"count":0,"href":"https:\/\/darkamazi.info\/funavuv\/wp\/v2\/posts\/1046227\/revisions"}],"wp:featuredmedia":[{"embeddable":true,"href":"https:\/\/darkamazi.info\/funavuv\/wp\/v2\/media\/1046228"}],"wp:attachment":[{"href":"https:\/\/darkamazi.info\/funavuv\/wp\/v2\/media?parent=1046227"}],"wp:term":[{"taxonomy":"category","embeddable":true,"href":"https:\/\/darkamazi.info\/funavuv\/wp\/v2\/categories?post=1046227"},{"taxonomy":"post_tag","embeddable":true,"href":"https:\/\/darkamazi.info\/funavuv\/wp\/v2\/tags?post=1046227"}],"curies":[{"name":"wp","href":"https:\/\/api.w.org\/{rel}","templated":true}]}}