{"id":1046263,"date":"2024-12-24T14:02:14","date_gmt":"2024-12-24T11:02:14","guid":{"rendered":"https:\/\/darkamazi.info\/?p=1046263"},"modified":"2024-12-24T14:02:14","modified_gmt":"2024-12-24T11:02:14","slug":"civina-enkse-u-hsde-yekreziya-derew-ya-pkke-ifsa-kir","status":"publish","type":"post","link":"https:\/\/darkamazi.info\/archives\/1046263","title":{"rendered":"Civ\u00eena ENKS\u00ea \u00fb HSD\u00ea, yekr\u00eaz\u00eeya derew ya PKK\u00ea \u00eef\u015fa kir"},"content":{"rendered":"<h3 style=\"text-align: justify\"><span style=\"font-family: 'arial black', sans-serif\">Y\u00eak ji g\u00eer\u00eengtir\u00een civ\u00een\u00ean yekr\u00eaziy\u00ea duh di n\u00eavbera ENKS\u00ea \u00fb HSD\u00ea de hat li darxistin. Tev\u00ee ku PKKe dewam qala yekr\u00eaz\u00eeya Kurdan dike, l\u00eabel\u00ea bi r\u00eazkek\u00ea j\u00ee ev gava pir g\u00eer\u00eeng ya li Rojava behis nekir. Civ\u00eena ENKS\u00ea \u00fb Mezl\u00fbm Ebd\u00ee tev\u00ee ku dikare weke h\u00eav\u00ean\u00ea yekr\u00eaz\u00eeya rast\u00een li Rojava b\u00ea hesab kirin, l\u00ea di heman dem\u00ea de r\u00fby\u00ea rast y\u00ea PKK\u00ea \u00eef\u015fa kir. PKKe naxwaze yekr\u00eaz\u00ee \u00e7\u00eabibe ji bo ku ec\u00eanday\u00ean w\u00ea nekevin xeteriy\u00ea.<\/span><\/h3>\n<h3 style=\"text-align: justify\"><span style=\"font-family: arial, helvetica, sans-serif\">Bi garantiya Koal\u00eesyon Navdewlet\u00ee ya ku Amer\u00eeka serperi\u015ft\u00eeya w\u00ea dike, duh b\u00fbyereke pir gir\u00eeng li Hesek\u00ea ya Rojava Kurdistan\u00ea \u00e7\u00eab\u00fb, Enc\u00fbmena Ni\u015ft\u00eeman\u00ee ya Kurd li S\u00fbry\u00ea ENKSe \u00fb Mezl\u00fbm Ebd\u00ee fermandar\u00ea gi\u015ft\u00ee y\u00ea H\u00eaz\u00ean S\u00fbryeya Demokrat\u00eek HSD\u00ea civiyan. Mirov dikare bib\u00eaje ev civ\u00een weke kevir\u00ea bingeh\u00een y\u00ea avakirina yekr\u00eaz\u00eeya Kurde li Rojava Kurdistan\u00ea.<\/span><\/h3>\n<h3 style=\"text-align: justify\"><span style=\"font-family: arial, helvetica, sans-serif\">Ji h\u00eala ENKS\u00ea ve her y\u00eak ji Mihemed \u00cesma\u00eel, Sil\u00eaman Oso, Nimet Dawud \u00fb Feysel Y\u00fbsif \u00fb ji h\u00eala HSD\u00ea ve, Mezl\u00fbm Ebd\u00ee, R\u00ead\u00fbr Xel\u00eel \u00fb Hozan di civ\u00een\u00ea de hazir b\u00fbn.<\/span><\/h3>\n<h3 style=\"text-align: center\"><span style=\"font-family: 'arial black', sans-serif;color: #808080\">ENKSe: Me li ser berdewamiya diyalog\u00ea li hev kir<\/span><\/h3>\n<h3 style=\"text-align: center\"><span style=\"font-family: 'arial black', sans-serif;font-size: 18pt;color: #8c0707\">ENKS\u00ea xwest HSDe ji PKK\u00ea d\u00fbr bibe<\/span><\/h3>\n<h3 style=\"text-align: justify\"><span style=\"font-family: arial, helvetica, sans-serif\">ENKS\u00ea derbar\u00ea civ\u00een\u00ea got: \u201cCiv\u00een ba\u015f derbas b\u00fbye, me li ser berdewamiya diyalog\u00ea li hev kir \u00fb d\u00ea civ\u00eeneke din j\u00ee were kirin\u201d.<\/span><\/h3>\n<h3 style=\"text-align: justify\"><span style=\"font-family: arial, helvetica, sans-serif\">Her wiha diyar kir, di demeke n\u00eaz\u00eek de d\u00ea civ\u00eeneke din hebe.<\/span><\/h3>\n<h3 style=\"text-align: justify\"><span style=\"font-family: 'arial black', sans-serif;color: #8c0707\">\u00c7avkaniy\u00ean taybet y\u00ean Darka Maz\u00ee a\u015fkere kir ku di civ\u00eena bi Mezl\u00fbm Ebd\u00ee de, ENKS\u00ea ev daxwaz\u00ee araste kirine:<\/span><\/h3>\n<ol>\n<li>\n<h3><span style=\"font-family: 'arial black', sans-serif\">E\u015fkere kirina \u00e7aren\u00fbsa girtiy\u00ean ji h\u00eala PKK\u00ea ve hatine girtin.<\/span><\/h3>\n<\/li>\n<li>\n<h3><span style=\"font-family: 'arial black', sans-serif\">Nabe y\u00ea ku ne ji xelk\u00ea Rojava be di nava wan de bi xebite.<\/span><\/h3>\n<\/li>\n<li>\n<h3><span style=\"font-family: 'arial black', sans-serif\">D\u00fbr ketina ji r\u00eaxistna PKK\u00ea.<\/span><\/h3>\n<\/li>\n<\/ol>\n<h3 style=\"text-align: center\"><span style=\"font-family: 'arial black', sans-serif;color: #808080\">Kom\u00eeteyek hevbe\u015f hat p\u00eakan\u00een<\/span><\/h3>\n<h3 style=\"text-align: center\"><span style=\"font-family: 'arial black', sans-serif;font-size: 18pt;color: #8c0707\">HSDe: Div\u00ea nakokiy\u00ean di navbera aliyan de z\u00fb \u00e7areser bibin<\/span><\/h3>\n<h3 style=\"text-align: justify\"><span style=\"font-family: arial, helvetica, sans-serif\">H\u00eaz\u00ean S\u00fbryeya Demokrat\u00eek HSD\u00ea j\u00ee bi daxuyaniyeke niv\u00eesk\u00ee ragihand ku civ\u00een p\u00eak hatiye.<\/span><\/h3>\n<h3 style=\"text-align: justify\"><span style=\"font-family: arial, helvetica, sans-serif\">Li gor\u00ee daxuyaniya HSD\u00ea, di civ\u00een\u00ea de hatiye diyarkirin ku div\u00ea nakokiy\u00ean di navbera aliyan de z\u00fb \u00e7areser bibin \u00fb berdewamiya hevd\u00eetinan gir\u00eenge.<\/span><\/h3>\n<h3 style=\"text-align: justify\"><span style=\"font-family: arial, helvetica, sans-serif\">Li dawiya civ\u00een\u00ea biryar hat girtin ku kom\u00eeteyeke hevbe\u015f ji boy \u00e7areserkirina k\u00ea\u015feyan were avakirin \u00fb civ\u00een berdewam bibin.<\/span><\/h3>\n<h3 style=\"text-align: justify\"><span style=\"font-family: arial, helvetica, sans-serif\">Medyaya Kurd\u00ee, Ereb\u00ee \u00fb biyan\u00ee j\u00ee bi ge\u015fb\u00eeniyeke pir mezin civ\u00eena ENKS\u00ea \u00fb HSD\u00ea \u015fopandin, \u015f\u00eerove, anal\u00eez \u00fb n\u00fb\u00e7ey\u00ean yekr\u00eaz\u00eeya Kurdan \u00fb gir\u00eengiya w\u00ea ji boy di q\u00fbnaxa p\u00ea\u015f me de di S\u00fbryeya n\u00fb de parvekirin, ten\u00ea medya PKK\u00ea nebe, w\u00ea bi r\u00eazkek\u00ea j\u00ee behsa civ\u00eena ENKS\u00ea \u00fb HSD\u00ea nekir, her weke ti civ\u00een p\u00eaknehatine.<\/span><\/h3>\n<h3 style=\"text-align: center\"><span style=\"font-family: 'arial black', sans-serif;font-size: 18pt;color: #8c0707\">PKKe ji damezrandina xwe \u00fb heya roja me ya \u00eero qala yekr\u00eaziy\u00ea dike, l\u00ea gava ku yekr\u00eaz\u00ee \u00e7\u00eadibe li dij\u00ee w\u00ea di sekine!<\/span><\/h3>\n<h3 style=\"text-align: justify\"><span style=\"font-family: arial, helvetica, sans-serif\">PKKe ji damezrandina xwe \u00fb heya roja me ya \u00eero qala yekr\u00eaz\u00eeya Kurdan dike, bi hezaran ciwan\u00ean Kurdan bi v\u00ea dir\u00fb\u015fmeya xwe xapandine \u00fb ber\u00ea wan da mirin\u00ea, hem\u00fb tevger \u00fb partiy\u00ean Kurdan red dike, bi kurtas\u00ee her c\u00eeh\u00ea r\u00eaxistin l\u00ea be, yekr\u00eaz\u00ee li w\u00ea der\u00ea tune. Li Rojava \u00fb destp\u00eaka \u015fori\u015fa S\u00fbry\u00ea li sal 2012\u00ea PKK\u00ea li wir p\u00ea\u015f N\u00eezama Esed ve \u015fer\u00ea Kurdan kir \u00fb nehi\u015ft Kurd li dij\u00ee Esed rabin.<\/span><\/h3>\n<h3 style=\"text-align: justify\"><span style=\"font-family: arial, helvetica, sans-serif\">Ji w\u00ea dem\u00ea ve \u00fb heya hilwe\u015f\u00eena rej\u00eema S\u00fbry\u00ea, ango ev 13 salin dewam partiy\u00ean Kurd\u00ee bi xa\u00een tewanbar dike, \u00ear\u00ee\u015f\u00ee baregeh\u00ean wan dikir, di \u015fewitandin, kadroy\u00ean wan z\u00eendan dikirin, \u00ee\u015fkence li wan dikir \u00fb li ser cadeyan bi keviran ser\u00ea kadroy\u00ean ENKS\u00ea di \u015fikandin.<\/span><\/h3>\n<h3 style=\"text-align: justify\"><span style=\"font-family: arial, helvetica, sans-serif\">PKK\u00ea pilansaziyek ji boy q\u00fbnaxa p\u00ea\u015f me li Rojava Kurdistan\u00ea danaye \u00fb di pilan\u00ean w\u00ea de yekr\u00eaz\u00ee tune, ew dixwaze yekr\u00eazyeke demk\u00ee \u00e7\u00eabike \u00fb pi\u015ftre ec\u00eanday\u00ean xwe y\u00ean ku xizmeta dewlet\u00ean dag\u00eerker dike y\u00eak bi y\u00eak c\u00ee bi c\u00ee bike.<\/span><\/h3>\n<h3 style=\"text-align: justify\"><span style=\"font-family: arial, helvetica, sans-serif\">Ji duh ve medya PKK\u00ea n\u00fb\u00e7eya civ\u00eena ENKS\u00ea \u00fb Mezl\u00fbm Ebd\u00ee \u00fb daxuyaniy\u00ean herdu al\u00eeyan y\u00ean pi\u015ft\u00ee civ\u00een\u00ea parvenekirine \u00fb ti qala civ\u00een\u00ea nekir, ev j\u00ee dih\u00eate w\u00ea watey\u00ea ku PKKe bi gotin qala yekr\u00eaziy\u00ea dike l\u00ea bi kiryar naxwaze yekr\u00eaz\u00ee \u00e7\u00eabibe \u00fb d\u00ea li dij\u00ee v\u00ea gav\u00ea hewl\u00ean xwe berdewam bike.<\/span><\/h3>\n<h3 style=\"text-align: center\"><span style=\"font-family: 'arial black', sans-serif;font-size: 18pt;color: #8c0707\">Serok Barzan\u00ee kevir\u00ea bingeh\u00een y\u00ea yekr\u00eaz\u00eeya Kurdan li Rojava dan\u00eeb\u00fb<\/span><\/h3>\n<h3 style=\"text-align: justify\"><span style=\"font-family: arial, helvetica, sans-serif\">Serok Mes\u00fbd Barzan\u00ee \u00fb her wiha N\u00ea\u00e7\u00eervan Barzan\u00ee serok\u00ea her\u00eama Kurdistan\u00ea, ji destp\u00eaka aloziy\u00ean S\u00fbry\u00ea ji bo ku Kurd\u00ean Rojava bigehin maf\u00ean xwe ketin nav hewl\u00ean mezin de, Peyman\u00ean Hewl\u00ear \u00fb Dihok\u00ea ji boy yekr\u00eaz\u00eeya Kurd\u00ean Rojava \u00e7\u00eakirin, ev herdu peyman weke seywanek\u00ea ji boy yekr\u00eaz\u00eeya Kurdan ava kirin, ew hengav\u00ean yekem b\u00fbn y\u00ean \u00e7\u00eakirina stat\u00fbya Rojava Kurdistan\u00ea \u00fb tevl\u00ee kirina tev part \u00fb aliy\u00ean siyas\u00eey y\u00ean Kurdistan\u00ee di piroseya w\u00ea ya siyas\u00ee de, l\u00ea bel\u00ea PKK\u00ea nehi\u015ft ew peyman werin c\u00ee bi c\u00ee kirin \u00fb li dij\u00ee hewl\u00ean yekr\u00eaziy\u00ea sekin\u00ee.<\/span><\/h3>\n<h3 style=\"text-align: justify\"><span style=\"font-family: arial, helvetica, sans-serif\">Bi ketina Rej\u00eema Esed j\u00ee Barzan\u00ee bang li Ehmed \u015eer&#8217; kir ku div\u00ea di S\u00fbryeya n\u00fb de maf\u00ean gel\u00ean S\u00fbry\u00ea bi taybet gel\u00ea Kurd werin garant\u00ee kirin.<\/span><\/h3>\n","protected":false},"excerpt":{"rendered":"<p>Y\u00eak ji g\u00eer\u00eengtir\u00een civ\u00een\u00ean yekr\u00eaziy\u00ea duh di n\u00eavbera ENKS\u00ea \u00fb HSD\u00ea de hat li darxistin. Tev\u00ee ku PKKe dewam qala yekr\u00eaz\u00eeya Kurdan dike, l\u00eabel\u00ea bi r\u00eazkek\u00ea j\u00ee ev gava pir g\u00eer\u00eeng ya li Rojava behis nekir. Civ\u00eena ENKS\u00ea \u00fb Mezl\u00fbm Ebd\u00ee tev\u00ee ku dikare weke h\u00eav\u00ean\u00ea yekr\u00eaz\u00eeya rast\u00een li Rojava b\u00ea hesab kirin, l\u00ea di [&hellip;]<\/p>\n","protected":false},"author":2,"featured_media":1046265,"comment_status":"closed","ping_status":"closed","sticky":false,"template":"","format":"standard","meta":{"footnotes":""},"categories":[68],"tags":[69,37],"class_list":["post-1046263","post","type-post","status-publish","format-standard","has-post-thumbnail","hentry","category-analiz","tag-mazlum-ebdi","tag-sereke"],"blocksy_meta":[],"seo_head":"<!-- This site is optimized with the Yoast SEO plugin v27.5 - https:\/\/yoast.com\/product\/yoast-seo-wordpress\/ -->\n<title>Civ\u00eena ENKS\u00ea \u00fb HSD\u00ea, yekr\u00eaz\u00eeya derew ya PKK\u00ea \u00eef\u015fa kir - Darka Maz\u00ee<\/title>\n<meta name=\"robots\" content=\"index, follow, max-snippet:-1, max-image-preview:large, max-video-preview:-1\" \/>\n<link rel=\"canonical\" href=\"https:\/\/darkamazi.info\/archives\/1046263\" \/>\n<meta property=\"og:locale\" content=\"en_US\" \/>\n<meta property=\"og:type\" content=\"article\" \/>\n<meta property=\"og:title\" content=\"Civ\u00eena ENKS\u00ea \u00fb HSD\u00ea, yekr\u00eaz\u00eeya derew ya PKK\u00ea \u00eef\u015fa kir - Darka Maz\u00ee\" \/>\n<meta property=\"og:description\" content=\"Y\u00eak ji g\u00eer\u00eengtir\u00een civ\u00een\u00ean yekr\u00eaziy\u00ea duh di n\u00eavbera ENKS\u00ea \u00fb HSD\u00ea de hat li darxistin. Tev\u00ee ku PKKe dewam qala yekr\u00eaz\u00eeya Kurdan dike, l\u00eabel\u00ea bi r\u00eazkek\u00ea j\u00ee ev gava pir g\u00eer\u00eeng ya li Rojava behis nekir. Civ\u00eena ENKS\u00ea \u00fb Mezl\u00fbm Ebd\u00ee tev\u00ee ku dikare weke h\u00eav\u00ean\u00ea yekr\u00eaz\u00eeya rast\u00een li Rojava b\u00ea hesab kirin, l\u00ea di [&hellip;]\" \/>\n<meta property=\"og:url\" content=\"https:\/\/darkamazi.info\/archives\/1046263\" \/>\n<meta property=\"og:site_name\" content=\"Darka Maz\u00ee\" \/>\n<meta property=\"article:publisher\" content=\"https:\/\/www.facebook.com\/DarMaziKurmanci\" \/>\n<meta property=\"article:published_time\" content=\"2024-12-24T11:02:14+00:00\" \/>\n<meta property=\"og:image\" content=\"https:\/\/darkamazi.info\/file\/2024\/12\/Media-PKK-ENKS-Mazloum-Abdi-info.jpg\" \/>\n\t<meta property=\"og:image:width\" content=\"900\" \/>\n\t<meta property=\"og:image:height\" content=\"497\" \/>\n\t<meta property=\"og:image:type\" content=\"image\/jpeg\" \/>\n<meta name=\"author\" content=\"darka mazi\" \/>\n<meta name=\"twitter:card\" content=\"summary_large_image\" \/>\n<meta name=\"twitter:creator\" content=\"@DarkaMaziLatini\" \/>\n<meta name=\"twitter:site\" content=\"@DarkaMaziLatini\" \/>\n<meta name=\"twitter:label1\" content=\"Written by\" \/>\n\t<meta name=\"twitter:data1\" content=\"darka mazi\" \/>\n\t<meta name=\"twitter:label2\" content=\"Est. reading time\" \/>\n\t<meta name=\"twitter:data2\" content=\"4 minutes\" \/>\n<script type=\"application\/ld+json\" class=\"seo-schema-graph\">{\"@context\":\"https:\\\/\\\/schema.org\",\"@graph\":[{\"@type\":\"Article\",\"@id\":\"https:\\\/\\\/darkamazi.info\\\/archives\\\/1046263#article\",\"isPartOf\":{\"@id\":\"https:\\\/\\\/darkamazi.info\\\/archives\\\/1046263\"},\"author\":{\"name\":\"darka mazi\",\"@id\":\"https:\\\/\\\/darkamazi.info\\\/#\\\/schema\\\/person\\\/5ad3e24553a0567993fa8ed4bd0a776c\"},\"headline\":\"Civ\u00eena ENKS\u00ea \u00fb HSD\u00ea, yekr\u00eaz\u00eeya derew ya PKK\u00ea \u00eef\u015fa kir\",\"datePublished\":\"2024-12-24T11:02:14+00:00\",\"mainEntityOfPage\":{\"@id\":\"https:\\\/\\\/darkamazi.info\\\/archives\\\/1046263\"},\"wordCount\":918,\"publisher\":{\"@id\":\"https:\\\/\\\/darkamazi.info\\\/#organization\"},\"image\":{\"@id\":\"https:\\\/\\\/darkamazi.info\\\/archives\\\/1046263#primaryimage\"},\"thumbnailUrl\":\"https:\\\/\\\/darkamazi.info\\\/darka-content\\\/uploads\\\/2024\\\/12\\\/Media-PKK-ENKS-Mazloum-Abdi-info.jpg\",\"keywords\":[\"Mazl\u00fbm Ebd\u00ee\",\"sereke\"],\"articleSection\":[\"Anal\u00eez\"],\"inLanguage\":\"en-US\"},{\"@type\":\"WebPage\",\"@id\":\"https:\\\/\\\/darkamazi.info\\\/archives\\\/1046263\",\"url\":\"https:\\\/\\\/darkamazi.info\\\/archives\\\/1046263\",\"name\":\"Civ\u00eena ENKS\u00ea \u00fb HSD\u00ea, yekr\u00eaz\u00eeya derew ya PKK\u00ea \u00eef\u015fa kir - Darka Maz\u00ee\",\"isPartOf\":{\"@id\":\"https:\\\/\\\/darkamazi.info\\\/#website\"},\"primaryImageOfPage\":{\"@id\":\"https:\\\/\\\/darkamazi.info\\\/archives\\\/1046263#primaryimage\"},\"image\":{\"@id\":\"https:\\\/\\\/darkamazi.info\\\/archives\\\/1046263#primaryimage\"},\"thumbnailUrl\":\"https:\\\/\\\/darkamazi.info\\\/darka-content\\\/uploads\\\/2024\\\/12\\\/Media-PKK-ENKS-Mazloum-Abdi-info.jpg\",\"datePublished\":\"2024-12-24T11:02:14+00:00\",\"breadcrumb\":{\"@id\":\"https:\\\/\\\/darkamazi.info\\\/archives\\\/1046263#breadcrumb\"},\"inLanguage\":\"en-US\",\"potentialAction\":[{\"@type\":\"ReadAction\",\"target\":[\"https:\\\/\\\/darkamazi.info\\\/archives\\\/1046263\"]}]},{\"@type\":\"ImageObject\",\"inLanguage\":\"en-US\",\"@id\":\"https:\\\/\\\/darkamazi.info\\\/archives\\\/1046263#primaryimage\",\"url\":\"https:\\\/\\\/darkamazi.info\\\/darka-content\\\/uploads\\\/2024\\\/12\\\/Media-PKK-ENKS-Mazloum-Abdi-info.jpg\",\"contentUrl\":\"https:\\\/\\\/darkamazi.info\\\/darka-content\\\/uploads\\\/2024\\\/12\\\/Media-PKK-ENKS-Mazloum-Abdi-info.jpg\",\"width\":900,\"height\":497,\"caption\":\"Media-PKK-ENKS-Mazloum-Abdi-info\"},{\"@type\":\"BreadcrumbList\",\"@id\":\"https:\\\/\\\/darkamazi.info\\\/archives\\\/1046263#breadcrumb\",\"itemListElement\":[{\"@type\":\"ListItem\",\"position\":1,\"name\":\"Home\",\"item\":\"https:\\\/\\\/darkamazi.info\\\/\"},{\"@type\":\"ListItem\",\"position\":2,\"name\":\"Civ\u00eena ENKS\u00ea \u00fb HSD\u00ea, yekr\u00eaz\u00eeya derew ya PKK\u00ea \u00eef\u015fa kir\"}]},{\"@type\":\"WebSite\",\"@id\":\"https:\\\/\\\/darkamazi.info\\\/#website\",\"url\":\"https:\\\/\\\/darkamazi.info\\\/\",\"name\":\"Darka Maz\u00ee\",\"description\":\"P\u00eageha Zanyariy\u00ean Nebih\u00eest\u00ee\",\"publisher\":{\"@id\":\"https:\\\/\\\/darkamazi.info\\\/#organization\"},\"potentialAction\":[{\"@type\":\"SearchAction\",\"target\":{\"@type\":\"EntryPoint\",\"urlTemplate\":\"https:\\\/\\\/darkamazi.info\\\/?s={search_term_string}\"},\"query-input\":{\"@type\":\"PropertyValueSpecification\",\"valueRequired\":true,\"valueName\":\"search_term_string\"}}],\"inLanguage\":\"en-US\"},{\"@type\":\"Organization\",\"@id\":\"https:\\\/\\\/darkamazi.info\\\/#organization\",\"name\":\"Darka Maz\u00ee\",\"url\":\"https:\\\/\\\/darkamazi.info\\\/\",\"logo\":{\"@type\":\"ImageObject\",\"inLanguage\":\"en-US\",\"@id\":\"https:\\\/\\\/darkamazi.info\\\/#\\\/schema\\\/logo\\\/image\\\/\",\"url\":\"https:\\\/\\\/darkamazi.info\\\/darka-content\\\/uploads\\\/2017\\\/12\\\/darka-mazi-logo.png\",\"contentUrl\":\"https:\\\/\\\/darkamazi.info\\\/darka-content\\\/uploads\\\/2017\\\/12\\\/darka-mazi-logo.png\",\"width\":151,\"height\":75,\"caption\":\"Darka Maz\u00ee\"},\"image\":{\"@id\":\"https:\\\/\\\/darkamazi.info\\\/#\\\/schema\\\/logo\\\/image\\\/\"},\"sameAs\":[\"https:\\\/\\\/www.facebook.com\\\/DarMaziKurmanci\",\"https:\\\/\\\/x.com\\\/DarkaMaziLatini\",\"https:\\\/\\\/www.instagram.com\\\/darkamazi.kurmanci\\\/\",\"https:\\\/\\\/www.youtube.com\\\/channel\\\/UCa5HkTdmI8U1qCUFuTw8B2g\"]},{\"@type\":\"Person\",\"@id\":\"https:\\\/\\\/darkamazi.info\\\/#\\\/schema\\\/person\\\/5ad3e24553a0567993fa8ed4bd0a776c\",\"name\":\"darka mazi\",\"sameAs\":[\"https:\\\/\\\/darkamazi.info\\\/\"],\"url\":\"https:\\\/\\\/darkamazi.info\\\/archives\\\/author\\\/kurdi\"}]}<\/script>\n<!-- \/ Yoast SEO plugin. -->","seo_head_json":{"title":"Civ\u00eena ENKS\u00ea \u00fb HSD\u00ea, yekr\u00eaz\u00eeya derew ya PKK\u00ea \u00eef\u015fa kir - Darka Maz\u00ee","robots":{"index":"index","follow":"follow","max-snippet":"max-snippet:-1","max-image-preview":"max-image-preview:large","max-video-preview":"max-video-preview:-1"},"canonical":"https:\/\/darkamazi.info\/archives\/1046263","og_locale":"en_US","og_type":"article","og_title":"Civ\u00eena ENKS\u00ea \u00fb HSD\u00ea, yekr\u00eaz\u00eeya derew ya PKK\u00ea \u00eef\u015fa kir - Darka Maz\u00ee","og_description":"Y\u00eak ji g\u00eer\u00eengtir\u00een civ\u00een\u00ean yekr\u00eaziy\u00ea duh di n\u00eavbera ENKS\u00ea \u00fb HSD\u00ea de hat li darxistin. Tev\u00ee ku PKKe dewam qala yekr\u00eaz\u00eeya Kurdan dike, l\u00eabel\u00ea bi r\u00eazkek\u00ea j\u00ee ev gava pir g\u00eer\u00eeng ya li Rojava behis nekir. Civ\u00eena ENKS\u00ea \u00fb Mezl\u00fbm Ebd\u00ee tev\u00ee ku dikare weke h\u00eav\u00ean\u00ea yekr\u00eaz\u00eeya rast\u00een li Rojava b\u00ea hesab kirin, l\u00ea di [&hellip;]","og_url":"https:\/\/darkamazi.info\/archives\/1046263","og_site_name":"Darka Maz\u00ee","article_publisher":"https:\/\/www.facebook.com\/DarMaziKurmanci","article_published_time":"2024-12-24T11:02:14+00:00","og_image":[{"width":900,"height":497,"url":"https:\/\/darkamazi.info\/file\/2024\/12\/Media-PKK-ENKS-Mazloum-Abdi-info.jpg","type":"image\/jpeg"}],"author":"darka mazi","twitter_card":"summary_large_image","twitter_creator":"@DarkaMaziLatini","twitter_site":"@DarkaMaziLatini","twitter_misc":{"Written by":"darka mazi","Est. reading time":"4 minutes"},"schema":{"@context":"https:\/\/schema.org","@graph":[{"@type":"Article","@id":"https:\/\/darkamazi.info\/archives\/1046263#article","isPartOf":{"@id":"https:\/\/darkamazi.info\/archives\/1046263"},"author":{"name":"darka mazi","@id":"https:\/\/darkamazi.info\/#\/schema\/person\/5ad3e24553a0567993fa8ed4bd0a776c"},"headline":"Civ\u00eena ENKS\u00ea \u00fb HSD\u00ea, yekr\u00eaz\u00eeya derew ya PKK\u00ea \u00eef\u015fa kir","datePublished":"2024-12-24T11:02:14+00:00","mainEntityOfPage":{"@id":"https:\/\/darkamazi.info\/archives\/1046263"},"wordCount":918,"publisher":{"@id":"https:\/\/darkamazi.info\/#organization"},"image":{"@id":"https:\/\/darkamazi.info\/archives\/1046263#primaryimage"},"thumbnailUrl":"https:\/\/darkamazi.info\/file\/2024\/12\/Media-PKK-ENKS-Mazloum-Abdi-info.jpg","keywords":["Mazl\u00fbm Ebd\u00ee","sereke"],"articleSection":["Anal\u00eez"],"inLanguage":"en-US"},{"@type":"WebPage","@id":"https:\/\/darkamazi.info\/archives\/1046263","url":"https:\/\/darkamazi.info\/archives\/1046263","name":"Civ\u00eena ENKS\u00ea \u00fb HSD\u00ea, yekr\u00eaz\u00eeya derew ya PKK\u00ea \u00eef\u015fa kir - Darka Maz\u00ee","isPartOf":{"@id":"https:\/\/darkamazi.info\/#website"},"primaryImageOfPage":{"@id":"https:\/\/darkamazi.info\/archives\/1046263#primaryimage"},"image":{"@id":"https:\/\/darkamazi.info\/archives\/1046263#primaryimage"},"thumbnailUrl":"https:\/\/darkamazi.info\/file\/2024\/12\/Media-PKK-ENKS-Mazloum-Abdi-info.jpg","datePublished":"2024-12-24T11:02:14+00:00","breadcrumb":{"@id":"https:\/\/darkamazi.info\/archives\/1046263#breadcrumb"},"inLanguage":"en-US","potentialAction":[{"@type":"ReadAction","target":["https:\/\/darkamazi.info\/archives\/1046263"]}]},{"@type":"ImageObject","inLanguage":"en-US","@id":"https:\/\/darkamazi.info\/archives\/1046263#primaryimage","url":"https:\/\/darkamazi.info\/file\/2024\/12\/Media-PKK-ENKS-Mazloum-Abdi-info.jpg","contentUrl":"https:\/\/darkamazi.info\/file\/2024\/12\/Media-PKK-ENKS-Mazloum-Abdi-info.jpg","width":900,"height":497,"caption":"Media-PKK-ENKS-Mazloum-Abdi-info"},{"@type":"BreadcrumbList","@id":"https:\/\/darkamazi.info\/archives\/1046263#breadcrumb","itemListElement":[{"@type":"ListItem","position":1,"name":"Home","item":"https:\/\/darkamazi.info\/"},{"@type":"ListItem","position":2,"name":"Civ\u00eena ENKS\u00ea \u00fb HSD\u00ea, yekr\u00eaz\u00eeya derew ya PKK\u00ea \u00eef\u015fa kir"}]},{"@type":"WebSite","@id":"https:\/\/darkamazi.info\/#website","url":"https:\/\/darkamazi.info\/","name":"Darka Maz\u00ee","description":"P\u00eageha Zanyariy\u00ean Nebih\u00eest\u00ee","publisher":{"@id":"https:\/\/darkamazi.info\/#organization"},"potentialAction":[{"@type":"SearchAction","target":{"@type":"EntryPoint","urlTemplate":"https:\/\/darkamazi.info\/?s={search_term_string}"},"query-input":{"@type":"PropertyValueSpecification","valueRequired":true,"valueName":"search_term_string"}}],"inLanguage":"en-US"},{"@type":"Organization","@id":"https:\/\/darkamazi.info\/#organization","name":"Darka Maz\u00ee","url":"https:\/\/darkamazi.info\/","logo":{"@type":"ImageObject","inLanguage":"en-US","@id":"https:\/\/darkamazi.info\/#\/schema\/logo\/image\/","url":"https:\/\/darkamazi.info\/file\/2017\/12\/darka-mazi-logo.png","contentUrl":"https:\/\/darkamazi.info\/file\/2017\/12\/darka-mazi-logo.png","width":151,"height":75,"caption":"Darka Maz\u00ee"},"image":{"@id":"https:\/\/darkamazi.info\/#\/schema\/logo\/image\/"},"sameAs":["https:\/\/www.facebook.com\/DarMaziKurmanci","https:\/\/x.com\/DarkaMaziLatini","https:\/\/www.instagram.com\/darkamazi.kurmanci\/","https:\/\/www.youtube.com\/channel\/UCa5HkTdmI8U1qCUFuTw8B2g"]},{"@type":"Person","@id":"https:\/\/darkamazi.info\/#\/schema\/person\/5ad3e24553a0567993fa8ed4bd0a776c","name":"darka mazi","sameAs":["https:\/\/darkamazi.info\/"],"url":"https:\/\/darkamazi.info\/archives\/author\/kurdi"}]}},"_links":{"self":[{"href":"https:\/\/darkamazi.info\/funavuv\/wp\/v2\/posts\/1046263","targetHints":{"allow":["GET"]}}],"collection":[{"href":"https:\/\/darkamazi.info\/funavuv\/wp\/v2\/posts"}],"about":[{"href":"https:\/\/darkamazi.info\/funavuv\/wp\/v2\/types\/post"}],"author":[{"embeddable":true,"href":"https:\/\/darkamazi.info\/funavuv\/wp\/v2\/users\/2"}],"replies":[{"embeddable":true,"href":"https:\/\/darkamazi.info\/funavuv\/wp\/v2\/comments?post=1046263"}],"version-history":[{"count":0,"href":"https:\/\/darkamazi.info\/funavuv\/wp\/v2\/posts\/1046263\/revisions"}],"wp:featuredmedia":[{"embeddable":true,"href":"https:\/\/darkamazi.info\/funavuv\/wp\/v2\/media\/1046265"}],"wp:attachment":[{"href":"https:\/\/darkamazi.info\/funavuv\/wp\/v2\/media?parent=1046263"}],"wp:term":[{"taxonomy":"category","embeddable":true,"href":"https:\/\/darkamazi.info\/funavuv\/wp\/v2\/categories?post=1046263"},{"taxonomy":"post_tag","embeddable":true,"href":"https:\/\/darkamazi.info\/funavuv\/wp\/v2\/tags?post=1046263"}],"curies":[{"name":"wp","href":"https:\/\/api.w.org\/{rel}","templated":true}]}}