{"id":1046269,"date":"2024-12-24T18:25:56","date_gmt":"2024-12-24T15:25:56","guid":{"rendered":"https:\/\/darkamazi.info\/?p=1046269"},"modified":"2024-12-24T18:25:56","modified_gmt":"2024-12-24T15:25:56","slug":"nuneren-dem-e-li-silemaniye-ji-imraliye-nameyek-birin-u-bi-reveberen-kck-e-re-hevditin-kirin","status":"publish","type":"post","link":"https:\/\/darkamazi.info\/archives\/1046269","title":{"rendered":"N\u00fbner\u00ean DEM \u00ea li Sil\u00eamaniy\u00ea: Ji \u00cemraliy\u00ea nameyek birin \u00fb bi r\u00eaveber\u00ean KCK \u00ea re hevd\u00eetin kirin"},"content":{"rendered":"<h3 style=\"text-align: justify\"><span style=\"font-family: 'arial black', sans-serif\">Duh li Hewl\u00ear \u00fb Sil\u00eamaniy\u00ea amadeb\u00fbna \u015fandeke DEM Partiy\u00ea bala mirovan ki\u015fand, \u015fand\u00ea bi serok\u00ea YNK Bafil Taleban\u00ee re hevd\u00eetin kir \u00fb pa\u015f\u00ea \u00e7\u00fb Sil\u00eamaniy\u00ea. Her \u00e7end armanca \u015fand\u00ea wek serdana YNK hat n\u00ee\u015fandan j\u00ee, hat gotin ku \u015fand\u00ea r\u00eaveberiya Koord\u00eenasyona Tirkiyey\u00ea ya PKK \u00ea bi xwe re aniye \u00fb herwiha nameyeke ji \u00cemraliy\u00ea aniye \u00fb bi r\u00eaveber\u00ean KCK\u00ea re hevd\u00eetin kiriye.<\/span><\/h3>\n<h3 style=\"text-align: justify\">\u015eanda ku ji hevserok\u00ea DEM Partiy\u00ea T\u00fblay Hat\u00eemo\u011fullar\u00ee, hevserok\u00ea BDP\u00ea Kesk\u00een Bayindir, hevax\u00eaver\u00ean Kom\u00eesyona T\u00eakiliy\u00ean Derve y\u00ean DEM Partiy\u00ea Ebr\u00fb Gunay \u00fb Berdan Ozturk p\u00eak dihat, hat ragihandin ku di pi\u015ft serdana ku wek hevd\u00eetineke asay\u00ee ya bi YNK\u00ea re hat n\u00ee\u015fandan de p\u00ea\u015fve\u00e7\u00fbn\u00ean gir\u00eeng \u00ean derbar\u00ea p\u00eavajoy\u00ea de hene. \u00c7avkaniy\u00ean n\u00eaz\u00ee PKK\u00ea y\u00ean li Sil\u00eamaniy\u00ea ragihandin ku li dervey\u00ee endam\u00ean xuya y\u00ean \u015fand\u00ea, 3 kes\u00ean din j\u00ee ji nav nav\u00ean di koord\u00eenasyona Tirkiyey\u00ea \u00fb koord\u00eenasyona tevgera jinan a PKK\u00ea de cih digirin hene. Li gor\u00ee \u00e7avkaniyan Berdan Ozturk, Ebru Gunay \u00fb Kesk\u00een Bayindir xwe j\u00ee endam\u00ean koord\u00eenasyona PKK\u00ea ne \u00fb li dervey\u00ee van navan s\u00ea kes\u00ean din j\u00ee hatin.<\/h3>\n<h3 style=\"text-align: justify\">Li gor\u00ee \u00e7avkaniyan \u015fand\u00ea nameya ku ji \u00cemraliy\u00ea ji hevserokiya KCK\u00ea re hatiye \u015fandin an\u00ee. Herwiha bi r\u00eaveberiya KCK\u00ea re hevd\u00eetin kir. Koord\u00eenasyona Tirkiyey\u00ea ya PKK\u00ea j\u00ee cuda civ\u00een lidar xistin.<\/h3>\n<h3 style=\"text-align: justify\">Li gor\u00ee \u00e7avkaniy\u00ean n\u00eaz\u00eek\u00ee PKK\u00ea \u015fand\u00ea ji \u00cemraliy\u00ea nameyek \u00fb raporek ji KCK\u00ea re an\u00ee. Name ji aliy\u00ea Ocalan ve hatib\u00fb \u015fandin. Hat gotin ku naveroka namey\u00ea wek sirek\u00ea hatiye ve\u015fartin \u00fb rasterast ji Cem\u00eel Bayik re hatiye birin.<\/h3>\n<h3 style=\"text-align: justify\">Rapora j\u00ee encam\u00ean civ\u00een\u00ean ku koordinatoriya PKK\u00ea ya Tirkiyey\u00ea bi saziyan re kirib\u00fb dihewand. T\u00ea de mijar\u00ean asay\u00ee y\u00ean wek rew\u015fa gi\u015ft\u00ee ya PKK\u00ea li Bakur\u00ea Kurdistan\u00ea, saz\u00ee, rew\u015fa abor\u00ee \u00fb hwd heb\u00fbn. Di rapor\u00ea de herwiha behsa hevd\u00eetin\u00ean ku bi \u00cemraliy\u00ea re hatine kirin \u00fb w\u00ea b\u00ean kirin, k\u00ee di \u015fandan de cih bigire \u00fb mijar\u00ean wusa j\u00ee heb\u00fbn.<\/h3>\n<h3 style=\"text-align: justify\">Herwiha \u015fand \u00fb endam\u00ean koordinasyon\u00ea y\u00ean p\u00ea re du civ\u00een\u00ean cuda lidar xistin, yek ji civ\u00eenan civ\u00eeneke ku T\u00fblay Hat\u00eemo\u011fullar\u00ee j\u00ee t\u00ea de b\u00fb. T\u00fblay Hat\u00eemo\u011fullar\u00ee j\u00ee be\u015fdar\u00ee v\u00ea civ\u00een\u00ea b\u00fb. \u00fb hevd\u00eetin\u00ean ku DEM Partiy\u00ea bi dewlet\u00ea re kirine bi k\u00fbrah\u00ee hatin ragihandin. Herwiha mijar\u00ean wek helwesta DEM Partiy\u00ea pi\u015ft\u00ee p\u00eavajoya S\u00fbriyey\u00ea ya n\u00fb p\u00ea\u015f ket\u00ee \u00fb hwd hatin nirxandin.<\/h3>\n<h3 style=\"text-align: justify\">Civ\u00eena duyem j\u00ee b\u00eahtir civ\u00eeneke ku bi koordinasyona PKK\u00ea re hatiye kirin \u00fb b\u00eahtir rew\u015fa PKK\u00ea ya li Bakur\u00ea Kurdistan\u00ea dihewand b\u00fb.<\/h3>\n<h3 style=\"text-align: justify\">Hat ragihandin ku civ\u00een heta \u00eero berdewam dikin. Herwiha \u00e7avkaniyan got ku KCK\u00ea ji DEM Partiy\u00ea \u00fb Koordinasyona PKK\u00ea ya Tirkiyey\u00ea re du tal\u00eemat\u00ean cuda niv\u00ees\u00eene \u00fb d\u00ea bersiva namey\u00ean \u00cemraliy\u00ea j\u00ee biniv\u00eese.<\/h3>\n<h3 style=\"text-align: justify\">\u00c7avkaniy\u00ean n\u00eaz\u00eek\u00ee PKK\u00ea gotin ku ji ber ku r\u00eaveber\u00ean PKK\u00ea ditirsin bibin armanca S\u00ceHA yan civ\u00een bi awayek\u00ee gelek\u00ee ve\u015fart\u00ee p\u00eak t\u00ean.<\/h3>\n","protected":false},"excerpt":{"rendered":"<p>Duh li Hewl\u00ear \u00fb Sil\u00eamaniy\u00ea amadeb\u00fbna \u015fandeke DEM Partiy\u00ea bala mirovan ki\u015fand, \u015fand\u00ea bi serok\u00ea YNK Bafil Taleban\u00ee re hevd\u00eetin kir \u00fb pa\u015f\u00ea \u00e7\u00fb Sil\u00eamaniy\u00ea. Her \u00e7end armanca \u015fand\u00ea wek serdana YNK hat n\u00ee\u015fandan j\u00ee, hat gotin ku \u015fand\u00ea r\u00eaveberiya Koord\u00eenasyona Tirkiyey\u00ea ya PKK \u00ea bi xwe re aniye \u00fb herwiha nameyeke ji \u00cemraliy\u00ea aniye [&hellip;]<\/p>\n","protected":false},"author":2,"featured_media":1046270,"comment_status":"closed","ping_status":"closed","sticky":false,"template":"","format":"standard","meta":{"footnotes":""},"categories":[29],"tags":[37],"class_list":["post-1046269","post","type-post","status-publish","format-standard","has-post-thumbnail","hentry","category-kurdistan","tag-sereke"],"blocksy_meta":[],"seo_head":"<!-- This site is optimized with the Yoast SEO plugin v27.5 - https:\/\/yoast.com\/product\/yoast-seo-wordpress\/ -->\n<title>N\u00fbner\u00ean DEM \u00ea li Sil\u00eamaniy\u00ea: Ji \u00cemraliy\u00ea nameyek birin \u00fb bi r\u00eaveber\u00ean KCK \u00ea re hevd\u00eetin kirin - Darka Maz\u00ee<\/title>\n<meta name=\"robots\" content=\"index, follow, max-snippet:-1, max-image-preview:large, max-video-preview:-1\" \/>\n<link rel=\"canonical\" href=\"https:\/\/darkamazi.info\/archives\/1046269\" \/>\n<meta property=\"og:locale\" content=\"en_US\" \/>\n<meta property=\"og:type\" content=\"article\" \/>\n<meta property=\"og:title\" content=\"N\u00fbner\u00ean DEM \u00ea li Sil\u00eamaniy\u00ea: Ji \u00cemraliy\u00ea nameyek birin \u00fb bi r\u00eaveber\u00ean KCK \u00ea re hevd\u00eetin kirin - Darka Maz\u00ee\" \/>\n<meta property=\"og:description\" content=\"Duh li Hewl\u00ear \u00fb Sil\u00eamaniy\u00ea amadeb\u00fbna \u015fandeke DEM Partiy\u00ea bala mirovan ki\u015fand, \u015fand\u00ea bi serok\u00ea YNK Bafil Taleban\u00ee re hevd\u00eetin kir \u00fb pa\u015f\u00ea \u00e7\u00fb Sil\u00eamaniy\u00ea. Her \u00e7end armanca \u015fand\u00ea wek serdana YNK hat n\u00ee\u015fandan j\u00ee, hat gotin ku \u015fand\u00ea r\u00eaveberiya Koord\u00eenasyona Tirkiyey\u00ea ya PKK \u00ea bi xwe re aniye \u00fb herwiha nameyeke ji \u00cemraliy\u00ea aniye [&hellip;]\" \/>\n<meta property=\"og:url\" content=\"https:\/\/darkamazi.info\/archives\/1046269\" \/>\n<meta property=\"og:site_name\" content=\"Darka Maz\u00ee\" \/>\n<meta property=\"article:publisher\" content=\"https:\/\/www.facebook.com\/DarMaziKurmanci\" \/>\n<meta property=\"article:published_time\" content=\"2024-12-24T15:25:56+00:00\" \/>\n<meta property=\"og:image\" content=\"https:\/\/darkamazi.info\/file\/2024\/12\/ocelan.jpg\" \/>\n\t<meta property=\"og:image:width\" content=\"900\" \/>\n\t<meta property=\"og:image:height\" content=\"475\" \/>\n\t<meta property=\"og:image:type\" content=\"image\/jpeg\" \/>\n<meta name=\"author\" content=\"darka mazi\" \/>\n<meta name=\"twitter:card\" content=\"summary_large_image\" \/>\n<meta name=\"twitter:creator\" content=\"@DarkaMaziLatini\" \/>\n<meta name=\"twitter:site\" content=\"@DarkaMaziLatini\" \/>\n<meta name=\"twitter:label1\" content=\"Written by\" \/>\n\t<meta name=\"twitter:data1\" content=\"darka mazi\" \/>\n\t<meta name=\"twitter:label2\" content=\"Est. reading time\" \/>\n\t<meta name=\"twitter:data2\" content=\"3 minutes\" \/>\n<script type=\"application\/ld+json\" class=\"seo-schema-graph\">{\"@context\":\"https:\\\/\\\/schema.org\",\"@graph\":[{\"@type\":\"Article\",\"@id\":\"https:\\\/\\\/darkamazi.info\\\/archives\\\/1046269#article\",\"isPartOf\":{\"@id\":\"https:\\\/\\\/darkamazi.info\\\/archives\\\/1046269\"},\"author\":{\"name\":\"darka mazi\",\"@id\":\"https:\\\/\\\/darkamazi.info\\\/#\\\/schema\\\/person\\\/5ad3e24553a0567993fa8ed4bd0a776c\"},\"headline\":\"N\u00fbner\u00ean DEM \u00ea li Sil\u00eamaniy\u00ea: Ji \u00cemraliy\u00ea nameyek birin \u00fb bi r\u00eaveber\u00ean KCK \u00ea re hevd\u00eetin kirin\",\"datePublished\":\"2024-12-24T15:25:56+00:00\",\"mainEntityOfPage\":{\"@id\":\"https:\\\/\\\/darkamazi.info\\\/archives\\\/1046269\"},\"wordCount\":549,\"publisher\":{\"@id\":\"https:\\\/\\\/darkamazi.info\\\/#organization\"},\"image\":{\"@id\":\"https:\\\/\\\/darkamazi.info\\\/archives\\\/1046269#primaryimage\"},\"thumbnailUrl\":\"https:\\\/\\\/darkamazi.info\\\/darka-content\\\/uploads\\\/2024\\\/12\\\/ocelan.jpg\",\"keywords\":[\"sereke\"],\"articleSection\":[\"Kurdistan\"],\"inLanguage\":\"en-US\"},{\"@type\":\"WebPage\",\"@id\":\"https:\\\/\\\/darkamazi.info\\\/archives\\\/1046269\",\"url\":\"https:\\\/\\\/darkamazi.info\\\/archives\\\/1046269\",\"name\":\"N\u00fbner\u00ean DEM \u00ea li Sil\u00eamaniy\u00ea: Ji \u00cemraliy\u00ea nameyek birin \u00fb bi r\u00eaveber\u00ean KCK \u00ea re hevd\u00eetin kirin - Darka Maz\u00ee\",\"isPartOf\":{\"@id\":\"https:\\\/\\\/darkamazi.info\\\/#website\"},\"primaryImageOfPage\":{\"@id\":\"https:\\\/\\\/darkamazi.info\\\/archives\\\/1046269#primaryimage\"},\"image\":{\"@id\":\"https:\\\/\\\/darkamazi.info\\\/archives\\\/1046269#primaryimage\"},\"thumbnailUrl\":\"https:\\\/\\\/darkamazi.info\\\/darka-content\\\/uploads\\\/2024\\\/12\\\/ocelan.jpg\",\"datePublished\":\"2024-12-24T15:25:56+00:00\",\"breadcrumb\":{\"@id\":\"https:\\\/\\\/darkamazi.info\\\/archives\\\/1046269#breadcrumb\"},\"inLanguage\":\"en-US\",\"potentialAction\":[{\"@type\":\"ReadAction\",\"target\":[\"https:\\\/\\\/darkamazi.info\\\/archives\\\/1046269\"]}]},{\"@type\":\"ImageObject\",\"inLanguage\":\"en-US\",\"@id\":\"https:\\\/\\\/darkamazi.info\\\/archives\\\/1046269#primaryimage\",\"url\":\"https:\\\/\\\/darkamazi.info\\\/darka-content\\\/uploads\\\/2024\\\/12\\\/ocelan.jpg\",\"contentUrl\":\"https:\\\/\\\/darkamazi.info\\\/darka-content\\\/uploads\\\/2024\\\/12\\\/ocelan.jpg\",\"width\":900,\"height\":475,\"caption\":\"N\u00fbner\u00ean DEM \u00ea li Sil\u00eamaniy\u00ea: Ji \u00cemraliy\u00ea nameyek birin \u00fb bi r\u00eaveber\u00ean KCK \u00ea re hevd\u00eetin kirin\"},{\"@type\":\"BreadcrumbList\",\"@id\":\"https:\\\/\\\/darkamazi.info\\\/archives\\\/1046269#breadcrumb\",\"itemListElement\":[{\"@type\":\"ListItem\",\"position\":1,\"name\":\"Home\",\"item\":\"https:\\\/\\\/darkamazi.info\\\/\"},{\"@type\":\"ListItem\",\"position\":2,\"name\":\"N\u00fbner\u00ean DEM \u00ea li Sil\u00eamaniy\u00ea: Ji \u00cemraliy\u00ea nameyek birin \u00fb bi r\u00eaveber\u00ean KCK \u00ea re hevd\u00eetin kirin\"}]},{\"@type\":\"WebSite\",\"@id\":\"https:\\\/\\\/darkamazi.info\\\/#website\",\"url\":\"https:\\\/\\\/darkamazi.info\\\/\",\"name\":\"Darka Maz\u00ee\",\"description\":\"P\u00eageha Zanyariy\u00ean Nebih\u00eest\u00ee\",\"publisher\":{\"@id\":\"https:\\\/\\\/darkamazi.info\\\/#organization\"},\"potentialAction\":[{\"@type\":\"SearchAction\",\"target\":{\"@type\":\"EntryPoint\",\"urlTemplate\":\"https:\\\/\\\/darkamazi.info\\\/?s={search_term_string}\"},\"query-input\":{\"@type\":\"PropertyValueSpecification\",\"valueRequired\":true,\"valueName\":\"search_term_string\"}}],\"inLanguage\":\"en-US\"},{\"@type\":\"Organization\",\"@id\":\"https:\\\/\\\/darkamazi.info\\\/#organization\",\"name\":\"Darka Maz\u00ee\",\"url\":\"https:\\\/\\\/darkamazi.info\\\/\",\"logo\":{\"@type\":\"ImageObject\",\"inLanguage\":\"en-US\",\"@id\":\"https:\\\/\\\/darkamazi.info\\\/#\\\/schema\\\/logo\\\/image\\\/\",\"url\":\"https:\\\/\\\/darkamazi.info\\\/darka-content\\\/uploads\\\/2017\\\/12\\\/darka-mazi-logo.png\",\"contentUrl\":\"https:\\\/\\\/darkamazi.info\\\/darka-content\\\/uploads\\\/2017\\\/12\\\/darka-mazi-logo.png\",\"width\":151,\"height\":75,\"caption\":\"Darka Maz\u00ee\"},\"image\":{\"@id\":\"https:\\\/\\\/darkamazi.info\\\/#\\\/schema\\\/logo\\\/image\\\/\"},\"sameAs\":[\"https:\\\/\\\/www.facebook.com\\\/DarMaziKurmanci\",\"https:\\\/\\\/x.com\\\/DarkaMaziLatini\",\"https:\\\/\\\/www.instagram.com\\\/darkamazi.kurmanci\\\/\",\"https:\\\/\\\/www.youtube.com\\\/channel\\\/UCa5HkTdmI8U1qCUFuTw8B2g\"]},{\"@type\":\"Person\",\"@id\":\"https:\\\/\\\/darkamazi.info\\\/#\\\/schema\\\/person\\\/5ad3e24553a0567993fa8ed4bd0a776c\",\"name\":\"darka mazi\",\"sameAs\":[\"https:\\\/\\\/darkamazi.info\\\/\"],\"url\":\"https:\\\/\\\/darkamazi.info\\\/archives\\\/author\\\/kurdi\"}]}<\/script>\n<!-- \/ Yoast SEO plugin. -->","seo_head_json":{"title":"N\u00fbner\u00ean DEM \u00ea li Sil\u00eamaniy\u00ea: Ji \u00cemraliy\u00ea nameyek birin \u00fb bi r\u00eaveber\u00ean KCK \u00ea re hevd\u00eetin kirin - Darka Maz\u00ee","robots":{"index":"index","follow":"follow","max-snippet":"max-snippet:-1","max-image-preview":"max-image-preview:large","max-video-preview":"max-video-preview:-1"},"canonical":"https:\/\/darkamazi.info\/archives\/1046269","og_locale":"en_US","og_type":"article","og_title":"N\u00fbner\u00ean DEM \u00ea li Sil\u00eamaniy\u00ea: Ji \u00cemraliy\u00ea nameyek birin \u00fb bi r\u00eaveber\u00ean KCK \u00ea re hevd\u00eetin kirin - Darka Maz\u00ee","og_description":"Duh li Hewl\u00ear \u00fb Sil\u00eamaniy\u00ea amadeb\u00fbna \u015fandeke DEM Partiy\u00ea bala mirovan ki\u015fand, \u015fand\u00ea bi serok\u00ea YNK Bafil Taleban\u00ee re hevd\u00eetin kir \u00fb pa\u015f\u00ea \u00e7\u00fb Sil\u00eamaniy\u00ea. Her \u00e7end armanca \u015fand\u00ea wek serdana YNK hat n\u00ee\u015fandan j\u00ee, hat gotin ku \u015fand\u00ea r\u00eaveberiya Koord\u00eenasyona Tirkiyey\u00ea ya PKK \u00ea bi xwe re aniye \u00fb herwiha nameyeke ji \u00cemraliy\u00ea aniye [&hellip;]","og_url":"https:\/\/darkamazi.info\/archives\/1046269","og_site_name":"Darka Maz\u00ee","article_publisher":"https:\/\/www.facebook.com\/DarMaziKurmanci","article_published_time":"2024-12-24T15:25:56+00:00","og_image":[{"width":900,"height":475,"url":"https:\/\/darkamazi.info\/file\/2024\/12\/ocelan.jpg","type":"image\/jpeg"}],"author":"darka mazi","twitter_card":"summary_large_image","twitter_creator":"@DarkaMaziLatini","twitter_site":"@DarkaMaziLatini","twitter_misc":{"Written by":"darka mazi","Est. reading time":"3 minutes"},"schema":{"@context":"https:\/\/schema.org","@graph":[{"@type":"Article","@id":"https:\/\/darkamazi.info\/archives\/1046269#article","isPartOf":{"@id":"https:\/\/darkamazi.info\/archives\/1046269"},"author":{"name":"darka mazi","@id":"https:\/\/darkamazi.info\/#\/schema\/person\/5ad3e24553a0567993fa8ed4bd0a776c"},"headline":"N\u00fbner\u00ean DEM \u00ea li Sil\u00eamaniy\u00ea: Ji \u00cemraliy\u00ea nameyek birin \u00fb bi r\u00eaveber\u00ean KCK \u00ea re hevd\u00eetin kirin","datePublished":"2024-12-24T15:25:56+00:00","mainEntityOfPage":{"@id":"https:\/\/darkamazi.info\/archives\/1046269"},"wordCount":549,"publisher":{"@id":"https:\/\/darkamazi.info\/#organization"},"image":{"@id":"https:\/\/darkamazi.info\/archives\/1046269#primaryimage"},"thumbnailUrl":"https:\/\/darkamazi.info\/file\/2024\/12\/ocelan.jpg","keywords":["sereke"],"articleSection":["Kurdistan"],"inLanguage":"en-US"},{"@type":"WebPage","@id":"https:\/\/darkamazi.info\/archives\/1046269","url":"https:\/\/darkamazi.info\/archives\/1046269","name":"N\u00fbner\u00ean DEM \u00ea li Sil\u00eamaniy\u00ea: Ji \u00cemraliy\u00ea nameyek birin \u00fb bi r\u00eaveber\u00ean KCK \u00ea re hevd\u00eetin kirin - Darka Maz\u00ee","isPartOf":{"@id":"https:\/\/darkamazi.info\/#website"},"primaryImageOfPage":{"@id":"https:\/\/darkamazi.info\/archives\/1046269#primaryimage"},"image":{"@id":"https:\/\/darkamazi.info\/archives\/1046269#primaryimage"},"thumbnailUrl":"https:\/\/darkamazi.info\/file\/2024\/12\/ocelan.jpg","datePublished":"2024-12-24T15:25:56+00:00","breadcrumb":{"@id":"https:\/\/darkamazi.info\/archives\/1046269#breadcrumb"},"inLanguage":"en-US","potentialAction":[{"@type":"ReadAction","target":["https:\/\/darkamazi.info\/archives\/1046269"]}]},{"@type":"ImageObject","inLanguage":"en-US","@id":"https:\/\/darkamazi.info\/archives\/1046269#primaryimage","url":"https:\/\/darkamazi.info\/file\/2024\/12\/ocelan.jpg","contentUrl":"https:\/\/darkamazi.info\/file\/2024\/12\/ocelan.jpg","width":900,"height":475,"caption":"N\u00fbner\u00ean DEM \u00ea li Sil\u00eamaniy\u00ea: Ji \u00cemraliy\u00ea nameyek birin \u00fb bi r\u00eaveber\u00ean KCK \u00ea re hevd\u00eetin kirin"},{"@type":"BreadcrumbList","@id":"https:\/\/darkamazi.info\/archives\/1046269#breadcrumb","itemListElement":[{"@type":"ListItem","position":1,"name":"Home","item":"https:\/\/darkamazi.info\/"},{"@type":"ListItem","position":2,"name":"N\u00fbner\u00ean DEM \u00ea li Sil\u00eamaniy\u00ea: Ji \u00cemraliy\u00ea nameyek birin \u00fb bi r\u00eaveber\u00ean KCK \u00ea re hevd\u00eetin kirin"}]},{"@type":"WebSite","@id":"https:\/\/darkamazi.info\/#website","url":"https:\/\/darkamazi.info\/","name":"Darka Maz\u00ee","description":"P\u00eageha Zanyariy\u00ean Nebih\u00eest\u00ee","publisher":{"@id":"https:\/\/darkamazi.info\/#organization"},"potentialAction":[{"@type":"SearchAction","target":{"@type":"EntryPoint","urlTemplate":"https:\/\/darkamazi.info\/?s={search_term_string}"},"query-input":{"@type":"PropertyValueSpecification","valueRequired":true,"valueName":"search_term_string"}}],"inLanguage":"en-US"},{"@type":"Organization","@id":"https:\/\/darkamazi.info\/#organization","name":"Darka Maz\u00ee","url":"https:\/\/darkamazi.info\/","logo":{"@type":"ImageObject","inLanguage":"en-US","@id":"https:\/\/darkamazi.info\/#\/schema\/logo\/image\/","url":"https:\/\/darkamazi.info\/file\/2017\/12\/darka-mazi-logo.png","contentUrl":"https:\/\/darkamazi.info\/file\/2017\/12\/darka-mazi-logo.png","width":151,"height":75,"caption":"Darka Maz\u00ee"},"image":{"@id":"https:\/\/darkamazi.info\/#\/schema\/logo\/image\/"},"sameAs":["https:\/\/www.facebook.com\/DarMaziKurmanci","https:\/\/x.com\/DarkaMaziLatini","https:\/\/www.instagram.com\/darkamazi.kurmanci\/","https:\/\/www.youtube.com\/channel\/UCa5HkTdmI8U1qCUFuTw8B2g"]},{"@type":"Person","@id":"https:\/\/darkamazi.info\/#\/schema\/person\/5ad3e24553a0567993fa8ed4bd0a776c","name":"darka mazi","sameAs":["https:\/\/darkamazi.info\/"],"url":"https:\/\/darkamazi.info\/archives\/author\/kurdi"}]}},"_links":{"self":[{"href":"https:\/\/darkamazi.info\/funavuv\/wp\/v2\/posts\/1046269","targetHints":{"allow":["GET"]}}],"collection":[{"href":"https:\/\/darkamazi.info\/funavuv\/wp\/v2\/posts"}],"about":[{"href":"https:\/\/darkamazi.info\/funavuv\/wp\/v2\/types\/post"}],"author":[{"embeddable":true,"href":"https:\/\/darkamazi.info\/funavuv\/wp\/v2\/users\/2"}],"replies":[{"embeddable":true,"href":"https:\/\/darkamazi.info\/funavuv\/wp\/v2\/comments?post=1046269"}],"version-history":[{"count":0,"href":"https:\/\/darkamazi.info\/funavuv\/wp\/v2\/posts\/1046269\/revisions"}],"wp:featuredmedia":[{"embeddable":true,"href":"https:\/\/darkamazi.info\/funavuv\/wp\/v2\/media\/1046270"}],"wp:attachment":[{"href":"https:\/\/darkamazi.info\/funavuv\/wp\/v2\/media?parent=1046269"}],"wp:term":[{"taxonomy":"category","embeddable":true,"href":"https:\/\/darkamazi.info\/funavuv\/wp\/v2\/categories?post=1046269"},{"taxonomy":"post_tag","embeddable":true,"href":"https:\/\/darkamazi.info\/funavuv\/wp\/v2\/tags?post=1046269"}],"curies":[{"name":"wp","href":"https:\/\/api.w.org\/{rel}","templated":true}]}}