{"id":1046316,"date":"2024-12-28T13:03:39","date_gmt":"2024-12-28T10:03:39","guid":{"rendered":"https:\/\/darkamazi.info\/?p=1046316"},"modified":"2024-12-28T13:03:39","modified_gmt":"2024-12-28T10:03:39","slug":"sandeke-dem-partiye-ji-boy-hevditina-bi-ocalan-re-gihist-imraliye","status":"publish","type":"post","link":"https:\/\/darkamazi.info\/archives\/1046316","title":{"rendered":"\u015eandeke Dem Partiy\u00ea ji boy hevd\u00eetina bi Ocalan re gih\u00ee\u015ft \u00cemraliy\u00ea"},"content":{"rendered":"<h3 style=\"text-align: justify\"><span style=\"font-family: 'arial black', sans-serif\">Duh 27\/12\/2024an medyaya Tirkiyey\u00ea e\u015fkere kirib\u00fb, li gora rayadar\u00ean dewlet\u00ea didin ke\u015fifkirin w\u00ea ber\u00ee sersal\u00ea hevd\u00eetinek di navbera berpirs\u00ean dem\u00ea \u00fb Ocalan de b\u00ea kirin. Ser\u00ea sibeha \u00eero j\u00ee hat ragihandin, \u015fandeke dem partiy\u00ea ji boy hevd\u00eetina bi Ocalan re gih\u00ee\u015ftiye \u00cemraliy\u00ea.<\/span><\/h3>\n<h3 style=\"text-align: justify\">Li v\u00ea der\u00ea ya balk\u00ea\u015f ewe ku, kesayet\u00ean ji DEM\u00ea herin \u00cemraliy\u00ea ji aliy\u00ea dewlet\u00ea ve t\u00ea destn\u00ee\u015fankirin. Dixuye hevd\u00eetin\u00ean li gel Ocalan b\u00eane kirin d\u00ea heta 21\u00ea Adara 2025\u00ea berdewam bin \u00fb t\u00ea \u00e7avr\u00eakirin ku di Newroza 2025\u00ea daxuyaniya Ocalan b\u00ea ragihandin.<\/h3>\n<h3 style=\"text-align: justify\">Pi\u015ft\u00ee daxuyaniya serok\u00ea MHP di derbar\u00ea Ocalan de kir\u00ee heta niha gelek awayan got\u00fbb\u00eaj hene. Qend\u00eel naxwaze guh bide Ocalan. Hevserok\u00ea PKK\u00ea Cem\u00eel Bayik ev yek di axavtineka xwe de e\u015fkere kir . Herwiha daxuyan\u00ee \u00fb \u00e7alakiy\u00ean ji aliy\u00ea Qend\u00eel\u00ea ve t\u00eane kirin wek bersivek\u00ee ji banga Ocalan e.<\/h3>\n<h3 style=\"text-align: justify\">Ji ber\u00ee \u00e7end rojek\u00ee hevseroka DEM\u00ea \u00fb \u00e7end berpirs\u00ean Partiya Her\u00eam\u00ean Demokrat\u00eek \u00fb parlementer\u00ean ku tund \u00ean PKK\u00ea yan\u00ee y\u00ean Qend\u00eel\u00ea ve gir\u00eaday\u00ee serdana Hewl\u00ear kirin. Li gel serok\u00ea YNK\u00ea hevd\u00eetin kirin \u00fb pi\u015ftre serdana Qendil kirin, yan\u00ee berpirs\u00ean Qendil re hevd\u00eetinek berfireh p\u00eakan\u00een. V\u00eaca wan \u00e7i ferman ji Qendil wergirtine nay\u00ea zan\u00een.<\/h3>\n<h3 style=\"text-align: justify\">Gelek vekir\u00ee, d\u00ea Ocalan banga devj\u00eaberdana \u00e7ekan bike \u00fb dikare banga fesihkirina PKK\u00ea j\u00ee bi awayek\u00ee bike. L\u00ea d\u00ea v\u00ea yek\u00ea di formilek gelek taybet de p\u00eakb\u00eene. Ew gotina PKK\u00ea ya ku dib\u00ea je A\u015ftiyek bi R\u00fbmet d\u00ea li gora form\u00fbla dewlet\u00ea b\u00ea dizaynkirin.<\/h3>\n<h3 style=\"text-align: justify\">Rew\u015fa S\u00fbriye \u00fb v\u00ea yek\u00ea ve gir\u00eaday\u00ee rew\u015fa rojavay\u00ea Kurdistan\u00ea, d\u00ea bandorek\u00ee li biryara Qend\u00eel\u00ea bike. Dixwey\u00ea Tirkiye p\u00eawendiy\u00ean li gel Ocalan re rew\u015fa Sur\u00ee \u00fb taybet\u00ee dahat\u00fbya PKK\u00ea li S\u00fbr\u00eeye wek esasek\u00ee digre.<\/h3>\n<h3 style=\"text-align: justify\">Eger li rojavay\u00ea Kurdistan\u00ea, h\u00eaz\u00ean Kurd\u00ee reda PKK\u00ea bikin \u00fb di navxwe de yekr\u00eaziyek\u00ee ava bikin, d\u00ea hing\u00ea li her\u00eam\u00ea guhertin\u00ean ji berjewendiya Kurdan re behtir bikevin rojeva siyas\u00ee de.<\/h3>\n","protected":false},"excerpt":{"rendered":"<p>Duh 27\/12\/2024an medyaya Tirkiyey\u00ea e\u015fkere kirib\u00fb, li gora rayadar\u00ean dewlet\u00ea didin ke\u015fifkirin w\u00ea ber\u00ee sersal\u00ea hevd\u00eetinek di navbera berpirs\u00ean dem\u00ea \u00fb Ocalan de b\u00ea kirin. Ser\u00ea sibeha \u00eero j\u00ee hat ragihandin, \u015fandeke dem partiy\u00ea ji boy hevd\u00eetina bi Ocalan re gih\u00ee\u015ftiye \u00cemraliy\u00ea. Li v\u00ea der\u00ea ya balk\u00ea\u015f ewe ku, kesayet\u00ean ji DEM\u00ea herin \u00cemraliy\u00ea ji [&hellip;]<\/p>\n","protected":false},"author":2,"featured_media":1046317,"comment_status":"closed","ping_status":"closed","sticky":false,"template":"","format":"standard","meta":{"footnotes":""},"categories":[29],"tags":[37],"class_list":["post-1046316","post","type-post","status-publish","format-standard","has-post-thumbnail","hentry","category-kurdistan","tag-sereke"],"blocksy_meta":[],"seo_head":"<!-- This site is optimized with the Yoast SEO plugin v27.5 - https:\/\/yoast.com\/product\/yoast-seo-wordpress\/ -->\n<title>\u015eandeke Dem Partiy\u00ea ji boy hevd\u00eetina bi Ocalan re gih\u00ee\u015ft \u00cemraliy\u00ea - Darka Maz\u00ee<\/title>\n<meta name=\"robots\" content=\"index, follow, max-snippet:-1, max-image-preview:large, max-video-preview:-1\" \/>\n<link rel=\"canonical\" href=\"https:\/\/darkamazi.info\/archives\/1046316\" \/>\n<meta property=\"og:locale\" content=\"en_US\" \/>\n<meta property=\"og:type\" content=\"article\" \/>\n<meta property=\"og:title\" content=\"\u015eandeke Dem Partiy\u00ea ji boy hevd\u00eetina bi Ocalan re gih\u00ee\u015ft \u00cemraliy\u00ea - Darka Maz\u00ee\" \/>\n<meta property=\"og:description\" content=\"Duh 27\/12\/2024an medyaya Tirkiyey\u00ea e\u015fkere kirib\u00fb, li gora rayadar\u00ean dewlet\u00ea didin ke\u015fifkirin w\u00ea ber\u00ee sersal\u00ea hevd\u00eetinek di navbera berpirs\u00ean dem\u00ea \u00fb Ocalan de b\u00ea kirin. Ser\u00ea sibeha \u00eero j\u00ee hat ragihandin, \u015fandeke dem partiy\u00ea ji boy hevd\u00eetina bi Ocalan re gih\u00ee\u015ftiye \u00cemraliy\u00ea. Li v\u00ea der\u00ea ya balk\u00ea\u015f ewe ku, kesayet\u00ean ji DEM\u00ea herin \u00cemraliy\u00ea ji [&hellip;]\" \/>\n<meta property=\"og:url\" content=\"https:\/\/darkamazi.info\/archives\/1046316\" \/>\n<meta property=\"og:site_name\" content=\"Darka Maz\u00ee\" \/>\n<meta property=\"article:publisher\" content=\"https:\/\/www.facebook.com\/DarMaziKurmanci\" \/>\n<meta property=\"article:published_time\" content=\"2024-12-28T10:03:39+00:00\" \/>\n<meta property=\"og:image\" content=\"https:\/\/darkamazi.info\/file\/2024\/12\/Hevditina-parezeran-u-Ocalan-Net.jpg\" \/>\n\t<meta property=\"og:image:width\" content=\"900\" \/>\n\t<meta property=\"og:image:height\" content=\"497\" \/>\n\t<meta property=\"og:image:type\" content=\"image\/jpeg\" \/>\n<meta name=\"author\" content=\"darka mazi\" \/>\n<meta name=\"twitter:card\" content=\"summary_large_image\" \/>\n<meta name=\"twitter:creator\" content=\"@DarkaMaziLatini\" \/>\n<meta name=\"twitter:site\" content=\"@DarkaMaziLatini\" \/>\n<meta name=\"twitter:label1\" content=\"Written by\" \/>\n\t<meta name=\"twitter:data1\" content=\"darka mazi\" \/>\n\t<meta name=\"twitter:label2\" content=\"Est. reading time\" \/>\n\t<meta name=\"twitter:data2\" content=\"2 minutes\" \/>\n<script type=\"application\/ld+json\" class=\"seo-schema-graph\">{\"@context\":\"https:\\\/\\\/schema.org\",\"@graph\":[{\"@type\":\"Article\",\"@id\":\"https:\\\/\\\/darkamazi.info\\\/archives\\\/1046316#article\",\"isPartOf\":{\"@id\":\"https:\\\/\\\/darkamazi.info\\\/archives\\\/1046316\"},\"author\":{\"name\":\"darka mazi\",\"@id\":\"https:\\\/\\\/darkamazi.info\\\/#\\\/schema\\\/person\\\/5ad3e24553a0567993fa8ed4bd0a776c\"},\"headline\":\"\u015eandeke Dem Partiy\u00ea ji boy hevd\u00eetina bi Ocalan re gih\u00ee\u015ft \u00cemraliy\u00ea\",\"datePublished\":\"2024-12-28T10:03:39+00:00\",\"mainEntityOfPage\":{\"@id\":\"https:\\\/\\\/darkamazi.info\\\/archives\\\/1046316\"},\"wordCount\":355,\"publisher\":{\"@id\":\"https:\\\/\\\/darkamazi.info\\\/#organization\"},\"image\":{\"@id\":\"https:\\\/\\\/darkamazi.info\\\/archives\\\/1046316#primaryimage\"},\"thumbnailUrl\":\"https:\\\/\\\/darkamazi.info\\\/darka-content\\\/uploads\\\/2024\\\/12\\\/Hevditina-parezeran-u-Ocalan-Net.jpg\",\"keywords\":[\"sereke\"],\"articleSection\":[\"Kurdistan\"],\"inLanguage\":\"en-US\"},{\"@type\":\"WebPage\",\"@id\":\"https:\\\/\\\/darkamazi.info\\\/archives\\\/1046316\",\"url\":\"https:\\\/\\\/darkamazi.info\\\/archives\\\/1046316\",\"name\":\"\u015eandeke Dem Partiy\u00ea ji boy hevd\u00eetina bi Ocalan re gih\u00ee\u015ft \u00cemraliy\u00ea - Darka Maz\u00ee\",\"isPartOf\":{\"@id\":\"https:\\\/\\\/darkamazi.info\\\/#website\"},\"primaryImageOfPage\":{\"@id\":\"https:\\\/\\\/darkamazi.info\\\/archives\\\/1046316#primaryimage\"},\"image\":{\"@id\":\"https:\\\/\\\/darkamazi.info\\\/archives\\\/1046316#primaryimage\"},\"thumbnailUrl\":\"https:\\\/\\\/darkamazi.info\\\/darka-content\\\/uploads\\\/2024\\\/12\\\/Hevditina-parezeran-u-Ocalan-Net.jpg\",\"datePublished\":\"2024-12-28T10:03:39+00:00\",\"breadcrumb\":{\"@id\":\"https:\\\/\\\/darkamazi.info\\\/archives\\\/1046316#breadcrumb\"},\"inLanguage\":\"en-US\",\"potentialAction\":[{\"@type\":\"ReadAction\",\"target\":[\"https:\\\/\\\/darkamazi.info\\\/archives\\\/1046316\"]}]},{\"@type\":\"ImageObject\",\"inLanguage\":\"en-US\",\"@id\":\"https:\\\/\\\/darkamazi.info\\\/archives\\\/1046316#primaryimage\",\"url\":\"https:\\\/\\\/darkamazi.info\\\/darka-content\\\/uploads\\\/2024\\\/12\\\/Hevditina-parezeran-u-Ocalan-Net.jpg\",\"contentUrl\":\"https:\\\/\\\/darkamazi.info\\\/darka-content\\\/uploads\\\/2024\\\/12\\\/Hevditina-parezeran-u-Ocalan-Net.jpg\",\"width\":900,\"height\":497,\"caption\":\"\u015eandeke Dem Partiy\u00ea ji boy hevd\u00eetina bi Ocalan re gih\u00ee\u015ft \u00cemraliy\u00ea\"},{\"@type\":\"BreadcrumbList\",\"@id\":\"https:\\\/\\\/darkamazi.info\\\/archives\\\/1046316#breadcrumb\",\"itemListElement\":[{\"@type\":\"ListItem\",\"position\":1,\"name\":\"Home\",\"item\":\"https:\\\/\\\/darkamazi.info\\\/\"},{\"@type\":\"ListItem\",\"position\":2,\"name\":\"\u015eandeke Dem Partiy\u00ea ji boy hevd\u00eetina bi Ocalan re gih\u00ee\u015ft \u00cemraliy\u00ea\"}]},{\"@type\":\"WebSite\",\"@id\":\"https:\\\/\\\/darkamazi.info\\\/#website\",\"url\":\"https:\\\/\\\/darkamazi.info\\\/\",\"name\":\"Darka Maz\u00ee\",\"description\":\"P\u00eageha Zanyariy\u00ean Nebih\u00eest\u00ee\",\"publisher\":{\"@id\":\"https:\\\/\\\/darkamazi.info\\\/#organization\"},\"potentialAction\":[{\"@type\":\"SearchAction\",\"target\":{\"@type\":\"EntryPoint\",\"urlTemplate\":\"https:\\\/\\\/darkamazi.info\\\/?s={search_term_string}\"},\"query-input\":{\"@type\":\"PropertyValueSpecification\",\"valueRequired\":true,\"valueName\":\"search_term_string\"}}],\"inLanguage\":\"en-US\"},{\"@type\":\"Organization\",\"@id\":\"https:\\\/\\\/darkamazi.info\\\/#organization\",\"name\":\"Darka Maz\u00ee\",\"url\":\"https:\\\/\\\/darkamazi.info\\\/\",\"logo\":{\"@type\":\"ImageObject\",\"inLanguage\":\"en-US\",\"@id\":\"https:\\\/\\\/darkamazi.info\\\/#\\\/schema\\\/logo\\\/image\\\/\",\"url\":\"https:\\\/\\\/darkamazi.info\\\/darka-content\\\/uploads\\\/2017\\\/12\\\/darka-mazi-logo.png\",\"contentUrl\":\"https:\\\/\\\/darkamazi.info\\\/darka-content\\\/uploads\\\/2017\\\/12\\\/darka-mazi-logo.png\",\"width\":151,\"height\":75,\"caption\":\"Darka Maz\u00ee\"},\"image\":{\"@id\":\"https:\\\/\\\/darkamazi.info\\\/#\\\/schema\\\/logo\\\/image\\\/\"},\"sameAs\":[\"https:\\\/\\\/www.facebook.com\\\/DarMaziKurmanci\",\"https:\\\/\\\/x.com\\\/DarkaMaziLatini\",\"https:\\\/\\\/www.instagram.com\\\/darkamazi.kurmanci\\\/\",\"https:\\\/\\\/www.youtube.com\\\/channel\\\/UCa5HkTdmI8U1qCUFuTw8B2g\"]},{\"@type\":\"Person\",\"@id\":\"https:\\\/\\\/darkamazi.info\\\/#\\\/schema\\\/person\\\/5ad3e24553a0567993fa8ed4bd0a776c\",\"name\":\"darka mazi\",\"sameAs\":[\"https:\\\/\\\/darkamazi.info\\\/\"],\"url\":\"https:\\\/\\\/darkamazi.info\\\/archives\\\/author\\\/kurdi\"}]}<\/script>\n<!-- \/ Yoast SEO plugin. -->","seo_head_json":{"title":"\u015eandeke Dem Partiy\u00ea ji boy hevd\u00eetina bi Ocalan re gih\u00ee\u015ft \u00cemraliy\u00ea - Darka Maz\u00ee","robots":{"index":"index","follow":"follow","max-snippet":"max-snippet:-1","max-image-preview":"max-image-preview:large","max-video-preview":"max-video-preview:-1"},"canonical":"https:\/\/darkamazi.info\/archives\/1046316","og_locale":"en_US","og_type":"article","og_title":"\u015eandeke Dem Partiy\u00ea ji boy hevd\u00eetina bi Ocalan re gih\u00ee\u015ft \u00cemraliy\u00ea - Darka Maz\u00ee","og_description":"Duh 27\/12\/2024an medyaya Tirkiyey\u00ea e\u015fkere kirib\u00fb, li gora rayadar\u00ean dewlet\u00ea didin ke\u015fifkirin w\u00ea ber\u00ee sersal\u00ea hevd\u00eetinek di navbera berpirs\u00ean dem\u00ea \u00fb Ocalan de b\u00ea kirin. Ser\u00ea sibeha \u00eero j\u00ee hat ragihandin, \u015fandeke dem partiy\u00ea ji boy hevd\u00eetina bi Ocalan re gih\u00ee\u015ftiye \u00cemraliy\u00ea. Li v\u00ea der\u00ea ya balk\u00ea\u015f ewe ku, kesayet\u00ean ji DEM\u00ea herin \u00cemraliy\u00ea ji [&hellip;]","og_url":"https:\/\/darkamazi.info\/archives\/1046316","og_site_name":"Darka Maz\u00ee","article_publisher":"https:\/\/www.facebook.com\/DarMaziKurmanci","article_published_time":"2024-12-28T10:03:39+00:00","og_image":[{"width":900,"height":497,"url":"https:\/\/darkamazi.info\/file\/2024\/12\/Hevditina-parezeran-u-Ocalan-Net.jpg","type":"image\/jpeg"}],"author":"darka mazi","twitter_card":"summary_large_image","twitter_creator":"@DarkaMaziLatini","twitter_site":"@DarkaMaziLatini","twitter_misc":{"Written by":"darka mazi","Est. reading time":"2 minutes"},"schema":{"@context":"https:\/\/schema.org","@graph":[{"@type":"Article","@id":"https:\/\/darkamazi.info\/archives\/1046316#article","isPartOf":{"@id":"https:\/\/darkamazi.info\/archives\/1046316"},"author":{"name":"darka mazi","@id":"https:\/\/darkamazi.info\/#\/schema\/person\/5ad3e24553a0567993fa8ed4bd0a776c"},"headline":"\u015eandeke Dem Partiy\u00ea ji boy hevd\u00eetina bi Ocalan re gih\u00ee\u015ft \u00cemraliy\u00ea","datePublished":"2024-12-28T10:03:39+00:00","mainEntityOfPage":{"@id":"https:\/\/darkamazi.info\/archives\/1046316"},"wordCount":355,"publisher":{"@id":"https:\/\/darkamazi.info\/#organization"},"image":{"@id":"https:\/\/darkamazi.info\/archives\/1046316#primaryimage"},"thumbnailUrl":"https:\/\/darkamazi.info\/file\/2024\/12\/Hevditina-parezeran-u-Ocalan-Net.jpg","keywords":["sereke"],"articleSection":["Kurdistan"],"inLanguage":"en-US"},{"@type":"WebPage","@id":"https:\/\/darkamazi.info\/archives\/1046316","url":"https:\/\/darkamazi.info\/archives\/1046316","name":"\u015eandeke Dem Partiy\u00ea ji boy hevd\u00eetina bi Ocalan re gih\u00ee\u015ft \u00cemraliy\u00ea - Darka Maz\u00ee","isPartOf":{"@id":"https:\/\/darkamazi.info\/#website"},"primaryImageOfPage":{"@id":"https:\/\/darkamazi.info\/archives\/1046316#primaryimage"},"image":{"@id":"https:\/\/darkamazi.info\/archives\/1046316#primaryimage"},"thumbnailUrl":"https:\/\/darkamazi.info\/file\/2024\/12\/Hevditina-parezeran-u-Ocalan-Net.jpg","datePublished":"2024-12-28T10:03:39+00:00","breadcrumb":{"@id":"https:\/\/darkamazi.info\/archives\/1046316#breadcrumb"},"inLanguage":"en-US","potentialAction":[{"@type":"ReadAction","target":["https:\/\/darkamazi.info\/archives\/1046316"]}]},{"@type":"ImageObject","inLanguage":"en-US","@id":"https:\/\/darkamazi.info\/archives\/1046316#primaryimage","url":"https:\/\/darkamazi.info\/file\/2024\/12\/Hevditina-parezeran-u-Ocalan-Net.jpg","contentUrl":"https:\/\/darkamazi.info\/file\/2024\/12\/Hevditina-parezeran-u-Ocalan-Net.jpg","width":900,"height":497,"caption":"\u015eandeke Dem Partiy\u00ea ji boy hevd\u00eetina bi Ocalan re gih\u00ee\u015ft \u00cemraliy\u00ea"},{"@type":"BreadcrumbList","@id":"https:\/\/darkamazi.info\/archives\/1046316#breadcrumb","itemListElement":[{"@type":"ListItem","position":1,"name":"Home","item":"https:\/\/darkamazi.info\/"},{"@type":"ListItem","position":2,"name":"\u015eandeke Dem Partiy\u00ea ji boy hevd\u00eetina bi Ocalan re gih\u00ee\u015ft \u00cemraliy\u00ea"}]},{"@type":"WebSite","@id":"https:\/\/darkamazi.info\/#website","url":"https:\/\/darkamazi.info\/","name":"Darka Maz\u00ee","description":"P\u00eageha Zanyariy\u00ean Nebih\u00eest\u00ee","publisher":{"@id":"https:\/\/darkamazi.info\/#organization"},"potentialAction":[{"@type":"SearchAction","target":{"@type":"EntryPoint","urlTemplate":"https:\/\/darkamazi.info\/?s={search_term_string}"},"query-input":{"@type":"PropertyValueSpecification","valueRequired":true,"valueName":"search_term_string"}}],"inLanguage":"en-US"},{"@type":"Organization","@id":"https:\/\/darkamazi.info\/#organization","name":"Darka Maz\u00ee","url":"https:\/\/darkamazi.info\/","logo":{"@type":"ImageObject","inLanguage":"en-US","@id":"https:\/\/darkamazi.info\/#\/schema\/logo\/image\/","url":"https:\/\/darkamazi.info\/file\/2017\/12\/darka-mazi-logo.png","contentUrl":"https:\/\/darkamazi.info\/file\/2017\/12\/darka-mazi-logo.png","width":151,"height":75,"caption":"Darka Maz\u00ee"},"image":{"@id":"https:\/\/darkamazi.info\/#\/schema\/logo\/image\/"},"sameAs":["https:\/\/www.facebook.com\/DarMaziKurmanci","https:\/\/x.com\/DarkaMaziLatini","https:\/\/www.instagram.com\/darkamazi.kurmanci\/","https:\/\/www.youtube.com\/channel\/UCa5HkTdmI8U1qCUFuTw8B2g"]},{"@type":"Person","@id":"https:\/\/darkamazi.info\/#\/schema\/person\/5ad3e24553a0567993fa8ed4bd0a776c","name":"darka mazi","sameAs":["https:\/\/darkamazi.info\/"],"url":"https:\/\/darkamazi.info\/archives\/author\/kurdi"}]}},"_links":{"self":[{"href":"https:\/\/darkamazi.info\/funavuv\/wp\/v2\/posts\/1046316","targetHints":{"allow":["GET"]}}],"collection":[{"href":"https:\/\/darkamazi.info\/funavuv\/wp\/v2\/posts"}],"about":[{"href":"https:\/\/darkamazi.info\/funavuv\/wp\/v2\/types\/post"}],"author":[{"embeddable":true,"href":"https:\/\/darkamazi.info\/funavuv\/wp\/v2\/users\/2"}],"replies":[{"embeddable":true,"href":"https:\/\/darkamazi.info\/funavuv\/wp\/v2\/comments?post=1046316"}],"version-history":[{"count":0,"href":"https:\/\/darkamazi.info\/funavuv\/wp\/v2\/posts\/1046316\/revisions"}],"wp:featuredmedia":[{"embeddable":true,"href":"https:\/\/darkamazi.info\/funavuv\/wp\/v2\/media\/1046317"}],"wp:attachment":[{"href":"https:\/\/darkamazi.info\/funavuv\/wp\/v2\/media?parent=1046316"}],"wp:term":[{"taxonomy":"category","embeddable":true,"href":"https:\/\/darkamazi.info\/funavuv\/wp\/v2\/categories?post=1046316"},{"taxonomy":"post_tag","embeddable":true,"href":"https:\/\/darkamazi.info\/funavuv\/wp\/v2\/tags?post=1046316"}],"curies":[{"name":"wp","href":"https:\/\/api.w.org\/{rel}","templated":true}]}}