{"id":1046435,"date":"2025-01-07T14:10:54","date_gmt":"2025-01-07T11:10:54","guid":{"rendered":"https:\/\/darkamazi.info\/?p=1046435"},"modified":"2025-01-07T14:10:54","modified_gmt":"2025-01-07T11:10:54","slug":"cemil-bayik-em-li-diji-mudaxeleya-li-ser-irane-ne","status":"publish","type":"post","link":"https:\/\/darkamazi.info\/archives\/1046435","title":{"rendered":"Cemil Bayik: Em li dij\u00ee mudaxeleya li ser \u00ceran\u00ea ne"},"content":{"rendered":"<h3 style=\"text-align: justify\"><span style=\"font-family: 'arial black', sans-serif\">Hevserok\u00ea KCK \u00ea Cemil Bayik di hevpeyv\u00eena xwe ya bi ANF re, rojnameya PKK\u00ea ya ku li Ewropay\u00ea we\u015fan\u00ea dike, n\u00ee\u015faney\u00ean siyaseta PKK\u00ea ya p\u00ea\u015feroj\u00ea diyar kir. Bayik careke din pi\u015ftgiriya xwe da \u00ceran\u00ea, got ku ew li dij\u00ee par\u00e7eb\u00fbna Iraq\u00ea \u00fb mudaxeleya li ser \u00ceran\u00ea ne, \u00fb ji bo hem\u00fb t\u00eak\u00e7\u00fbn\u00ean le\u015fker\u00ee j\u00ee PDK wek berpirsiyar d\u00eet.<\/span><\/h3>\n<h3 style=\"text-align: justify\"><span style=\"font-family: arial, helvetica, sans-serif\">Bayik herwiha bi e\u015fkerey\u00ee tekez kir ku ew li dij\u00ee dewletb\u00fbna Kurdan in \u00fb got ku p\u00eavajoya li Rojava encama parad\u00eegmaya b\u00eadewletiya Ocalan e. W\u00ee bi pesindana Ocalan, gotin\u00ean gelek\u00ee baldar li hember\u00ee Tirkiy\u00ea bi kar an\u00een. Ji bo kr\u00eeza li Rojhilata Nav\u00een j\u00ee Emer\u00eeka, \u00cesrail \u00fb Br\u00eetanya berpirsiyar d\u00eet.<\/span><\/h3>\n<h3 style=\"text-align: justify\"><span style=\"font-family: arial, helvetica, sans-serif\">Ji sala 2013 an ve, PKKe bi koord\u00eenatoriya Cemil Bayik wek be\u015fek ji eniya \u015ei\u00ee ya \u00ceran\u00ea cih girtib\u00fb. Herwiha r\u00eaveber\u00ean PKK\u00ea gelek caran gotin\u00ean wek &#8220;Me r\u00ea li ber ketina rej\u00eema Essed girt&#8221; \u00fb &#8220;Em r\u00ea li ber mudaxeleya li ser \u00ceran\u00ea digirin&#8221; bi kar an\u00eeb\u00fbn. Heta Cemil Bayik di 2 y\u00ea \u00c7ileya 2019 an de gotib\u00fb &#8220;PKKe asteng e, astengeke her\u00ee mezin e li hember\u00ee koal\u00eesyona dij\u00ee \u00ceran\u00ea.&#8221;<\/span><\/h3>\n<h3 style=\"text-align: justify\"><span style=\"font-family: arial, helvetica, sans-serif\">Di v\u00ea hevpeyv\u00een\u00ea de j\u00ee Cemil Bayik gelek caran peyam ji \u00ceran\u00ea re \u015fandin \u00fb got &#8220;Em li dij\u00ee mudaxeleya li ser \u00ceran\u00ea ne, em li dij\u00ee hem\u00fb mudaxeley\u00ean li ser dewet\u00ean her\u00eam\u00ea ne, div\u00ea pirsgir\u00eak bi d\u00eenam\u00eek\u00ean hundir\u00een b\u00ean \u00e7areserkirin.&#8221;<\/span><\/h3>\n<h3 style=\"text-align: justify\"><span style=\"font-family: 'arial black', sans-serif;font-size: 18pt;color: #8c0808\">Gelo Cemil Bayik d\u00ea t\u00eak\u00e7\u00fbna xwe qeb\u00fbl bike<\/span><\/h3>\n<h3 style=\"text-align: justify\"><span style=\"font-family: arial, helvetica, sans-serif\">Pi\u015ft\u00ee ketina rej\u00eema Essed, PKKe qet behsa t\u00eak\u00e7\u00fbna eniya ku ew be\u015fek j\u00ea b\u00fb nake. L\u00ea ji aliyek\u00ee ve j\u00ee dixwaze bi r\u00eaya Rojava xwe ji n\u00fb ve bicih bike, bi Tirkiyey\u00ea re t\u00eakiliyan nerm bike \u00fb bi Ewropay\u00ea re j\u00ee p\u00eawendiyan p\u00ea\u015f bixe. L\u00eabel\u00ea PKKe dizane ku \u00ceran \u00fb eniya \u015ei\u00ee ya ku di bin \u00ear\u00ee\u015f\u00ean mezin de ye, hewcey\u00ee Kurdan e. PKKe dizane ku ev hewcey\u00ee ji aliy\u00ea PDK \u00fb partiy\u00ean Rojhilat\u00ea ve nay\u00ea bicihkirin. Ji ber v\u00ea yek\u00ea, ew t\u00eakiliy\u00ean xwe bi eniya \u015ei\u00ee re j\u00ee xera nake.<\/span><\/h3>\n<h3 style=\"text-align: justify\"><span style=\"font-family: arial, helvetica, sans-serif\">Bi rast\u00ee j\u00ee nay\u00ea h\u00eav\u00eekirin ku PKKe v\u00ea yek\u00ea bike. Ji ber ku girsey\u00ean PKK\u00ea hem\u00fb senger\u00ean xwe y\u00ean 40 sal\u00ee li Bakur\u00ea Kurdistan\u00ea \u00fb Ba\u015f\u00fbr winda kirin. Ten\u00ea li Sil\u00eamaniy\u00ea \u00fb \u015eengal\u00ea, li cih\u00ean ku \u00ceran \u00fb \u015eiiy\u00ean Iraq\u00ea dest\u00fbr didin, baregeh\u00ean wan \u00ean le\u015fker\u00ee \u00fb \u00e7iyay\u00ee hene.<\/span><\/h3>\n<h3 style=\"text-align: justify\"><span style=\"font-family: arial, helvetica, sans-serif\">PKKe li navenda bajar\u00ea Sil\u00eamaniy\u00ea weberh\u00eanan\u00ean mezin kirine. M\u00eenak, ji bo medyaya xwe li ser erdek\u00ee fireh navendeke mezin ava kiriye. Herwiha li navenda baj\u00ear gelek xan\u00ee kir\u00eene, nexwe\u015fxane vekiriye \u00fb li dora baj\u00ear gelek t\u00fbnel \u00e7\u00eakirine. Ne mimkun e ku PKKe di rojek\u00ea de van hem\u00fb weberh\u00eananan bicih bih\u00eale. Ji bo ku PKKe xwe bav\u00eaje eniyeke din, div\u00ea p\u00ea\u015fniyazeke ba\u015ftir ji hem\u00fb cih \u00fb weberh\u00eanan\u00ean hey\u00ee re were kirin.<\/span><\/h3>\n<h3 style=\"text-align: justify\"><span style=\"font-family: arial, helvetica, sans-serif\">L\u00ea ti\u015ftek\u00ee ji van hemiyan gir\u00eengtir heye, ew j\u00ee rew\u015fa PKKe ya Cemil Bayik e. Me ber\u00ea j\u00ee gotib\u00fb ku Bayik PKKe yek ava kiriye ku t\u00ea de Ocalan di pozisyoneke manew\u00ee de t\u00ea girtin \u00fb ew bi xwe r\u00eaber\u00ea prat\u00eek\u00ee ye. Bi derketina PKK\u00ea ji berey\u00ea \u00ceran\u00ea , ev\u00ea pozisyona Cemil Bayik d\u00ea biguhere. Ji ber v\u00ea yek\u00ea, Cemil Bayik d\u00ea ji bo parastina pozisyona xwe b\u00eahtir bi berey\u00ea \u00ceran\u00ea ve gir\u00eaday\u00ee bim\u00eene. Ji ber v\u00ea ye ku di hem\u00fb axaftina xwe de Bayik du peyam ji bo du h\u00eaz\u00ean niha y\u00ean eniya \u015ei\u00ee, \u00ceran \u00fb Iraq\u00ea, \u015fandin.<\/span><\/h3>\n<h3 style=\"text-align: justify\"><span style=\"font-family: 'arial black', sans-serif;font-size: 18pt;color: #8c0808\">Bayik, bi gotina &#8220;bi Kurdan re li hev bikin&#8221; \u00ee\u015faret bi PJAK \u00ea kir \u00fb peyama ku ew dikare PJAK\u00ea ji \u00ceran\u00ea re bike mertal da.<\/span><\/h3>\n<h3 style=\"text-align: justify\"><span style=\"font-family: arial, helvetica, sans-serif\">Ji aliyek\u00ee ve got ku ew li dij\u00ee guher\u00eena s\u00eenoran e, l\u00ea di pey re j\u00ee got &#8220;metirs\u00ee heye ku Iraq par\u00e7e bibe&#8221;. Herwiha bi gotina &#8220;serokwez\u00eer S\u00fbdan\u00ee guh nade \u015eiiyan&#8221; bang li \u015eiiy\u00ean tundrew kir. Li vir dest\u00ea dostaniy\u00ea dir\u00eaj\u00ee\u00a0 \u015eiiy\u00ean tundrew kir \u00fb PDK bi hevkariya bi Tirkiye \u00fb emperyal\u00eestan re tawanbar kir. Yan\u00ee di rastiy\u00ea de Cemil Bayik ev peyam da \u00ceran \u00fb Iraq\u00ea: &#8220;\u00cesrail \u00fb Emer\u00eeka dixwazin we par\u00e7e bikin, ji bo v\u00ea h\u00fbn hewcey\u00ee Kurdan in. PDK bi wan h\u00eazan re tevdigere. L\u00ea em dij\u00ee v\u00ea helwest\u00ea ne.\u201d<\/span><\/h3>\n<h3 style=\"text-align: justify\"><span style=\"font-family: arial, helvetica, sans-serif\">L\u00eabel\u00ea Bayik d\u00eesa j\u00ee, ji bo ku ji h\u00earsa Ocalan xelas bibe, got &#8220;Parad\u00eegmaya Serok APO dikare hem\u00fb pirsgir\u00eakan \u00e7areser bike&#8221; \u00fb bi v\u00ee away\u00ee n\u00ee\u015fan da ku ew ji dan\u00fbstandin\u00ea bi Tirkiyey\u00ea re vekir\u00ee ye. Heta bi gotina &#8220;Tirkiye ji hevk\u00ea\u015feya siyas\u00ee t\u00ea d\u00fbrxistin&#8221; p\u00ea\u015fniyar kir ku Tirkiye karta Kurdan bi kar b\u00eene.<\/span><\/h3>\n<h3 style=\"text-align: justify\"><span style=\"font-family: arial, helvetica, sans-serif\">L\u00ea bin\u00earin, me cewher\u00ea mijar\u00ea got. Di nav van de tu armanceke t\u00eakildar\u00ee maf \u00fb berjewendiy\u00ean Kurdan tune ye. Ten\u00ea \u00fb ten\u00ea xurtkirina r\u00eaxistina PKK\u00ea \u00fb bicihkirina misyona w\u00ea heye. Ji ber v\u00ea em dib\u00eajin ku PKKe asteng e li p\u00ea\u015fiya azadiya Kurdan. PKKe di d\u00eeroka xwe ya 40 sal\u00ee de bi pi\u015ftgiriya h\u00eaz\u00ean dagirker heya \u00eero jiyaye. PKKe di d\u00eeroka xwe de li paytext\u00ean dagirkeran jiyaye \u00fb h\u00ea j\u00ee \u00e7av\u00ean w\u00ea li \u015eam, Enqere, Tehran \u00fb Bexday\u00ea ne. Niha j\u00ee dema ku mirov li gotin\u00ean wan din\u00eare, armanc ne rizgarkirina Amed\u00ea \u00fb Mehabad\u00ea ye. Armanc xwe sipartina Enqere \u00fb Tehran\u00ea ye. Sedema ku ew li dij\u00ee mudaxeley\u00ean li her\u00eam\u00ea ne j\u00ee ev e. Cemil Bayik misyona 40 sal\u00ee ya PKK\u00ea careke din dupat kiriye.<\/span><\/h3>\n","protected":false},"excerpt":{"rendered":"<p>Hevserok\u00ea KCK \u00ea Cemil Bayik di hevpeyv\u00eena xwe ya bi ANF re, rojnameya PKK\u00ea ya ku li Ewropay\u00ea we\u015fan\u00ea dike, n\u00ee\u015faney\u00ean siyaseta PKK\u00ea ya p\u00ea\u015feroj\u00ea diyar kir. Bayik careke din pi\u015ftgiriya xwe da \u00ceran\u00ea, got ku ew li dij\u00ee par\u00e7eb\u00fbna Iraq\u00ea \u00fb mudaxeleya li ser \u00ceran\u00ea ne, \u00fb ji bo hem\u00fb t\u00eak\u00e7\u00fbn\u00ean le\u015fker\u00ee j\u00ee PDK [&hellip;]<\/p>\n","protected":false},"author":2,"featured_media":1046436,"comment_status":"closed","ping_status":"closed","sticky":false,"template":"","format":"standard","meta":{"footnotes":""},"categories":[68],"tags":[45,37],"class_list":["post-1046435","post","type-post","status-publish","format-standard","has-post-thumbnail","hentry","category-analiz","tag-cemil-bayik","tag-sereke"],"blocksy_meta":[],"seo_head":"<!-- This site is optimized with the Yoast SEO plugin v27.5 - https:\/\/yoast.com\/product\/yoast-seo-wordpress\/ -->\n<title>Cemil Bayik: Em li dij\u00ee mudaxeleya li ser \u00ceran\u00ea ne - Darka Maz\u00ee<\/title>\n<meta name=\"robots\" content=\"index, follow, max-snippet:-1, max-image-preview:large, max-video-preview:-1\" \/>\n<link rel=\"canonical\" href=\"https:\/\/darkamazi.info\/archives\/1046435\" \/>\n<meta property=\"og:locale\" content=\"en_US\" \/>\n<meta property=\"og:type\" content=\"article\" \/>\n<meta property=\"og:title\" content=\"Cemil Bayik: Em li dij\u00ee mudaxeleya li ser \u00ceran\u00ea ne - Darka Maz\u00ee\" \/>\n<meta property=\"og:description\" content=\"Hevserok\u00ea KCK \u00ea Cemil Bayik di hevpeyv\u00eena xwe ya bi ANF re, rojnameya PKK\u00ea ya ku li Ewropay\u00ea we\u015fan\u00ea dike, n\u00ee\u015faney\u00ean siyaseta PKK\u00ea ya p\u00ea\u015feroj\u00ea diyar kir. Bayik careke din pi\u015ftgiriya xwe da \u00ceran\u00ea, got ku ew li dij\u00ee par\u00e7eb\u00fbna Iraq\u00ea \u00fb mudaxeleya li ser \u00ceran\u00ea ne, \u00fb ji bo hem\u00fb t\u00eak\u00e7\u00fbn\u00ean le\u015fker\u00ee j\u00ee PDK [&hellip;]\" \/>\n<meta property=\"og:url\" content=\"https:\/\/darkamazi.info\/archives\/1046435\" \/>\n<meta property=\"og:site_name\" content=\"Darka Maz\u00ee\" \/>\n<meta property=\"article:publisher\" content=\"https:\/\/www.facebook.com\/DarMaziKurmanci\" \/>\n<meta property=\"article:published_time\" content=\"2025-01-07T11:10:54+00:00\" \/>\n<meta property=\"og:image\" content=\"https:\/\/darkamazi.info\/file\/2025\/01\/Cemil-Bayik-iran-info.jpg\" \/>\n\t<meta property=\"og:image:width\" content=\"900\" \/>\n\t<meta property=\"og:image:height\" content=\"507\" \/>\n\t<meta property=\"og:image:type\" content=\"image\/jpeg\" \/>\n<meta name=\"author\" content=\"darka mazi\" \/>\n<meta name=\"twitter:card\" content=\"summary_large_image\" \/>\n<meta name=\"twitter:creator\" content=\"@DarkaMaziLatini\" \/>\n<meta name=\"twitter:site\" content=\"@DarkaMaziLatini\" \/>\n<meta name=\"twitter:label1\" content=\"Written by\" \/>\n\t<meta name=\"twitter:data1\" content=\"darka mazi\" \/>\n\t<meta name=\"twitter:label2\" content=\"Est. reading time\" \/>\n\t<meta name=\"twitter:data2\" content=\"4 minutes\" \/>\n<script type=\"application\/ld+json\" class=\"seo-schema-graph\">{\"@context\":\"https:\\\/\\\/schema.org\",\"@graph\":[{\"@type\":\"Article\",\"@id\":\"https:\\\/\\\/darkamazi.info\\\/archives\\\/1046435#article\",\"isPartOf\":{\"@id\":\"https:\\\/\\\/darkamazi.info\\\/archives\\\/1046435\"},\"author\":{\"name\":\"darka mazi\",\"@id\":\"https:\\\/\\\/darkamazi.info\\\/#\\\/schema\\\/person\\\/5ad3e24553a0567993fa8ed4bd0a776c\"},\"headline\":\"Cemil Bayik: Em li dij\u00ee mudaxeleya li ser \u00ceran\u00ea ne\",\"datePublished\":\"2025-01-07T11:10:54+00:00\",\"mainEntityOfPage\":{\"@id\":\"https:\\\/\\\/darkamazi.info\\\/archives\\\/1046435\"},\"wordCount\":945,\"publisher\":{\"@id\":\"https:\\\/\\\/darkamazi.info\\\/#organization\"},\"image\":{\"@id\":\"https:\\\/\\\/darkamazi.info\\\/archives\\\/1046435#primaryimage\"},\"thumbnailUrl\":\"https:\\\/\\\/darkamazi.info\\\/darka-content\\\/uploads\\\/2025\\\/01\\\/Cemil-Bayik-iran-info.jpg\",\"keywords\":[\"Cem\u00eel Bayik\",\"sereke\"],\"articleSection\":[\"Anal\u00eez\"],\"inLanguage\":\"en-US\"},{\"@type\":\"WebPage\",\"@id\":\"https:\\\/\\\/darkamazi.info\\\/archives\\\/1046435\",\"url\":\"https:\\\/\\\/darkamazi.info\\\/archives\\\/1046435\",\"name\":\"Cemil Bayik: Em li dij\u00ee mudaxeleya li ser \u00ceran\u00ea ne - Darka Maz\u00ee\",\"isPartOf\":{\"@id\":\"https:\\\/\\\/darkamazi.info\\\/#website\"},\"primaryImageOfPage\":{\"@id\":\"https:\\\/\\\/darkamazi.info\\\/archives\\\/1046435#primaryimage\"},\"image\":{\"@id\":\"https:\\\/\\\/darkamazi.info\\\/archives\\\/1046435#primaryimage\"},\"thumbnailUrl\":\"https:\\\/\\\/darkamazi.info\\\/darka-content\\\/uploads\\\/2025\\\/01\\\/Cemil-Bayik-iran-info.jpg\",\"datePublished\":\"2025-01-07T11:10:54+00:00\",\"breadcrumb\":{\"@id\":\"https:\\\/\\\/darkamazi.info\\\/archives\\\/1046435#breadcrumb\"},\"inLanguage\":\"en-US\",\"potentialAction\":[{\"@type\":\"ReadAction\",\"target\":[\"https:\\\/\\\/darkamazi.info\\\/archives\\\/1046435\"]}]},{\"@type\":\"ImageObject\",\"inLanguage\":\"en-US\",\"@id\":\"https:\\\/\\\/darkamazi.info\\\/archives\\\/1046435#primaryimage\",\"url\":\"https:\\\/\\\/darkamazi.info\\\/darka-content\\\/uploads\\\/2025\\\/01\\\/Cemil-Bayik-iran-info.jpg\",\"contentUrl\":\"https:\\\/\\\/darkamazi.info\\\/darka-content\\\/uploads\\\/2025\\\/01\\\/Cemil-Bayik-iran-info.jpg\",\"width\":900,\"height\":507,\"caption\":\"Cemil Bayik-iran-info\"},{\"@type\":\"BreadcrumbList\",\"@id\":\"https:\\\/\\\/darkamazi.info\\\/archives\\\/1046435#breadcrumb\",\"itemListElement\":[{\"@type\":\"ListItem\",\"position\":1,\"name\":\"Home\",\"item\":\"https:\\\/\\\/darkamazi.info\\\/\"},{\"@type\":\"ListItem\",\"position\":2,\"name\":\"Cemil Bayik: Em li dij\u00ee mudaxeleya li ser \u00ceran\u00ea ne\"}]},{\"@type\":\"WebSite\",\"@id\":\"https:\\\/\\\/darkamazi.info\\\/#website\",\"url\":\"https:\\\/\\\/darkamazi.info\\\/\",\"name\":\"Darka Maz\u00ee\",\"description\":\"P\u00eageha Zanyariy\u00ean Nebih\u00eest\u00ee\",\"publisher\":{\"@id\":\"https:\\\/\\\/darkamazi.info\\\/#organization\"},\"potentialAction\":[{\"@type\":\"SearchAction\",\"target\":{\"@type\":\"EntryPoint\",\"urlTemplate\":\"https:\\\/\\\/darkamazi.info\\\/?s={search_term_string}\"},\"query-input\":{\"@type\":\"PropertyValueSpecification\",\"valueRequired\":true,\"valueName\":\"search_term_string\"}}],\"inLanguage\":\"en-US\"},{\"@type\":\"Organization\",\"@id\":\"https:\\\/\\\/darkamazi.info\\\/#organization\",\"name\":\"Darka Maz\u00ee\",\"url\":\"https:\\\/\\\/darkamazi.info\\\/\",\"logo\":{\"@type\":\"ImageObject\",\"inLanguage\":\"en-US\",\"@id\":\"https:\\\/\\\/darkamazi.info\\\/#\\\/schema\\\/logo\\\/image\\\/\",\"url\":\"https:\\\/\\\/darkamazi.info\\\/darka-content\\\/uploads\\\/2017\\\/12\\\/darka-mazi-logo.png\",\"contentUrl\":\"https:\\\/\\\/darkamazi.info\\\/darka-content\\\/uploads\\\/2017\\\/12\\\/darka-mazi-logo.png\",\"width\":151,\"height\":75,\"caption\":\"Darka Maz\u00ee\"},\"image\":{\"@id\":\"https:\\\/\\\/darkamazi.info\\\/#\\\/schema\\\/logo\\\/image\\\/\"},\"sameAs\":[\"https:\\\/\\\/www.facebook.com\\\/DarMaziKurmanci\",\"https:\\\/\\\/x.com\\\/DarkaMaziLatini\",\"https:\\\/\\\/www.instagram.com\\\/darkamazi.kurmanci\\\/\",\"https:\\\/\\\/www.youtube.com\\\/channel\\\/UCa5HkTdmI8U1qCUFuTw8B2g\"]},{\"@type\":\"Person\",\"@id\":\"https:\\\/\\\/darkamazi.info\\\/#\\\/schema\\\/person\\\/5ad3e24553a0567993fa8ed4bd0a776c\",\"name\":\"darka mazi\",\"sameAs\":[\"https:\\\/\\\/darkamazi.info\\\/\"],\"url\":\"https:\\\/\\\/darkamazi.info\\\/archives\\\/author\\\/kurdi\"}]}<\/script>\n<!-- \/ Yoast SEO plugin. -->","seo_head_json":{"title":"Cemil Bayik: Em li dij\u00ee mudaxeleya li ser \u00ceran\u00ea ne - Darka Maz\u00ee","robots":{"index":"index","follow":"follow","max-snippet":"max-snippet:-1","max-image-preview":"max-image-preview:large","max-video-preview":"max-video-preview:-1"},"canonical":"https:\/\/darkamazi.info\/archives\/1046435","og_locale":"en_US","og_type":"article","og_title":"Cemil Bayik: Em li dij\u00ee mudaxeleya li ser \u00ceran\u00ea ne - Darka Maz\u00ee","og_description":"Hevserok\u00ea KCK \u00ea Cemil Bayik di hevpeyv\u00eena xwe ya bi ANF re, rojnameya PKK\u00ea ya ku li Ewropay\u00ea we\u015fan\u00ea dike, n\u00ee\u015faney\u00ean siyaseta PKK\u00ea ya p\u00ea\u015feroj\u00ea diyar kir. Bayik careke din pi\u015ftgiriya xwe da \u00ceran\u00ea, got ku ew li dij\u00ee par\u00e7eb\u00fbna Iraq\u00ea \u00fb mudaxeleya li ser \u00ceran\u00ea ne, \u00fb ji bo hem\u00fb t\u00eak\u00e7\u00fbn\u00ean le\u015fker\u00ee j\u00ee PDK [&hellip;]","og_url":"https:\/\/darkamazi.info\/archives\/1046435","og_site_name":"Darka Maz\u00ee","article_publisher":"https:\/\/www.facebook.com\/DarMaziKurmanci","article_published_time":"2025-01-07T11:10:54+00:00","og_image":[{"width":900,"height":507,"url":"https:\/\/darkamazi.info\/file\/2025\/01\/Cemil-Bayik-iran-info.jpg","type":"image\/jpeg"}],"author":"darka mazi","twitter_card":"summary_large_image","twitter_creator":"@DarkaMaziLatini","twitter_site":"@DarkaMaziLatini","twitter_misc":{"Written by":"darka mazi","Est. reading time":"4 minutes"},"schema":{"@context":"https:\/\/schema.org","@graph":[{"@type":"Article","@id":"https:\/\/darkamazi.info\/archives\/1046435#article","isPartOf":{"@id":"https:\/\/darkamazi.info\/archives\/1046435"},"author":{"name":"darka mazi","@id":"https:\/\/darkamazi.info\/#\/schema\/person\/5ad3e24553a0567993fa8ed4bd0a776c"},"headline":"Cemil Bayik: Em li dij\u00ee mudaxeleya li ser \u00ceran\u00ea ne","datePublished":"2025-01-07T11:10:54+00:00","mainEntityOfPage":{"@id":"https:\/\/darkamazi.info\/archives\/1046435"},"wordCount":945,"publisher":{"@id":"https:\/\/darkamazi.info\/#organization"},"image":{"@id":"https:\/\/darkamazi.info\/archives\/1046435#primaryimage"},"thumbnailUrl":"https:\/\/darkamazi.info\/file\/2025\/01\/Cemil-Bayik-iran-info.jpg","keywords":["Cem\u00eel Bayik","sereke"],"articleSection":["Anal\u00eez"],"inLanguage":"en-US"},{"@type":"WebPage","@id":"https:\/\/darkamazi.info\/archives\/1046435","url":"https:\/\/darkamazi.info\/archives\/1046435","name":"Cemil Bayik: Em li dij\u00ee mudaxeleya li ser \u00ceran\u00ea ne - Darka Maz\u00ee","isPartOf":{"@id":"https:\/\/darkamazi.info\/#website"},"primaryImageOfPage":{"@id":"https:\/\/darkamazi.info\/archives\/1046435#primaryimage"},"image":{"@id":"https:\/\/darkamazi.info\/archives\/1046435#primaryimage"},"thumbnailUrl":"https:\/\/darkamazi.info\/file\/2025\/01\/Cemil-Bayik-iran-info.jpg","datePublished":"2025-01-07T11:10:54+00:00","breadcrumb":{"@id":"https:\/\/darkamazi.info\/archives\/1046435#breadcrumb"},"inLanguage":"en-US","potentialAction":[{"@type":"ReadAction","target":["https:\/\/darkamazi.info\/archives\/1046435"]}]},{"@type":"ImageObject","inLanguage":"en-US","@id":"https:\/\/darkamazi.info\/archives\/1046435#primaryimage","url":"https:\/\/darkamazi.info\/file\/2025\/01\/Cemil-Bayik-iran-info.jpg","contentUrl":"https:\/\/darkamazi.info\/file\/2025\/01\/Cemil-Bayik-iran-info.jpg","width":900,"height":507,"caption":"Cemil Bayik-iran-info"},{"@type":"BreadcrumbList","@id":"https:\/\/darkamazi.info\/archives\/1046435#breadcrumb","itemListElement":[{"@type":"ListItem","position":1,"name":"Home","item":"https:\/\/darkamazi.info\/"},{"@type":"ListItem","position":2,"name":"Cemil Bayik: Em li dij\u00ee mudaxeleya li ser \u00ceran\u00ea ne"}]},{"@type":"WebSite","@id":"https:\/\/darkamazi.info\/#website","url":"https:\/\/darkamazi.info\/","name":"Darka Maz\u00ee","description":"P\u00eageha Zanyariy\u00ean Nebih\u00eest\u00ee","publisher":{"@id":"https:\/\/darkamazi.info\/#organization"},"potentialAction":[{"@type":"SearchAction","target":{"@type":"EntryPoint","urlTemplate":"https:\/\/darkamazi.info\/?s={search_term_string}"},"query-input":{"@type":"PropertyValueSpecification","valueRequired":true,"valueName":"search_term_string"}}],"inLanguage":"en-US"},{"@type":"Organization","@id":"https:\/\/darkamazi.info\/#organization","name":"Darka Maz\u00ee","url":"https:\/\/darkamazi.info\/","logo":{"@type":"ImageObject","inLanguage":"en-US","@id":"https:\/\/darkamazi.info\/#\/schema\/logo\/image\/","url":"https:\/\/darkamazi.info\/file\/2017\/12\/darka-mazi-logo.png","contentUrl":"https:\/\/darkamazi.info\/file\/2017\/12\/darka-mazi-logo.png","width":151,"height":75,"caption":"Darka Maz\u00ee"},"image":{"@id":"https:\/\/darkamazi.info\/#\/schema\/logo\/image\/"},"sameAs":["https:\/\/www.facebook.com\/DarMaziKurmanci","https:\/\/x.com\/DarkaMaziLatini","https:\/\/www.instagram.com\/darkamazi.kurmanci\/","https:\/\/www.youtube.com\/channel\/UCa5HkTdmI8U1qCUFuTw8B2g"]},{"@type":"Person","@id":"https:\/\/darkamazi.info\/#\/schema\/person\/5ad3e24553a0567993fa8ed4bd0a776c","name":"darka mazi","sameAs":["https:\/\/darkamazi.info\/"],"url":"https:\/\/darkamazi.info\/archives\/author\/kurdi"}]}},"_links":{"self":[{"href":"https:\/\/darkamazi.info\/funavuv\/wp\/v2\/posts\/1046435","targetHints":{"allow":["GET"]}}],"collection":[{"href":"https:\/\/darkamazi.info\/funavuv\/wp\/v2\/posts"}],"about":[{"href":"https:\/\/darkamazi.info\/funavuv\/wp\/v2\/types\/post"}],"author":[{"embeddable":true,"href":"https:\/\/darkamazi.info\/funavuv\/wp\/v2\/users\/2"}],"replies":[{"embeddable":true,"href":"https:\/\/darkamazi.info\/funavuv\/wp\/v2\/comments?post=1046435"}],"version-history":[{"count":0,"href":"https:\/\/darkamazi.info\/funavuv\/wp\/v2\/posts\/1046435\/revisions"}],"wp:featuredmedia":[{"embeddable":true,"href":"https:\/\/darkamazi.info\/funavuv\/wp\/v2\/media\/1046436"}],"wp:attachment":[{"href":"https:\/\/darkamazi.info\/funavuv\/wp\/v2\/media?parent=1046435"}],"wp:term":[{"taxonomy":"category","embeddable":true,"href":"https:\/\/darkamazi.info\/funavuv\/wp\/v2\/categories?post=1046435"},{"taxonomy":"post_tag","embeddable":true,"href":"https:\/\/darkamazi.info\/funavuv\/wp\/v2\/tags?post=1046435"}],"curies":[{"name":"wp","href":"https:\/\/api.w.org\/{rel}","templated":true}]}}