{"id":1046438,"date":"2025-01-07T14:24:57","date_gmt":"2025-01-07T11:24:57","guid":{"rendered":"https:\/\/darkamazi.info\/?p=1046438"},"modified":"2025-01-07T14:24:57","modified_gmt":"2025-01-07T11:24:57","slug":"karasu-heyeta-imraliye-rexnekir-u-dibeje-cima-hevseroken-dem-partiye-te-de-ninin","status":"publish","type":"post","link":"https:\/\/darkamazi.info\/archives\/1046438","title":{"rendered":"Karas\u00fb heyeta \u00cemraliy\u00ea rexnekir \u00fb dib\u00eaje \u00e7ima hevserok\u00ean DEM partiy\u00ea t\u00ea de n\u00eenin?"},"content":{"rendered":"<h3 style=\"text-align: justify\"><span style=\"font-family: 'arial black', sans-serif\">Endam\u00ea konseya r\u00eaveber ya KCK\u00ea Mistefa Karas\u00fb \u00eero heyeta \u00cemraliy\u00ea rexne kir \u00fb got ku \u00e7ima di nava heyet\u00ea de hevserok\u00ean DEM partiy\u00ea n\u00eenin.<\/span><\/h3>\n<h3 style=\"text-align: justify\"><span style=\"font-family: arial, helvetica, sans-serif\">Mistefa Karas\u00fb \u00eero roja s\u00ea\u015fem\u00ee 7 \u00c7ileya 2025\u00ea ji telefzyona Mediya Haber ya PKK\u00ea re axiv\u00ee \u00fb hin nirxandin bo rojev\u00ea \u00fb p\u00eavajoya ku li Tirkiy\u00ea destp\u00ea kir\u00ee, kir.<\/span><\/h3>\n<h3 style=\"text-align: justify\"><span style=\"font-family: 'arial black', sans-serif;color: #8c0707\">Karas\u00fb derbar\u00ea hey&#8217;eta \u00cemraliy\u00ea ku ji Sir\u00ee S\u00fbreyya, Perv\u00een B\u00fbldan \u00fb Ahmet Turk p\u00eak t\u00ea got:<\/span><\/h3>\n<h3 style=\"text-align: justify\"><span style=\"font-family: arial, helvetica, sans-serif\">\u00abJi bo heyet\u00ea em v\u00ea yek\u00ea bib\u00eajin. Heyeta hey\u00ee ber\u00ea j\u00ee bi R\u00eabert\u00ee re hevd\u00eetin kirib\u00fb. Sirri S\u00fbreyya, Perv\u00een B\u00fbldan \u00fb Ahmet Turk j\u00ee di heyeta ku ber\u00ea \u00e7\u00fbne \u00cemarliy\u00ea de b\u00fbn. Ew j\u00ee dikarin tevl\u00ee bibin. L\u00ea Devlet Bah\u00e7el\u00ee bangek kir. Got bila DEM Part\u00ee bi\u00e7e \u00cemraliy\u00ea. \u00c7ima di nava heyet\u00ea de hevserok\u00ean DEM Partiy\u00ea n\u00een in? Bi rast\u00ee j\u00ee \u00e7ima cih nagirin? Eger DEM Part\u00ee w\u00ea bi\u00e7e, r\u00eaveber\u00ean DEM Partiy\u00ea hene\u00bb.<\/span><\/h3>\n<h3 style=\"text-align: justify\"><span style=\"font-family: arial, helvetica, sans-serif\">Karas\u00fb herwiha got: \u00abBi qas\u00ee ku ez dizanim Sirri S\u00fbreyya Onder niha ne di nava r\u00eaveberiy\u00ea de ye. Perv\u00een B\u00fbldan hevseroka HDP\u2019\u00ea ye. Ahmet Turk j\u00ee hev\u015faredar e. Dixwazim v\u00ea yek\u00ea b\u00eajim bangek ji bo DEM Partiy\u00ea hat kirin. Hat gotin bila DEM Part\u00ee bi\u00e7e \u00cemraliy\u00ea. \u00c7ima hevserok\u00ean gi\u015ft\u00ee y\u00ean DEM Partiy\u00ea di nava heyet\u00ea de n\u00een in? Her\u00ee k\u00eam div\u00ea yek ji wan di nava heyet\u00ea de ba. Bi rast\u00ee j\u00ee qet nebe ji bo em b\u00eajin di w\u00ea heyet\u00ea de hevserokek heye\u00bb.<\/span><\/h3>\n<h3 style=\"text-align: justify\"><span style=\"font-family: arial, helvetica, sans-serif\">Ev gotin\u00ean Mistefa Karas\u00fb dih\u00eate wateya bi\u00e7\u00fbkirina heyeta hey\u00ee ya \u00cemraliy\u00ea ku kar\u00eena bic\u00ee kirina w\u00ea erk\u00ea tune ya ku p\u00ea hatine raspardin.<\/span><\/h3>\n<h3 style=\"text-align: justify\"><span style=\"font-family: arial, helvetica, sans-serif\">Heyeta ku \u00e7\u00fbye cem Ocalan ne n\u00fbner\u00ean Kurdanin. Yek Sir\u00ee Sureyya Tirke \u00fb Perv\u00een j\u00ee Erebe, ev her du kes ne Kurdin \u00fb qet n\u00fbnertiya Kurdan j\u00ee nakin. Ya balk\u00ea\u015f ewe ku Evdilla Ocalan j\u00ee dema di sala 1999 de ji K\u00eenyay\u00ea dihat Tirkiyey\u00ea got \u201cdayka min Tirke\u201c.<\/span><\/h3>\n<h3 style=\"text-align: justify\"><span style=\"font-family: arial, helvetica, sans-serif\">Loma j\u00ee, em dikarin bib\u00eajin di hevd\u00eetn\u00ean \u00cemraliy\u00ea de Perv\u00eena Ereb, Siry\u00ea Tirk, Ocalan\u00ea Tirk \u00fb dewleta Tirk bi hev ra r\u00fbni\u015ftine \u00fb li ser \u201cpirisgr\u00eaka Kurd\u201d axiv\u00eene.<\/span><\/h3>\n","protected":false},"excerpt":{"rendered":"<p>Endam\u00ea konseya r\u00eaveber ya KCK\u00ea Mistefa Karas\u00fb \u00eero heyeta \u00cemraliy\u00ea rexne kir \u00fb got ku \u00e7ima di nava heyet\u00ea de hevserok\u00ean DEM partiy\u00ea n\u00eenin. Mistefa Karas\u00fb \u00eero roja s\u00ea\u015fem\u00ee 7 \u00c7ileya 2025\u00ea ji telefzyona Mediya Haber ya PKK\u00ea re axiv\u00ee \u00fb hin nirxandin bo rojev\u00ea \u00fb p\u00eavajoya ku li Tirkiy\u00ea destp\u00ea kir\u00ee, kir. Karas\u00fb derbar\u00ea [&hellip;]<\/p>\n","protected":false},"author":2,"featured_media":1046439,"comment_status":"closed","ping_status":"closed","sticky":false,"template":"","format":"standard","meta":{"footnotes":""},"categories":[29],"tags":[37],"class_list":["post-1046438","post","type-post","status-publish","format-standard","has-post-thumbnail","hentry","category-kurdistan","tag-sereke"],"blocksy_meta":[],"seo_head":"<!-- This site is optimized with the Yoast SEO plugin v27.5 - https:\/\/yoast.com\/product\/yoast-seo-wordpress\/ -->\n<title>Karas\u00fb heyeta \u00cemraliy\u00ea rexnekir \u00fb dib\u00eaje \u00e7ima hevserok\u00ean DEM partiy\u00ea t\u00ea de n\u00eenin? - Darka Maz\u00ee<\/title>\n<meta name=\"robots\" content=\"index, follow, max-snippet:-1, max-image-preview:large, max-video-preview:-1\" \/>\n<link rel=\"canonical\" href=\"https:\/\/darkamazi.info\/archives\/1046438\" \/>\n<meta property=\"og:locale\" content=\"en_US\" \/>\n<meta property=\"og:type\" content=\"article\" \/>\n<meta property=\"og:title\" content=\"Karas\u00fb heyeta \u00cemraliy\u00ea rexnekir \u00fb dib\u00eaje \u00e7ima hevserok\u00ean DEM partiy\u00ea t\u00ea de n\u00eenin? - Darka Maz\u00ee\" \/>\n<meta property=\"og:description\" content=\"Endam\u00ea konseya r\u00eaveber ya KCK\u00ea Mistefa Karas\u00fb \u00eero heyeta \u00cemraliy\u00ea rexne kir \u00fb got ku \u00e7ima di nava heyet\u00ea de hevserok\u00ean DEM partiy\u00ea n\u00eenin. Mistefa Karas\u00fb \u00eero roja s\u00ea\u015fem\u00ee 7 \u00c7ileya 2025\u00ea ji telefzyona Mediya Haber ya PKK\u00ea re axiv\u00ee \u00fb hin nirxandin bo rojev\u00ea \u00fb p\u00eavajoya ku li Tirkiy\u00ea destp\u00ea kir\u00ee, kir. Karas\u00fb derbar\u00ea [&hellip;]\" \/>\n<meta property=\"og:url\" content=\"https:\/\/darkamazi.info\/archives\/1046438\" \/>\n<meta property=\"og:site_name\" content=\"Darka Maz\u00ee\" \/>\n<meta property=\"article:publisher\" content=\"https:\/\/www.facebook.com\/DarMaziKurmanci\" \/>\n<meta property=\"article:published_time\" content=\"2025-01-07T11:24:57+00:00\" \/>\n<meta property=\"og:image\" content=\"https:\/\/darkamazi.info\/file\/2025\/01\/Karasu-imrali-heyet-info.jpg\" \/>\n\t<meta property=\"og:image:width\" content=\"900\" \/>\n\t<meta property=\"og:image:height\" content=\"497\" \/>\n\t<meta property=\"og:image:type\" content=\"image\/jpeg\" \/>\n<meta name=\"author\" content=\"darka mazi\" \/>\n<meta name=\"twitter:card\" content=\"summary_large_image\" \/>\n<meta name=\"twitter:creator\" content=\"@DarkaMaziLatini\" \/>\n<meta name=\"twitter:site\" content=\"@DarkaMaziLatini\" \/>\n<meta name=\"twitter:label1\" content=\"Written by\" \/>\n\t<meta name=\"twitter:data1\" content=\"darka mazi\" \/>\n\t<meta name=\"twitter:label2\" content=\"Est. reading time\" \/>\n\t<meta name=\"twitter:data2\" content=\"2 minutes\" \/>\n<script type=\"application\/ld+json\" class=\"seo-schema-graph\">{\"@context\":\"https:\\\/\\\/schema.org\",\"@graph\":[{\"@type\":\"Article\",\"@id\":\"https:\\\/\\\/darkamazi.info\\\/archives\\\/1046438#article\",\"isPartOf\":{\"@id\":\"https:\\\/\\\/darkamazi.info\\\/archives\\\/1046438\"},\"author\":{\"name\":\"darka mazi\",\"@id\":\"https:\\\/\\\/darkamazi.info\\\/#\\\/schema\\\/person\\\/5ad3e24553a0567993fa8ed4bd0a776c\"},\"headline\":\"Karas\u00fb heyeta \u00cemraliy\u00ea rexnekir \u00fb dib\u00eaje \u00e7ima hevserok\u00ean DEM partiy\u00ea t\u00ea de n\u00eenin?\",\"datePublished\":\"2025-01-07T11:24:57+00:00\",\"mainEntityOfPage\":{\"@id\":\"https:\\\/\\\/darkamazi.info\\\/archives\\\/1046438\"},\"wordCount\":382,\"publisher\":{\"@id\":\"https:\\\/\\\/darkamazi.info\\\/#organization\"},\"image\":{\"@id\":\"https:\\\/\\\/darkamazi.info\\\/archives\\\/1046438#primaryimage\"},\"thumbnailUrl\":\"https:\\\/\\\/darkamazi.info\\\/darka-content\\\/uploads\\\/2025\\\/01\\\/Karasu-imrali-heyet-info.jpg\",\"keywords\":[\"sereke\"],\"articleSection\":[\"Kurdistan\"],\"inLanguage\":\"en-US\"},{\"@type\":\"WebPage\",\"@id\":\"https:\\\/\\\/darkamazi.info\\\/archives\\\/1046438\",\"url\":\"https:\\\/\\\/darkamazi.info\\\/archives\\\/1046438\",\"name\":\"Karas\u00fb heyeta \u00cemraliy\u00ea rexnekir \u00fb dib\u00eaje \u00e7ima hevserok\u00ean DEM partiy\u00ea t\u00ea de n\u00eenin? - Darka Maz\u00ee\",\"isPartOf\":{\"@id\":\"https:\\\/\\\/darkamazi.info\\\/#website\"},\"primaryImageOfPage\":{\"@id\":\"https:\\\/\\\/darkamazi.info\\\/archives\\\/1046438#primaryimage\"},\"image\":{\"@id\":\"https:\\\/\\\/darkamazi.info\\\/archives\\\/1046438#primaryimage\"},\"thumbnailUrl\":\"https:\\\/\\\/darkamazi.info\\\/darka-content\\\/uploads\\\/2025\\\/01\\\/Karasu-imrali-heyet-info.jpg\",\"datePublished\":\"2025-01-07T11:24:57+00:00\",\"breadcrumb\":{\"@id\":\"https:\\\/\\\/darkamazi.info\\\/archives\\\/1046438#breadcrumb\"},\"inLanguage\":\"en-US\",\"potentialAction\":[{\"@type\":\"ReadAction\",\"target\":[\"https:\\\/\\\/darkamazi.info\\\/archives\\\/1046438\"]}]},{\"@type\":\"ImageObject\",\"inLanguage\":\"en-US\",\"@id\":\"https:\\\/\\\/darkamazi.info\\\/archives\\\/1046438#primaryimage\",\"url\":\"https:\\\/\\\/darkamazi.info\\\/darka-content\\\/uploads\\\/2025\\\/01\\\/Karasu-imrali-heyet-info.jpg\",\"contentUrl\":\"https:\\\/\\\/darkamazi.info\\\/darka-content\\\/uploads\\\/2025\\\/01\\\/Karasu-imrali-heyet-info.jpg\",\"width\":900,\"height\":497,\"caption\":\"Karasu-imrali-heyet-net\"},{\"@type\":\"BreadcrumbList\",\"@id\":\"https:\\\/\\\/darkamazi.info\\\/archives\\\/1046438#breadcrumb\",\"itemListElement\":[{\"@type\":\"ListItem\",\"position\":1,\"name\":\"Home\",\"item\":\"https:\\\/\\\/darkamazi.info\\\/\"},{\"@type\":\"ListItem\",\"position\":2,\"name\":\"Karas\u00fb heyeta \u00cemraliy\u00ea rexnekir \u00fb dib\u00eaje \u00e7ima hevserok\u00ean DEM partiy\u00ea t\u00ea de n\u00eenin?\"}]},{\"@type\":\"WebSite\",\"@id\":\"https:\\\/\\\/darkamazi.info\\\/#website\",\"url\":\"https:\\\/\\\/darkamazi.info\\\/\",\"name\":\"Darka Maz\u00ee\",\"description\":\"P\u00eageha Zanyariy\u00ean Nebih\u00eest\u00ee\",\"publisher\":{\"@id\":\"https:\\\/\\\/darkamazi.info\\\/#organization\"},\"potentialAction\":[{\"@type\":\"SearchAction\",\"target\":{\"@type\":\"EntryPoint\",\"urlTemplate\":\"https:\\\/\\\/darkamazi.info\\\/?s={search_term_string}\"},\"query-input\":{\"@type\":\"PropertyValueSpecification\",\"valueRequired\":true,\"valueName\":\"search_term_string\"}}],\"inLanguage\":\"en-US\"},{\"@type\":\"Organization\",\"@id\":\"https:\\\/\\\/darkamazi.info\\\/#organization\",\"name\":\"Darka Maz\u00ee\",\"url\":\"https:\\\/\\\/darkamazi.info\\\/\",\"logo\":{\"@type\":\"ImageObject\",\"inLanguage\":\"en-US\",\"@id\":\"https:\\\/\\\/darkamazi.info\\\/#\\\/schema\\\/logo\\\/image\\\/\",\"url\":\"https:\\\/\\\/darkamazi.info\\\/darka-content\\\/uploads\\\/2017\\\/12\\\/darka-mazi-logo.png\",\"contentUrl\":\"https:\\\/\\\/darkamazi.info\\\/darka-content\\\/uploads\\\/2017\\\/12\\\/darka-mazi-logo.png\",\"width\":151,\"height\":75,\"caption\":\"Darka Maz\u00ee\"},\"image\":{\"@id\":\"https:\\\/\\\/darkamazi.info\\\/#\\\/schema\\\/logo\\\/image\\\/\"},\"sameAs\":[\"https:\\\/\\\/www.facebook.com\\\/DarMaziKurmanci\",\"https:\\\/\\\/x.com\\\/DarkaMaziLatini\",\"https:\\\/\\\/www.instagram.com\\\/darkamazi.kurmanci\\\/\",\"https:\\\/\\\/www.youtube.com\\\/channel\\\/UCa5HkTdmI8U1qCUFuTw8B2g\"]},{\"@type\":\"Person\",\"@id\":\"https:\\\/\\\/darkamazi.info\\\/#\\\/schema\\\/person\\\/5ad3e24553a0567993fa8ed4bd0a776c\",\"name\":\"darka mazi\",\"sameAs\":[\"https:\\\/\\\/darkamazi.info\\\/\"],\"url\":\"https:\\\/\\\/darkamazi.info\\\/archives\\\/author\\\/kurdi\"}]}<\/script>\n<!-- \/ Yoast SEO plugin. -->","seo_head_json":{"title":"Karas\u00fb heyeta \u00cemraliy\u00ea rexnekir \u00fb dib\u00eaje \u00e7ima hevserok\u00ean DEM partiy\u00ea t\u00ea de n\u00eenin? - Darka Maz\u00ee","robots":{"index":"index","follow":"follow","max-snippet":"max-snippet:-1","max-image-preview":"max-image-preview:large","max-video-preview":"max-video-preview:-1"},"canonical":"https:\/\/darkamazi.info\/archives\/1046438","og_locale":"en_US","og_type":"article","og_title":"Karas\u00fb heyeta \u00cemraliy\u00ea rexnekir \u00fb dib\u00eaje \u00e7ima hevserok\u00ean DEM partiy\u00ea t\u00ea de n\u00eenin? - Darka Maz\u00ee","og_description":"Endam\u00ea konseya r\u00eaveber ya KCK\u00ea Mistefa Karas\u00fb \u00eero heyeta \u00cemraliy\u00ea rexne kir \u00fb got ku \u00e7ima di nava heyet\u00ea de hevserok\u00ean DEM partiy\u00ea n\u00eenin. Mistefa Karas\u00fb \u00eero roja s\u00ea\u015fem\u00ee 7 \u00c7ileya 2025\u00ea ji telefzyona Mediya Haber ya PKK\u00ea re axiv\u00ee \u00fb hin nirxandin bo rojev\u00ea \u00fb p\u00eavajoya ku li Tirkiy\u00ea destp\u00ea kir\u00ee, kir. Karas\u00fb derbar\u00ea [&hellip;]","og_url":"https:\/\/darkamazi.info\/archives\/1046438","og_site_name":"Darka Maz\u00ee","article_publisher":"https:\/\/www.facebook.com\/DarMaziKurmanci","article_published_time":"2025-01-07T11:24:57+00:00","og_image":[{"width":900,"height":497,"url":"https:\/\/darkamazi.info\/file\/2025\/01\/Karasu-imrali-heyet-info.jpg","type":"image\/jpeg"}],"author":"darka mazi","twitter_card":"summary_large_image","twitter_creator":"@DarkaMaziLatini","twitter_site":"@DarkaMaziLatini","twitter_misc":{"Written by":"darka mazi","Est. reading time":"2 minutes"},"schema":{"@context":"https:\/\/schema.org","@graph":[{"@type":"Article","@id":"https:\/\/darkamazi.info\/archives\/1046438#article","isPartOf":{"@id":"https:\/\/darkamazi.info\/archives\/1046438"},"author":{"name":"darka mazi","@id":"https:\/\/darkamazi.info\/#\/schema\/person\/5ad3e24553a0567993fa8ed4bd0a776c"},"headline":"Karas\u00fb heyeta \u00cemraliy\u00ea rexnekir \u00fb dib\u00eaje \u00e7ima hevserok\u00ean DEM partiy\u00ea t\u00ea de n\u00eenin?","datePublished":"2025-01-07T11:24:57+00:00","mainEntityOfPage":{"@id":"https:\/\/darkamazi.info\/archives\/1046438"},"wordCount":382,"publisher":{"@id":"https:\/\/darkamazi.info\/#organization"},"image":{"@id":"https:\/\/darkamazi.info\/archives\/1046438#primaryimage"},"thumbnailUrl":"https:\/\/darkamazi.info\/file\/2025\/01\/Karasu-imrali-heyet-info.jpg","keywords":["sereke"],"articleSection":["Kurdistan"],"inLanguage":"en-US"},{"@type":"WebPage","@id":"https:\/\/darkamazi.info\/archives\/1046438","url":"https:\/\/darkamazi.info\/archives\/1046438","name":"Karas\u00fb heyeta \u00cemraliy\u00ea rexnekir \u00fb dib\u00eaje \u00e7ima hevserok\u00ean DEM partiy\u00ea t\u00ea de n\u00eenin? - Darka Maz\u00ee","isPartOf":{"@id":"https:\/\/darkamazi.info\/#website"},"primaryImageOfPage":{"@id":"https:\/\/darkamazi.info\/archives\/1046438#primaryimage"},"image":{"@id":"https:\/\/darkamazi.info\/archives\/1046438#primaryimage"},"thumbnailUrl":"https:\/\/darkamazi.info\/file\/2025\/01\/Karasu-imrali-heyet-info.jpg","datePublished":"2025-01-07T11:24:57+00:00","breadcrumb":{"@id":"https:\/\/darkamazi.info\/archives\/1046438#breadcrumb"},"inLanguage":"en-US","potentialAction":[{"@type":"ReadAction","target":["https:\/\/darkamazi.info\/archives\/1046438"]}]},{"@type":"ImageObject","inLanguage":"en-US","@id":"https:\/\/darkamazi.info\/archives\/1046438#primaryimage","url":"https:\/\/darkamazi.info\/file\/2025\/01\/Karasu-imrali-heyet-info.jpg","contentUrl":"https:\/\/darkamazi.info\/file\/2025\/01\/Karasu-imrali-heyet-info.jpg","width":900,"height":497,"caption":"Karasu-imrali-heyet-net"},{"@type":"BreadcrumbList","@id":"https:\/\/darkamazi.info\/archives\/1046438#breadcrumb","itemListElement":[{"@type":"ListItem","position":1,"name":"Home","item":"https:\/\/darkamazi.info\/"},{"@type":"ListItem","position":2,"name":"Karas\u00fb heyeta \u00cemraliy\u00ea rexnekir \u00fb dib\u00eaje \u00e7ima hevserok\u00ean DEM partiy\u00ea t\u00ea de n\u00eenin?"}]},{"@type":"WebSite","@id":"https:\/\/darkamazi.info\/#website","url":"https:\/\/darkamazi.info\/","name":"Darka Maz\u00ee","description":"P\u00eageha Zanyariy\u00ean Nebih\u00eest\u00ee","publisher":{"@id":"https:\/\/darkamazi.info\/#organization"},"potentialAction":[{"@type":"SearchAction","target":{"@type":"EntryPoint","urlTemplate":"https:\/\/darkamazi.info\/?s={search_term_string}"},"query-input":{"@type":"PropertyValueSpecification","valueRequired":true,"valueName":"search_term_string"}}],"inLanguage":"en-US"},{"@type":"Organization","@id":"https:\/\/darkamazi.info\/#organization","name":"Darka Maz\u00ee","url":"https:\/\/darkamazi.info\/","logo":{"@type":"ImageObject","inLanguage":"en-US","@id":"https:\/\/darkamazi.info\/#\/schema\/logo\/image\/","url":"https:\/\/darkamazi.info\/file\/2017\/12\/darka-mazi-logo.png","contentUrl":"https:\/\/darkamazi.info\/file\/2017\/12\/darka-mazi-logo.png","width":151,"height":75,"caption":"Darka Maz\u00ee"},"image":{"@id":"https:\/\/darkamazi.info\/#\/schema\/logo\/image\/"},"sameAs":["https:\/\/www.facebook.com\/DarMaziKurmanci","https:\/\/x.com\/DarkaMaziLatini","https:\/\/www.instagram.com\/darkamazi.kurmanci\/","https:\/\/www.youtube.com\/channel\/UCa5HkTdmI8U1qCUFuTw8B2g"]},{"@type":"Person","@id":"https:\/\/darkamazi.info\/#\/schema\/person\/5ad3e24553a0567993fa8ed4bd0a776c","name":"darka mazi","sameAs":["https:\/\/darkamazi.info\/"],"url":"https:\/\/darkamazi.info\/archives\/author\/kurdi"}]}},"_links":{"self":[{"href":"https:\/\/darkamazi.info\/funavuv\/wp\/v2\/posts\/1046438","targetHints":{"allow":["GET"]}}],"collection":[{"href":"https:\/\/darkamazi.info\/funavuv\/wp\/v2\/posts"}],"about":[{"href":"https:\/\/darkamazi.info\/funavuv\/wp\/v2\/types\/post"}],"author":[{"embeddable":true,"href":"https:\/\/darkamazi.info\/funavuv\/wp\/v2\/users\/2"}],"replies":[{"embeddable":true,"href":"https:\/\/darkamazi.info\/funavuv\/wp\/v2\/comments?post=1046438"}],"version-history":[{"count":0,"href":"https:\/\/darkamazi.info\/funavuv\/wp\/v2\/posts\/1046438\/revisions"}],"wp:featuredmedia":[{"embeddable":true,"href":"https:\/\/darkamazi.info\/funavuv\/wp\/v2\/media\/1046439"}],"wp:attachment":[{"href":"https:\/\/darkamazi.info\/funavuv\/wp\/v2\/media?parent=1046438"}],"wp:term":[{"taxonomy":"category","embeddable":true,"href":"https:\/\/darkamazi.info\/funavuv\/wp\/v2\/categories?post=1046438"},{"taxonomy":"post_tag","embeddable":true,"href":"https:\/\/darkamazi.info\/funavuv\/wp\/v2\/tags?post=1046438"}],"curies":[{"name":"wp","href":"https:\/\/api.w.org\/{rel}","templated":true}]}}