{"id":1046709,"date":"2025-01-23T11:00:17","date_gmt":"2025-01-23T08:00:17","guid":{"rendered":"https:\/\/darkamazi.info\/?p=1046709"},"modified":"2025-01-23T11:00:17","modified_gmt":"2025-01-23T08:00:17","slug":"tirkiyeye-240-kesen-din-bi-sedema-pkke-desteser-kirin","status":"publish","type":"post","link":"https:\/\/darkamazi.info\/archives\/1046709","title":{"rendered":"Tirkiyey\u00ea 240 kes\u00ean din bi sedema PKK\u00ea desteser kirin"},"content":{"rendered":"<h3 style=\"text-align: justify\"><span style=\"font-family: 'arial black', sans-serif\">Li 43 bajar\u00ean Tirkiy\u00ea \u00fb Bakur\u00ea Kurdistan\u00ea bi sedema al\u00eekar\u00ee \u00fb propagandaya r\u00eaxistina PKK\u00ea,\u00a0 240 kes hatine desteser kirin.<\/span><\/h3>\n<h3 style=\"text-align: justify\"><span style=\"font-family: arial, helvetica, sans-serif\">\u00a0Wez\u00eer\u00ea Kar\u00ean Navxwey\u00ee Al\u00ee Yerl\u00eekaya ragihand ku di operasyon\u00ean &#8220;Gurz-39&#8221; \u00fb &#8220;Gurz-40&#8221; y\u00ean ku 2 hefte ne li 43 bajaran li dij\u00ee PKK\u00ea dewam dikin da 240 \u015fikbar hatin girtin.<\/span><\/h3>\n<h3 style=\"text-align: justify\"><span style=\"font-family: arial, helvetica, sans-serif\">Yerl\u00eekaya ragihand operasyon li Enqere, Stenbol \u00fb \u00cezmir j\u00ee di nav da li 43 bajaran hatin encamp dayin.<\/span><\/h3>\n<h3 style=\"text-align: justify\"><span style=\"font-family: arial, helvetica, sans-serif\">Herwiha got \u015fikbar\u00ean ku hatin girtin di nav PKK\u00ea da dixebit\u00een, ji r\u00eaxistin\u00ea ra pi\u015ftgiriya aboriy\u00ea peyda dikirin \u00fb bi r\u00eaya hesab\u00ean medya civak\u00ee propagandaya PKK\u00ea dikirin.<\/span><\/h3>\n<h3 style=\"text-align: justify\"><span style=\"font-family: arial, helvetica, sans-serif\">Yerl\u00eekaya an\u00ee ziman ku kes\u00ean der bar\u00ea wan da cezay\u00ea girt\u00een\u00ea \u00fb qeyda l\u00eager\u00een\u00ea hene j\u00ee hatin girtin \u00fb diyar kir ku di operasyonan da \u00e7ek\u00ean b\u00earuxset, gelek belgey\u00ean r\u00eaxistin\u00ee \u00fb melzemey\u00ean dij\u00eetal hatin bidestxistin.<\/span><\/h3>\n","protected":false},"excerpt":{"rendered":"<p>Li 43 bajar\u00ean Tirkiy\u00ea \u00fb Bakur\u00ea Kurdistan\u00ea bi sedema al\u00eekar\u00ee \u00fb propagandaya r\u00eaxistina PKK\u00ea,\u00a0 240 kes hatine desteser kirin. \u00a0Wez\u00eer\u00ea Kar\u00ean Navxwey\u00ee Al\u00ee Yerl\u00eekaya ragihand ku di operasyon\u00ean &#8220;Gurz-39&#8221; \u00fb &#8220;Gurz-40&#8221; y\u00ean ku 2 hefte ne li 43 bajaran li dij\u00ee PKK\u00ea dewam dikin da 240 \u015fikbar hatin girtin. Yerl\u00eekaya ragihand operasyon li Enqere, Stenbol [&hellip;]<\/p>\n","protected":false},"author":2,"featured_media":1046710,"comment_status":"closed","ping_status":"closed","sticky":false,"template":"","format":"standard","meta":{"footnotes":""},"categories":[31],"tags":[37],"class_list":["post-1046709","post","type-post","status-publish","format-standard","has-post-thumbnail","hentry","category-rojhelata-navin","tag-sereke"],"blocksy_meta":[],"seo_head":"<!-- This site is optimized with the Yoast SEO plugin v27.5 - https:\/\/yoast.com\/product\/yoast-seo-wordpress\/ -->\n<title>Tirkiyey\u00ea 240 kes\u00ean din bi sedema PKK\u00ea desteser kirin - Darka Maz\u00ee<\/title>\n<meta name=\"robots\" content=\"index, follow, max-snippet:-1, max-image-preview:large, max-video-preview:-1\" \/>\n<link rel=\"canonical\" href=\"https:\/\/darkamazi.info\/archives\/1046709\" \/>\n<meta property=\"og:locale\" content=\"en_US\" \/>\n<meta property=\"og:type\" content=\"article\" \/>\n<meta property=\"og:title\" content=\"Tirkiyey\u00ea 240 kes\u00ean din bi sedema PKK\u00ea desteser kirin - Darka Maz\u00ee\" \/>\n<meta property=\"og:description\" content=\"Li 43 bajar\u00ean Tirkiy\u00ea \u00fb Bakur\u00ea Kurdistan\u00ea bi sedema al\u00eekar\u00ee \u00fb propagandaya r\u00eaxistina PKK\u00ea,\u00a0 240 kes hatine desteser kirin. \u00a0Wez\u00eer\u00ea Kar\u00ean Navxwey\u00ee Al\u00ee Yerl\u00eekaya ragihand ku di operasyon\u00ean &#8220;Gurz-39&#8221; \u00fb &#8220;Gurz-40&#8221; y\u00ean ku 2 hefte ne li 43 bajaran li dij\u00ee PKK\u00ea dewam dikin da 240 \u015fikbar hatin girtin. Yerl\u00eekaya ragihand operasyon li Enqere, Stenbol [&hellip;]\" \/>\n<meta property=\"og:url\" content=\"https:\/\/darkamazi.info\/archives\/1046709\" \/>\n<meta property=\"og:site_name\" content=\"Darka Maz\u00ee\" \/>\n<meta property=\"article:publisher\" content=\"https:\/\/www.facebook.com\/DarMaziKurmanci\" \/>\n<meta property=\"article:published_time\" content=\"2025-01-23T08:00:17+00:00\" \/>\n<meta property=\"og:image\" content=\"https:\/\/darkamazi.info\/file\/2025\/01\/240-turkey-pkk.jpg\" \/>\n\t<meta property=\"og:image:width\" content=\"900\" \/>\n\t<meta property=\"og:image:height\" content=\"500\" \/>\n\t<meta property=\"og:image:type\" content=\"image\/jpeg\" \/>\n<meta name=\"author\" content=\"darka mazi\" \/>\n<meta name=\"twitter:card\" content=\"summary_large_image\" \/>\n<meta name=\"twitter:creator\" content=\"@DarkaMaziLatini\" \/>\n<meta name=\"twitter:site\" content=\"@DarkaMaziLatini\" \/>\n<meta name=\"twitter:label1\" content=\"Written by\" \/>\n\t<meta name=\"twitter:data1\" content=\"darka mazi\" \/>\n\t<meta name=\"twitter:label2\" content=\"Est. reading time\" \/>\n\t<meta name=\"twitter:data2\" content=\"1 minute\" \/>\n<script type=\"application\/ld+json\" class=\"seo-schema-graph\">{\"@context\":\"https:\\\/\\\/schema.org\",\"@graph\":[{\"@type\":\"Article\",\"@id\":\"https:\\\/\\\/darkamazi.info\\\/archives\\\/1046709#article\",\"isPartOf\":{\"@id\":\"https:\\\/\\\/darkamazi.info\\\/archives\\\/1046709\"},\"author\":{\"name\":\"darka mazi\",\"@id\":\"https:\\\/\\\/darkamazi.info\\\/#\\\/schema\\\/person\\\/5ad3e24553a0567993fa8ed4bd0a776c\"},\"headline\":\"Tirkiyey\u00ea 240 kes\u00ean din bi sedema PKK\u00ea desteser kirin\",\"datePublished\":\"2025-01-23T08:00:17+00:00\",\"mainEntityOfPage\":{\"@id\":\"https:\\\/\\\/darkamazi.info\\\/archives\\\/1046709\"},\"wordCount\":150,\"publisher\":{\"@id\":\"https:\\\/\\\/darkamazi.info\\\/#organization\"},\"image\":{\"@id\":\"https:\\\/\\\/darkamazi.info\\\/archives\\\/1046709#primaryimage\"},\"thumbnailUrl\":\"https:\\\/\\\/darkamazi.info\\\/darka-content\\\/uploads\\\/2025\\\/01\\\/240-turkey-pkk.jpg\",\"keywords\":[\"sereke\"],\"articleSection\":[\"Rojhelata nav\u00een\"],\"inLanguage\":\"en-US\"},{\"@type\":\"WebPage\",\"@id\":\"https:\\\/\\\/darkamazi.info\\\/archives\\\/1046709\",\"url\":\"https:\\\/\\\/darkamazi.info\\\/archives\\\/1046709\",\"name\":\"Tirkiyey\u00ea 240 kes\u00ean din bi sedema PKK\u00ea desteser kirin - Darka Maz\u00ee\",\"isPartOf\":{\"@id\":\"https:\\\/\\\/darkamazi.info\\\/#website\"},\"primaryImageOfPage\":{\"@id\":\"https:\\\/\\\/darkamazi.info\\\/archives\\\/1046709#primaryimage\"},\"image\":{\"@id\":\"https:\\\/\\\/darkamazi.info\\\/archives\\\/1046709#primaryimage\"},\"thumbnailUrl\":\"https:\\\/\\\/darkamazi.info\\\/darka-content\\\/uploads\\\/2025\\\/01\\\/240-turkey-pkk.jpg\",\"datePublished\":\"2025-01-23T08:00:17+00:00\",\"breadcrumb\":{\"@id\":\"https:\\\/\\\/darkamazi.info\\\/archives\\\/1046709#breadcrumb\"},\"inLanguage\":\"en-US\",\"potentialAction\":[{\"@type\":\"ReadAction\",\"target\":[\"https:\\\/\\\/darkamazi.info\\\/archives\\\/1046709\"]}]},{\"@type\":\"ImageObject\",\"inLanguage\":\"en-US\",\"@id\":\"https:\\\/\\\/darkamazi.info\\\/archives\\\/1046709#primaryimage\",\"url\":\"https:\\\/\\\/darkamazi.info\\\/darka-content\\\/uploads\\\/2025\\\/01\\\/240-turkey-pkk.jpg\",\"contentUrl\":\"https:\\\/\\\/darkamazi.info\\\/darka-content\\\/uploads\\\/2025\\\/01\\\/240-turkey-pkk.jpg\",\"width\":900,\"height\":500,\"caption\":\"240-turkey-pkk\"},{\"@type\":\"BreadcrumbList\",\"@id\":\"https:\\\/\\\/darkamazi.info\\\/archives\\\/1046709#breadcrumb\",\"itemListElement\":[{\"@type\":\"ListItem\",\"position\":1,\"name\":\"Home\",\"item\":\"https:\\\/\\\/darkamazi.info\\\/\"},{\"@type\":\"ListItem\",\"position\":2,\"name\":\"Tirkiyey\u00ea 240 kes\u00ean din bi sedema PKK\u00ea desteser kirin\"}]},{\"@type\":\"WebSite\",\"@id\":\"https:\\\/\\\/darkamazi.info\\\/#website\",\"url\":\"https:\\\/\\\/darkamazi.info\\\/\",\"name\":\"Darka Maz\u00ee\",\"description\":\"P\u00eageha Zanyariy\u00ean Nebih\u00eest\u00ee\",\"publisher\":{\"@id\":\"https:\\\/\\\/darkamazi.info\\\/#organization\"},\"potentialAction\":[{\"@type\":\"SearchAction\",\"target\":{\"@type\":\"EntryPoint\",\"urlTemplate\":\"https:\\\/\\\/darkamazi.info\\\/?s={search_term_string}\"},\"query-input\":{\"@type\":\"PropertyValueSpecification\",\"valueRequired\":true,\"valueName\":\"search_term_string\"}}],\"inLanguage\":\"en-US\"},{\"@type\":\"Organization\",\"@id\":\"https:\\\/\\\/darkamazi.info\\\/#organization\",\"name\":\"Darka Maz\u00ee\",\"url\":\"https:\\\/\\\/darkamazi.info\\\/\",\"logo\":{\"@type\":\"ImageObject\",\"inLanguage\":\"en-US\",\"@id\":\"https:\\\/\\\/darkamazi.info\\\/#\\\/schema\\\/logo\\\/image\\\/\",\"url\":\"https:\\\/\\\/darkamazi.info\\\/darka-content\\\/uploads\\\/2017\\\/12\\\/darka-mazi-logo.png\",\"contentUrl\":\"https:\\\/\\\/darkamazi.info\\\/darka-content\\\/uploads\\\/2017\\\/12\\\/darka-mazi-logo.png\",\"width\":151,\"height\":75,\"caption\":\"Darka Maz\u00ee\"},\"image\":{\"@id\":\"https:\\\/\\\/darkamazi.info\\\/#\\\/schema\\\/logo\\\/image\\\/\"},\"sameAs\":[\"https:\\\/\\\/www.facebook.com\\\/DarMaziKurmanci\",\"https:\\\/\\\/x.com\\\/DarkaMaziLatini\",\"https:\\\/\\\/www.instagram.com\\\/darkamazi.kurmanci\\\/\",\"https:\\\/\\\/www.youtube.com\\\/channel\\\/UCa5HkTdmI8U1qCUFuTw8B2g\"]},{\"@type\":\"Person\",\"@id\":\"https:\\\/\\\/darkamazi.info\\\/#\\\/schema\\\/person\\\/5ad3e24553a0567993fa8ed4bd0a776c\",\"name\":\"darka mazi\",\"sameAs\":[\"https:\\\/\\\/darkamazi.info\\\/\"],\"url\":\"https:\\\/\\\/darkamazi.info\\\/archives\\\/author\\\/kurdi\"}]}<\/script>\n<!-- \/ Yoast SEO plugin. -->","seo_head_json":{"title":"Tirkiyey\u00ea 240 kes\u00ean din bi sedema PKK\u00ea desteser kirin - Darka Maz\u00ee","robots":{"index":"index","follow":"follow","max-snippet":"max-snippet:-1","max-image-preview":"max-image-preview:large","max-video-preview":"max-video-preview:-1"},"canonical":"https:\/\/darkamazi.info\/archives\/1046709","og_locale":"en_US","og_type":"article","og_title":"Tirkiyey\u00ea 240 kes\u00ean din bi sedema PKK\u00ea desteser kirin - Darka Maz\u00ee","og_description":"Li 43 bajar\u00ean Tirkiy\u00ea \u00fb Bakur\u00ea Kurdistan\u00ea bi sedema al\u00eekar\u00ee \u00fb propagandaya r\u00eaxistina PKK\u00ea,\u00a0 240 kes hatine desteser kirin. \u00a0Wez\u00eer\u00ea Kar\u00ean Navxwey\u00ee Al\u00ee Yerl\u00eekaya ragihand ku di operasyon\u00ean &#8220;Gurz-39&#8221; \u00fb &#8220;Gurz-40&#8221; y\u00ean ku 2 hefte ne li 43 bajaran li dij\u00ee PKK\u00ea dewam dikin da 240 \u015fikbar hatin girtin. Yerl\u00eekaya ragihand operasyon li Enqere, Stenbol [&hellip;]","og_url":"https:\/\/darkamazi.info\/archives\/1046709","og_site_name":"Darka Maz\u00ee","article_publisher":"https:\/\/www.facebook.com\/DarMaziKurmanci","article_published_time":"2025-01-23T08:00:17+00:00","og_image":[{"width":900,"height":500,"url":"https:\/\/darkamazi.info\/file\/2025\/01\/240-turkey-pkk.jpg","type":"image\/jpeg"}],"author":"darka mazi","twitter_card":"summary_large_image","twitter_creator":"@DarkaMaziLatini","twitter_site":"@DarkaMaziLatini","twitter_misc":{"Written by":"darka mazi","Est. reading time":"1 minute"},"schema":{"@context":"https:\/\/schema.org","@graph":[{"@type":"Article","@id":"https:\/\/darkamazi.info\/archives\/1046709#article","isPartOf":{"@id":"https:\/\/darkamazi.info\/archives\/1046709"},"author":{"name":"darka mazi","@id":"https:\/\/darkamazi.info\/#\/schema\/person\/5ad3e24553a0567993fa8ed4bd0a776c"},"headline":"Tirkiyey\u00ea 240 kes\u00ean din bi sedema PKK\u00ea desteser kirin","datePublished":"2025-01-23T08:00:17+00:00","mainEntityOfPage":{"@id":"https:\/\/darkamazi.info\/archives\/1046709"},"wordCount":150,"publisher":{"@id":"https:\/\/darkamazi.info\/#organization"},"image":{"@id":"https:\/\/darkamazi.info\/archives\/1046709#primaryimage"},"thumbnailUrl":"https:\/\/darkamazi.info\/file\/2025\/01\/240-turkey-pkk.jpg","keywords":["sereke"],"articleSection":["Rojhelata nav\u00een"],"inLanguage":"en-US"},{"@type":"WebPage","@id":"https:\/\/darkamazi.info\/archives\/1046709","url":"https:\/\/darkamazi.info\/archives\/1046709","name":"Tirkiyey\u00ea 240 kes\u00ean din bi sedema PKK\u00ea desteser kirin - Darka Maz\u00ee","isPartOf":{"@id":"https:\/\/darkamazi.info\/#website"},"primaryImageOfPage":{"@id":"https:\/\/darkamazi.info\/archives\/1046709#primaryimage"},"image":{"@id":"https:\/\/darkamazi.info\/archives\/1046709#primaryimage"},"thumbnailUrl":"https:\/\/darkamazi.info\/file\/2025\/01\/240-turkey-pkk.jpg","datePublished":"2025-01-23T08:00:17+00:00","breadcrumb":{"@id":"https:\/\/darkamazi.info\/archives\/1046709#breadcrumb"},"inLanguage":"en-US","potentialAction":[{"@type":"ReadAction","target":["https:\/\/darkamazi.info\/archives\/1046709"]}]},{"@type":"ImageObject","inLanguage":"en-US","@id":"https:\/\/darkamazi.info\/archives\/1046709#primaryimage","url":"https:\/\/darkamazi.info\/file\/2025\/01\/240-turkey-pkk.jpg","contentUrl":"https:\/\/darkamazi.info\/file\/2025\/01\/240-turkey-pkk.jpg","width":900,"height":500,"caption":"240-turkey-pkk"},{"@type":"BreadcrumbList","@id":"https:\/\/darkamazi.info\/archives\/1046709#breadcrumb","itemListElement":[{"@type":"ListItem","position":1,"name":"Home","item":"https:\/\/darkamazi.info\/"},{"@type":"ListItem","position":2,"name":"Tirkiyey\u00ea 240 kes\u00ean din bi sedema PKK\u00ea desteser kirin"}]},{"@type":"WebSite","@id":"https:\/\/darkamazi.info\/#website","url":"https:\/\/darkamazi.info\/","name":"Darka Maz\u00ee","description":"P\u00eageha Zanyariy\u00ean Nebih\u00eest\u00ee","publisher":{"@id":"https:\/\/darkamazi.info\/#organization"},"potentialAction":[{"@type":"SearchAction","target":{"@type":"EntryPoint","urlTemplate":"https:\/\/darkamazi.info\/?s={search_term_string}"},"query-input":{"@type":"PropertyValueSpecification","valueRequired":true,"valueName":"search_term_string"}}],"inLanguage":"en-US"},{"@type":"Organization","@id":"https:\/\/darkamazi.info\/#organization","name":"Darka Maz\u00ee","url":"https:\/\/darkamazi.info\/","logo":{"@type":"ImageObject","inLanguage":"en-US","@id":"https:\/\/darkamazi.info\/#\/schema\/logo\/image\/","url":"https:\/\/darkamazi.info\/file\/2017\/12\/darka-mazi-logo.png","contentUrl":"https:\/\/darkamazi.info\/file\/2017\/12\/darka-mazi-logo.png","width":151,"height":75,"caption":"Darka Maz\u00ee"},"image":{"@id":"https:\/\/darkamazi.info\/#\/schema\/logo\/image\/"},"sameAs":["https:\/\/www.facebook.com\/DarMaziKurmanci","https:\/\/x.com\/DarkaMaziLatini","https:\/\/www.instagram.com\/darkamazi.kurmanci\/","https:\/\/www.youtube.com\/channel\/UCa5HkTdmI8U1qCUFuTw8B2g"]},{"@type":"Person","@id":"https:\/\/darkamazi.info\/#\/schema\/person\/5ad3e24553a0567993fa8ed4bd0a776c","name":"darka mazi","sameAs":["https:\/\/darkamazi.info\/"],"url":"https:\/\/darkamazi.info\/archives\/author\/kurdi"}]}},"_links":{"self":[{"href":"https:\/\/darkamazi.info\/funavuv\/wp\/v2\/posts\/1046709","targetHints":{"allow":["GET"]}}],"collection":[{"href":"https:\/\/darkamazi.info\/funavuv\/wp\/v2\/posts"}],"about":[{"href":"https:\/\/darkamazi.info\/funavuv\/wp\/v2\/types\/post"}],"author":[{"embeddable":true,"href":"https:\/\/darkamazi.info\/funavuv\/wp\/v2\/users\/2"}],"replies":[{"embeddable":true,"href":"https:\/\/darkamazi.info\/funavuv\/wp\/v2\/comments?post=1046709"}],"version-history":[{"count":0,"href":"https:\/\/darkamazi.info\/funavuv\/wp\/v2\/posts\/1046709\/revisions"}],"wp:featuredmedia":[{"embeddable":true,"href":"https:\/\/darkamazi.info\/funavuv\/wp\/v2\/media\/1046710"}],"wp:attachment":[{"href":"https:\/\/darkamazi.info\/funavuv\/wp\/v2\/media?parent=1046709"}],"wp:term":[{"taxonomy":"category","embeddable":true,"href":"https:\/\/darkamazi.info\/funavuv\/wp\/v2\/categories?post=1046709"},{"taxonomy":"post_tag","embeddable":true,"href":"https:\/\/darkamazi.info\/funavuv\/wp\/v2\/tags?post=1046709"}],"curies":[{"name":"wp","href":"https:\/\/api.w.org\/{rel}","templated":true}]}}