{"id":1046784,"date":"2025-01-27T19:47:05","date_gmt":"2025-01-27T16:47:05","guid":{"rendered":"https:\/\/darkamazi.info\/?p=1046784"},"modified":"2025-01-27T19:47:05","modified_gmt":"2025-01-27T16:47:05","slug":"hsdye-pesniyara-same-red-kir","status":"publish","type":"post","link":"https:\/\/darkamazi.info\/archives\/1046784","title":{"rendered":"HSDy\u00ea p\u00ea\u015fniyara \u015eam\u00ea red kir"},"content":{"rendered":"<h3 style=\"text-align: justify\"><span style=\"font-family: 'arial black', sans-serif\">Li gor\u00ee \u00e7avkaniy\u00ean n\u00eaz\u00eek\u00ee bir\u00eavebiriya n\u00fb ya S\u00fbriyey\u00ea p\u00ea\u015fniyara naskirina maf\u00ean \u00e7and\u00ee y\u00ean Kurdan \u00fb bicihkirina van mafan di dest\u00fbra n\u00fb de li HSDy\u00ea kiriye.<\/span><\/h3>\n<h3 style=\"text-align: justify\"><span style=\"font-family: arial, helvetica, sans-serif\">\u00c7avkaniyan n\u00eaz\u00eek\u00ee Hik\u00fbmeta Veguh\u00eaz a \u015eam\u00ea ji Al Jazeeray\u00ea re ragihandiye ku p\u00ea\u015fniyar be\u015fdariya Kurdan a di dezgeh\u00ean ewleh\u00ee \u00fb art\u00ea\u015f\u00ea de j\u00ee dihew\u00eene.<\/span><\/h3>\n<h3 style=\"text-align: justify\"><span style=\"font-family: arial, helvetica, sans-serif\">Li gor\u00ee \u00e7avkaniyan, di p\u00ea\u015fniyar\u00ea de s\u00eestemeke r\u00eavebiriy\u00ea ya nanavend\u00ee j\u00ee heye ku d\u00ea h\u00eazeke berfireh bide meclis\u00ean her\u00eam\u00ee.<\/span><\/h3>\n<h3 style=\"text-align: justify\"><span style=\"font-family: arial, helvetica, sans-serif\">\u00c7avkaniyan diyar kir ku naskirina maf\u00ean \u00e7and\u00ee y\u00ean Kurdan \u00fb bicihkirina van mafan di dest\u00fbra n\u00fb de xal\u00ean serek\u00ee y\u00ean p\u00ea\u015fniyar\u00ea ne.<\/span><\/h3>\n<h3 style=\"text-align: justify\"><span style=\"font-family: arial, helvetica, sans-serif\">Li aliy\u00ea din hat gotin ku HSDy\u00ea ev p\u00ea\u015fniyar red kiriye.<\/span><\/h3>\n<h3 style=\"text-align: justify\"><span style=\"font-family: arial, helvetica, sans-serif\">Li gor\u00ee \u00e7avkaniyan heger p\u00ea\u015fniyar were qeb\u00fblkirin d\u00ea r\u00ea li ber be\u015fdariya Kurdan a di dezgeh\u00ean ewleh\u00ee \u00fb art\u00ea\u015f\u00ea de veke.<\/span><\/h3>\n<h3 style=\"text-align: justify\"><span style=\"font-family: arial, helvetica, sans-serif\">Her wiha her\u00eam j\u00ee d\u00ee bi awayek\u00ee nenavend\u00ee b\u00ean \u00eedarekirin.<\/span><\/h3>\n<h3 style=\"text-align: justify\"><span style=\"font-family: arial, helvetica, sans-serif\">P\u00ea\u015fniyar t\u00ea wateya ku d\u00ea erk\u00ean meclis\u00ean her\u00eam\u00ee werin z\u00eadekirin \u00fb par\u00eazgehan bi awayek\u00ee nenavend\u00ee werin \u00eedarekirin.<\/span><\/h3>\n<h3 style=\"text-align: justify\"><span style=\"font-family: 'arial black', sans-serif;color: #8c0808\">Merc\u00ean HSDy\u00ea<\/span><\/h3>\n<h3 style=\"text-align: justify\"><span style=\"font-family: arial, helvetica, sans-serif\">Li gor\u00ee heman \u00e7avkaniyan, HSDy\u00ea ev p\u00ea\u015fniyar red kir \u00fb li ser merc\u00ean xwe y\u00ean taybet israr kir.<\/span><\/h3>\n<h3 style=\"text-align: justify\"><span style=\"font-family: arial, helvetica, sans-serif\">Merc\u00ean HSDy\u00ea wiha ne:<\/span><\/h3>\n<h3 style=\"text-align: justify\"><span style=\"font-family: 'arial black', sans-serif;color: #808080\">&#8211; Tevl\u00eeb\u00fbna wek\u00ee yek\u00eeneyeke taybet a art\u00ea\u015fa S\u00fbriyey\u00ea<\/span><\/h3>\n<h3 style=\"text-align: justify\"><span style=\"font-family: 'arial black', sans-serif;color: #808080\">&#8211; Parastina heb\u00fbna xwe ya li her\u00eam\u00ean le\u015fker\u00ee y\u00ean hey\u00ee<\/span><\/h3>\n<h3 style=\"text-align: justify\"><span style=\"font-family: 'arial black', sans-serif;color: #808080\">&#8211; Wergirtina be\u015feke dahat\u00ea ji b\u00eer\u00ean petrol\u00ea<\/span><\/h3>\n<h3 style=\"text-align: justify\"><span style=\"font-family: arial, helvetica, sans-serif\">Li gor\u00ee n\u00fb\u00e7ey\u00ea, sedem\u00ean HSDy\u00ea ev in:<\/span><\/h3>\n<h3 style=\"text-align: justify\"><span style=\"font-family: arial, helvetica, sans-serif\">\u201cMetirsiya \u00eari\u015feke muhtemel a Tirkiyey\u00ea ya li ser Rojavay\u00ea Kurdistan\u00ea \u00fb astengkirina be\u015fdarb\u00fbna kom\u00ean Art\u00ea\u015fa Ni\u015ftiman\u00ee ya S\u00fbriyey\u00ea ya di Wezareta Parastin\u00ea ya S\u00fbriyey\u00ea de.\u201d<\/span><\/h3>\n<h3 style=\"text-align: justify\"><span style=\"font-family: arial, helvetica, sans-serif\">Hat \u00eediakirin ku Bir\u00eavebiriya S\u00fbriyey\u00ea j\u00ee p\u00ea\u015fniyar\u00ean HSDy\u00ea red kir.<\/span><\/h3>\n<h3 style=\"text-align: justify\"><span style=\"font-family: arial, helvetica, sans-serif\">Berpirs\u00ean \u015eam\u00ea diyar kir ku ew naxwazin di nav art\u00ea\u015f\u00ea de kom\u00ean serbixwe hebin \u00fb her wiha ew li dij\u00ee w\u00ea yek\u00ea ne ku dosyaya petrol\u00ea wek\u00ee am\u00fbreke dan\u00fbstandin\u00ean siyas\u00ee were bikaran\u00een.<\/span><\/h3>\n<h3 style=\"text-align: justify\"><span style=\"font-family: arial, helvetica, sans-serif\">Navbeynkariya Serok Barzan\u00ee<\/span><\/h3>\n<h3 style=\"text-align: justify\"><span style=\"font-family: arial, helvetica, sans-serif\">Di n\u00fb\u00e7ey\u00ea de hat niv\u00eesandin ku Serok Mes\u00fbd Barzan\u00ee ji bo \u00e7areserkirina kr\u00eeza di navbera Kurdan de li Rojavay\u00ea Kurdistan\u00ea navbeynkariy\u00ea dike.<\/span><\/h3>\n","protected":false},"excerpt":{"rendered":"<p>Li gor\u00ee \u00e7avkaniy\u00ean n\u00eaz\u00eek\u00ee bir\u00eavebiriya n\u00fb ya S\u00fbriyey\u00ea p\u00ea\u015fniyara naskirina maf\u00ean \u00e7and\u00ee y\u00ean Kurdan \u00fb bicihkirina van mafan di dest\u00fbra n\u00fb de li HSDy\u00ea kiriye. \u00c7avkaniyan n\u00eaz\u00eek\u00ee Hik\u00fbmeta Veguh\u00eaz a \u015eam\u00ea ji Al Jazeeray\u00ea re ragihandiye ku p\u00ea\u015fniyar be\u015fdariya Kurdan a di dezgeh\u00ean ewleh\u00ee \u00fb art\u00ea\u015f\u00ea de j\u00ee dihew\u00eene. Li gor\u00ee \u00e7avkaniyan, di p\u00ea\u015fniyar\u00ea de [&hellip;]<\/p>\n","protected":false},"author":2,"featured_media":1046785,"comment_status":"closed","ping_status":"closed","sticky":false,"template":"","format":"standard","meta":{"footnotes":""},"categories":[29],"tags":[37],"class_list":["post-1046784","post","type-post","status-publish","format-standard","has-post-thumbnail","hentry","category-kurdistan","tag-sereke"],"blocksy_meta":[],"seo_head":"<!-- This site is optimized with the Yoast SEO plugin v27.5 - https:\/\/yoast.com\/product\/yoast-seo-wordpress\/ -->\n<title>HSDy\u00ea p\u00ea\u015fniyara \u015eam\u00ea red kir - Darka Maz\u00ee<\/title>\n<meta name=\"robots\" content=\"index, follow, max-snippet:-1, max-image-preview:large, max-video-preview:-1\" \/>\n<link rel=\"canonical\" href=\"https:\/\/darkamazi.info\/archives\/1046784\" \/>\n<meta property=\"og:locale\" content=\"en_US\" \/>\n<meta property=\"og:type\" content=\"article\" \/>\n<meta property=\"og:title\" content=\"HSDy\u00ea p\u00ea\u015fniyara \u015eam\u00ea red kir - Darka Maz\u00ee\" \/>\n<meta property=\"og:description\" content=\"Li gor\u00ee \u00e7avkaniy\u00ean n\u00eaz\u00eek\u00ee bir\u00eavebiriya n\u00fb ya S\u00fbriyey\u00ea p\u00ea\u015fniyara naskirina maf\u00ean \u00e7and\u00ee y\u00ean Kurdan \u00fb bicihkirina van mafan di dest\u00fbra n\u00fb de li HSDy\u00ea kiriye. \u00c7avkaniyan n\u00eaz\u00eek\u00ee Hik\u00fbmeta Veguh\u00eaz a \u015eam\u00ea ji Al Jazeeray\u00ea re ragihandiye ku p\u00ea\u015fniyar be\u015fdariya Kurdan a di dezgeh\u00ean ewleh\u00ee \u00fb art\u00ea\u015f\u00ea de j\u00ee dihew\u00eene. Li gor\u00ee \u00e7avkaniyan, di p\u00ea\u015fniyar\u00ea de [&hellip;]\" \/>\n<meta property=\"og:url\" content=\"https:\/\/darkamazi.info\/archives\/1046784\" \/>\n<meta property=\"og:site_name\" content=\"Darka Maz\u00ee\" \/>\n<meta property=\"article:publisher\" content=\"https:\/\/www.facebook.com\/DarMaziKurmanci\" \/>\n<meta property=\"article:published_time\" content=\"2025-01-27T16:47:05+00:00\" \/>\n<meta property=\"og:image\" content=\"https:\/\/darkamazi.info\/file\/2025\/01\/Hsd-hts-mazloum-abdi-ahmad-shari-info.jpg\" \/>\n\t<meta property=\"og:image:width\" content=\"900\" \/>\n\t<meta property=\"og:image:height\" content=\"500\" \/>\n\t<meta property=\"og:image:type\" content=\"image\/jpeg\" \/>\n<meta name=\"author\" content=\"darka mazi\" \/>\n<meta name=\"twitter:card\" content=\"summary_large_image\" \/>\n<meta name=\"twitter:creator\" content=\"@DarkaMaziLatini\" \/>\n<meta name=\"twitter:site\" content=\"@DarkaMaziLatini\" \/>\n<meta name=\"twitter:label1\" content=\"Written by\" \/>\n\t<meta name=\"twitter:data1\" content=\"darka mazi\" \/>\n\t<meta name=\"twitter:label2\" content=\"Est. reading time\" \/>\n\t<meta name=\"twitter:data2\" content=\"2 minutes\" \/>\n<script type=\"application\/ld+json\" class=\"seo-schema-graph\">{\"@context\":\"https:\\\/\\\/schema.org\",\"@graph\":[{\"@type\":\"Article\",\"@id\":\"https:\\\/\\\/darkamazi.info\\\/archives\\\/1046784#article\",\"isPartOf\":{\"@id\":\"https:\\\/\\\/darkamazi.info\\\/archives\\\/1046784\"},\"author\":{\"name\":\"darka mazi\",\"@id\":\"https:\\\/\\\/darkamazi.info\\\/#\\\/schema\\\/person\\\/5ad3e24553a0567993fa8ed4bd0a776c\"},\"headline\":\"HSDy\u00ea p\u00ea\u015fniyara \u015eam\u00ea red kir\",\"datePublished\":\"2025-01-27T16:47:05+00:00\",\"mainEntityOfPage\":{\"@id\":\"https:\\\/\\\/darkamazi.info\\\/archives\\\/1046784\"},\"wordCount\":379,\"publisher\":{\"@id\":\"https:\\\/\\\/darkamazi.info\\\/#organization\"},\"image\":{\"@id\":\"https:\\\/\\\/darkamazi.info\\\/archives\\\/1046784#primaryimage\"},\"thumbnailUrl\":\"https:\\\/\\\/darkamazi.info\\\/darka-content\\\/uploads\\\/2025\\\/01\\\/Hsd-hts-mazloum-abdi-ahmad-shari-info.jpg\",\"keywords\":[\"sereke\"],\"articleSection\":[\"Kurdistan\"],\"inLanguage\":\"en-US\"},{\"@type\":\"WebPage\",\"@id\":\"https:\\\/\\\/darkamazi.info\\\/archives\\\/1046784\",\"url\":\"https:\\\/\\\/darkamazi.info\\\/archives\\\/1046784\",\"name\":\"HSDy\u00ea p\u00ea\u015fniyara \u015eam\u00ea red kir - Darka Maz\u00ee\",\"isPartOf\":{\"@id\":\"https:\\\/\\\/darkamazi.info\\\/#website\"},\"primaryImageOfPage\":{\"@id\":\"https:\\\/\\\/darkamazi.info\\\/archives\\\/1046784#primaryimage\"},\"image\":{\"@id\":\"https:\\\/\\\/darkamazi.info\\\/archives\\\/1046784#primaryimage\"},\"thumbnailUrl\":\"https:\\\/\\\/darkamazi.info\\\/darka-content\\\/uploads\\\/2025\\\/01\\\/Hsd-hts-mazloum-abdi-ahmad-shari-info.jpg\",\"datePublished\":\"2025-01-27T16:47:05+00:00\",\"breadcrumb\":{\"@id\":\"https:\\\/\\\/darkamazi.info\\\/archives\\\/1046784#breadcrumb\"},\"inLanguage\":\"en-US\",\"potentialAction\":[{\"@type\":\"ReadAction\",\"target\":[\"https:\\\/\\\/darkamazi.info\\\/archives\\\/1046784\"]}]},{\"@type\":\"ImageObject\",\"inLanguage\":\"en-US\",\"@id\":\"https:\\\/\\\/darkamazi.info\\\/archives\\\/1046784#primaryimage\",\"url\":\"https:\\\/\\\/darkamazi.info\\\/darka-content\\\/uploads\\\/2025\\\/01\\\/Hsd-hts-mazloum-abdi-ahmad-shari-info.jpg\",\"contentUrl\":\"https:\\\/\\\/darkamazi.info\\\/darka-content\\\/uploads\\\/2025\\\/01\\\/Hsd-hts-mazloum-abdi-ahmad-shari-info.jpg\",\"width\":900,\"height\":500,\"caption\":\"Hsd-hts-mazloum-abdi-ahmad-shari-info\"},{\"@type\":\"BreadcrumbList\",\"@id\":\"https:\\\/\\\/darkamazi.info\\\/archives\\\/1046784#breadcrumb\",\"itemListElement\":[{\"@type\":\"ListItem\",\"position\":1,\"name\":\"Home\",\"item\":\"https:\\\/\\\/darkamazi.info\\\/\"},{\"@type\":\"ListItem\",\"position\":2,\"name\":\"HSDy\u00ea p\u00ea\u015fniyara \u015eam\u00ea red kir\"}]},{\"@type\":\"WebSite\",\"@id\":\"https:\\\/\\\/darkamazi.info\\\/#website\",\"url\":\"https:\\\/\\\/darkamazi.info\\\/\",\"name\":\"Darka Maz\u00ee\",\"description\":\"P\u00eageha Zanyariy\u00ean Nebih\u00eest\u00ee\",\"publisher\":{\"@id\":\"https:\\\/\\\/darkamazi.info\\\/#organization\"},\"potentialAction\":[{\"@type\":\"SearchAction\",\"target\":{\"@type\":\"EntryPoint\",\"urlTemplate\":\"https:\\\/\\\/darkamazi.info\\\/?s={search_term_string}\"},\"query-input\":{\"@type\":\"PropertyValueSpecification\",\"valueRequired\":true,\"valueName\":\"search_term_string\"}}],\"inLanguage\":\"en-US\"},{\"@type\":\"Organization\",\"@id\":\"https:\\\/\\\/darkamazi.info\\\/#organization\",\"name\":\"Darka Maz\u00ee\",\"url\":\"https:\\\/\\\/darkamazi.info\\\/\",\"logo\":{\"@type\":\"ImageObject\",\"inLanguage\":\"en-US\",\"@id\":\"https:\\\/\\\/darkamazi.info\\\/#\\\/schema\\\/logo\\\/image\\\/\",\"url\":\"https:\\\/\\\/darkamazi.info\\\/darka-content\\\/uploads\\\/2017\\\/12\\\/darka-mazi-logo.png\",\"contentUrl\":\"https:\\\/\\\/darkamazi.info\\\/darka-content\\\/uploads\\\/2017\\\/12\\\/darka-mazi-logo.png\",\"width\":151,\"height\":75,\"caption\":\"Darka Maz\u00ee\"},\"image\":{\"@id\":\"https:\\\/\\\/darkamazi.info\\\/#\\\/schema\\\/logo\\\/image\\\/\"},\"sameAs\":[\"https:\\\/\\\/www.facebook.com\\\/DarMaziKurmanci\",\"https:\\\/\\\/x.com\\\/DarkaMaziLatini\",\"https:\\\/\\\/www.instagram.com\\\/darkamazi.kurmanci\\\/\",\"https:\\\/\\\/www.youtube.com\\\/channel\\\/UCa5HkTdmI8U1qCUFuTw8B2g\"]},{\"@type\":\"Person\",\"@id\":\"https:\\\/\\\/darkamazi.info\\\/#\\\/schema\\\/person\\\/5ad3e24553a0567993fa8ed4bd0a776c\",\"name\":\"darka mazi\",\"sameAs\":[\"https:\\\/\\\/darkamazi.info\\\/\"],\"url\":\"https:\\\/\\\/darkamazi.info\\\/archives\\\/author\\\/kurdi\"}]}<\/script>\n<!-- \/ Yoast SEO plugin. -->","seo_head_json":{"title":"HSDy\u00ea p\u00ea\u015fniyara \u015eam\u00ea red kir - Darka Maz\u00ee","robots":{"index":"index","follow":"follow","max-snippet":"max-snippet:-1","max-image-preview":"max-image-preview:large","max-video-preview":"max-video-preview:-1"},"canonical":"https:\/\/darkamazi.info\/archives\/1046784","og_locale":"en_US","og_type":"article","og_title":"HSDy\u00ea p\u00ea\u015fniyara \u015eam\u00ea red kir - Darka Maz\u00ee","og_description":"Li gor\u00ee \u00e7avkaniy\u00ean n\u00eaz\u00eek\u00ee bir\u00eavebiriya n\u00fb ya S\u00fbriyey\u00ea p\u00ea\u015fniyara naskirina maf\u00ean \u00e7and\u00ee y\u00ean Kurdan \u00fb bicihkirina van mafan di dest\u00fbra n\u00fb de li HSDy\u00ea kiriye. \u00c7avkaniyan n\u00eaz\u00eek\u00ee Hik\u00fbmeta Veguh\u00eaz a \u015eam\u00ea ji Al Jazeeray\u00ea re ragihandiye ku p\u00ea\u015fniyar be\u015fdariya Kurdan a di dezgeh\u00ean ewleh\u00ee \u00fb art\u00ea\u015f\u00ea de j\u00ee dihew\u00eene. Li gor\u00ee \u00e7avkaniyan, di p\u00ea\u015fniyar\u00ea de [&hellip;]","og_url":"https:\/\/darkamazi.info\/archives\/1046784","og_site_name":"Darka Maz\u00ee","article_publisher":"https:\/\/www.facebook.com\/DarMaziKurmanci","article_published_time":"2025-01-27T16:47:05+00:00","og_image":[{"width":900,"height":500,"url":"https:\/\/darkamazi.info\/file\/2025\/01\/Hsd-hts-mazloum-abdi-ahmad-shari-info.jpg","type":"image\/jpeg"}],"author":"darka mazi","twitter_card":"summary_large_image","twitter_creator":"@DarkaMaziLatini","twitter_site":"@DarkaMaziLatini","twitter_misc":{"Written by":"darka mazi","Est. reading time":"2 minutes"},"schema":{"@context":"https:\/\/schema.org","@graph":[{"@type":"Article","@id":"https:\/\/darkamazi.info\/archives\/1046784#article","isPartOf":{"@id":"https:\/\/darkamazi.info\/archives\/1046784"},"author":{"name":"darka mazi","@id":"https:\/\/darkamazi.info\/#\/schema\/person\/5ad3e24553a0567993fa8ed4bd0a776c"},"headline":"HSDy\u00ea p\u00ea\u015fniyara \u015eam\u00ea red kir","datePublished":"2025-01-27T16:47:05+00:00","mainEntityOfPage":{"@id":"https:\/\/darkamazi.info\/archives\/1046784"},"wordCount":379,"publisher":{"@id":"https:\/\/darkamazi.info\/#organization"},"image":{"@id":"https:\/\/darkamazi.info\/archives\/1046784#primaryimage"},"thumbnailUrl":"https:\/\/darkamazi.info\/file\/2025\/01\/Hsd-hts-mazloum-abdi-ahmad-shari-info.jpg","keywords":["sereke"],"articleSection":["Kurdistan"],"inLanguage":"en-US"},{"@type":"WebPage","@id":"https:\/\/darkamazi.info\/archives\/1046784","url":"https:\/\/darkamazi.info\/archives\/1046784","name":"HSDy\u00ea p\u00ea\u015fniyara \u015eam\u00ea red kir - Darka Maz\u00ee","isPartOf":{"@id":"https:\/\/darkamazi.info\/#website"},"primaryImageOfPage":{"@id":"https:\/\/darkamazi.info\/archives\/1046784#primaryimage"},"image":{"@id":"https:\/\/darkamazi.info\/archives\/1046784#primaryimage"},"thumbnailUrl":"https:\/\/darkamazi.info\/file\/2025\/01\/Hsd-hts-mazloum-abdi-ahmad-shari-info.jpg","datePublished":"2025-01-27T16:47:05+00:00","breadcrumb":{"@id":"https:\/\/darkamazi.info\/archives\/1046784#breadcrumb"},"inLanguage":"en-US","potentialAction":[{"@type":"ReadAction","target":["https:\/\/darkamazi.info\/archives\/1046784"]}]},{"@type":"ImageObject","inLanguage":"en-US","@id":"https:\/\/darkamazi.info\/archives\/1046784#primaryimage","url":"https:\/\/darkamazi.info\/file\/2025\/01\/Hsd-hts-mazloum-abdi-ahmad-shari-info.jpg","contentUrl":"https:\/\/darkamazi.info\/file\/2025\/01\/Hsd-hts-mazloum-abdi-ahmad-shari-info.jpg","width":900,"height":500,"caption":"Hsd-hts-mazloum-abdi-ahmad-shari-info"},{"@type":"BreadcrumbList","@id":"https:\/\/darkamazi.info\/archives\/1046784#breadcrumb","itemListElement":[{"@type":"ListItem","position":1,"name":"Home","item":"https:\/\/darkamazi.info\/"},{"@type":"ListItem","position":2,"name":"HSDy\u00ea p\u00ea\u015fniyara \u015eam\u00ea red kir"}]},{"@type":"WebSite","@id":"https:\/\/darkamazi.info\/#website","url":"https:\/\/darkamazi.info\/","name":"Darka Maz\u00ee","description":"P\u00eageha Zanyariy\u00ean Nebih\u00eest\u00ee","publisher":{"@id":"https:\/\/darkamazi.info\/#organization"},"potentialAction":[{"@type":"SearchAction","target":{"@type":"EntryPoint","urlTemplate":"https:\/\/darkamazi.info\/?s={search_term_string}"},"query-input":{"@type":"PropertyValueSpecification","valueRequired":true,"valueName":"search_term_string"}}],"inLanguage":"en-US"},{"@type":"Organization","@id":"https:\/\/darkamazi.info\/#organization","name":"Darka Maz\u00ee","url":"https:\/\/darkamazi.info\/","logo":{"@type":"ImageObject","inLanguage":"en-US","@id":"https:\/\/darkamazi.info\/#\/schema\/logo\/image\/","url":"https:\/\/darkamazi.info\/file\/2017\/12\/darka-mazi-logo.png","contentUrl":"https:\/\/darkamazi.info\/file\/2017\/12\/darka-mazi-logo.png","width":151,"height":75,"caption":"Darka Maz\u00ee"},"image":{"@id":"https:\/\/darkamazi.info\/#\/schema\/logo\/image\/"},"sameAs":["https:\/\/www.facebook.com\/DarMaziKurmanci","https:\/\/x.com\/DarkaMaziLatini","https:\/\/www.instagram.com\/darkamazi.kurmanci\/","https:\/\/www.youtube.com\/channel\/UCa5HkTdmI8U1qCUFuTw8B2g"]},{"@type":"Person","@id":"https:\/\/darkamazi.info\/#\/schema\/person\/5ad3e24553a0567993fa8ed4bd0a776c","name":"darka mazi","sameAs":["https:\/\/darkamazi.info\/"],"url":"https:\/\/darkamazi.info\/archives\/author\/kurdi"}]}},"_links":{"self":[{"href":"https:\/\/darkamazi.info\/funavuv\/wp\/v2\/posts\/1046784","targetHints":{"allow":["GET"]}}],"collection":[{"href":"https:\/\/darkamazi.info\/funavuv\/wp\/v2\/posts"}],"about":[{"href":"https:\/\/darkamazi.info\/funavuv\/wp\/v2\/types\/post"}],"author":[{"embeddable":true,"href":"https:\/\/darkamazi.info\/funavuv\/wp\/v2\/users\/2"}],"replies":[{"embeddable":true,"href":"https:\/\/darkamazi.info\/funavuv\/wp\/v2\/comments?post=1046784"}],"version-history":[{"count":0,"href":"https:\/\/darkamazi.info\/funavuv\/wp\/v2\/posts\/1046784\/revisions"}],"wp:featuredmedia":[{"embeddable":true,"href":"https:\/\/darkamazi.info\/funavuv\/wp\/v2\/media\/1046785"}],"wp:attachment":[{"href":"https:\/\/darkamazi.info\/funavuv\/wp\/v2\/media?parent=1046784"}],"wp:term":[{"taxonomy":"category","embeddable":true,"href":"https:\/\/darkamazi.info\/funavuv\/wp\/v2\/categories?post=1046784"},{"taxonomy":"post_tag","embeddable":true,"href":"https:\/\/darkamazi.info\/funavuv\/wp\/v2\/tags?post=1046784"}],"curies":[{"name":"wp","href":"https:\/\/api.w.org\/{rel}","templated":true}]}}