{"id":1046810,"date":"2025-01-29T10:18:51","date_gmt":"2025-01-29T07:18:51","guid":{"rendered":"https:\/\/darkamazi.info\/?p=1046810"},"modified":"2025-01-29T10:18:51","modified_gmt":"2025-01-29T07:18:51","slug":"enks-civina-me-ya-bi-mezlum-ebdi-re-ereni-bu","status":"publish","type":"post","link":"https:\/\/darkamazi.info\/archives\/1046810","title":{"rendered":"ENKS: Civ\u00eena me ya bi Mezl\u00fbm Ebd\u00ee re er\u00ean\u00ee b\u00fb"},"content":{"rendered":"<h3 style=\"text-align: justify\"><span style=\"font-family: 'arial black', sans-serif\">Desteya Serokatiya ENKS\u00ea bi Fermandar\u00ea Gi\u015ft\u00ee y\u00ea H\u00eaz\u00ean S\u00fbriyeya Demokrat\u00eek (HSD) re civiya \u00fb ragehand ku ew civ\u00een er\u00ean\u00ee b\u00fb, herwesa tekez li ser \u00e7\u00fbna Kurdan bi \u015fandeke hevpar \u00fb yek ner\u00een\u00ea ji bo \u015eam\u00ea j\u00ee kiriye.<\/span><\/h3>\n<h3 style=\"text-align: justify\"><span style=\"font-family: arial, helvetica, sans-serif\">Desteya Serokatiya Enc\u00fbmena Ni\u015ft\u00eeman\u00ee ya Kurd li S\u00fbriyey\u00ea (ENKS) \u00eero (S\u00ea\u015fem, 28.01.2025) bi Fermandar\u00ea Gi\u015ft\u00ee y\u00ea H\u00eaz\u00ean S\u00fbriyeya Demokrat\u00eek (HSD) Mezl\u00fbm Ebd\u00ee re civiya.<\/span><\/h3>\n<h3 style=\"text-align: justify\"><span style=\"font-family: arial, helvetica, sans-serif\">Berdevk\u00ea ENKS\u00ea Feysel Y\u00fbsif ragehand ku, ew civ\u00een er\u00ean\u00ee b\u00fb. Herwesa her du aliyan tekez li ser yekhelwestiya Kurdan kiriye.<\/span><\/h3>\n<h3 style=\"text-align: justify\"><span style=\"font-family: arial, helvetica, sans-serif\">Berdevk\u00ea ENKS\u00ea herwesa got, \u201cHer du aliyan tekez li ser \u00e7\u00fbna Kurdan bi \u015fandeke hevpar \u00fb yek ner\u00een\u00ea ji bo \u015eam\u00ea kiriye\u201d.<\/span><\/h3>\n<h3 style=\"text-align: justify\"><span style=\"font-family: arial, helvetica, sans-serif\">Berdevk\u00ea ENKS\u00ea Feysel Y\u00fbsif duh\u00ee (Du\u015fem, 27.01.2025) j\u00ee ragehandib\u00fb ku, li van n\u00eaz\u00eekan hevd\u00eetineke din j\u00ee bi Fermandar\u00ea Gi\u015ft\u00ee y\u00ea H\u00eaz\u00ean S\u00fbriyeya Demokrat\u00eek (HSD) Mezl\u00fbm Ebd\u00ee re t\u00ea kirin.<\/span><\/h3>\n<h3 style=\"text-align: justify\"><span style=\"font-family: arial, helvetica, sans-serif\">Berdevk\u00ea ENKS\u00ea herwesa amaje j\u00ee dab\u00fb, \u201cSerok Barzan\u00ee \u00fb Hevpeymaniya Navdewlet\u00ee li ser yekr\u00eaziya aliy\u00ean Kurd\u00ee rijd in\u201d.<\/span><\/h3>\n","protected":false},"excerpt":{"rendered":"<p>Desteya Serokatiya ENKS\u00ea bi Fermandar\u00ea Gi\u015ft\u00ee y\u00ea H\u00eaz\u00ean S\u00fbriyeya Demokrat\u00eek (HSD) re civiya \u00fb ragehand ku ew civ\u00een er\u00ean\u00ee b\u00fb, herwesa tekez li ser \u00e7\u00fbna Kurdan bi \u015fandeke hevpar \u00fb yek ner\u00een\u00ea ji bo \u015eam\u00ea j\u00ee kiriye. Desteya Serokatiya Enc\u00fbmena Ni\u015ft\u00eeman\u00ee ya Kurd li S\u00fbriyey\u00ea (ENKS) \u00eero (S\u00ea\u015fem, 28.01.2025) bi Fermandar\u00ea Gi\u015ft\u00ee y\u00ea H\u00eaz\u00ean S\u00fbriyeya [&hellip;]<\/p>\n","protected":false},"author":2,"featured_media":1046811,"comment_status":"closed","ping_status":"closed","sticky":false,"template":"","format":"standard","meta":{"footnotes":""},"categories":[29],"tags":[37],"class_list":["post-1046810","post","type-post","status-publish","format-standard","has-post-thumbnail","hentry","category-kurdistan","tag-sereke"],"blocksy_meta":[],"seo_head":"<!-- This site is optimized with the Yoast SEO plugin v27.5 - https:\/\/yoast.com\/product\/yoast-seo-wordpress\/ -->\n<title>ENKS: Civ\u00eena me ya bi Mezl\u00fbm Ebd\u00ee re er\u00ean\u00ee b\u00fb - Darka Maz\u00ee<\/title>\n<meta name=\"robots\" content=\"index, follow, max-snippet:-1, max-image-preview:large, max-video-preview:-1\" \/>\n<link rel=\"canonical\" href=\"https:\/\/darkamazi.info\/archives\/1046810\" \/>\n<meta property=\"og:locale\" content=\"en_US\" \/>\n<meta property=\"og:type\" content=\"article\" \/>\n<meta property=\"og:title\" content=\"ENKS: Civ\u00eena me ya bi Mezl\u00fbm Ebd\u00ee re er\u00ean\u00ee b\u00fb - Darka Maz\u00ee\" \/>\n<meta property=\"og:description\" content=\"Desteya Serokatiya ENKS\u00ea bi Fermandar\u00ea Gi\u015ft\u00ee y\u00ea H\u00eaz\u00ean S\u00fbriyeya Demokrat\u00eek (HSD) re civiya \u00fb ragehand ku ew civ\u00een er\u00ean\u00ee b\u00fb, herwesa tekez li ser \u00e7\u00fbna Kurdan bi \u015fandeke hevpar \u00fb yek ner\u00een\u00ea ji bo \u015eam\u00ea j\u00ee kiriye. Desteya Serokatiya Enc\u00fbmena Ni\u015ft\u00eeman\u00ee ya Kurd li S\u00fbriyey\u00ea (ENKS) \u00eero (S\u00ea\u015fem, 28.01.2025) bi Fermandar\u00ea Gi\u015ft\u00ee y\u00ea H\u00eaz\u00ean S\u00fbriyeya [&hellip;]\" \/>\n<meta property=\"og:url\" content=\"https:\/\/darkamazi.info\/archives\/1046810\" \/>\n<meta property=\"og:site_name\" content=\"Darka Maz\u00ee\" \/>\n<meta property=\"article:publisher\" content=\"https:\/\/www.facebook.com\/DarMaziKurmanci\" \/>\n<meta property=\"article:published_time\" content=\"2025-01-29T07:18:51+00:00\" \/>\n<meta property=\"og:image\" content=\"https:\/\/darkamazi.info\/file\/2025\/01\/ENKS-Mazloum-Abdi-info.jpg\" \/>\n\t<meta property=\"og:image:width\" content=\"900\" \/>\n\t<meta property=\"og:image:height\" content=\"500\" \/>\n\t<meta property=\"og:image:type\" content=\"image\/jpeg\" \/>\n<meta name=\"author\" content=\"darka mazi\" \/>\n<meta name=\"twitter:card\" content=\"summary_large_image\" \/>\n<meta name=\"twitter:creator\" content=\"@DarkaMaziLatini\" \/>\n<meta name=\"twitter:site\" content=\"@DarkaMaziLatini\" \/>\n<meta name=\"twitter:label1\" content=\"Written by\" \/>\n\t<meta name=\"twitter:data1\" content=\"darka mazi\" \/>\n\t<meta name=\"twitter:label2\" content=\"Est. reading time\" \/>\n\t<meta name=\"twitter:data2\" content=\"1 minute\" \/>\n<script type=\"application\/ld+json\" class=\"seo-schema-graph\">{\"@context\":\"https:\\\/\\\/schema.org\",\"@graph\":[{\"@type\":\"Article\",\"@id\":\"https:\\\/\\\/darkamazi.info\\\/archives\\\/1046810#article\",\"isPartOf\":{\"@id\":\"https:\\\/\\\/darkamazi.info\\\/archives\\\/1046810\"},\"author\":{\"name\":\"darka mazi\",\"@id\":\"https:\\\/\\\/darkamazi.info\\\/#\\\/schema\\\/person\\\/5ad3e24553a0567993fa8ed4bd0a776c\"},\"headline\":\"ENKS: Civ\u00eena me ya bi Mezl\u00fbm Ebd\u00ee re er\u00ean\u00ee b\u00fb\",\"datePublished\":\"2025-01-29T07:18:51+00:00\",\"mainEntityOfPage\":{\"@id\":\"https:\\\/\\\/darkamazi.info\\\/archives\\\/1046810\"},\"wordCount\":193,\"publisher\":{\"@id\":\"https:\\\/\\\/darkamazi.info\\\/#organization\"},\"image\":{\"@id\":\"https:\\\/\\\/darkamazi.info\\\/archives\\\/1046810#primaryimage\"},\"thumbnailUrl\":\"https:\\\/\\\/darkamazi.info\\\/darka-content\\\/uploads\\\/2025\\\/01\\\/ENKS-Mazloum-Abdi-info.jpg\",\"keywords\":[\"sereke\"],\"articleSection\":[\"Kurdistan\"],\"inLanguage\":\"en-US\"},{\"@type\":\"WebPage\",\"@id\":\"https:\\\/\\\/darkamazi.info\\\/archives\\\/1046810\",\"url\":\"https:\\\/\\\/darkamazi.info\\\/archives\\\/1046810\",\"name\":\"ENKS: Civ\u00eena me ya bi Mezl\u00fbm Ebd\u00ee re er\u00ean\u00ee b\u00fb - Darka Maz\u00ee\",\"isPartOf\":{\"@id\":\"https:\\\/\\\/darkamazi.info\\\/#website\"},\"primaryImageOfPage\":{\"@id\":\"https:\\\/\\\/darkamazi.info\\\/archives\\\/1046810#primaryimage\"},\"image\":{\"@id\":\"https:\\\/\\\/darkamazi.info\\\/archives\\\/1046810#primaryimage\"},\"thumbnailUrl\":\"https:\\\/\\\/darkamazi.info\\\/darka-content\\\/uploads\\\/2025\\\/01\\\/ENKS-Mazloum-Abdi-info.jpg\",\"datePublished\":\"2025-01-29T07:18:51+00:00\",\"breadcrumb\":{\"@id\":\"https:\\\/\\\/darkamazi.info\\\/archives\\\/1046810#breadcrumb\"},\"inLanguage\":\"en-US\",\"potentialAction\":[{\"@type\":\"ReadAction\",\"target\":[\"https:\\\/\\\/darkamazi.info\\\/archives\\\/1046810\"]}]},{\"@type\":\"ImageObject\",\"inLanguage\":\"en-US\",\"@id\":\"https:\\\/\\\/darkamazi.info\\\/archives\\\/1046810#primaryimage\",\"url\":\"https:\\\/\\\/darkamazi.info\\\/darka-content\\\/uploads\\\/2025\\\/01\\\/ENKS-Mazloum-Abdi-info.jpg\",\"contentUrl\":\"https:\\\/\\\/darkamazi.info\\\/darka-content\\\/uploads\\\/2025\\\/01\\\/ENKS-Mazloum-Abdi-info.jpg\",\"width\":900,\"height\":500,\"caption\":\"ENKS-Mazloum-Abdi-net\"},{\"@type\":\"BreadcrumbList\",\"@id\":\"https:\\\/\\\/darkamazi.info\\\/archives\\\/1046810#breadcrumb\",\"itemListElement\":[{\"@type\":\"ListItem\",\"position\":1,\"name\":\"Home\",\"item\":\"https:\\\/\\\/darkamazi.info\\\/\"},{\"@type\":\"ListItem\",\"position\":2,\"name\":\"ENKS: Civ\u00eena me ya bi Mezl\u00fbm Ebd\u00ee re er\u00ean\u00ee b\u00fb\"}]},{\"@type\":\"WebSite\",\"@id\":\"https:\\\/\\\/darkamazi.info\\\/#website\",\"url\":\"https:\\\/\\\/darkamazi.info\\\/\",\"name\":\"Darka Maz\u00ee\",\"description\":\"P\u00eageha Zanyariy\u00ean Nebih\u00eest\u00ee\",\"publisher\":{\"@id\":\"https:\\\/\\\/darkamazi.info\\\/#organization\"},\"potentialAction\":[{\"@type\":\"SearchAction\",\"target\":{\"@type\":\"EntryPoint\",\"urlTemplate\":\"https:\\\/\\\/darkamazi.info\\\/?s={search_term_string}\"},\"query-input\":{\"@type\":\"PropertyValueSpecification\",\"valueRequired\":true,\"valueName\":\"search_term_string\"}}],\"inLanguage\":\"en-US\"},{\"@type\":\"Organization\",\"@id\":\"https:\\\/\\\/darkamazi.info\\\/#organization\",\"name\":\"Darka Maz\u00ee\",\"url\":\"https:\\\/\\\/darkamazi.info\\\/\",\"logo\":{\"@type\":\"ImageObject\",\"inLanguage\":\"en-US\",\"@id\":\"https:\\\/\\\/darkamazi.info\\\/#\\\/schema\\\/logo\\\/image\\\/\",\"url\":\"https:\\\/\\\/darkamazi.info\\\/darka-content\\\/uploads\\\/2017\\\/12\\\/darka-mazi-logo.png\",\"contentUrl\":\"https:\\\/\\\/darkamazi.info\\\/darka-content\\\/uploads\\\/2017\\\/12\\\/darka-mazi-logo.png\",\"width\":151,\"height\":75,\"caption\":\"Darka Maz\u00ee\"},\"image\":{\"@id\":\"https:\\\/\\\/darkamazi.info\\\/#\\\/schema\\\/logo\\\/image\\\/\"},\"sameAs\":[\"https:\\\/\\\/www.facebook.com\\\/DarMaziKurmanci\",\"https:\\\/\\\/x.com\\\/DarkaMaziLatini\",\"https:\\\/\\\/www.instagram.com\\\/darkamazi.kurmanci\\\/\",\"https:\\\/\\\/www.youtube.com\\\/channel\\\/UCa5HkTdmI8U1qCUFuTw8B2g\"]},{\"@type\":\"Person\",\"@id\":\"https:\\\/\\\/darkamazi.info\\\/#\\\/schema\\\/person\\\/5ad3e24553a0567993fa8ed4bd0a776c\",\"name\":\"darka mazi\",\"sameAs\":[\"https:\\\/\\\/darkamazi.info\\\/\"],\"url\":\"https:\\\/\\\/darkamazi.info\\\/archives\\\/author\\\/kurdi\"}]}<\/script>\n<!-- \/ Yoast SEO plugin. -->","seo_head_json":{"title":"ENKS: Civ\u00eena me ya bi Mezl\u00fbm Ebd\u00ee re er\u00ean\u00ee b\u00fb - Darka Maz\u00ee","robots":{"index":"index","follow":"follow","max-snippet":"max-snippet:-1","max-image-preview":"max-image-preview:large","max-video-preview":"max-video-preview:-1"},"canonical":"https:\/\/darkamazi.info\/archives\/1046810","og_locale":"en_US","og_type":"article","og_title":"ENKS: Civ\u00eena me ya bi Mezl\u00fbm Ebd\u00ee re er\u00ean\u00ee b\u00fb - Darka Maz\u00ee","og_description":"Desteya Serokatiya ENKS\u00ea bi Fermandar\u00ea Gi\u015ft\u00ee y\u00ea H\u00eaz\u00ean S\u00fbriyeya Demokrat\u00eek (HSD) re civiya \u00fb ragehand ku ew civ\u00een er\u00ean\u00ee b\u00fb, herwesa tekez li ser \u00e7\u00fbna Kurdan bi \u015fandeke hevpar \u00fb yek ner\u00een\u00ea ji bo \u015eam\u00ea j\u00ee kiriye. Desteya Serokatiya Enc\u00fbmena Ni\u015ft\u00eeman\u00ee ya Kurd li S\u00fbriyey\u00ea (ENKS) \u00eero (S\u00ea\u015fem, 28.01.2025) bi Fermandar\u00ea Gi\u015ft\u00ee y\u00ea H\u00eaz\u00ean S\u00fbriyeya [&hellip;]","og_url":"https:\/\/darkamazi.info\/archives\/1046810","og_site_name":"Darka Maz\u00ee","article_publisher":"https:\/\/www.facebook.com\/DarMaziKurmanci","article_published_time":"2025-01-29T07:18:51+00:00","og_image":[{"width":900,"height":500,"url":"https:\/\/darkamazi.info\/file\/2025\/01\/ENKS-Mazloum-Abdi-info.jpg","type":"image\/jpeg"}],"author":"darka mazi","twitter_card":"summary_large_image","twitter_creator":"@DarkaMaziLatini","twitter_site":"@DarkaMaziLatini","twitter_misc":{"Written by":"darka mazi","Est. reading time":"1 minute"},"schema":{"@context":"https:\/\/schema.org","@graph":[{"@type":"Article","@id":"https:\/\/darkamazi.info\/archives\/1046810#article","isPartOf":{"@id":"https:\/\/darkamazi.info\/archives\/1046810"},"author":{"name":"darka mazi","@id":"https:\/\/darkamazi.info\/#\/schema\/person\/5ad3e24553a0567993fa8ed4bd0a776c"},"headline":"ENKS: Civ\u00eena me ya bi Mezl\u00fbm Ebd\u00ee re er\u00ean\u00ee b\u00fb","datePublished":"2025-01-29T07:18:51+00:00","mainEntityOfPage":{"@id":"https:\/\/darkamazi.info\/archives\/1046810"},"wordCount":193,"publisher":{"@id":"https:\/\/darkamazi.info\/#organization"},"image":{"@id":"https:\/\/darkamazi.info\/archives\/1046810#primaryimage"},"thumbnailUrl":"https:\/\/darkamazi.info\/file\/2025\/01\/ENKS-Mazloum-Abdi-info.jpg","keywords":["sereke"],"articleSection":["Kurdistan"],"inLanguage":"en-US"},{"@type":"WebPage","@id":"https:\/\/darkamazi.info\/archives\/1046810","url":"https:\/\/darkamazi.info\/archives\/1046810","name":"ENKS: Civ\u00eena me ya bi Mezl\u00fbm Ebd\u00ee re er\u00ean\u00ee b\u00fb - Darka Maz\u00ee","isPartOf":{"@id":"https:\/\/darkamazi.info\/#website"},"primaryImageOfPage":{"@id":"https:\/\/darkamazi.info\/archives\/1046810#primaryimage"},"image":{"@id":"https:\/\/darkamazi.info\/archives\/1046810#primaryimage"},"thumbnailUrl":"https:\/\/darkamazi.info\/file\/2025\/01\/ENKS-Mazloum-Abdi-info.jpg","datePublished":"2025-01-29T07:18:51+00:00","breadcrumb":{"@id":"https:\/\/darkamazi.info\/archives\/1046810#breadcrumb"},"inLanguage":"en-US","potentialAction":[{"@type":"ReadAction","target":["https:\/\/darkamazi.info\/archives\/1046810"]}]},{"@type":"ImageObject","inLanguage":"en-US","@id":"https:\/\/darkamazi.info\/archives\/1046810#primaryimage","url":"https:\/\/darkamazi.info\/file\/2025\/01\/ENKS-Mazloum-Abdi-info.jpg","contentUrl":"https:\/\/darkamazi.info\/file\/2025\/01\/ENKS-Mazloum-Abdi-info.jpg","width":900,"height":500,"caption":"ENKS-Mazloum-Abdi-net"},{"@type":"BreadcrumbList","@id":"https:\/\/darkamazi.info\/archives\/1046810#breadcrumb","itemListElement":[{"@type":"ListItem","position":1,"name":"Home","item":"https:\/\/darkamazi.info\/"},{"@type":"ListItem","position":2,"name":"ENKS: Civ\u00eena me ya bi Mezl\u00fbm Ebd\u00ee re er\u00ean\u00ee b\u00fb"}]},{"@type":"WebSite","@id":"https:\/\/darkamazi.info\/#website","url":"https:\/\/darkamazi.info\/","name":"Darka Maz\u00ee","description":"P\u00eageha Zanyariy\u00ean Nebih\u00eest\u00ee","publisher":{"@id":"https:\/\/darkamazi.info\/#organization"},"potentialAction":[{"@type":"SearchAction","target":{"@type":"EntryPoint","urlTemplate":"https:\/\/darkamazi.info\/?s={search_term_string}"},"query-input":{"@type":"PropertyValueSpecification","valueRequired":true,"valueName":"search_term_string"}}],"inLanguage":"en-US"},{"@type":"Organization","@id":"https:\/\/darkamazi.info\/#organization","name":"Darka Maz\u00ee","url":"https:\/\/darkamazi.info\/","logo":{"@type":"ImageObject","inLanguage":"en-US","@id":"https:\/\/darkamazi.info\/#\/schema\/logo\/image\/","url":"https:\/\/darkamazi.info\/file\/2017\/12\/darka-mazi-logo.png","contentUrl":"https:\/\/darkamazi.info\/file\/2017\/12\/darka-mazi-logo.png","width":151,"height":75,"caption":"Darka Maz\u00ee"},"image":{"@id":"https:\/\/darkamazi.info\/#\/schema\/logo\/image\/"},"sameAs":["https:\/\/www.facebook.com\/DarMaziKurmanci","https:\/\/x.com\/DarkaMaziLatini","https:\/\/www.instagram.com\/darkamazi.kurmanci\/","https:\/\/www.youtube.com\/channel\/UCa5HkTdmI8U1qCUFuTw8B2g"]},{"@type":"Person","@id":"https:\/\/darkamazi.info\/#\/schema\/person\/5ad3e24553a0567993fa8ed4bd0a776c","name":"darka mazi","sameAs":["https:\/\/darkamazi.info\/"],"url":"https:\/\/darkamazi.info\/archives\/author\/kurdi"}]}},"_links":{"self":[{"href":"https:\/\/darkamazi.info\/funavuv\/wp\/v2\/posts\/1046810","targetHints":{"allow":["GET"]}}],"collection":[{"href":"https:\/\/darkamazi.info\/funavuv\/wp\/v2\/posts"}],"about":[{"href":"https:\/\/darkamazi.info\/funavuv\/wp\/v2\/types\/post"}],"author":[{"embeddable":true,"href":"https:\/\/darkamazi.info\/funavuv\/wp\/v2\/users\/2"}],"replies":[{"embeddable":true,"href":"https:\/\/darkamazi.info\/funavuv\/wp\/v2\/comments?post=1046810"}],"version-history":[{"count":0,"href":"https:\/\/darkamazi.info\/funavuv\/wp\/v2\/posts\/1046810\/revisions"}],"wp:featuredmedia":[{"embeddable":true,"href":"https:\/\/darkamazi.info\/funavuv\/wp\/v2\/media\/1046811"}],"wp:attachment":[{"href":"https:\/\/darkamazi.info\/funavuv\/wp\/v2\/media?parent=1046810"}],"wp:term":[{"taxonomy":"category","embeddable":true,"href":"https:\/\/darkamazi.info\/funavuv\/wp\/v2\/categories?post=1046810"},{"taxonomy":"post_tag","embeddable":true,"href":"https:\/\/darkamazi.info\/funavuv\/wp\/v2\/tags?post=1046810"}],"curies":[{"name":"wp","href":"https:\/\/api.w.org\/{rel}","templated":true}]}}