{"id":1046816,"date":"2025-01-29T12:10:40","date_gmt":"2025-01-29T09:10:40","guid":{"rendered":"https:\/\/darkamazi.info\/?p=1046816"},"modified":"2025-01-29T12:10:40","modified_gmt":"2025-01-29T09:10:40","slug":"mite-berpirseka-pkke-li-rojava-kurdistane-kust","status":"publish","type":"post","link":"https:\/\/darkamazi.info\/archives\/1046816","title":{"rendered":"M\u00ceT\u00ea berpirseka PKK\u00ea li Rojava Kurdistan\u00ea ku\u015ft"},"content":{"rendered":"<h3 style=\"text-align: justify\"><span style=\"font-family: 'arial black', sans-serif\">\u00cestixbarata dewleta Tirk (M\u00ceT\u00ea) li Rojava Kurdistan\u00ea bi operasyonek\u00ea berpirsa PKK\u00ea ya bi nav\u00ea \u015e\u00eeraz Omer \u00fb kodnav\u00ea &#8220;Sozdar Efr\u00een&#8221;, ku\u015ft.<\/span><\/h3>\n<h3 style=\"text-align: justify\"><span style=\"font-family: arial, helvetica, sans-serif\">Ajansa Anadoluy\u00ea \u00eero roja \u00e7ar\u015fem\u00ee 29 \u00c7ileya 2025\u00ea belavkir, li gor agahiy\u00ean ku ji \u00e7avkaniy\u00ean ewlehiy\u00ea hatin hildan, cih\u00ea \u015e\u00eeraz Omer ya ku nav\u00ea w\u00ea di l\u00eesteya hedef\u00ea ya M\u00ceT\u00ea da b\u00fb pi\u015ft\u00ee xebat\u00ean \u00eestixbarat\u00ea hat tesp\u00eetkirin.<\/span><\/h3>\n<h3 style=\"text-align: justify\"><span style=\"font-family: arial, helvetica, sans-serif\">Omer ya ku di nav saz\u00fbmaniya aboriy\u00ea ya PKK\u00ea\/YPG\u00ea da b\u00fb, ji h\u00eala M\u00ceT\u00ea va dihat \u015fopandin, pi\u015ftre ew li ser r\u00eaya Rim\u00ealan &#8211; Malkiyey\u00ea bi operasyonek\u00ea hat ku\u015ftin.<\/span><\/h3>\n","protected":false},"excerpt":{"rendered":"<p>\u00cestixbarata dewleta Tirk (M\u00ceT\u00ea) li Rojava Kurdistan\u00ea bi operasyonek\u00ea berpirsa PKK\u00ea ya bi nav\u00ea \u015e\u00eeraz Omer \u00fb kodnav\u00ea &#8220;Sozdar Efr\u00een&#8221;, ku\u015ft. Ajansa Anadoluy\u00ea \u00eero roja \u00e7ar\u015fem\u00ee 29 \u00c7ileya 2025\u00ea belavkir, li gor agahiy\u00ean ku ji \u00e7avkaniy\u00ean ewlehiy\u00ea hatin hildan, cih\u00ea \u015e\u00eeraz Omer ya ku nav\u00ea w\u00ea di l\u00eesteya hedef\u00ea ya M\u00ceT\u00ea da b\u00fb pi\u015ft\u00ee xebat\u00ean [&hellip;]<\/p>\n","protected":false},"author":2,"featured_media":1046817,"comment_status":"closed","ping_status":"closed","sticky":false,"template":"","format":"standard","meta":{"footnotes":""},"categories":[29],"tags":[37],"class_list":["post-1046816","post","type-post","status-publish","format-standard","has-post-thumbnail","hentry","category-kurdistan","tag-sereke"],"blocksy_meta":[],"seo_head":"<!-- This site is optimized with the Yoast SEO plugin v27.5 - https:\/\/yoast.com\/product\/yoast-seo-wordpress\/ -->\n<title>M\u00ceT\u00ea berpirseka PKK\u00ea li Rojava Kurdistan\u00ea ku\u015ft - Darka Maz\u00ee<\/title>\n<meta name=\"robots\" content=\"index, follow, max-snippet:-1, max-image-preview:large, max-video-preview:-1\" \/>\n<link rel=\"canonical\" href=\"https:\/\/darkamazi.info\/archives\/1046816\" \/>\n<meta property=\"og:locale\" content=\"en_US\" \/>\n<meta property=\"og:type\" content=\"article\" \/>\n<meta property=\"og:title\" content=\"M\u00ceT\u00ea berpirseka PKK\u00ea li Rojava Kurdistan\u00ea ku\u015ft - Darka Maz\u00ee\" \/>\n<meta property=\"og:description\" content=\"\u00cestixbarata dewleta Tirk (M\u00ceT\u00ea) li Rojava Kurdistan\u00ea bi operasyonek\u00ea berpirsa PKK\u00ea ya bi nav\u00ea \u015e\u00eeraz Omer \u00fb kodnav\u00ea &#8220;Sozdar Efr\u00een&#8221;, ku\u015ft. Ajansa Anadoluy\u00ea \u00eero roja \u00e7ar\u015fem\u00ee 29 \u00c7ileya 2025\u00ea belavkir, li gor agahiy\u00ean ku ji \u00e7avkaniy\u00ean ewlehiy\u00ea hatin hildan, cih\u00ea \u015e\u00eeraz Omer ya ku nav\u00ea w\u00ea di l\u00eesteya hedef\u00ea ya M\u00ceT\u00ea da b\u00fb pi\u015ft\u00ee xebat\u00ean [&hellip;]\" \/>\n<meta property=\"og:url\" content=\"https:\/\/darkamazi.info\/archives\/1046816\" \/>\n<meta property=\"og:site_name\" content=\"Darka Maz\u00ee\" \/>\n<meta property=\"article:publisher\" content=\"https:\/\/www.facebook.com\/DarMaziKurmanci\" \/>\n<meta property=\"article:published_time\" content=\"2025-01-29T09:10:40+00:00\" \/>\n<meta property=\"og:image\" content=\"https:\/\/darkamazi.info\/file\/2025\/01\/Sozdar-Efrin-pkk-ypg-info.jpg\" \/>\n\t<meta property=\"og:image:width\" content=\"900\" \/>\n\t<meta property=\"og:image:height\" content=\"500\" \/>\n\t<meta property=\"og:image:type\" content=\"image\/jpeg\" \/>\n<meta name=\"author\" content=\"darka mazi\" \/>\n<meta name=\"twitter:card\" content=\"summary_large_image\" \/>\n<meta name=\"twitter:creator\" content=\"@DarkaMaziLatini\" \/>\n<meta name=\"twitter:site\" content=\"@DarkaMaziLatini\" \/>\n<meta name=\"twitter:label1\" content=\"Written by\" \/>\n\t<meta name=\"twitter:data1\" content=\"darka mazi\" \/>\n\t<meta name=\"twitter:label2\" content=\"Est. reading time\" \/>\n\t<meta name=\"twitter:data2\" content=\"1 minute\" \/>\n<script type=\"application\/ld+json\" class=\"seo-schema-graph\">{\"@context\":\"https:\\\/\\\/schema.org\",\"@graph\":[{\"@type\":\"Article\",\"@id\":\"https:\\\/\\\/darkamazi.info\\\/archives\\\/1046816#article\",\"isPartOf\":{\"@id\":\"https:\\\/\\\/darkamazi.info\\\/archives\\\/1046816\"},\"author\":{\"name\":\"darka mazi\",\"@id\":\"https:\\\/\\\/darkamazi.info\\\/#\\\/schema\\\/person\\\/5ad3e24553a0567993fa8ed4bd0a776c\"},\"headline\":\"M\u00ceT\u00ea berpirseka PKK\u00ea li Rojava Kurdistan\u00ea ku\u015ft\",\"datePublished\":\"2025-01-29T09:10:40+00:00\",\"mainEntityOfPage\":{\"@id\":\"https:\\\/\\\/darkamazi.info\\\/archives\\\/1046816\"},\"wordCount\":112,\"publisher\":{\"@id\":\"https:\\\/\\\/darkamazi.info\\\/#organization\"},\"image\":{\"@id\":\"https:\\\/\\\/darkamazi.info\\\/archives\\\/1046816#primaryimage\"},\"thumbnailUrl\":\"https:\\\/\\\/darkamazi.info\\\/darka-content\\\/uploads\\\/2025\\\/01\\\/Sozdar-Efrin-pkk-ypg-info.jpg\",\"keywords\":[\"sereke\"],\"articleSection\":[\"Kurdistan\"],\"inLanguage\":\"en-US\"},{\"@type\":\"WebPage\",\"@id\":\"https:\\\/\\\/darkamazi.info\\\/archives\\\/1046816\",\"url\":\"https:\\\/\\\/darkamazi.info\\\/archives\\\/1046816\",\"name\":\"M\u00ceT\u00ea berpirseka PKK\u00ea li Rojava Kurdistan\u00ea ku\u015ft - Darka Maz\u00ee\",\"isPartOf\":{\"@id\":\"https:\\\/\\\/darkamazi.info\\\/#website\"},\"primaryImageOfPage\":{\"@id\":\"https:\\\/\\\/darkamazi.info\\\/archives\\\/1046816#primaryimage\"},\"image\":{\"@id\":\"https:\\\/\\\/darkamazi.info\\\/archives\\\/1046816#primaryimage\"},\"thumbnailUrl\":\"https:\\\/\\\/darkamazi.info\\\/darka-content\\\/uploads\\\/2025\\\/01\\\/Sozdar-Efrin-pkk-ypg-info.jpg\",\"datePublished\":\"2025-01-29T09:10:40+00:00\",\"breadcrumb\":{\"@id\":\"https:\\\/\\\/darkamazi.info\\\/archives\\\/1046816#breadcrumb\"},\"inLanguage\":\"en-US\",\"potentialAction\":[{\"@type\":\"ReadAction\",\"target\":[\"https:\\\/\\\/darkamazi.info\\\/archives\\\/1046816\"]}]},{\"@type\":\"ImageObject\",\"inLanguage\":\"en-US\",\"@id\":\"https:\\\/\\\/darkamazi.info\\\/archives\\\/1046816#primaryimage\",\"url\":\"https:\\\/\\\/darkamazi.info\\\/darka-content\\\/uploads\\\/2025\\\/01\\\/Sozdar-Efrin-pkk-ypg-info.jpg\",\"contentUrl\":\"https:\\\/\\\/darkamazi.info\\\/darka-content\\\/uploads\\\/2025\\\/01\\\/Sozdar-Efrin-pkk-ypg-info.jpg\",\"width\":900,\"height\":500,\"caption\":\"Sozdar Efr\u00een-pkk-ypg-info\"},{\"@type\":\"BreadcrumbList\",\"@id\":\"https:\\\/\\\/darkamazi.info\\\/archives\\\/1046816#breadcrumb\",\"itemListElement\":[{\"@type\":\"ListItem\",\"position\":1,\"name\":\"Home\",\"item\":\"https:\\\/\\\/darkamazi.info\\\/\"},{\"@type\":\"ListItem\",\"position\":2,\"name\":\"M\u00ceT\u00ea berpirseka PKK\u00ea li Rojava Kurdistan\u00ea ku\u015ft\"}]},{\"@type\":\"WebSite\",\"@id\":\"https:\\\/\\\/darkamazi.info\\\/#website\",\"url\":\"https:\\\/\\\/darkamazi.info\\\/\",\"name\":\"Darka Maz\u00ee\",\"description\":\"P\u00eageha Zanyariy\u00ean Nebih\u00eest\u00ee\",\"publisher\":{\"@id\":\"https:\\\/\\\/darkamazi.info\\\/#organization\"},\"potentialAction\":[{\"@type\":\"SearchAction\",\"target\":{\"@type\":\"EntryPoint\",\"urlTemplate\":\"https:\\\/\\\/darkamazi.info\\\/?s={search_term_string}\"},\"query-input\":{\"@type\":\"PropertyValueSpecification\",\"valueRequired\":true,\"valueName\":\"search_term_string\"}}],\"inLanguage\":\"en-US\"},{\"@type\":\"Organization\",\"@id\":\"https:\\\/\\\/darkamazi.info\\\/#organization\",\"name\":\"Darka Maz\u00ee\",\"url\":\"https:\\\/\\\/darkamazi.info\\\/\",\"logo\":{\"@type\":\"ImageObject\",\"inLanguage\":\"en-US\",\"@id\":\"https:\\\/\\\/darkamazi.info\\\/#\\\/schema\\\/logo\\\/image\\\/\",\"url\":\"https:\\\/\\\/darkamazi.info\\\/darka-content\\\/uploads\\\/2017\\\/12\\\/darka-mazi-logo.png\",\"contentUrl\":\"https:\\\/\\\/darkamazi.info\\\/darka-content\\\/uploads\\\/2017\\\/12\\\/darka-mazi-logo.png\",\"width\":151,\"height\":75,\"caption\":\"Darka Maz\u00ee\"},\"image\":{\"@id\":\"https:\\\/\\\/darkamazi.info\\\/#\\\/schema\\\/logo\\\/image\\\/\"},\"sameAs\":[\"https:\\\/\\\/www.facebook.com\\\/DarMaziKurmanci\",\"https:\\\/\\\/x.com\\\/DarkaMaziLatini\",\"https:\\\/\\\/www.instagram.com\\\/darkamazi.kurmanci\\\/\",\"https:\\\/\\\/www.youtube.com\\\/channel\\\/UCa5HkTdmI8U1qCUFuTw8B2g\"]},{\"@type\":\"Person\",\"@id\":\"https:\\\/\\\/darkamazi.info\\\/#\\\/schema\\\/person\\\/5ad3e24553a0567993fa8ed4bd0a776c\",\"name\":\"darka mazi\",\"sameAs\":[\"https:\\\/\\\/darkamazi.info\\\/\"],\"url\":\"https:\\\/\\\/darkamazi.info\\\/archives\\\/author\\\/kurdi\"}]}<\/script>\n<!-- \/ Yoast SEO plugin. -->","seo_head_json":{"title":"M\u00ceT\u00ea berpirseka PKK\u00ea li Rojava Kurdistan\u00ea ku\u015ft - Darka Maz\u00ee","robots":{"index":"index","follow":"follow","max-snippet":"max-snippet:-1","max-image-preview":"max-image-preview:large","max-video-preview":"max-video-preview:-1"},"canonical":"https:\/\/darkamazi.info\/archives\/1046816","og_locale":"en_US","og_type":"article","og_title":"M\u00ceT\u00ea berpirseka PKK\u00ea li Rojava Kurdistan\u00ea ku\u015ft - Darka Maz\u00ee","og_description":"\u00cestixbarata dewleta Tirk (M\u00ceT\u00ea) li Rojava Kurdistan\u00ea bi operasyonek\u00ea berpirsa PKK\u00ea ya bi nav\u00ea \u015e\u00eeraz Omer \u00fb kodnav\u00ea &#8220;Sozdar Efr\u00een&#8221;, ku\u015ft. Ajansa Anadoluy\u00ea \u00eero roja \u00e7ar\u015fem\u00ee 29 \u00c7ileya 2025\u00ea belavkir, li gor agahiy\u00ean ku ji \u00e7avkaniy\u00ean ewlehiy\u00ea hatin hildan, cih\u00ea \u015e\u00eeraz Omer ya ku nav\u00ea w\u00ea di l\u00eesteya hedef\u00ea ya M\u00ceT\u00ea da b\u00fb pi\u015ft\u00ee xebat\u00ean [&hellip;]","og_url":"https:\/\/darkamazi.info\/archives\/1046816","og_site_name":"Darka Maz\u00ee","article_publisher":"https:\/\/www.facebook.com\/DarMaziKurmanci","article_published_time":"2025-01-29T09:10:40+00:00","og_image":[{"width":900,"height":500,"url":"https:\/\/darkamazi.info\/file\/2025\/01\/Sozdar-Efrin-pkk-ypg-info.jpg","type":"image\/jpeg"}],"author":"darka mazi","twitter_card":"summary_large_image","twitter_creator":"@DarkaMaziLatini","twitter_site":"@DarkaMaziLatini","twitter_misc":{"Written by":"darka mazi","Est. reading time":"1 minute"},"schema":{"@context":"https:\/\/schema.org","@graph":[{"@type":"Article","@id":"https:\/\/darkamazi.info\/archives\/1046816#article","isPartOf":{"@id":"https:\/\/darkamazi.info\/archives\/1046816"},"author":{"name":"darka mazi","@id":"https:\/\/darkamazi.info\/#\/schema\/person\/5ad3e24553a0567993fa8ed4bd0a776c"},"headline":"M\u00ceT\u00ea berpirseka PKK\u00ea li Rojava Kurdistan\u00ea ku\u015ft","datePublished":"2025-01-29T09:10:40+00:00","mainEntityOfPage":{"@id":"https:\/\/darkamazi.info\/archives\/1046816"},"wordCount":112,"publisher":{"@id":"https:\/\/darkamazi.info\/#organization"},"image":{"@id":"https:\/\/darkamazi.info\/archives\/1046816#primaryimage"},"thumbnailUrl":"https:\/\/darkamazi.info\/file\/2025\/01\/Sozdar-Efrin-pkk-ypg-info.jpg","keywords":["sereke"],"articleSection":["Kurdistan"],"inLanguage":"en-US"},{"@type":"WebPage","@id":"https:\/\/darkamazi.info\/archives\/1046816","url":"https:\/\/darkamazi.info\/archives\/1046816","name":"M\u00ceT\u00ea berpirseka PKK\u00ea li Rojava Kurdistan\u00ea ku\u015ft - Darka Maz\u00ee","isPartOf":{"@id":"https:\/\/darkamazi.info\/#website"},"primaryImageOfPage":{"@id":"https:\/\/darkamazi.info\/archives\/1046816#primaryimage"},"image":{"@id":"https:\/\/darkamazi.info\/archives\/1046816#primaryimage"},"thumbnailUrl":"https:\/\/darkamazi.info\/file\/2025\/01\/Sozdar-Efrin-pkk-ypg-info.jpg","datePublished":"2025-01-29T09:10:40+00:00","breadcrumb":{"@id":"https:\/\/darkamazi.info\/archives\/1046816#breadcrumb"},"inLanguage":"en-US","potentialAction":[{"@type":"ReadAction","target":["https:\/\/darkamazi.info\/archives\/1046816"]}]},{"@type":"ImageObject","inLanguage":"en-US","@id":"https:\/\/darkamazi.info\/archives\/1046816#primaryimage","url":"https:\/\/darkamazi.info\/file\/2025\/01\/Sozdar-Efrin-pkk-ypg-info.jpg","contentUrl":"https:\/\/darkamazi.info\/file\/2025\/01\/Sozdar-Efrin-pkk-ypg-info.jpg","width":900,"height":500,"caption":"Sozdar Efr\u00een-pkk-ypg-info"},{"@type":"BreadcrumbList","@id":"https:\/\/darkamazi.info\/archives\/1046816#breadcrumb","itemListElement":[{"@type":"ListItem","position":1,"name":"Home","item":"https:\/\/darkamazi.info\/"},{"@type":"ListItem","position":2,"name":"M\u00ceT\u00ea berpirseka PKK\u00ea li Rojava Kurdistan\u00ea ku\u015ft"}]},{"@type":"WebSite","@id":"https:\/\/darkamazi.info\/#website","url":"https:\/\/darkamazi.info\/","name":"Darka Maz\u00ee","description":"P\u00eageha Zanyariy\u00ean Nebih\u00eest\u00ee","publisher":{"@id":"https:\/\/darkamazi.info\/#organization"},"potentialAction":[{"@type":"SearchAction","target":{"@type":"EntryPoint","urlTemplate":"https:\/\/darkamazi.info\/?s={search_term_string}"},"query-input":{"@type":"PropertyValueSpecification","valueRequired":true,"valueName":"search_term_string"}}],"inLanguage":"en-US"},{"@type":"Organization","@id":"https:\/\/darkamazi.info\/#organization","name":"Darka Maz\u00ee","url":"https:\/\/darkamazi.info\/","logo":{"@type":"ImageObject","inLanguage":"en-US","@id":"https:\/\/darkamazi.info\/#\/schema\/logo\/image\/","url":"https:\/\/darkamazi.info\/file\/2017\/12\/darka-mazi-logo.png","contentUrl":"https:\/\/darkamazi.info\/file\/2017\/12\/darka-mazi-logo.png","width":151,"height":75,"caption":"Darka Maz\u00ee"},"image":{"@id":"https:\/\/darkamazi.info\/#\/schema\/logo\/image\/"},"sameAs":["https:\/\/www.facebook.com\/DarMaziKurmanci","https:\/\/x.com\/DarkaMaziLatini","https:\/\/www.instagram.com\/darkamazi.kurmanci\/","https:\/\/www.youtube.com\/channel\/UCa5HkTdmI8U1qCUFuTw8B2g"]},{"@type":"Person","@id":"https:\/\/darkamazi.info\/#\/schema\/person\/5ad3e24553a0567993fa8ed4bd0a776c","name":"darka mazi","sameAs":["https:\/\/darkamazi.info\/"],"url":"https:\/\/darkamazi.info\/archives\/author\/kurdi"}]}},"_links":{"self":[{"href":"https:\/\/darkamazi.info\/funavuv\/wp\/v2\/posts\/1046816","targetHints":{"allow":["GET"]}}],"collection":[{"href":"https:\/\/darkamazi.info\/funavuv\/wp\/v2\/posts"}],"about":[{"href":"https:\/\/darkamazi.info\/funavuv\/wp\/v2\/types\/post"}],"author":[{"embeddable":true,"href":"https:\/\/darkamazi.info\/funavuv\/wp\/v2\/users\/2"}],"replies":[{"embeddable":true,"href":"https:\/\/darkamazi.info\/funavuv\/wp\/v2\/comments?post=1046816"}],"version-history":[{"count":0,"href":"https:\/\/darkamazi.info\/funavuv\/wp\/v2\/posts\/1046816\/revisions"}],"wp:featuredmedia":[{"embeddable":true,"href":"https:\/\/darkamazi.info\/funavuv\/wp\/v2\/media\/1046817"}],"wp:attachment":[{"href":"https:\/\/darkamazi.info\/funavuv\/wp\/v2\/media?parent=1046816"}],"wp:term":[{"taxonomy":"category","embeddable":true,"href":"https:\/\/darkamazi.info\/funavuv\/wp\/v2\/categories?post=1046816"},{"taxonomy":"post_tag","embeddable":true,"href":"https:\/\/darkamazi.info\/funavuv\/wp\/v2\/tags?post=1046816"}],"curies":[{"name":"wp","href":"https:\/\/api.w.org\/{rel}","templated":true}]}}