{"id":1046889,"date":"2025-02-02T18:48:22","date_gmt":"2025-02-02T15:48:22","guid":{"rendered":"https:\/\/darkamazi.info\/?p=1046889"},"modified":"2025-02-02T18:48:22","modified_gmt":"2025-02-02T15:48:22","slug":"tirkiye-kustina-23-cekdaren-ypge-ragehand","status":"publish","type":"post","link":"https:\/\/darkamazi.info\/archives\/1046889","title":{"rendered":"Tirkiy\u00ea ku\u015ftina 23 \u00e7ekdar\u00ean YPG\u00ea ragehand"},"content":{"rendered":"<h3 style=\"text-align: justify\"><span style=\"font-family: 'arial black', sans-serif\">Art\u00ea\u015fa Tirkiyey\u00ea \u00eero ragehand ku 23 \u00e7ekdar\u00ean YPG\u00ea li Bakur\u00ea S\u00fbryey\u00ea ketine ber \u00ear\u00ee\u015f\u00ean wan \u00fb hatine ku\u015ftin.<\/span><\/h3>\n<h3 style=\"text-align: justify\"><span style=\"font-family: arial, helvetica, sans-serif\">Li gor\u00ee ajansa Anadolu y\u00ea, Wezareta Parastina Netew\u00ee ya Tirkiyey\u00ea \u00eero roja yek\u015fem\u00ee 2 Sibata 2025\u00ea ragehandiye ku 23 \u00e7ekdar\u00ean YPG\u00ea li Bakur\u00ea S\u00fbryey\u00ea ketine ber \u00ear\u00ee\u015f\u00ean wan \u00fb jiyana xwe ji dest da ne.<\/span><\/h3>\n<h3 style=\"text-align: justify\"><span style=\"font-family: arial, helvetica, sans-serif\">Wezareta Parastina Netew\u00ee nego ka ev \u00ear\u00ee\u015f li tu her\u00eamek\u00ea hatine encam day\u00een.<\/span><\/h3>\n<h3 style=\"text-align: justify\"><span style=\"font-family: arial, helvetica, sans-serif\">H\u00eaz\u00ean S\u00fbryeya Demokrat\u00eek HSD\u00ea \u00eero ku\u015ftina le\u015fkerek\u00ee Tirkiyey\u00ea \u00fb 4 \u00e7eteyan ragrhandib\u00fb.<\/span><\/h3>\n","protected":false},"excerpt":{"rendered":"<p>Art\u00ea\u015fa Tirkiyey\u00ea \u00eero ragehand ku 23 \u00e7ekdar\u00ean YPG\u00ea li Bakur\u00ea S\u00fbryey\u00ea ketine ber \u00ear\u00ee\u015f\u00ean wan \u00fb hatine ku\u015ftin. Li gor\u00ee ajansa Anadolu y\u00ea, Wezareta Parastina Netew\u00ee ya Tirkiyey\u00ea \u00eero roja yek\u015fem\u00ee 2 Sibata 2025\u00ea ragehandiye ku 23 \u00e7ekdar\u00ean YPG\u00ea li Bakur\u00ea S\u00fbryey\u00ea ketine ber \u00ear\u00ee\u015f\u00ean wan \u00fb jiyana xwe ji dest da ne. Wezareta Parastina [&hellip;]<\/p>\n","protected":false},"author":2,"featured_media":1046890,"comment_status":"closed","ping_status":"closed","sticky":false,"template":"","format":"standard","meta":{"footnotes":""},"categories":[29],"tags":[37],"class_list":["post-1046889","post","type-post","status-publish","format-standard","has-post-thumbnail","hentry","category-kurdistan","tag-sereke"],"blocksy_meta":[],"seo_head":"<!-- This site is optimized with the Yoast SEO plugin v27.5 - https:\/\/yoast.com\/product\/yoast-seo-wordpress\/ -->\n<title>Tirkiy\u00ea ku\u015ftina 23 \u00e7ekdar\u00ean YPG\u00ea ragehand - Darka Maz\u00ee<\/title>\n<meta name=\"robots\" content=\"index, follow, max-snippet:-1, max-image-preview:large, max-video-preview:-1\" \/>\n<link rel=\"canonical\" href=\"https:\/\/darkamazi.info\/archives\/1046889\" \/>\n<meta property=\"og:locale\" content=\"en_US\" \/>\n<meta property=\"og:type\" content=\"article\" \/>\n<meta property=\"og:title\" content=\"Tirkiy\u00ea ku\u015ftina 23 \u00e7ekdar\u00ean YPG\u00ea ragehand - Darka Maz\u00ee\" \/>\n<meta property=\"og:description\" content=\"Art\u00ea\u015fa Tirkiyey\u00ea \u00eero ragehand ku 23 \u00e7ekdar\u00ean YPG\u00ea li Bakur\u00ea S\u00fbryey\u00ea ketine ber \u00ear\u00ee\u015f\u00ean wan \u00fb hatine ku\u015ftin. Li gor\u00ee ajansa Anadolu y\u00ea, Wezareta Parastina Netew\u00ee ya Tirkiyey\u00ea \u00eero roja yek\u015fem\u00ee 2 Sibata 2025\u00ea ragehandiye ku 23 \u00e7ekdar\u00ean YPG\u00ea li Bakur\u00ea S\u00fbryey\u00ea ketine ber \u00ear\u00ee\u015f\u00ean wan \u00fb jiyana xwe ji dest da ne. Wezareta Parastina [&hellip;]\" \/>\n<meta property=\"og:url\" content=\"https:\/\/darkamazi.info\/archives\/1046889\" \/>\n<meta property=\"og:site_name\" content=\"Darka Maz\u00ee\" \/>\n<meta property=\"article:publisher\" content=\"https:\/\/www.facebook.com\/DarMaziKurmanci\" \/>\n<meta property=\"article:published_time\" content=\"2025-02-02T15:48:22+00:00\" \/>\n<meta property=\"og:image\" content=\"https:\/\/darkamazi.info\/file\/2025\/02\/YPG-23-Rojava-Kurdistan-Net.jpg\" \/>\n\t<meta property=\"og:image:width\" content=\"900\" \/>\n\t<meta property=\"og:image:height\" content=\"500\" \/>\n\t<meta property=\"og:image:type\" content=\"image\/jpeg\" \/>\n<meta name=\"author\" content=\"darka mazi\" \/>\n<meta name=\"twitter:card\" content=\"summary_large_image\" \/>\n<meta name=\"twitter:creator\" content=\"@DarkaMaziLatini\" \/>\n<meta name=\"twitter:site\" content=\"@DarkaMaziLatini\" \/>\n<meta name=\"twitter:label1\" content=\"Written by\" \/>\n\t<meta name=\"twitter:data1\" content=\"darka mazi\" \/>\n\t<meta name=\"twitter:label2\" content=\"Est. reading time\" \/>\n\t<meta name=\"twitter:data2\" content=\"1 minute\" \/>\n<script type=\"application\/ld+json\" class=\"seo-schema-graph\">{\"@context\":\"https:\\\/\\\/schema.org\",\"@graph\":[{\"@type\":\"Article\",\"@id\":\"https:\\\/\\\/darkamazi.info\\\/archives\\\/1046889#article\",\"isPartOf\":{\"@id\":\"https:\\\/\\\/darkamazi.info\\\/archives\\\/1046889\"},\"author\":{\"name\":\"darka mazi\",\"@id\":\"https:\\\/\\\/darkamazi.info\\\/#\\\/schema\\\/person\\\/5ad3e24553a0567993fa8ed4bd0a776c\"},\"headline\":\"Tirkiy\u00ea ku\u015ftina 23 \u00e7ekdar\u00ean YPG\u00ea ragehand\",\"datePublished\":\"2025-02-02T15:48:22+00:00\",\"mainEntityOfPage\":{\"@id\":\"https:\\\/\\\/darkamazi.info\\\/archives\\\/1046889\"},\"wordCount\":94,\"publisher\":{\"@id\":\"https:\\\/\\\/darkamazi.info\\\/#organization\"},\"image\":{\"@id\":\"https:\\\/\\\/darkamazi.info\\\/archives\\\/1046889#primaryimage\"},\"thumbnailUrl\":\"https:\\\/\\\/darkamazi.info\\\/darka-content\\\/uploads\\\/2025\\\/02\\\/YPG-23-Rojava-Kurdistan-Net.jpg\",\"keywords\":[\"sereke\"],\"articleSection\":[\"Kurdistan\"],\"inLanguage\":\"en-US\"},{\"@type\":\"WebPage\",\"@id\":\"https:\\\/\\\/darkamazi.info\\\/archives\\\/1046889\",\"url\":\"https:\\\/\\\/darkamazi.info\\\/archives\\\/1046889\",\"name\":\"Tirkiy\u00ea ku\u015ftina 23 \u00e7ekdar\u00ean YPG\u00ea ragehand - Darka Maz\u00ee\",\"isPartOf\":{\"@id\":\"https:\\\/\\\/darkamazi.info\\\/#website\"},\"primaryImageOfPage\":{\"@id\":\"https:\\\/\\\/darkamazi.info\\\/archives\\\/1046889#primaryimage\"},\"image\":{\"@id\":\"https:\\\/\\\/darkamazi.info\\\/archives\\\/1046889#primaryimage\"},\"thumbnailUrl\":\"https:\\\/\\\/darkamazi.info\\\/darka-content\\\/uploads\\\/2025\\\/02\\\/YPG-23-Rojava-Kurdistan-Net.jpg\",\"datePublished\":\"2025-02-02T15:48:22+00:00\",\"breadcrumb\":{\"@id\":\"https:\\\/\\\/darkamazi.info\\\/archives\\\/1046889#breadcrumb\"},\"inLanguage\":\"en-US\",\"potentialAction\":[{\"@type\":\"ReadAction\",\"target\":[\"https:\\\/\\\/darkamazi.info\\\/archives\\\/1046889\"]}]},{\"@type\":\"ImageObject\",\"inLanguage\":\"en-US\",\"@id\":\"https:\\\/\\\/darkamazi.info\\\/archives\\\/1046889#primaryimage\",\"url\":\"https:\\\/\\\/darkamazi.info\\\/darka-content\\\/uploads\\\/2025\\\/02\\\/YPG-23-Rojava-Kurdistan-Net.jpg\",\"contentUrl\":\"https:\\\/\\\/darkamazi.info\\\/darka-content\\\/uploads\\\/2025\\\/02\\\/YPG-23-Rojava-Kurdistan-Net.jpg\",\"width\":900,\"height\":500,\"caption\":\"Tirkiy\u00ea ku\u015ftina 23 \u00e7ekdar\u00ean YPG\u00ea ragehand Art\u00ea\u015fa Tirkiyey\u00ea \u00eero ragehand ku 23 \u00e7ekdar\u00ean YPG\u00ea li Bakur\u00ea S\u00fbryey\u00ea ketine ber \u00ear\u00ee\u015f\u00ean wan \u00fb hatine ku\u015ftin. Li gor\u00ee ajansa Anadolu y\u00ea, Wezareta Parastina Netew\u00ee ya Tirkiyey\u00ea \u00eero roja yek\u015fem\u00ee 2 Sibata 2025\u00ea ragehandiye ku 23 \u00e7ekdar\u00ean YPG\u00ea li Bakur\u00ea S\u00fbryey\u00ea ketine ber \u00ear\u00ee\u015f\u00ean wan \u00fb jiyana xwe ji dest da ne. Wezareta Parastina Netew\u00ee nego ka ev \u00ear\u00ee\u015f li tu her\u00eamek\u00ea hatine encam day\u00een. H\u00eaz\u00ean S\u00fbryeya Demokrat\u00eek HSD\u00ea \u00eero ku\u015ftina le\u015fkerek\u00ee Tirkiyey\u00ea \u00fb 4 \u00e7eteyan ragrhandib\u00fb.\"},{\"@type\":\"BreadcrumbList\",\"@id\":\"https:\\\/\\\/darkamazi.info\\\/archives\\\/1046889#breadcrumb\",\"itemListElement\":[{\"@type\":\"ListItem\",\"position\":1,\"name\":\"Home\",\"item\":\"https:\\\/\\\/darkamazi.info\\\/\"},{\"@type\":\"ListItem\",\"position\":2,\"name\":\"Tirkiy\u00ea ku\u015ftina 23 \u00e7ekdar\u00ean YPG\u00ea ragehand\"}]},{\"@type\":\"WebSite\",\"@id\":\"https:\\\/\\\/darkamazi.info\\\/#website\",\"url\":\"https:\\\/\\\/darkamazi.info\\\/\",\"name\":\"Darka Maz\u00ee\",\"description\":\"P\u00eageha Zanyariy\u00ean Nebih\u00eest\u00ee\",\"publisher\":{\"@id\":\"https:\\\/\\\/darkamazi.info\\\/#organization\"},\"potentialAction\":[{\"@type\":\"SearchAction\",\"target\":{\"@type\":\"EntryPoint\",\"urlTemplate\":\"https:\\\/\\\/darkamazi.info\\\/?s={search_term_string}\"},\"query-input\":{\"@type\":\"PropertyValueSpecification\",\"valueRequired\":true,\"valueName\":\"search_term_string\"}}],\"inLanguage\":\"en-US\"},{\"@type\":\"Organization\",\"@id\":\"https:\\\/\\\/darkamazi.info\\\/#organization\",\"name\":\"Darka Maz\u00ee\",\"url\":\"https:\\\/\\\/darkamazi.info\\\/\",\"logo\":{\"@type\":\"ImageObject\",\"inLanguage\":\"en-US\",\"@id\":\"https:\\\/\\\/darkamazi.info\\\/#\\\/schema\\\/logo\\\/image\\\/\",\"url\":\"https:\\\/\\\/darkamazi.info\\\/darka-content\\\/uploads\\\/2017\\\/12\\\/darka-mazi-logo.png\",\"contentUrl\":\"https:\\\/\\\/darkamazi.info\\\/darka-content\\\/uploads\\\/2017\\\/12\\\/darka-mazi-logo.png\",\"width\":151,\"height\":75,\"caption\":\"Darka Maz\u00ee\"},\"image\":{\"@id\":\"https:\\\/\\\/darkamazi.info\\\/#\\\/schema\\\/logo\\\/image\\\/\"},\"sameAs\":[\"https:\\\/\\\/www.facebook.com\\\/DarMaziKurmanci\",\"https:\\\/\\\/x.com\\\/DarkaMaziLatini\",\"https:\\\/\\\/www.instagram.com\\\/darkamazi.kurmanci\\\/\",\"https:\\\/\\\/www.youtube.com\\\/channel\\\/UCa5HkTdmI8U1qCUFuTw8B2g\"]},{\"@type\":\"Person\",\"@id\":\"https:\\\/\\\/darkamazi.info\\\/#\\\/schema\\\/person\\\/5ad3e24553a0567993fa8ed4bd0a776c\",\"name\":\"darka mazi\",\"sameAs\":[\"https:\\\/\\\/darkamazi.info\\\/\"],\"url\":\"https:\\\/\\\/darkamazi.info\\\/archives\\\/author\\\/kurdi\"}]}<\/script>\n<!-- \/ Yoast SEO plugin. -->","seo_head_json":{"title":"Tirkiy\u00ea ku\u015ftina 23 \u00e7ekdar\u00ean YPG\u00ea ragehand - Darka Maz\u00ee","robots":{"index":"index","follow":"follow","max-snippet":"max-snippet:-1","max-image-preview":"max-image-preview:large","max-video-preview":"max-video-preview:-1"},"canonical":"https:\/\/darkamazi.info\/archives\/1046889","og_locale":"en_US","og_type":"article","og_title":"Tirkiy\u00ea ku\u015ftina 23 \u00e7ekdar\u00ean YPG\u00ea ragehand - Darka Maz\u00ee","og_description":"Art\u00ea\u015fa Tirkiyey\u00ea \u00eero ragehand ku 23 \u00e7ekdar\u00ean YPG\u00ea li Bakur\u00ea S\u00fbryey\u00ea ketine ber \u00ear\u00ee\u015f\u00ean wan \u00fb hatine ku\u015ftin. Li gor\u00ee ajansa Anadolu y\u00ea, Wezareta Parastina Netew\u00ee ya Tirkiyey\u00ea \u00eero roja yek\u015fem\u00ee 2 Sibata 2025\u00ea ragehandiye ku 23 \u00e7ekdar\u00ean YPG\u00ea li Bakur\u00ea S\u00fbryey\u00ea ketine ber \u00ear\u00ee\u015f\u00ean wan \u00fb jiyana xwe ji dest da ne. Wezareta Parastina [&hellip;]","og_url":"https:\/\/darkamazi.info\/archives\/1046889","og_site_name":"Darka Maz\u00ee","article_publisher":"https:\/\/www.facebook.com\/DarMaziKurmanci","article_published_time":"2025-02-02T15:48:22+00:00","og_image":[{"width":900,"height":500,"url":"https:\/\/darkamazi.info\/file\/2025\/02\/YPG-23-Rojava-Kurdistan-Net.jpg","type":"image\/jpeg"}],"author":"darka mazi","twitter_card":"summary_large_image","twitter_creator":"@DarkaMaziLatini","twitter_site":"@DarkaMaziLatini","twitter_misc":{"Written by":"darka mazi","Est. reading time":"1 minute"},"schema":{"@context":"https:\/\/schema.org","@graph":[{"@type":"Article","@id":"https:\/\/darkamazi.info\/archives\/1046889#article","isPartOf":{"@id":"https:\/\/darkamazi.info\/archives\/1046889"},"author":{"name":"darka mazi","@id":"https:\/\/darkamazi.info\/#\/schema\/person\/5ad3e24553a0567993fa8ed4bd0a776c"},"headline":"Tirkiy\u00ea ku\u015ftina 23 \u00e7ekdar\u00ean YPG\u00ea ragehand","datePublished":"2025-02-02T15:48:22+00:00","mainEntityOfPage":{"@id":"https:\/\/darkamazi.info\/archives\/1046889"},"wordCount":94,"publisher":{"@id":"https:\/\/darkamazi.info\/#organization"},"image":{"@id":"https:\/\/darkamazi.info\/archives\/1046889#primaryimage"},"thumbnailUrl":"https:\/\/darkamazi.info\/file\/2025\/02\/YPG-23-Rojava-Kurdistan-Net.jpg","keywords":["sereke"],"articleSection":["Kurdistan"],"inLanguage":"en-US"},{"@type":"WebPage","@id":"https:\/\/darkamazi.info\/archives\/1046889","url":"https:\/\/darkamazi.info\/archives\/1046889","name":"Tirkiy\u00ea ku\u015ftina 23 \u00e7ekdar\u00ean YPG\u00ea ragehand - Darka Maz\u00ee","isPartOf":{"@id":"https:\/\/darkamazi.info\/#website"},"primaryImageOfPage":{"@id":"https:\/\/darkamazi.info\/archives\/1046889#primaryimage"},"image":{"@id":"https:\/\/darkamazi.info\/archives\/1046889#primaryimage"},"thumbnailUrl":"https:\/\/darkamazi.info\/file\/2025\/02\/YPG-23-Rojava-Kurdistan-Net.jpg","datePublished":"2025-02-02T15:48:22+00:00","breadcrumb":{"@id":"https:\/\/darkamazi.info\/archives\/1046889#breadcrumb"},"inLanguage":"en-US","potentialAction":[{"@type":"ReadAction","target":["https:\/\/darkamazi.info\/archives\/1046889"]}]},{"@type":"ImageObject","inLanguage":"en-US","@id":"https:\/\/darkamazi.info\/archives\/1046889#primaryimage","url":"https:\/\/darkamazi.info\/file\/2025\/02\/YPG-23-Rojava-Kurdistan-Net.jpg","contentUrl":"https:\/\/darkamazi.info\/file\/2025\/02\/YPG-23-Rojava-Kurdistan-Net.jpg","width":900,"height":500,"caption":"Tirkiy\u00ea ku\u015ftina 23 \u00e7ekdar\u00ean YPG\u00ea ragehand Art\u00ea\u015fa Tirkiyey\u00ea \u00eero ragehand ku 23 \u00e7ekdar\u00ean YPG\u00ea li Bakur\u00ea S\u00fbryey\u00ea ketine ber \u00ear\u00ee\u015f\u00ean wan \u00fb hatine ku\u015ftin. Li gor\u00ee ajansa Anadolu y\u00ea, Wezareta Parastina Netew\u00ee ya Tirkiyey\u00ea \u00eero roja yek\u015fem\u00ee 2 Sibata 2025\u00ea ragehandiye ku 23 \u00e7ekdar\u00ean YPG\u00ea li Bakur\u00ea S\u00fbryey\u00ea ketine ber \u00ear\u00ee\u015f\u00ean wan \u00fb jiyana xwe ji dest da ne. Wezareta Parastina Netew\u00ee nego ka ev \u00ear\u00ee\u015f li tu her\u00eamek\u00ea hatine encam day\u00een. H\u00eaz\u00ean S\u00fbryeya Demokrat\u00eek HSD\u00ea \u00eero ku\u015ftina le\u015fkerek\u00ee Tirkiyey\u00ea \u00fb 4 \u00e7eteyan ragrhandib\u00fb."},{"@type":"BreadcrumbList","@id":"https:\/\/darkamazi.info\/archives\/1046889#breadcrumb","itemListElement":[{"@type":"ListItem","position":1,"name":"Home","item":"https:\/\/darkamazi.info\/"},{"@type":"ListItem","position":2,"name":"Tirkiy\u00ea ku\u015ftina 23 \u00e7ekdar\u00ean YPG\u00ea ragehand"}]},{"@type":"WebSite","@id":"https:\/\/darkamazi.info\/#website","url":"https:\/\/darkamazi.info\/","name":"Darka Maz\u00ee","description":"P\u00eageha Zanyariy\u00ean Nebih\u00eest\u00ee","publisher":{"@id":"https:\/\/darkamazi.info\/#organization"},"potentialAction":[{"@type":"SearchAction","target":{"@type":"EntryPoint","urlTemplate":"https:\/\/darkamazi.info\/?s={search_term_string}"},"query-input":{"@type":"PropertyValueSpecification","valueRequired":true,"valueName":"search_term_string"}}],"inLanguage":"en-US"},{"@type":"Organization","@id":"https:\/\/darkamazi.info\/#organization","name":"Darka Maz\u00ee","url":"https:\/\/darkamazi.info\/","logo":{"@type":"ImageObject","inLanguage":"en-US","@id":"https:\/\/darkamazi.info\/#\/schema\/logo\/image\/","url":"https:\/\/darkamazi.info\/file\/2017\/12\/darka-mazi-logo.png","contentUrl":"https:\/\/darkamazi.info\/file\/2017\/12\/darka-mazi-logo.png","width":151,"height":75,"caption":"Darka Maz\u00ee"},"image":{"@id":"https:\/\/darkamazi.info\/#\/schema\/logo\/image\/"},"sameAs":["https:\/\/www.facebook.com\/DarMaziKurmanci","https:\/\/x.com\/DarkaMaziLatini","https:\/\/www.instagram.com\/darkamazi.kurmanci\/","https:\/\/www.youtube.com\/channel\/UCa5HkTdmI8U1qCUFuTw8B2g"]},{"@type":"Person","@id":"https:\/\/darkamazi.info\/#\/schema\/person\/5ad3e24553a0567993fa8ed4bd0a776c","name":"darka mazi","sameAs":["https:\/\/darkamazi.info\/"],"url":"https:\/\/darkamazi.info\/archives\/author\/kurdi"}]}},"_links":{"self":[{"href":"https:\/\/darkamazi.info\/funavuv\/wp\/v2\/posts\/1046889","targetHints":{"allow":["GET"]}}],"collection":[{"href":"https:\/\/darkamazi.info\/funavuv\/wp\/v2\/posts"}],"about":[{"href":"https:\/\/darkamazi.info\/funavuv\/wp\/v2\/types\/post"}],"author":[{"embeddable":true,"href":"https:\/\/darkamazi.info\/funavuv\/wp\/v2\/users\/2"}],"replies":[{"embeddable":true,"href":"https:\/\/darkamazi.info\/funavuv\/wp\/v2\/comments?post=1046889"}],"version-history":[{"count":0,"href":"https:\/\/darkamazi.info\/funavuv\/wp\/v2\/posts\/1046889\/revisions"}],"wp:featuredmedia":[{"embeddable":true,"href":"https:\/\/darkamazi.info\/funavuv\/wp\/v2\/media\/1046890"}],"wp:attachment":[{"href":"https:\/\/darkamazi.info\/funavuv\/wp\/v2\/media?parent=1046889"}],"wp:term":[{"taxonomy":"category","embeddable":true,"href":"https:\/\/darkamazi.info\/funavuv\/wp\/v2\/categories?post=1046889"},{"taxonomy":"post_tag","embeddable":true,"href":"https:\/\/darkamazi.info\/funavuv\/wp\/v2\/tags?post=1046889"}],"curies":[{"name":"wp","href":"https:\/\/api.w.org\/{rel}","templated":true}]}}