{"id":1046926,"date":"2025-02-05T18:05:42","date_gmt":"2025-02-05T15:05:42","guid":{"rendered":"https:\/\/darkamazi.info\/?p=1046926"},"modified":"2025-02-05T18:06:52","modified_gmt":"2025-02-05T15:06:52","slug":"zindana-diyarbekire-u-pkk-1","status":"publish","type":"post","link":"https:\/\/darkamazi.info\/archives\/1046926","title":{"rendered":"Z\u00eendana Diyarbekir\u00ea \u00fb PKK (1)"},"content":{"rendered":"<h3 style=\"text-align: justify\"><span style=\"font-family: 'arial black', sans-serif;color: #0000ff\">B\u00fbb\u00ea Eser<\/span><\/h3>\n<h3 style=\"text-align: justify\"><span style=\"font-family: 'arial black', sans-serif\">Li bakur\u00ea Kurdistan\u00ea \u00fb bi avakirina z\u00eendana Diyarbekir\u00ea, d\u00eerokek n\u00fb hatib\u00fb destp\u00eakirin\u00ea, b\u00eay\u00ee ku em hay j\u00ea hebin. Loma div\u00ea em z\u00eendana Diyarbekir\u00ea weke m\u00eeladek\u00ea bi nav bikin. Ji ber ku bi rast\u00ee j\u00ee ew milada b\u00eadengkirin \u00fb tunekirina hem\u00ee kurdan b\u00fb. Plan pi\u015ft\u00ee 1965an hatib\u00fb dan\u00een. Bi v\u00ea plan\u00ea w\u00ea \u00e7awa tevger\u00ean bakur\u00ea kurdistan\u00ea y\u00ean netewey\u00ee ber\u00ee ku peymana Lozan\u00ea biqede, ji hol\u00ea rakin. \u015eore\u015f an ser\u00eehildan\u00ean per\u00e7\u00ean din t\u00eak bibin, b\u00fb.<\/span><\/h3>\n<h3 style=\"text-align: justify\">Di z\u00eendan\u00ea de,\u00a0 Ji ber sedema tirs \u00fb \u00ea\u015fkencekirin\u00ea, bi bert\u00eel an rehetiyek\u00ea li wir, gelek dikirin zilmam\u00ean xwe ango dikirin s\u00eexur. Bi v\u00ea \u00fb bi saya wan s\u00eexur\u00ean xwe, \u00e7i li qawi\u015fan diqewim\u00ee gardiyanan ji wan s\u00eexur\u00ean xwe digirt \u00fb ew digihi\u015ftin berdest\u00ea \u00eedara z\u00eendan\u00ea. Ji bona ji s\u00eexur\u00ean xwe agahdariyan bigirin, nav\u00ean wan dihatin xwendin\u00ea, weke\u00a0 parezger\u00ea wan hatine, ji qawi\u015fan derdixistin derve. Ji wan dihate pirs\u00een ku li qawi\u015f\u00ea \u00e7i dibe, k\u00ee \u00e7i dike? Wan j\u00ee ji Gardiyan\u00ean z\u00eendan\u00ea re \u00e7i d\u00eetib\u00fbn an bih\u00eestib\u00fbn, digot in. Gardiyanan j\u00ee li gor emr\u00ea r\u00eavebiriya z\u00eendan\u00ea, bi kesan \u00ea\u015fkence dikirin an dibirin hucreyan. Li wir ya ew dib\u00fbn zilam\u00ea wan ya j\u00ee ser\u00ee neditewandin. Kes\u00ean ser\u00ee netewandana demek d\u00fbr \u00fb dir\u00eaj li hucreyan dihi\u015ftin. \u00cad\u00ee \u00e7i diket hal\u00ea wan h\u00fbn bi xwe bifikirin.<\/h3>\n<h3 style=\"text-align: justify\">\u015eer\u00ea pkk j\u00ee li gor helwesta w\u00ea z\u00eendan\u00ea ji teref dagirkeran hateb\u00fb organ\u00eezekirin \u00fb destp\u00eakirin. Plan \u00fb projey\u00ean \u015fer li gor nizama w\u00ea z\u00eendan\u00ea hatib\u00fb dizaynkirin ango dan\u00een. Loma dema mirov li tevgera pkk \u015fikil \u00fb kar\u00ea w\u00ea y\u00ea le\u015fker\u00ee bide berhev, mirov\u00ea t\u00ea bigh\u00eaje ku ew ji z\u00eendan\u00ea girtin e. Helbet y\u00ean neketib\u00fbn w\u00ea z\u00eendan\u00ea, ev rew\u015f f\u00eam nekirin \u00fb nakin.<\/h3>\n<h3 style=\"text-align: justify\">\u00c7awa?<\/h3>\n<h3 style=\"text-align: justify\">Di z\u00eendan\u00ea de piraniya Gardiyanan ji kes\u00ean nexwenda p\u00eak an\u00eeb\u00fbn. Wan kes\u00ean nezan \u00fb \u00e7ah\u00eel j\u00ee ji bona afer\u00eemek\u00ea an \u00e7end roj betlan\u00ea bigire, \u00e7i metod\u00ean ne mirovan\u00ee heb\u00fbn li ser ser me girtiyan diceribandin. K\u00eafa wan dihat ku ew li par\u00eazgerek\u00ee, xwendevanek\u00ee un\u00eewers\u00eet\u00ea, serok \u00fb r\u00eavebir\u00ea partiyek\u00ea, didan ber l\u00eadan\u00ea.<\/h3>\n<h3 style=\"text-align: justify\">Serok\u00ean mufrezey\u00ean pkk ji piraniya wan ji kes\u00ean ne xwenda \u00fb cah\u00eelan p\u00eak dihatin. Wan j\u00ee li ser nav\u00ea \u015foro\u015f\u00ea(!) \u00e7i xerab\u00ee \u00fb mal w\u00earan\u00ee dian\u00een ser\u00ea gundiy\u00ean reben, niha t\u00ea f\u00eamkirin\u00ea.\u00a0<\/h3>\n<h3 style=\"text-align: justify\">Girtiy\u00ean bi ya \u00eedara z\u00eendan\u00ea ango desthilata girt\u00eegeh\u00ea nekirina, piraniya wan dibirin hucreyan. Li wir \u00ea\u015fkencey\u00ean xerab bi wan dikirin da ku daxwaza karbidest\u00ea z\u00eendan\u00ea qeb\u00fbl bikin. Gelekan ser\u00ee netewandin ku\u015ftin.\u00a0 Helbet di virde j\u00ee her \u00e7iqas\u00ee k\u00eam j\u00ee be\u00a0 bi ser ketin.<\/h3>\n<h3 style=\"text-align: justify\">Gundiy\u00ean bi ya pkk nekirana piran\u00ee dihatin ku\u015ftin. Xaniy\u00ean wan bi ser wan de dihedimandin ango xerab \u00fb w\u00earan dikirin. Wan axay\u00ean welatpar\u00eaz didan ber boks \u00fb \u015f\u00eemakan \u00fb tinaz\u00ea xwe bi wan dikirin. Mal\u00ean wan li gel zarok \u00fb maliyan didan ber guleyan.\u00a0\u00a0<\/h3>\n<h3 style=\"text-align: justify\">Gundiy\u00ean bawer dikirin w\u00ea rojek\u00ea pkk welat\u00ea wan azad bikin, ji wan hez dikirin. Pere an xwarin didan wan. V\u00ea car\u00ea j\u00ee pol\u00ees \u00fb le\u015fker\u00ean dewlet\u00ea, bi sedema al\u00eekariya pkk dikin, bi wan \u00ea\u015fkence dikirin. Gelek dihatin ku\u015ftin. Bi saya v\u00ea \u015fanogeriya pkk \u00fb dewlet\u00ea, gund\u00ee mecb\u00fbr diman ku gund \u00fb welat\u00ea xwe biterk\u00eenin. Ji ber listika v\u00ea \u015fanogeriy\u00ea z\u00eadey\u00ee 4000 gund vala b\u00fbn. N\u00eaz\u00ee \u015fe\u015f milyon Kurd dibe ku z\u00eadetir j\u00ee be li metropol\u00ean tirkiy\u00ea bi cih b\u00fbn. Bi qas\u00ee t\u00ea gotin n\u00eaz\u00ee \u015fe\u015f milyon kurd ten\u00ea li Stenbol\u00ea b\u00fbne ni\u015ftecih. Kes\u00ean li metropol\u00ean tirkiy\u00ea man j\u00ee ziman \u00fb adet\u00ean xwe ji b\u00eer kirin. Zarok\u00ean wan bi tirk\u00ee mezin b\u00fbn. Yan\u00ee projeya tirkb\u00fbn\u00ea gavek\u00ea bi serxistin.<\/h3>\n<h3 style=\"text-align: justify\">Gelek dewlet hene ku bi nif\u00fbsa xwe k\u00eam\u00ee \u015fe\u015f milyonan in. Bi saya w\u00ea \u015fanogeriya pkk \u00fb dewlet\u00ea dil\u00eestin, armanc ji w\u00ea, valakirin \u00fb guherandina cografiya Kurdistan\u00ea b\u00fb. Ji ber wan zan\u00eeb\u00fbn ku di dawiya sedsaliya peymana Lozan\u00ea de d\u00ea ev ji wan re nem\u00eene\u2026<\/h3>\n<h3 style=\"text-align: justify\">L\u00ea, listik\u00ean pkk \u00fb dewlet\u00ea bi v\u00ea j\u00ee nesekin\u00ee. Ji bona siyasetmedarek\u00ee z\u00eerek \u00fb j\u00eahat\u00ee li wel\u00eat nem\u00eenin, pkk bi nav\u00ea s\u00eexur\u00ea dewlet\u00ea an hevalbend\u00ean w\u00ea ye diku\u015ftin. Dewlet\u00ea j\u00ee piraniya kes\u00ean j\u00eer \u00fb j\u00eahat\u00ee ku li wel\u00eat b\u00fbn dixistin girt\u00eegeh\u00ea. Di virde j\u00ee dewlet\u00ea \u00fb pkk ji b\u00ea hev tevnedigeriyan. Y\u00ean ku pkk nikar\u00eeb\u00fbn an ned\u00fb bikujin tesl\u00eem\u00ea dewlet\u00ea dikirin. Dewlet\u00ea j\u00ee kes\u00ean dixwestin bikujin diyar\u00ee pkk dikirin. Wan j\u00ee ew diku\u015ftin \u00fb weke \u015eeh\u00eed radig\u00eehandin.<\/h3>\n<h3 style=\"text-align: justify\">Di z\u00eendan\u00ea de dest bi perwerdiya endam \u00fb kadroy\u00ean siyas\u00ee dikirin ku bikin zilam\u00ea xwe. Bi v\u00ea r\u00eay\u00ea j\u00ee hin kirin zilam\u00ea xwe \u00fb di hin waran de bi ser j\u00ee ketin. Loma kes\u00ean weha z\u00fb ji z\u00eendan\u00ea dihatin berdan. R\u00ea vedikirin ku wan derxin ewropa. Li ewropa j\u00ee weke pkkyiy\u00ean fed\u00eeyok kar\u00ea s\u00eexuriy\u00ea dikirin..<\/h3>\n<h3 style=\"text-align: justify\">Piraniya kadroy\u00ean di z\u00eendan\u00ea de \u00fb ser\u00ee netewandi b\u00fbn. Pi\u015ft\u00ee derketandina wan ji z\u00eendan\u00ea ji bona tola xwe hil\u00eenin \u00fb teko\u015f\u00eena azadiya gel\u00ea xwe bidin, v\u00ea car\u00ea j\u00ee bi daxwaziya xwe diket\u00ean nava tevgera pkk \u00fb derdiketin ser\u00ea \u00e7iyan. Hin j\u00ee di nava bajaran de man. \u00c7i dema li bajar\u00ean kurdistan\u00ea, me\u015f \u00fb xwep\u00ea\u015fandan dihate kirin, di wan xwep\u00ea\u015fandanan de kes\u00ean ji bona dewlet\u00ea \u00fb pkk xeter b\u00fbn,\u00a0 di xwep\u00ea\u015fandanan de bi dest\u00ea kadroy\u00ean pkk y\u00ean zilam\u00ea dewlet\u00ea dihatin ku\u015ftin. Him diku\u015ftin him j\u00ee li ser wan digiriyan \u00fb dikirin qehreman. Propaganda xwe li ser xw\u00eena wan dikirin.<\/h3>\n<h3 style=\"text-align: justify\">Ji xwe y\u00ean ji z\u00eendan\u00ea hatib\u00fbn berdan \u00fb li gor dil\u00ea dewlet\u00ea \u00fb pkk b\u00fbn. Di\u015fandin \u015fer \u00fb li wir diku\u015ftin. Pi\u015ftre j\u00ee radig\u00eehandin ku ew \u015feh\u00eed ketiye. Bi b\u00ea j\u00ee propaganda pkk dikirin. Him diku\u015ftin him j\u00ee dikirin \u015feh\u00eed.<\/h3>\n<h3 style=\"text-align: justify\">Di z\u00eendana Diyarbekr\u00ea de dewlet \u00fb karmend\u00ean xwe b\u00fbne xwed\u00ee tecrube. Loma j\u00ee girtin \u00fb perwerdekirina welatpar\u00eazan h\u00ea j\u00ee bi w\u00ee away\u00ee berdwam e. \u00cecar \u00e7i dikin \u00fb dikirin?<\/h3>\n<h3 style=\"text-align: justify\">Kes\u00ean z\u00eerek \u00fb j\u00eahat\u00ee digirtin, tade \u00fb zor li wan dikirin da ku bibin zilam\u00ean wan. Helbet di v\u00ee war\u00ee de j\u00ee bi ser ketin. \u00cecar y\u00ean dib\u00fbn zilam\u00ean wan, di\u015fandin ewropa da ku di derheq\u00ea xebat \u00fb \u00e7alakiy\u00ean li wir j\u00ee agahdariy\u00ean ba\u015f f\u00ear bibin.<\/h3>\n<h3 style=\"text-align: justify\">H\u00ea j\u00ee ev metod ango girtina kesan berdewam e. Niha j\u00ee \u00e7alakvan\u00ean z\u00eerek \u00fb j\u00eahat\u00ee didin girtin. Li wir perwerde dikin. Gelek ji wan daxwaza dewlet\u00ea qeb\u00fbl dikin. Dewlet bi \u015fert\u00ea ew li ewropa xizmeta wan bike, derdixin derve. Gelek ji wan j\u00ee, xwe weke al\u00eegir\u00ea pkk r\u00ea didan da ku z\u00fb bi z\u00fb nay\u00ean naskirin.<\/h3>\n<h3 style=\"text-align: justify\">Li ewropa \u00fb bi taybet\u00ee li sw\u00ead kes\u00ean weha pirin. Gelek ji wan di mal\u00ean me de ne. Gelek li \u015f\u00een \u00fb \u015fahiy\u00ean kurdan dene. Gelek ji kes\u00ean weha, dibin y\u00ean her\u00ee \u00e7alakvan da ku \u015fika ti\u015ftek\u00ee li ser wan nem\u00eene.<\/h3>\n<h3 style=\"text-align: justify\">Hilwe\u015fandina part\u00ee \u00fb r\u00eaxistin\u00ean me. Neyekb\u00fbn \u00fb bi hevre karkirina wan b\u00eatir kes\u00ean weha dibin asteng ku yekr\u00eaziya part\u00ee \u00fb r\u00eaxistin\u00ean Kurdistan\u00ea\u00a0 p\u00eak ney\u00ea. Ev j\u00ee weke erkek\u00ee dewlet\u00ea dab\u00fb wan, bi cih t\u00eenin. (W\u00ea bidome)<\/h3>\n","protected":false},"excerpt":{"rendered":"<p>B\u00fbb\u00ea Eser Li bakur\u00ea Kurdistan\u00ea \u00fb bi avakirina z\u00eendana Diyarbekir\u00ea, d\u00eerokek n\u00fb hatib\u00fb destp\u00eakirin\u00ea, b\u00eay\u00ee ku em hay j\u00ea hebin. Loma div\u00ea em z\u00eendana Diyarbekir\u00ea weke m\u00eeladek\u00ea bi nav bikin. Ji ber ku bi rast\u00ee j\u00ee ew milada b\u00eadengkirin \u00fb tunekirina hem\u00ee kurdan b\u00fb. Plan pi\u015ft\u00ee 1965an hatib\u00fb dan\u00een. Bi v\u00ea plan\u00ea w\u00ea \u00e7awa tevger\u00ean [&hellip;]<\/p>\n","protected":false},"author":2,"featured_media":1046929,"comment_status":"closed","ping_status":"closed","sticky":false,"template":"","format":"standard","meta":{"footnotes":""},"categories":[28],"tags":[37],"class_list":["post-1046926","post","type-post","status-publish","format-standard","has-post-thumbnail","hentry","category-nerin","tag-sereke"],"blocksy_meta":[],"seo_head":"<!-- This site is optimized with the Yoast SEO plugin v27.5 - https:\/\/yoast.com\/product\/yoast-seo-wordpress\/ -->\n<title>Z\u00eendana Diyarbekir\u00ea \u00fb PKK (1) - Darka Maz\u00ee<\/title>\n<meta name=\"robots\" content=\"index, follow, max-snippet:-1, max-image-preview:large, max-video-preview:-1\" \/>\n<link rel=\"canonical\" href=\"https:\/\/darkamazi.info\/archives\/1046926\" \/>\n<meta property=\"og:locale\" content=\"en_US\" \/>\n<meta property=\"og:type\" content=\"article\" \/>\n<meta property=\"og:title\" content=\"Z\u00eendana Diyarbekir\u00ea \u00fb PKK (1) - Darka Maz\u00ee\" \/>\n<meta property=\"og:description\" content=\"B\u00fbb\u00ea Eser Li bakur\u00ea Kurdistan\u00ea \u00fb bi avakirina z\u00eendana Diyarbekir\u00ea, d\u00eerokek n\u00fb hatib\u00fb destp\u00eakirin\u00ea, b\u00eay\u00ee ku em hay j\u00ea hebin. Loma div\u00ea em z\u00eendana Diyarbekir\u00ea weke m\u00eeladek\u00ea bi nav bikin. Ji ber ku bi rast\u00ee j\u00ee ew milada b\u00eadengkirin \u00fb tunekirina hem\u00ee kurdan b\u00fb. Plan pi\u015ft\u00ee 1965an hatib\u00fb dan\u00een. Bi v\u00ea plan\u00ea w\u00ea \u00e7awa tevger\u00ean [&hellip;]\" \/>\n<meta property=\"og:url\" content=\"https:\/\/darkamazi.info\/archives\/1046926\" \/>\n<meta property=\"og:site_name\" content=\"Darka Maz\u00ee\" \/>\n<meta property=\"article:publisher\" content=\"https:\/\/www.facebook.com\/DarMaziKurmanci\" \/>\n<meta property=\"article:published_time\" content=\"2025-02-05T15:05:42+00:00\" \/>\n<meta property=\"article:modified_time\" content=\"2025-02-05T15:06:52+00:00\" \/>\n<meta property=\"og:image\" content=\"https:\/\/darkamazi.info\/file\/2025\/02\/Bube-eser-1-1.jpg\" \/>\n\t<meta property=\"og:image:width\" content=\"900\" \/>\n\t<meta property=\"og:image:height\" content=\"497\" \/>\n\t<meta property=\"og:image:type\" content=\"image\/jpeg\" \/>\n<meta name=\"author\" content=\"darka mazi\" \/>\n<meta name=\"twitter:card\" content=\"summary_large_image\" \/>\n<meta name=\"twitter:creator\" content=\"@DarkaMaziLatini\" \/>\n<meta name=\"twitter:site\" content=\"@DarkaMaziLatini\" \/>\n<meta name=\"twitter:label1\" content=\"Written by\" \/>\n\t<meta name=\"twitter:data1\" content=\"darka mazi\" \/>\n\t<meta name=\"twitter:label2\" content=\"Est. reading time\" \/>\n\t<meta name=\"twitter:data2\" content=\"5 minutes\" \/>\n<script type=\"application\/ld+json\" class=\"seo-schema-graph\">{\"@context\":\"https:\\\/\\\/schema.org\",\"@graph\":[{\"@type\":\"Article\",\"@id\":\"https:\\\/\\\/darkamazi.info\\\/archives\\\/1046926#article\",\"isPartOf\":{\"@id\":\"https:\\\/\\\/darkamazi.info\\\/archives\\\/1046926\"},\"author\":{\"name\":\"darka mazi\",\"@id\":\"https:\\\/\\\/darkamazi.info\\\/#\\\/schema\\\/person\\\/5ad3e24553a0567993fa8ed4bd0a776c\"},\"headline\":\"Z\u00eendana Diyarbekir\u00ea \u00fb PKK (1)\",\"datePublished\":\"2025-02-05T15:05:42+00:00\",\"dateModified\":\"2025-02-05T15:06:52+00:00\",\"mainEntityOfPage\":{\"@id\":\"https:\\\/\\\/darkamazi.info\\\/archives\\\/1046926\"},\"wordCount\":1261,\"publisher\":{\"@id\":\"https:\\\/\\\/darkamazi.info\\\/#organization\"},\"image\":{\"@id\":\"https:\\\/\\\/darkamazi.info\\\/archives\\\/1046926#primaryimage\"},\"thumbnailUrl\":\"https:\\\/\\\/darkamazi.info\\\/darka-content\\\/uploads\\\/2025\\\/02\\\/Bube-eser-1-1.jpg\",\"keywords\":[\"sereke\"],\"articleSection\":[\"Ner\u00een\"],\"inLanguage\":\"en-US\"},{\"@type\":\"WebPage\",\"@id\":\"https:\\\/\\\/darkamazi.info\\\/archives\\\/1046926\",\"url\":\"https:\\\/\\\/darkamazi.info\\\/archives\\\/1046926\",\"name\":\"Z\u00eendana Diyarbekir\u00ea \u00fb PKK (1) - Darka Maz\u00ee\",\"isPartOf\":{\"@id\":\"https:\\\/\\\/darkamazi.info\\\/#website\"},\"primaryImageOfPage\":{\"@id\":\"https:\\\/\\\/darkamazi.info\\\/archives\\\/1046926#primaryimage\"},\"image\":{\"@id\":\"https:\\\/\\\/darkamazi.info\\\/archives\\\/1046926#primaryimage\"},\"thumbnailUrl\":\"https:\\\/\\\/darkamazi.info\\\/darka-content\\\/uploads\\\/2025\\\/02\\\/Bube-eser-1-1.jpg\",\"datePublished\":\"2025-02-05T15:05:42+00:00\",\"dateModified\":\"2025-02-05T15:06:52+00:00\",\"breadcrumb\":{\"@id\":\"https:\\\/\\\/darkamazi.info\\\/archives\\\/1046926#breadcrumb\"},\"inLanguage\":\"en-US\",\"potentialAction\":[{\"@type\":\"ReadAction\",\"target\":[\"https:\\\/\\\/darkamazi.info\\\/archives\\\/1046926\"]}]},{\"@type\":\"ImageObject\",\"inLanguage\":\"en-US\",\"@id\":\"https:\\\/\\\/darkamazi.info\\\/archives\\\/1046926#primaryimage\",\"url\":\"https:\\\/\\\/darkamazi.info\\\/darka-content\\\/uploads\\\/2025\\\/02\\\/Bube-eser-1-1.jpg\",\"contentUrl\":\"https:\\\/\\\/darkamazi.info\\\/darka-content\\\/uploads\\\/2025\\\/02\\\/Bube-eser-1-1.jpg\",\"width\":900,\"height\":497,\"caption\":\"Z\u00eendana Diyarbekir\u00ea \u00fb PKK (1)\"},{\"@type\":\"BreadcrumbList\",\"@id\":\"https:\\\/\\\/darkamazi.info\\\/archives\\\/1046926#breadcrumb\",\"itemListElement\":[{\"@type\":\"ListItem\",\"position\":1,\"name\":\"Home\",\"item\":\"https:\\\/\\\/darkamazi.info\\\/\"},{\"@type\":\"ListItem\",\"position\":2,\"name\":\"Z\u00eendana Diyarbekir\u00ea \u00fb PKK (1)\"}]},{\"@type\":\"WebSite\",\"@id\":\"https:\\\/\\\/darkamazi.info\\\/#website\",\"url\":\"https:\\\/\\\/darkamazi.info\\\/\",\"name\":\"Darka Maz\u00ee\",\"description\":\"P\u00eageha Zanyariy\u00ean Nebih\u00eest\u00ee\",\"publisher\":{\"@id\":\"https:\\\/\\\/darkamazi.info\\\/#organization\"},\"potentialAction\":[{\"@type\":\"SearchAction\",\"target\":{\"@type\":\"EntryPoint\",\"urlTemplate\":\"https:\\\/\\\/darkamazi.info\\\/?s={search_term_string}\"},\"query-input\":{\"@type\":\"PropertyValueSpecification\",\"valueRequired\":true,\"valueName\":\"search_term_string\"}}],\"inLanguage\":\"en-US\"},{\"@type\":\"Organization\",\"@id\":\"https:\\\/\\\/darkamazi.info\\\/#organization\",\"name\":\"Darka Maz\u00ee\",\"url\":\"https:\\\/\\\/darkamazi.info\\\/\",\"logo\":{\"@type\":\"ImageObject\",\"inLanguage\":\"en-US\",\"@id\":\"https:\\\/\\\/darkamazi.info\\\/#\\\/schema\\\/logo\\\/image\\\/\",\"url\":\"https:\\\/\\\/darkamazi.info\\\/darka-content\\\/uploads\\\/2017\\\/12\\\/darka-mazi-logo.png\",\"contentUrl\":\"https:\\\/\\\/darkamazi.info\\\/darka-content\\\/uploads\\\/2017\\\/12\\\/darka-mazi-logo.png\",\"width\":151,\"height\":75,\"caption\":\"Darka Maz\u00ee\"},\"image\":{\"@id\":\"https:\\\/\\\/darkamazi.info\\\/#\\\/schema\\\/logo\\\/image\\\/\"},\"sameAs\":[\"https:\\\/\\\/www.facebook.com\\\/DarMaziKurmanci\",\"https:\\\/\\\/x.com\\\/DarkaMaziLatini\",\"https:\\\/\\\/www.instagram.com\\\/darkamazi.kurmanci\\\/\",\"https:\\\/\\\/www.youtube.com\\\/channel\\\/UCa5HkTdmI8U1qCUFuTw8B2g\"]},{\"@type\":\"Person\",\"@id\":\"https:\\\/\\\/darkamazi.info\\\/#\\\/schema\\\/person\\\/5ad3e24553a0567993fa8ed4bd0a776c\",\"name\":\"darka mazi\",\"sameAs\":[\"https:\\\/\\\/darkamazi.info\\\/\"],\"url\":\"https:\\\/\\\/darkamazi.info\\\/archives\\\/author\\\/kurdi\"}]}<\/script>\n<!-- \/ Yoast SEO plugin. -->","seo_head_json":{"title":"Z\u00eendana Diyarbekir\u00ea \u00fb PKK (1) - Darka Maz\u00ee","robots":{"index":"index","follow":"follow","max-snippet":"max-snippet:-1","max-image-preview":"max-image-preview:large","max-video-preview":"max-video-preview:-1"},"canonical":"https:\/\/darkamazi.info\/archives\/1046926","og_locale":"en_US","og_type":"article","og_title":"Z\u00eendana Diyarbekir\u00ea \u00fb PKK (1) - Darka Maz\u00ee","og_description":"B\u00fbb\u00ea Eser Li bakur\u00ea Kurdistan\u00ea \u00fb bi avakirina z\u00eendana Diyarbekir\u00ea, d\u00eerokek n\u00fb hatib\u00fb destp\u00eakirin\u00ea, b\u00eay\u00ee ku em hay j\u00ea hebin. Loma div\u00ea em z\u00eendana Diyarbekir\u00ea weke m\u00eeladek\u00ea bi nav bikin. Ji ber ku bi rast\u00ee j\u00ee ew milada b\u00eadengkirin \u00fb tunekirina hem\u00ee kurdan b\u00fb. Plan pi\u015ft\u00ee 1965an hatib\u00fb dan\u00een. Bi v\u00ea plan\u00ea w\u00ea \u00e7awa tevger\u00ean [&hellip;]","og_url":"https:\/\/darkamazi.info\/archives\/1046926","og_site_name":"Darka Maz\u00ee","article_publisher":"https:\/\/www.facebook.com\/DarMaziKurmanci","article_published_time":"2025-02-05T15:05:42+00:00","article_modified_time":"2025-02-05T15:06:52+00:00","og_image":[{"width":900,"height":497,"url":"https:\/\/darkamazi.info\/file\/2025\/02\/Bube-eser-1-1.jpg","type":"image\/jpeg"}],"author":"darka mazi","twitter_card":"summary_large_image","twitter_creator":"@DarkaMaziLatini","twitter_site":"@DarkaMaziLatini","twitter_misc":{"Written by":"darka mazi","Est. reading time":"5 minutes"},"schema":{"@context":"https:\/\/schema.org","@graph":[{"@type":"Article","@id":"https:\/\/darkamazi.info\/archives\/1046926#article","isPartOf":{"@id":"https:\/\/darkamazi.info\/archives\/1046926"},"author":{"name":"darka mazi","@id":"https:\/\/darkamazi.info\/#\/schema\/person\/5ad3e24553a0567993fa8ed4bd0a776c"},"headline":"Z\u00eendana Diyarbekir\u00ea \u00fb PKK (1)","datePublished":"2025-02-05T15:05:42+00:00","dateModified":"2025-02-05T15:06:52+00:00","mainEntityOfPage":{"@id":"https:\/\/darkamazi.info\/archives\/1046926"},"wordCount":1261,"publisher":{"@id":"https:\/\/darkamazi.info\/#organization"},"image":{"@id":"https:\/\/darkamazi.info\/archives\/1046926#primaryimage"},"thumbnailUrl":"https:\/\/darkamazi.info\/file\/2025\/02\/Bube-eser-1-1.jpg","keywords":["sereke"],"articleSection":["Ner\u00een"],"inLanguage":"en-US"},{"@type":"WebPage","@id":"https:\/\/darkamazi.info\/archives\/1046926","url":"https:\/\/darkamazi.info\/archives\/1046926","name":"Z\u00eendana Diyarbekir\u00ea \u00fb PKK (1) - Darka Maz\u00ee","isPartOf":{"@id":"https:\/\/darkamazi.info\/#website"},"primaryImageOfPage":{"@id":"https:\/\/darkamazi.info\/archives\/1046926#primaryimage"},"image":{"@id":"https:\/\/darkamazi.info\/archives\/1046926#primaryimage"},"thumbnailUrl":"https:\/\/darkamazi.info\/file\/2025\/02\/Bube-eser-1-1.jpg","datePublished":"2025-02-05T15:05:42+00:00","dateModified":"2025-02-05T15:06:52+00:00","breadcrumb":{"@id":"https:\/\/darkamazi.info\/archives\/1046926#breadcrumb"},"inLanguage":"en-US","potentialAction":[{"@type":"ReadAction","target":["https:\/\/darkamazi.info\/archives\/1046926"]}]},{"@type":"ImageObject","inLanguage":"en-US","@id":"https:\/\/darkamazi.info\/archives\/1046926#primaryimage","url":"https:\/\/darkamazi.info\/file\/2025\/02\/Bube-eser-1-1.jpg","contentUrl":"https:\/\/darkamazi.info\/file\/2025\/02\/Bube-eser-1-1.jpg","width":900,"height":497,"caption":"Z\u00eendana Diyarbekir\u00ea \u00fb PKK (1)"},{"@type":"BreadcrumbList","@id":"https:\/\/darkamazi.info\/archives\/1046926#breadcrumb","itemListElement":[{"@type":"ListItem","position":1,"name":"Home","item":"https:\/\/darkamazi.info\/"},{"@type":"ListItem","position":2,"name":"Z\u00eendana Diyarbekir\u00ea \u00fb PKK (1)"}]},{"@type":"WebSite","@id":"https:\/\/darkamazi.info\/#website","url":"https:\/\/darkamazi.info\/","name":"Darka Maz\u00ee","description":"P\u00eageha Zanyariy\u00ean Nebih\u00eest\u00ee","publisher":{"@id":"https:\/\/darkamazi.info\/#organization"},"potentialAction":[{"@type":"SearchAction","target":{"@type":"EntryPoint","urlTemplate":"https:\/\/darkamazi.info\/?s={search_term_string}"},"query-input":{"@type":"PropertyValueSpecification","valueRequired":true,"valueName":"search_term_string"}}],"inLanguage":"en-US"},{"@type":"Organization","@id":"https:\/\/darkamazi.info\/#organization","name":"Darka Maz\u00ee","url":"https:\/\/darkamazi.info\/","logo":{"@type":"ImageObject","inLanguage":"en-US","@id":"https:\/\/darkamazi.info\/#\/schema\/logo\/image\/","url":"https:\/\/darkamazi.info\/file\/2017\/12\/darka-mazi-logo.png","contentUrl":"https:\/\/darkamazi.info\/file\/2017\/12\/darka-mazi-logo.png","width":151,"height":75,"caption":"Darka Maz\u00ee"},"image":{"@id":"https:\/\/darkamazi.info\/#\/schema\/logo\/image\/"},"sameAs":["https:\/\/www.facebook.com\/DarMaziKurmanci","https:\/\/x.com\/DarkaMaziLatini","https:\/\/www.instagram.com\/darkamazi.kurmanci\/","https:\/\/www.youtube.com\/channel\/UCa5HkTdmI8U1qCUFuTw8B2g"]},{"@type":"Person","@id":"https:\/\/darkamazi.info\/#\/schema\/person\/5ad3e24553a0567993fa8ed4bd0a776c","name":"darka mazi","sameAs":["https:\/\/darkamazi.info\/"],"url":"https:\/\/darkamazi.info\/archives\/author\/kurdi"}]}},"_links":{"self":[{"href":"https:\/\/darkamazi.info\/funavuv\/wp\/v2\/posts\/1046926","targetHints":{"allow":["GET"]}}],"collection":[{"href":"https:\/\/darkamazi.info\/funavuv\/wp\/v2\/posts"}],"about":[{"href":"https:\/\/darkamazi.info\/funavuv\/wp\/v2\/types\/post"}],"author":[{"embeddable":true,"href":"https:\/\/darkamazi.info\/funavuv\/wp\/v2\/users\/2"}],"replies":[{"embeddable":true,"href":"https:\/\/darkamazi.info\/funavuv\/wp\/v2\/comments?post=1046926"}],"version-history":[{"count":0,"href":"https:\/\/darkamazi.info\/funavuv\/wp\/v2\/posts\/1046926\/revisions"}],"wp:featuredmedia":[{"embeddable":true,"href":"https:\/\/darkamazi.info\/funavuv\/wp\/v2\/media\/1046929"}],"wp:attachment":[{"href":"https:\/\/darkamazi.info\/funavuv\/wp\/v2\/media?parent=1046926"}],"wp:term":[{"taxonomy":"category","embeddable":true,"href":"https:\/\/darkamazi.info\/funavuv\/wp\/v2\/categories?post=1046926"},{"taxonomy":"post_tag","embeddable":true,"href":"https:\/\/darkamazi.info\/funavuv\/wp\/v2\/tags?post=1046926"}],"curies":[{"name":"wp","href":"https:\/\/api.w.org\/{rel}","templated":true}]}}