{"id":1046931,"date":"2025-02-06T11:03:52","date_gmt":"2025-02-06T08:03:52","guid":{"rendered":"https:\/\/darkamazi.info\/?p=1046931"},"modified":"2025-02-06T11:03:52","modified_gmt":"2025-02-06T08:03:52","slug":"efsere-pilebilinde-tirkiyeyi-ye-ku-li-basure-kurdistane-hatiye-kustin-ki-bu","status":"publish","type":"post","link":"https:\/\/darkamazi.info\/archives\/1046931","title":{"rendered":"Efser\u00ea pilebilind\u00ea Tirkiyey\u00ee y\u00ea ku li Ba\u015f\u00fbr\u00ea Kurdistan\u00ea hatiye ku\u015ftin, k\u00ee b\u00fb?"},"content":{"rendered":"<h3 style=\"text-align: justify\"><span style=\"font-family: 'arial black', sans-serif\">Efserek\u00ee pilebilind \u00ea art\u00ea\u015fa Tirkiyey\u00ea li Ba\u015f\u00fbr\u00ea Kurdistan\u00ea ji aliy\u00ea ger\u00eelay\u00ean PKKy\u00ea ve hat ku\u015ftin.<\/span><\/h3>\n<h3 style=\"text-align: justify\"><span style=\"font-family: arial, helvetica, sans-serif\">Wezareta Parastin\u00ea ya Tirkiyey\u00ea derbar\u00ea mijar\u00ea li ser hesab\u00ea xwe y\u00ea medyaya civak\u00ee daxuyaniyek belav kir.<\/span><\/h3>\n<h3 style=\"text-align: justify\"><span style=\"font-family: arial, helvetica, sans-serif\">Wezaret\u00ea diyar kir ku duh li her\u00eama &#8220;Operasyona Pen\u00e7e-Kil\u00eed\u00ea&#8221; dema \u00e7alakiy\u00ean l\u00eager\u00een \u00fb kontrolkirin\u00ea di navbera le\u015fker\u00ean wan \u00fb ger\u00eelay\u00ean PKKy\u00ea \u015fer \u00fb pev\u00e7\u00fbn derketine.<\/span><\/h3>\n<h3 style=\"text-align: justify\"><span style=\"font-family: arial, helvetica, sans-serif\">Di encama \u015fer \u00fb pev\u00e7\u00fbnan de efser\u00ea wan \u00ea pilebilin \u00ea komando y\u00ea bi nav\u00ea Murat Kemal Yeti\u015fen hatiye ku\u015ftin.<\/span><\/h3>\n<h3 style=\"text-align: justify\"><span style=\"font-family: arial, helvetica, sans-serif\">Art\u00ea\u015fa Tirkiyey\u00ea 17\u00ea N\u00eesana 2022yan li dever\u00ean Zap, Ava\u015f\u00een \u00fb Met\u00eenay\u00ea y\u00ean Ba\u015f\u00fbr\u00ea Kurdistan\u00ea bi hinceta ger\u00eelay\u00ean PKKy\u00ea dest bi \u00eari\u015feke bi nav\u00ea &#8220;Operasyona Pence-Kil\u00eed\u00ea&#8221; kir \u00fb ew \u00eari\u015f heta niha j\u00ee berdewam dike.<\/span><\/h3>\n","protected":false},"excerpt":{"rendered":"<p>Efserek\u00ee pilebilind \u00ea art\u00ea\u015fa Tirkiyey\u00ea li Ba\u015f\u00fbr\u00ea Kurdistan\u00ea ji aliy\u00ea ger\u00eelay\u00ean PKKy\u00ea ve hat ku\u015ftin. Wezareta Parastin\u00ea ya Tirkiyey\u00ea derbar\u00ea mijar\u00ea li ser hesab\u00ea xwe y\u00ea medyaya civak\u00ee daxuyaniyek belav kir. Wezaret\u00ea diyar kir ku duh li her\u00eama &#8220;Operasyona Pen\u00e7e-Kil\u00eed\u00ea&#8221; dema \u00e7alakiy\u00ean l\u00eager\u00een \u00fb kontrolkirin\u00ea di navbera le\u015fker\u00ean wan \u00fb ger\u00eelay\u00ean PKKy\u00ea \u015fer \u00fb pev\u00e7\u00fbn [&hellip;]<\/p>\n","protected":false},"author":2,"featured_media":1046932,"comment_status":"closed","ping_status":"closed","sticky":false,"template":"","format":"standard","meta":{"footnotes":""},"categories":[29],"tags":[37],"class_list":["post-1046931","post","type-post","status-publish","format-standard","has-post-thumbnail","hentry","category-kurdistan","tag-sereke"],"blocksy_meta":[],"seo_head":"<!-- This site is optimized with the Yoast SEO plugin v27.5 - https:\/\/yoast.com\/product\/yoast-seo-wordpress\/ -->\n<title>Efser\u00ea pilebilind\u00ea Tirkiyey\u00ee y\u00ea ku li Ba\u015f\u00fbr\u00ea Kurdistan\u00ea hatiye ku\u015ftin, k\u00ee b\u00fb? - Darka Maz\u00ee<\/title>\n<meta name=\"robots\" content=\"index, follow, max-snippet:-1, max-image-preview:large, max-video-preview:-1\" \/>\n<link rel=\"canonical\" href=\"https:\/\/darkamazi.info\/archives\/1046931\" \/>\n<meta property=\"og:locale\" content=\"en_US\" \/>\n<meta property=\"og:type\" content=\"article\" \/>\n<meta property=\"og:title\" content=\"Efser\u00ea pilebilind\u00ea Tirkiyey\u00ee y\u00ea ku li Ba\u015f\u00fbr\u00ea Kurdistan\u00ea hatiye ku\u015ftin, k\u00ee b\u00fb? - Darka Maz\u00ee\" \/>\n<meta property=\"og:description\" content=\"Efserek\u00ee pilebilind \u00ea art\u00ea\u015fa Tirkiyey\u00ea li Ba\u015f\u00fbr\u00ea Kurdistan\u00ea ji aliy\u00ea ger\u00eelay\u00ean PKKy\u00ea ve hat ku\u015ftin. Wezareta Parastin\u00ea ya Tirkiyey\u00ea derbar\u00ea mijar\u00ea li ser hesab\u00ea xwe y\u00ea medyaya civak\u00ee daxuyaniyek belav kir. Wezaret\u00ea diyar kir ku duh li her\u00eama &#8220;Operasyona Pen\u00e7e-Kil\u00eed\u00ea&#8221; dema \u00e7alakiy\u00ean l\u00eager\u00een \u00fb kontrolkirin\u00ea di navbera le\u015fker\u00ean wan \u00fb ger\u00eelay\u00ean PKKy\u00ea \u015fer \u00fb pev\u00e7\u00fbn [&hellip;]\" \/>\n<meta property=\"og:url\" content=\"https:\/\/darkamazi.info\/archives\/1046931\" \/>\n<meta property=\"og:site_name\" content=\"Darka Maz\u00ee\" \/>\n<meta property=\"article:publisher\" content=\"https:\/\/www.facebook.com\/DarMaziKurmanci\" \/>\n<meta property=\"article:published_time\" content=\"2025-02-06T08:03:52+00:00\" \/>\n<meta property=\"og:image\" content=\"https:\/\/darkamazi.info\/file\/2025\/02\/turkey-pence-pkk-komndo-info.jpg\" \/>\n\t<meta property=\"og:image:width\" content=\"900\" \/>\n\t<meta property=\"og:image:height\" content=\"500\" \/>\n\t<meta property=\"og:image:type\" content=\"image\/jpeg\" \/>\n<meta name=\"author\" content=\"darka mazi\" \/>\n<meta name=\"twitter:card\" content=\"summary_large_image\" \/>\n<meta name=\"twitter:creator\" content=\"@DarkaMaziLatini\" \/>\n<meta name=\"twitter:site\" content=\"@DarkaMaziLatini\" \/>\n<meta name=\"twitter:label1\" content=\"Written by\" \/>\n\t<meta name=\"twitter:data1\" content=\"darka mazi\" \/>\n\t<meta name=\"twitter:label2\" content=\"Est. reading time\" \/>\n\t<meta name=\"twitter:data2\" content=\"1 minute\" \/>\n<script type=\"application\/ld+json\" class=\"seo-schema-graph\">{\"@context\":\"https:\\\/\\\/schema.org\",\"@graph\":[{\"@type\":\"Article\",\"@id\":\"https:\\\/\\\/darkamazi.info\\\/archives\\\/1046931#article\",\"isPartOf\":{\"@id\":\"https:\\\/\\\/darkamazi.info\\\/archives\\\/1046931\"},\"author\":{\"name\":\"darka mazi\",\"@id\":\"https:\\\/\\\/darkamazi.info\\\/#\\\/schema\\\/person\\\/5ad3e24553a0567993fa8ed4bd0a776c\"},\"headline\":\"Efser\u00ea pilebilind\u00ea Tirkiyey\u00ee y\u00ea ku li Ba\u015f\u00fbr\u00ea Kurdistan\u00ea hatiye ku\u015ftin, k\u00ee b\u00fb?\",\"datePublished\":\"2025-02-06T08:03:52+00:00\",\"mainEntityOfPage\":{\"@id\":\"https:\\\/\\\/darkamazi.info\\\/archives\\\/1046931\"},\"wordCount\":144,\"publisher\":{\"@id\":\"https:\\\/\\\/darkamazi.info\\\/#organization\"},\"image\":{\"@id\":\"https:\\\/\\\/darkamazi.info\\\/archives\\\/1046931#primaryimage\"},\"thumbnailUrl\":\"https:\\\/\\\/darkamazi.info\\\/darka-content\\\/uploads\\\/2025\\\/02\\\/turkey-pence-pkk-komndo-info.jpg\",\"keywords\":[\"sereke\"],\"articleSection\":[\"Kurdistan\"],\"inLanguage\":\"en-US\"},{\"@type\":\"WebPage\",\"@id\":\"https:\\\/\\\/darkamazi.info\\\/archives\\\/1046931\",\"url\":\"https:\\\/\\\/darkamazi.info\\\/archives\\\/1046931\",\"name\":\"Efser\u00ea pilebilind\u00ea Tirkiyey\u00ee y\u00ea ku li Ba\u015f\u00fbr\u00ea Kurdistan\u00ea hatiye ku\u015ftin, k\u00ee b\u00fb? - Darka Maz\u00ee\",\"isPartOf\":{\"@id\":\"https:\\\/\\\/darkamazi.info\\\/#website\"},\"primaryImageOfPage\":{\"@id\":\"https:\\\/\\\/darkamazi.info\\\/archives\\\/1046931#primaryimage\"},\"image\":{\"@id\":\"https:\\\/\\\/darkamazi.info\\\/archives\\\/1046931#primaryimage\"},\"thumbnailUrl\":\"https:\\\/\\\/darkamazi.info\\\/darka-content\\\/uploads\\\/2025\\\/02\\\/turkey-pence-pkk-komndo-info.jpg\",\"datePublished\":\"2025-02-06T08:03:52+00:00\",\"breadcrumb\":{\"@id\":\"https:\\\/\\\/darkamazi.info\\\/archives\\\/1046931#breadcrumb\"},\"inLanguage\":\"en-US\",\"potentialAction\":[{\"@type\":\"ReadAction\",\"target\":[\"https:\\\/\\\/darkamazi.info\\\/archives\\\/1046931\"]}]},{\"@type\":\"ImageObject\",\"inLanguage\":\"en-US\",\"@id\":\"https:\\\/\\\/darkamazi.info\\\/archives\\\/1046931#primaryimage\",\"url\":\"https:\\\/\\\/darkamazi.info\\\/darka-content\\\/uploads\\\/2025\\\/02\\\/turkey-pence-pkk-komndo-info.jpg\",\"contentUrl\":\"https:\\\/\\\/darkamazi.info\\\/darka-content\\\/uploads\\\/2025\\\/02\\\/turkey-pence-pkk-komndo-info.jpg\",\"width\":900,\"height\":500,\"caption\":\"turkey-pence-pkk-komndo-net\"},{\"@type\":\"BreadcrumbList\",\"@id\":\"https:\\\/\\\/darkamazi.info\\\/archives\\\/1046931#breadcrumb\",\"itemListElement\":[{\"@type\":\"ListItem\",\"position\":1,\"name\":\"Home\",\"item\":\"https:\\\/\\\/darkamazi.info\\\/\"},{\"@type\":\"ListItem\",\"position\":2,\"name\":\"Efser\u00ea pilebilind\u00ea Tirkiyey\u00ee y\u00ea ku li Ba\u015f\u00fbr\u00ea Kurdistan\u00ea hatiye ku\u015ftin, k\u00ee b\u00fb?\"}]},{\"@type\":\"WebSite\",\"@id\":\"https:\\\/\\\/darkamazi.info\\\/#website\",\"url\":\"https:\\\/\\\/darkamazi.info\\\/\",\"name\":\"Darka Maz\u00ee\",\"description\":\"P\u00eageha Zanyariy\u00ean Nebih\u00eest\u00ee\",\"publisher\":{\"@id\":\"https:\\\/\\\/darkamazi.info\\\/#organization\"},\"potentialAction\":[{\"@type\":\"SearchAction\",\"target\":{\"@type\":\"EntryPoint\",\"urlTemplate\":\"https:\\\/\\\/darkamazi.info\\\/?s={search_term_string}\"},\"query-input\":{\"@type\":\"PropertyValueSpecification\",\"valueRequired\":true,\"valueName\":\"search_term_string\"}}],\"inLanguage\":\"en-US\"},{\"@type\":\"Organization\",\"@id\":\"https:\\\/\\\/darkamazi.info\\\/#organization\",\"name\":\"Darka Maz\u00ee\",\"url\":\"https:\\\/\\\/darkamazi.info\\\/\",\"logo\":{\"@type\":\"ImageObject\",\"inLanguage\":\"en-US\",\"@id\":\"https:\\\/\\\/darkamazi.info\\\/#\\\/schema\\\/logo\\\/image\\\/\",\"url\":\"https:\\\/\\\/darkamazi.info\\\/darka-content\\\/uploads\\\/2017\\\/12\\\/darka-mazi-logo.png\",\"contentUrl\":\"https:\\\/\\\/darkamazi.info\\\/darka-content\\\/uploads\\\/2017\\\/12\\\/darka-mazi-logo.png\",\"width\":151,\"height\":75,\"caption\":\"Darka Maz\u00ee\"},\"image\":{\"@id\":\"https:\\\/\\\/darkamazi.info\\\/#\\\/schema\\\/logo\\\/image\\\/\"},\"sameAs\":[\"https:\\\/\\\/www.facebook.com\\\/DarMaziKurmanci\",\"https:\\\/\\\/x.com\\\/DarkaMaziLatini\",\"https:\\\/\\\/www.instagram.com\\\/darkamazi.kurmanci\\\/\",\"https:\\\/\\\/www.youtube.com\\\/channel\\\/UCa5HkTdmI8U1qCUFuTw8B2g\"]},{\"@type\":\"Person\",\"@id\":\"https:\\\/\\\/darkamazi.info\\\/#\\\/schema\\\/person\\\/5ad3e24553a0567993fa8ed4bd0a776c\",\"name\":\"darka mazi\",\"sameAs\":[\"https:\\\/\\\/darkamazi.info\\\/\"],\"url\":\"https:\\\/\\\/darkamazi.info\\\/archives\\\/author\\\/kurdi\"}]}<\/script>\n<!-- \/ Yoast SEO plugin. -->","seo_head_json":{"title":"Efser\u00ea pilebilind\u00ea Tirkiyey\u00ee y\u00ea ku li Ba\u015f\u00fbr\u00ea Kurdistan\u00ea hatiye ku\u015ftin, k\u00ee b\u00fb? - Darka Maz\u00ee","robots":{"index":"index","follow":"follow","max-snippet":"max-snippet:-1","max-image-preview":"max-image-preview:large","max-video-preview":"max-video-preview:-1"},"canonical":"https:\/\/darkamazi.info\/archives\/1046931","og_locale":"en_US","og_type":"article","og_title":"Efser\u00ea pilebilind\u00ea Tirkiyey\u00ee y\u00ea ku li Ba\u015f\u00fbr\u00ea Kurdistan\u00ea hatiye ku\u015ftin, k\u00ee b\u00fb? - Darka Maz\u00ee","og_description":"Efserek\u00ee pilebilind \u00ea art\u00ea\u015fa Tirkiyey\u00ea li Ba\u015f\u00fbr\u00ea Kurdistan\u00ea ji aliy\u00ea ger\u00eelay\u00ean PKKy\u00ea ve hat ku\u015ftin. Wezareta Parastin\u00ea ya Tirkiyey\u00ea derbar\u00ea mijar\u00ea li ser hesab\u00ea xwe y\u00ea medyaya civak\u00ee daxuyaniyek belav kir. Wezaret\u00ea diyar kir ku duh li her\u00eama &#8220;Operasyona Pen\u00e7e-Kil\u00eed\u00ea&#8221; dema \u00e7alakiy\u00ean l\u00eager\u00een \u00fb kontrolkirin\u00ea di navbera le\u015fker\u00ean wan \u00fb ger\u00eelay\u00ean PKKy\u00ea \u015fer \u00fb pev\u00e7\u00fbn [&hellip;]","og_url":"https:\/\/darkamazi.info\/archives\/1046931","og_site_name":"Darka Maz\u00ee","article_publisher":"https:\/\/www.facebook.com\/DarMaziKurmanci","article_published_time":"2025-02-06T08:03:52+00:00","og_image":[{"width":900,"height":500,"url":"https:\/\/darkamazi.info\/file\/2025\/02\/turkey-pence-pkk-komndo-info.jpg","type":"image\/jpeg"}],"author":"darka mazi","twitter_card":"summary_large_image","twitter_creator":"@DarkaMaziLatini","twitter_site":"@DarkaMaziLatini","twitter_misc":{"Written by":"darka mazi","Est. reading time":"1 minute"},"schema":{"@context":"https:\/\/schema.org","@graph":[{"@type":"Article","@id":"https:\/\/darkamazi.info\/archives\/1046931#article","isPartOf":{"@id":"https:\/\/darkamazi.info\/archives\/1046931"},"author":{"name":"darka mazi","@id":"https:\/\/darkamazi.info\/#\/schema\/person\/5ad3e24553a0567993fa8ed4bd0a776c"},"headline":"Efser\u00ea pilebilind\u00ea Tirkiyey\u00ee y\u00ea ku li Ba\u015f\u00fbr\u00ea Kurdistan\u00ea hatiye ku\u015ftin, k\u00ee b\u00fb?","datePublished":"2025-02-06T08:03:52+00:00","mainEntityOfPage":{"@id":"https:\/\/darkamazi.info\/archives\/1046931"},"wordCount":144,"publisher":{"@id":"https:\/\/darkamazi.info\/#organization"},"image":{"@id":"https:\/\/darkamazi.info\/archives\/1046931#primaryimage"},"thumbnailUrl":"https:\/\/darkamazi.info\/file\/2025\/02\/turkey-pence-pkk-komndo-info.jpg","keywords":["sereke"],"articleSection":["Kurdistan"],"inLanguage":"en-US"},{"@type":"WebPage","@id":"https:\/\/darkamazi.info\/archives\/1046931","url":"https:\/\/darkamazi.info\/archives\/1046931","name":"Efser\u00ea pilebilind\u00ea Tirkiyey\u00ee y\u00ea ku li Ba\u015f\u00fbr\u00ea Kurdistan\u00ea hatiye ku\u015ftin, k\u00ee b\u00fb? - Darka Maz\u00ee","isPartOf":{"@id":"https:\/\/darkamazi.info\/#website"},"primaryImageOfPage":{"@id":"https:\/\/darkamazi.info\/archives\/1046931#primaryimage"},"image":{"@id":"https:\/\/darkamazi.info\/archives\/1046931#primaryimage"},"thumbnailUrl":"https:\/\/darkamazi.info\/file\/2025\/02\/turkey-pence-pkk-komndo-info.jpg","datePublished":"2025-02-06T08:03:52+00:00","breadcrumb":{"@id":"https:\/\/darkamazi.info\/archives\/1046931#breadcrumb"},"inLanguage":"en-US","potentialAction":[{"@type":"ReadAction","target":["https:\/\/darkamazi.info\/archives\/1046931"]}]},{"@type":"ImageObject","inLanguage":"en-US","@id":"https:\/\/darkamazi.info\/archives\/1046931#primaryimage","url":"https:\/\/darkamazi.info\/file\/2025\/02\/turkey-pence-pkk-komndo-info.jpg","contentUrl":"https:\/\/darkamazi.info\/file\/2025\/02\/turkey-pence-pkk-komndo-info.jpg","width":900,"height":500,"caption":"turkey-pence-pkk-komndo-net"},{"@type":"BreadcrumbList","@id":"https:\/\/darkamazi.info\/archives\/1046931#breadcrumb","itemListElement":[{"@type":"ListItem","position":1,"name":"Home","item":"https:\/\/darkamazi.info\/"},{"@type":"ListItem","position":2,"name":"Efser\u00ea pilebilind\u00ea Tirkiyey\u00ee y\u00ea ku li Ba\u015f\u00fbr\u00ea Kurdistan\u00ea hatiye ku\u015ftin, k\u00ee b\u00fb?"}]},{"@type":"WebSite","@id":"https:\/\/darkamazi.info\/#website","url":"https:\/\/darkamazi.info\/","name":"Darka Maz\u00ee","description":"P\u00eageha Zanyariy\u00ean Nebih\u00eest\u00ee","publisher":{"@id":"https:\/\/darkamazi.info\/#organization"},"potentialAction":[{"@type":"SearchAction","target":{"@type":"EntryPoint","urlTemplate":"https:\/\/darkamazi.info\/?s={search_term_string}"},"query-input":{"@type":"PropertyValueSpecification","valueRequired":true,"valueName":"search_term_string"}}],"inLanguage":"en-US"},{"@type":"Organization","@id":"https:\/\/darkamazi.info\/#organization","name":"Darka Maz\u00ee","url":"https:\/\/darkamazi.info\/","logo":{"@type":"ImageObject","inLanguage":"en-US","@id":"https:\/\/darkamazi.info\/#\/schema\/logo\/image\/","url":"https:\/\/darkamazi.info\/file\/2017\/12\/darka-mazi-logo.png","contentUrl":"https:\/\/darkamazi.info\/file\/2017\/12\/darka-mazi-logo.png","width":151,"height":75,"caption":"Darka Maz\u00ee"},"image":{"@id":"https:\/\/darkamazi.info\/#\/schema\/logo\/image\/"},"sameAs":["https:\/\/www.facebook.com\/DarMaziKurmanci","https:\/\/x.com\/DarkaMaziLatini","https:\/\/www.instagram.com\/darkamazi.kurmanci\/","https:\/\/www.youtube.com\/channel\/UCa5HkTdmI8U1qCUFuTw8B2g"]},{"@type":"Person","@id":"https:\/\/darkamazi.info\/#\/schema\/person\/5ad3e24553a0567993fa8ed4bd0a776c","name":"darka mazi","sameAs":["https:\/\/darkamazi.info\/"],"url":"https:\/\/darkamazi.info\/archives\/author\/kurdi"}]}},"_links":{"self":[{"href":"https:\/\/darkamazi.info\/funavuv\/wp\/v2\/posts\/1046931","targetHints":{"allow":["GET"]}}],"collection":[{"href":"https:\/\/darkamazi.info\/funavuv\/wp\/v2\/posts"}],"about":[{"href":"https:\/\/darkamazi.info\/funavuv\/wp\/v2\/types\/post"}],"author":[{"embeddable":true,"href":"https:\/\/darkamazi.info\/funavuv\/wp\/v2\/users\/2"}],"replies":[{"embeddable":true,"href":"https:\/\/darkamazi.info\/funavuv\/wp\/v2\/comments?post=1046931"}],"version-history":[{"count":0,"href":"https:\/\/darkamazi.info\/funavuv\/wp\/v2\/posts\/1046931\/revisions"}],"wp:featuredmedia":[{"embeddable":true,"href":"https:\/\/darkamazi.info\/funavuv\/wp\/v2\/media\/1046932"}],"wp:attachment":[{"href":"https:\/\/darkamazi.info\/funavuv\/wp\/v2\/media?parent=1046931"}],"wp:term":[{"taxonomy":"category","embeddable":true,"href":"https:\/\/darkamazi.info\/funavuv\/wp\/v2\/categories?post=1046931"},{"taxonomy":"post_tag","embeddable":true,"href":"https:\/\/darkamazi.info\/funavuv\/wp\/v2\/tags?post=1046931"}],"curies":[{"name":"wp","href":"https:\/\/api.w.org\/{rel}","templated":true}]}}