{"id":1046976,"date":"2025-02-10T10:09:37","date_gmt":"2025-02-10T07:09:37","guid":{"rendered":"https:\/\/darkamazi.info\/?p=1046976"},"modified":"2025-02-10T10:09:37","modified_gmt":"2025-02-10T07:09:37","slug":"erdogan-ci-kesek-nikare-xelke-xezzeye-ji-ser-axa-wan-derbixe","status":"publish","type":"post","link":"https:\/\/darkamazi.info\/archives\/1046976","title":{"rendered":"Erdogan: \u00c7i kesek nikare xelk\u00ea Xezzey\u00ea ji ser axa wan derbixe"},"content":{"rendered":"<h3 style=\"text-align: justify\"><span style=\"font-family: 'arial black', sans-serif\">\u00a0Serokkomar\u00ea Tirkiyey\u00ea radigeh\u00eene, \u201c\u00c7i kesek nikare xelk\u00ea Xezzey\u00ea ji ser axa wan derbixe.\u201d Herwesa got, \u201cEm pilana Serok\u00ea Amer\u00eekay\u00ea Donald Trump ji bo veguhastina Filist\u00eeniyan \u00fb kontriolkirina w\u00ee kert\u00ee red dikin.\u201d<\/span><\/h3>\n<h3 style=\"text-align: justify\">Erdogan di konferanseke rojnamevan\u00ee de got, \u201c\u00c7i kesek nikare xelk\u00ea Xezzey\u00ea ji ser axa wan derbixe.\u201d Herwesa got, \u201cJi bo me p\u00eadiv\u00ee nake ku em dan\u00fbstandinan li ser pilana Trump ji bo Xezzey\u00ea bikin an j\u00ee bi cid\u00ee ve werbigirin.\u201d<\/h3>\n<h3 style=\"text-align: justify\">Serokkomar\u00ea Tirkiyey\u00ea tekez j\u00ee kir, \u201cEv pilan bi temam\u00ee b\u00eamana ye. \u00c7i kesek\u00ee ew desthilat n\u00eene ku xelk\u00ea Xezzey\u00ea ji war\u00ea wan derbixe. Xelk\u00ea Xezzey\u00ea d\u00ea li ser mana xwe berdewam be \u00fb d\u00ea li w\u00ea der\u00ea bij\u00ee \u00fb axa xwe bipar\u00eaze.\u201d<\/h3>\n<h3 style=\"text-align: justify\">Serok\u00ea Amer\u00eekay\u00ea Donald Trump ragehand ku, pabend\u00ee kir\u00een \u00fb xwed\u00eetiya Xezzey\u00ea ye \u00fb mimkin e parek\u00ea bide welat\u00ean din \u00ean Rojhilata Nav\u00een j\u00ee ji bo ku w\u00ea avedan bikin.<\/h3>\n<h3 style=\"text-align: justify\">Agirbesta Xezzey\u00ea bi navbeynkariya Misir \u00fb Qeter \u00fb Amer\u00eekay\u00ea li roja Yek\u015fem\u00ea (19.01.2025) \u00e7\u00fb di war\u00ea bicihan\u00een\u00ea de, dema qonaxa yek\u00ea ya w\u00ea agirbest\u00ea j\u00ee d\u00ea 42 roj bin, dan\u00fbstandin d\u00ea ji bo qonaxa duy\u00ea \u00fb pa\u015ftir qonaxa s\u00eay\u00ea j\u00ee berdewam bin.<\/h3>\n<h3 style=\"text-align: justify\">Di \u00e7ar\u00e7oveya lihevkirina w\u00ea agirbest\u00ea de, heta niha 21 revandiy\u00ean Isra\u00eel\u00ee \u00fb biyan\u00ee y\u00ean li bin dest\u00ea Hemas\u00ea \u00fb 783 zindaniy\u00ean Filist\u00een\u00ee y\u00ean li nav zindan\u00ean Isra\u00eel\u00ea hatine azadkirin. Herwesa \u015fer hatiye rawestandin \u00fb bi sedan barhilgir\u00ean al\u00eekariy\u00ean mirov\u00ee ji bo w\u00ee kert\u00ee hatine gehandin.<\/h3>\n","protected":false},"excerpt":{"rendered":"<p>\u00a0Serokkomar\u00ea Tirkiyey\u00ea radigeh\u00eene, \u201c\u00c7i kesek nikare xelk\u00ea Xezzey\u00ea ji ser axa wan derbixe.\u201d Herwesa got, \u201cEm pilana Serok\u00ea Amer\u00eekay\u00ea Donald Trump ji bo veguhastina Filist\u00eeniyan \u00fb kontriolkirina w\u00ee kert\u00ee red dikin.\u201d Erdogan di konferanseke rojnamevan\u00ee de got, \u201c\u00c7i kesek nikare xelk\u00ea Xezzey\u00ea ji ser axa wan derbixe.\u201d Herwesa got, \u201cJi bo me p\u00eadiv\u00ee nake ku [&hellip;]<\/p>\n","protected":false},"author":2,"featured_media":1046977,"comment_status":"closed","ping_status":"closed","sticky":false,"template":"","format":"standard","meta":{"footnotes":""},"categories":[31],"tags":[37],"class_list":["post-1046976","post","type-post","status-publish","format-standard","has-post-thumbnail","hentry","category-rojhelata-navin","tag-sereke"],"blocksy_meta":[],"seo_head":"<!-- This site is optimized with the Yoast SEO plugin v27.5 - https:\/\/yoast.com\/product\/yoast-seo-wordpress\/ -->\n<title>Erdogan: \u00c7i kesek nikare xelk\u00ea Xezzey\u00ea ji ser axa wan derbixe - Darka Maz\u00ee<\/title>\n<meta name=\"robots\" content=\"index, follow, max-snippet:-1, max-image-preview:large, max-video-preview:-1\" \/>\n<link rel=\"canonical\" href=\"https:\/\/darkamazi.info\/archives\/1046976\" \/>\n<meta property=\"og:locale\" content=\"en_US\" \/>\n<meta property=\"og:type\" content=\"article\" \/>\n<meta property=\"og:title\" content=\"Erdogan: \u00c7i kesek nikare xelk\u00ea Xezzey\u00ea ji ser axa wan derbixe - Darka Maz\u00ee\" \/>\n<meta property=\"og:description\" content=\"\u00a0Serokkomar\u00ea Tirkiyey\u00ea radigeh\u00eene, \u201c\u00c7i kesek nikare xelk\u00ea Xezzey\u00ea ji ser axa wan derbixe.\u201d Herwesa got, \u201cEm pilana Serok\u00ea Amer\u00eekay\u00ea Donald Trump ji bo veguhastina Filist\u00eeniyan \u00fb kontriolkirina w\u00ee kert\u00ee red dikin.\u201d Erdogan di konferanseke rojnamevan\u00ee de got, \u201c\u00c7i kesek nikare xelk\u00ea Xezzey\u00ea ji ser axa wan derbixe.\u201d Herwesa got, \u201cJi bo me p\u00eadiv\u00ee nake ku [&hellip;]\" \/>\n<meta property=\"og:url\" content=\"https:\/\/darkamazi.info\/archives\/1046976\" \/>\n<meta property=\"og:site_name\" content=\"Darka Maz\u00ee\" \/>\n<meta property=\"article:publisher\" content=\"https:\/\/www.facebook.com\/DarMaziKurmanci\" \/>\n<meta property=\"article:published_time\" content=\"2025-02-10T07:09:37+00:00\" \/>\n<meta property=\"og:image\" content=\"https:\/\/darkamazi.info\/file\/2025\/02\/erdogan.jpg\" \/>\n\t<meta property=\"og:image:width\" content=\"900\" \/>\n\t<meta property=\"og:image:height\" content=\"497\" \/>\n\t<meta property=\"og:image:type\" content=\"image\/jpeg\" \/>\n<meta name=\"author\" content=\"darka mazi\" \/>\n<meta name=\"twitter:card\" content=\"summary_large_image\" \/>\n<meta name=\"twitter:creator\" content=\"@DarkaMaziLatini\" \/>\n<meta name=\"twitter:site\" content=\"@DarkaMaziLatini\" \/>\n<meta name=\"twitter:label1\" content=\"Written by\" \/>\n\t<meta name=\"twitter:data1\" content=\"darka mazi\" \/>\n\t<meta name=\"twitter:label2\" content=\"Est. reading time\" \/>\n\t<meta name=\"twitter:data2\" content=\"2 minutes\" \/>\n<script type=\"application\/ld+json\" class=\"seo-schema-graph\">{\"@context\":\"https:\\\/\\\/schema.org\",\"@graph\":[{\"@type\":\"Article\",\"@id\":\"https:\\\/\\\/darkamazi.info\\\/archives\\\/1046976#article\",\"isPartOf\":{\"@id\":\"https:\\\/\\\/darkamazi.info\\\/archives\\\/1046976\"},\"author\":{\"name\":\"darka mazi\",\"@id\":\"https:\\\/\\\/darkamazi.info\\\/#\\\/schema\\\/person\\\/5ad3e24553a0567993fa8ed4bd0a776c\"},\"headline\":\"Erdogan: \u00c7i kesek nikare xelk\u00ea Xezzey\u00ea ji ser axa wan derbixe\",\"datePublished\":\"2025-02-10T07:09:37+00:00\",\"mainEntityOfPage\":{\"@id\":\"https:\\\/\\\/darkamazi.info\\\/archives\\\/1046976\"},\"wordCount\":255,\"publisher\":{\"@id\":\"https:\\\/\\\/darkamazi.info\\\/#organization\"},\"image\":{\"@id\":\"https:\\\/\\\/darkamazi.info\\\/archives\\\/1046976#primaryimage\"},\"thumbnailUrl\":\"https:\\\/\\\/darkamazi.info\\\/darka-content\\\/uploads\\\/2025\\\/02\\\/erdogan.jpg\",\"keywords\":[\"sereke\"],\"articleSection\":[\"Rojhelata nav\u00een\"],\"inLanguage\":\"en-US\"},{\"@type\":\"WebPage\",\"@id\":\"https:\\\/\\\/darkamazi.info\\\/archives\\\/1046976\",\"url\":\"https:\\\/\\\/darkamazi.info\\\/archives\\\/1046976\",\"name\":\"Erdogan: \u00c7i kesek nikare xelk\u00ea Xezzey\u00ea ji ser axa wan derbixe - Darka Maz\u00ee\",\"isPartOf\":{\"@id\":\"https:\\\/\\\/darkamazi.info\\\/#website\"},\"primaryImageOfPage\":{\"@id\":\"https:\\\/\\\/darkamazi.info\\\/archives\\\/1046976#primaryimage\"},\"image\":{\"@id\":\"https:\\\/\\\/darkamazi.info\\\/archives\\\/1046976#primaryimage\"},\"thumbnailUrl\":\"https:\\\/\\\/darkamazi.info\\\/darka-content\\\/uploads\\\/2025\\\/02\\\/erdogan.jpg\",\"datePublished\":\"2025-02-10T07:09:37+00:00\",\"breadcrumb\":{\"@id\":\"https:\\\/\\\/darkamazi.info\\\/archives\\\/1046976#breadcrumb\"},\"inLanguage\":\"en-US\",\"potentialAction\":[{\"@type\":\"ReadAction\",\"target\":[\"https:\\\/\\\/darkamazi.info\\\/archives\\\/1046976\"]}]},{\"@type\":\"ImageObject\",\"inLanguage\":\"en-US\",\"@id\":\"https:\\\/\\\/darkamazi.info\\\/archives\\\/1046976#primaryimage\",\"url\":\"https:\\\/\\\/darkamazi.info\\\/darka-content\\\/uploads\\\/2025\\\/02\\\/erdogan.jpg\",\"contentUrl\":\"https:\\\/\\\/darkamazi.info\\\/darka-content\\\/uploads\\\/2025\\\/02\\\/erdogan.jpg\",\"width\":900,\"height\":497,\"caption\":\"Erdogan: \u00c7i kesek nikare xelk\u00ea Xezzey\u00ea ji ser axa wan derbixe\"},{\"@type\":\"BreadcrumbList\",\"@id\":\"https:\\\/\\\/darkamazi.info\\\/archives\\\/1046976#breadcrumb\",\"itemListElement\":[{\"@type\":\"ListItem\",\"position\":1,\"name\":\"Home\",\"item\":\"https:\\\/\\\/darkamazi.info\\\/\"},{\"@type\":\"ListItem\",\"position\":2,\"name\":\"Erdogan: \u00c7i kesek nikare xelk\u00ea Xezzey\u00ea ji ser axa wan derbixe\"}]},{\"@type\":\"WebSite\",\"@id\":\"https:\\\/\\\/darkamazi.info\\\/#website\",\"url\":\"https:\\\/\\\/darkamazi.info\\\/\",\"name\":\"Darka Maz\u00ee\",\"description\":\"P\u00eageha Zanyariy\u00ean Nebih\u00eest\u00ee\",\"publisher\":{\"@id\":\"https:\\\/\\\/darkamazi.info\\\/#organization\"},\"potentialAction\":[{\"@type\":\"SearchAction\",\"target\":{\"@type\":\"EntryPoint\",\"urlTemplate\":\"https:\\\/\\\/darkamazi.info\\\/?s={search_term_string}\"},\"query-input\":{\"@type\":\"PropertyValueSpecification\",\"valueRequired\":true,\"valueName\":\"search_term_string\"}}],\"inLanguage\":\"en-US\"},{\"@type\":\"Organization\",\"@id\":\"https:\\\/\\\/darkamazi.info\\\/#organization\",\"name\":\"Darka Maz\u00ee\",\"url\":\"https:\\\/\\\/darkamazi.info\\\/\",\"logo\":{\"@type\":\"ImageObject\",\"inLanguage\":\"en-US\",\"@id\":\"https:\\\/\\\/darkamazi.info\\\/#\\\/schema\\\/logo\\\/image\\\/\",\"url\":\"https:\\\/\\\/darkamazi.info\\\/darka-content\\\/uploads\\\/2017\\\/12\\\/darka-mazi-logo.png\",\"contentUrl\":\"https:\\\/\\\/darkamazi.info\\\/darka-content\\\/uploads\\\/2017\\\/12\\\/darka-mazi-logo.png\",\"width\":151,\"height\":75,\"caption\":\"Darka Maz\u00ee\"},\"image\":{\"@id\":\"https:\\\/\\\/darkamazi.info\\\/#\\\/schema\\\/logo\\\/image\\\/\"},\"sameAs\":[\"https:\\\/\\\/www.facebook.com\\\/DarMaziKurmanci\",\"https:\\\/\\\/x.com\\\/DarkaMaziLatini\",\"https:\\\/\\\/www.instagram.com\\\/darkamazi.kurmanci\\\/\",\"https:\\\/\\\/www.youtube.com\\\/channel\\\/UCa5HkTdmI8U1qCUFuTw8B2g\"]},{\"@type\":\"Person\",\"@id\":\"https:\\\/\\\/darkamazi.info\\\/#\\\/schema\\\/person\\\/5ad3e24553a0567993fa8ed4bd0a776c\",\"name\":\"darka mazi\",\"sameAs\":[\"https:\\\/\\\/darkamazi.info\\\/\"],\"url\":\"https:\\\/\\\/darkamazi.info\\\/archives\\\/author\\\/kurdi\"}]}<\/script>\n<!-- \/ Yoast SEO plugin. -->","seo_head_json":{"title":"Erdogan: \u00c7i kesek nikare xelk\u00ea Xezzey\u00ea ji ser axa wan derbixe - Darka Maz\u00ee","robots":{"index":"index","follow":"follow","max-snippet":"max-snippet:-1","max-image-preview":"max-image-preview:large","max-video-preview":"max-video-preview:-1"},"canonical":"https:\/\/darkamazi.info\/archives\/1046976","og_locale":"en_US","og_type":"article","og_title":"Erdogan: \u00c7i kesek nikare xelk\u00ea Xezzey\u00ea ji ser axa wan derbixe - Darka Maz\u00ee","og_description":"\u00a0Serokkomar\u00ea Tirkiyey\u00ea radigeh\u00eene, \u201c\u00c7i kesek nikare xelk\u00ea Xezzey\u00ea ji ser axa wan derbixe.\u201d Herwesa got, \u201cEm pilana Serok\u00ea Amer\u00eekay\u00ea Donald Trump ji bo veguhastina Filist\u00eeniyan \u00fb kontriolkirina w\u00ee kert\u00ee red dikin.\u201d Erdogan di konferanseke rojnamevan\u00ee de got, \u201c\u00c7i kesek nikare xelk\u00ea Xezzey\u00ea ji ser axa wan derbixe.\u201d Herwesa got, \u201cJi bo me p\u00eadiv\u00ee nake ku [&hellip;]","og_url":"https:\/\/darkamazi.info\/archives\/1046976","og_site_name":"Darka Maz\u00ee","article_publisher":"https:\/\/www.facebook.com\/DarMaziKurmanci","article_published_time":"2025-02-10T07:09:37+00:00","og_image":[{"width":900,"height":497,"url":"https:\/\/darkamazi.info\/file\/2025\/02\/erdogan.jpg","type":"image\/jpeg"}],"author":"darka mazi","twitter_card":"summary_large_image","twitter_creator":"@DarkaMaziLatini","twitter_site":"@DarkaMaziLatini","twitter_misc":{"Written by":"darka mazi","Est. reading time":"2 minutes"},"schema":{"@context":"https:\/\/schema.org","@graph":[{"@type":"Article","@id":"https:\/\/darkamazi.info\/archives\/1046976#article","isPartOf":{"@id":"https:\/\/darkamazi.info\/archives\/1046976"},"author":{"name":"darka mazi","@id":"https:\/\/darkamazi.info\/#\/schema\/person\/5ad3e24553a0567993fa8ed4bd0a776c"},"headline":"Erdogan: \u00c7i kesek nikare xelk\u00ea Xezzey\u00ea ji ser axa wan derbixe","datePublished":"2025-02-10T07:09:37+00:00","mainEntityOfPage":{"@id":"https:\/\/darkamazi.info\/archives\/1046976"},"wordCount":255,"publisher":{"@id":"https:\/\/darkamazi.info\/#organization"},"image":{"@id":"https:\/\/darkamazi.info\/archives\/1046976#primaryimage"},"thumbnailUrl":"https:\/\/darkamazi.info\/file\/2025\/02\/erdogan.jpg","keywords":["sereke"],"articleSection":["Rojhelata nav\u00een"],"inLanguage":"en-US"},{"@type":"WebPage","@id":"https:\/\/darkamazi.info\/archives\/1046976","url":"https:\/\/darkamazi.info\/archives\/1046976","name":"Erdogan: \u00c7i kesek nikare xelk\u00ea Xezzey\u00ea ji ser axa wan derbixe - Darka Maz\u00ee","isPartOf":{"@id":"https:\/\/darkamazi.info\/#website"},"primaryImageOfPage":{"@id":"https:\/\/darkamazi.info\/archives\/1046976#primaryimage"},"image":{"@id":"https:\/\/darkamazi.info\/archives\/1046976#primaryimage"},"thumbnailUrl":"https:\/\/darkamazi.info\/file\/2025\/02\/erdogan.jpg","datePublished":"2025-02-10T07:09:37+00:00","breadcrumb":{"@id":"https:\/\/darkamazi.info\/archives\/1046976#breadcrumb"},"inLanguage":"en-US","potentialAction":[{"@type":"ReadAction","target":["https:\/\/darkamazi.info\/archives\/1046976"]}]},{"@type":"ImageObject","inLanguage":"en-US","@id":"https:\/\/darkamazi.info\/archives\/1046976#primaryimage","url":"https:\/\/darkamazi.info\/file\/2025\/02\/erdogan.jpg","contentUrl":"https:\/\/darkamazi.info\/file\/2025\/02\/erdogan.jpg","width":900,"height":497,"caption":"Erdogan: \u00c7i kesek nikare xelk\u00ea Xezzey\u00ea ji ser axa wan derbixe"},{"@type":"BreadcrumbList","@id":"https:\/\/darkamazi.info\/archives\/1046976#breadcrumb","itemListElement":[{"@type":"ListItem","position":1,"name":"Home","item":"https:\/\/darkamazi.info\/"},{"@type":"ListItem","position":2,"name":"Erdogan: \u00c7i kesek nikare xelk\u00ea Xezzey\u00ea ji ser axa wan derbixe"}]},{"@type":"WebSite","@id":"https:\/\/darkamazi.info\/#website","url":"https:\/\/darkamazi.info\/","name":"Darka Maz\u00ee","description":"P\u00eageha Zanyariy\u00ean Nebih\u00eest\u00ee","publisher":{"@id":"https:\/\/darkamazi.info\/#organization"},"potentialAction":[{"@type":"SearchAction","target":{"@type":"EntryPoint","urlTemplate":"https:\/\/darkamazi.info\/?s={search_term_string}"},"query-input":{"@type":"PropertyValueSpecification","valueRequired":true,"valueName":"search_term_string"}}],"inLanguage":"en-US"},{"@type":"Organization","@id":"https:\/\/darkamazi.info\/#organization","name":"Darka Maz\u00ee","url":"https:\/\/darkamazi.info\/","logo":{"@type":"ImageObject","inLanguage":"en-US","@id":"https:\/\/darkamazi.info\/#\/schema\/logo\/image\/","url":"https:\/\/darkamazi.info\/file\/2017\/12\/darka-mazi-logo.png","contentUrl":"https:\/\/darkamazi.info\/file\/2017\/12\/darka-mazi-logo.png","width":151,"height":75,"caption":"Darka Maz\u00ee"},"image":{"@id":"https:\/\/darkamazi.info\/#\/schema\/logo\/image\/"},"sameAs":["https:\/\/www.facebook.com\/DarMaziKurmanci","https:\/\/x.com\/DarkaMaziLatini","https:\/\/www.instagram.com\/darkamazi.kurmanci\/","https:\/\/www.youtube.com\/channel\/UCa5HkTdmI8U1qCUFuTw8B2g"]},{"@type":"Person","@id":"https:\/\/darkamazi.info\/#\/schema\/person\/5ad3e24553a0567993fa8ed4bd0a776c","name":"darka mazi","sameAs":["https:\/\/darkamazi.info\/"],"url":"https:\/\/darkamazi.info\/archives\/author\/kurdi"}]}},"_links":{"self":[{"href":"https:\/\/darkamazi.info\/funavuv\/wp\/v2\/posts\/1046976","targetHints":{"allow":["GET"]}}],"collection":[{"href":"https:\/\/darkamazi.info\/funavuv\/wp\/v2\/posts"}],"about":[{"href":"https:\/\/darkamazi.info\/funavuv\/wp\/v2\/types\/post"}],"author":[{"embeddable":true,"href":"https:\/\/darkamazi.info\/funavuv\/wp\/v2\/users\/2"}],"replies":[{"embeddable":true,"href":"https:\/\/darkamazi.info\/funavuv\/wp\/v2\/comments?post=1046976"}],"version-history":[{"count":0,"href":"https:\/\/darkamazi.info\/funavuv\/wp\/v2\/posts\/1046976\/revisions"}],"wp:featuredmedia":[{"embeddable":true,"href":"https:\/\/darkamazi.info\/funavuv\/wp\/v2\/media\/1046977"}],"wp:attachment":[{"href":"https:\/\/darkamazi.info\/funavuv\/wp\/v2\/media?parent=1046976"}],"wp:term":[{"taxonomy":"category","embeddable":true,"href":"https:\/\/darkamazi.info\/funavuv\/wp\/v2\/categories?post=1046976"},{"taxonomy":"post_tag","embeddable":true,"href":"https:\/\/darkamazi.info\/funavuv\/wp\/v2\/tags?post=1046976"}],"curies":[{"name":"wp","href":"https:\/\/api.w.org\/{rel}","templated":true}]}}