{"id":1047094,"date":"2025-02-17T11:39:33","date_gmt":"2025-02-17T08:39:33","guid":{"rendered":"https:\/\/darkamazi.info\/?p=1047094"},"modified":"2025-02-17T11:39:33","modified_gmt":"2025-02-17T08:39:33","slug":"seroke-herema-kurdistane-bi-sanda-dem-partiye-re-civiya","status":"publish","type":"post","link":"https:\/\/darkamazi.info\/archives\/1047094","title":{"rendered":"Serok\u00ea Her\u00eama Kurdistan\u00ea bi \u015fanda DEM Partiy\u00ea re civiya"},"content":{"rendered":"<h3 style=\"text-align: justify\"><span style=\"font-family: 'arial black', sans-serif\">Di \u00e7ar\u00e7oveya serdana xwe ya bo Her\u00eama Kurdistan\u00ea de, \u015fanda DEM Partiy\u00ea bo \u00cemraliy\u00ea \u00eero 17\u00ea Sibat\u00ea li Hewl\u00ear\u00ea serdana Serok\u00ea Her\u00eama Kurdistan\u00ea N\u00ea\u00e7\u00eervan Barzan\u00ee kir.<\/span><\/h3>\n<h3 style=\"text-align: justify\">Mijara sereke ya civ\u00eena N\u00ea\u00e7\u00eervan Barzan\u00ee bi \u015fanda DEM Partiy\u00ea re, p\u00eavajoya n\u00fb ya a\u015ftiy\u00ea li Tirkiye \u00fb Bakur\u00ea Kurdistan\u00ea \u00fb encam\u00ean hevd\u00eetin\u00ean \u015fand\u00ea li \u00cemraliy\u00ea bi r\u00eaber\u00ea girt\u00ee y\u00ea PKK\u00ea Abdullah Ocalan re dibe.<\/h3>\n<h3 style=\"text-align: justify\">Serok\u00ea Her\u00eama Kurdistan\u00ea duh Yek\u015fem\u00ea li bajar\u00ea Munchen\u00ea di civ\u00eeneke rojnamevaniy\u00ea de got: &#8220;Em h\u00eav\u00eedar in ku banga a\u015ftiy\u00ea ji Abdullah Ocalan re were bih\u00eestin. Em h\u00eav\u00eedar in ku PKK helwest\u00ea n\u00ee\u015fan bide \u00fb peyama bir\u00eaz Ocalan p\u00ea\u015fwaz\u00ee bike.\u201d<\/h3>\n<h3 style=\"text-align: justify\">Biryar e \u015fanda DEM Partiy\u00ea \u00eero bi Serokwez\u00eer Mesr\u00fbr Barzan\u00ee re bicive \u00fb derbar\u00ea proseya n\u00fb ya a\u015ftiy\u00ea de got\u00fbb\u00eajan bike.<\/h3>\n<h3 style=\"text-align: justify\">\u015eanda DEM Partiy\u00ea bi serokatiya Parvin Buldan \u00fb Sirri Sureyya Onder duh 16\u00ea Sibat\u00ea bi Serok Barzan\u00ee re civiyab\u00fb \u00fb got\u00fbb\u00eaj li ser p\u00eavajoya n\u00fb ya a\u015ftiy\u00ea li Tirkiye \u00fb Bakur\u00ea Kurdistan\u00ea kirib\u00fb.<\/h3>\n<h3 style=\"text-align: justify\">Di \u015fandey\u00ea de endam\u00ean \u015eandeya \u00cemraliy\u00ea Perv\u00een B\u00fbldan, Sirri Sakik, hevserok\u00ea DBP\u2019\u00ea Kesk\u00een Bayindir, endam\u00ean B\u00fbroya Hiq\u00fbq\u00ea ya Asrin\u00ea Ozgur Erol \u00fb \u00cebrah\u00eem B\u00eelmez, hevberdevk\u00ea Kom\u00eesyona T\u00eakiliy\u00ean Derve ya DEM Partiy\u00ea Berdan Ozturk, parlamenter Gulcan Ka\u00e7maz Sayy\u00eeg\u00eet \u00fb Mehmet Kama\u00e7 cih digirin.<\/h3>\n<h3 style=\"text-align: justify\">T\u00ea pay\u00een, \u015eanda Dem Partiy\u00ea ku p\u00ea\u015ftir du caran bi r\u00eaber\u00ea PKK\u00ea Abdullah Ocalan re hevd\u00eetin kiriye, pi\u015ft\u00ee vegera xwe, bo cara s\u00eayem\u00een j\u00ee bi Ocalan re hevd\u00eetin\u00ea bike.<\/h3>\n","protected":false},"excerpt":{"rendered":"<p>Di \u00e7ar\u00e7oveya serdana xwe ya bo Her\u00eama Kurdistan\u00ea de, \u015fanda DEM Partiy\u00ea bo \u00cemraliy\u00ea \u00eero 17\u00ea Sibat\u00ea li Hewl\u00ear\u00ea serdana Serok\u00ea Her\u00eama Kurdistan\u00ea N\u00ea\u00e7\u00eervan Barzan\u00ee kir. Mijara sereke ya civ\u00eena N\u00ea\u00e7\u00eervan Barzan\u00ee bi \u015fanda DEM Partiy\u00ea re, p\u00eavajoya n\u00fb ya a\u015ftiy\u00ea li Tirkiye \u00fb Bakur\u00ea Kurdistan\u00ea \u00fb encam\u00ean hevd\u00eetin\u00ean \u015fand\u00ea li \u00cemraliy\u00ea bi r\u00eaber\u00ea girt\u00ee [&hellip;]<\/p>\n","protected":false},"author":2,"featured_media":1047095,"comment_status":"closed","ping_status":"closed","sticky":false,"template":"","format":"standard","meta":{"footnotes":""},"categories":[29],"tags":[37],"class_list":["post-1047094","post","type-post","status-publish","format-standard","has-post-thumbnail","hentry","category-kurdistan","tag-sereke"],"blocksy_meta":[],"seo_head":"<!-- This site is optimized with the Yoast SEO plugin v27.5 - https:\/\/yoast.com\/product\/yoast-seo-wordpress\/ -->\n<title>Serok\u00ea Her\u00eama Kurdistan\u00ea bi \u015fanda DEM Partiy\u00ea re civiya - Darka Maz\u00ee<\/title>\n<meta name=\"robots\" content=\"index, follow, max-snippet:-1, max-image-preview:large, max-video-preview:-1\" \/>\n<link rel=\"canonical\" href=\"https:\/\/darkamazi.info\/archives\/1047094\" \/>\n<meta property=\"og:locale\" content=\"en_US\" \/>\n<meta property=\"og:type\" content=\"article\" \/>\n<meta property=\"og:title\" content=\"Serok\u00ea Her\u00eama Kurdistan\u00ea bi \u015fanda DEM Partiy\u00ea re civiya - Darka Maz\u00ee\" \/>\n<meta property=\"og:description\" content=\"Di \u00e7ar\u00e7oveya serdana xwe ya bo Her\u00eama Kurdistan\u00ea de, \u015fanda DEM Partiy\u00ea bo \u00cemraliy\u00ea \u00eero 17\u00ea Sibat\u00ea li Hewl\u00ear\u00ea serdana Serok\u00ea Her\u00eama Kurdistan\u00ea N\u00ea\u00e7\u00eervan Barzan\u00ee kir. Mijara sereke ya civ\u00eena N\u00ea\u00e7\u00eervan Barzan\u00ee bi \u015fanda DEM Partiy\u00ea re, p\u00eavajoya n\u00fb ya a\u015ftiy\u00ea li Tirkiye \u00fb Bakur\u00ea Kurdistan\u00ea \u00fb encam\u00ean hevd\u00eetin\u00ean \u015fand\u00ea li \u00cemraliy\u00ea bi r\u00eaber\u00ea girt\u00ee [&hellip;]\" \/>\n<meta property=\"og:url\" content=\"https:\/\/darkamazi.info\/archives\/1047094\" \/>\n<meta property=\"og:site_name\" content=\"Darka Maz\u00ee\" \/>\n<meta property=\"article:publisher\" content=\"https:\/\/www.facebook.com\/DarMaziKurmanci\" \/>\n<meta property=\"article:published_time\" content=\"2025-02-17T08:39:33+00:00\" \/>\n<meta property=\"og:image\" content=\"https:\/\/darkamazi.info\/file\/2025\/02\/dem-parti-necirvan-barzani.jpg\" \/>\n\t<meta property=\"og:image:width\" content=\"900\" \/>\n\t<meta property=\"og:image:height\" content=\"497\" \/>\n\t<meta property=\"og:image:type\" content=\"image\/jpeg\" \/>\n<meta name=\"author\" content=\"darka mazi\" \/>\n<meta name=\"twitter:card\" content=\"summary_large_image\" \/>\n<meta name=\"twitter:creator\" content=\"@DarkaMaziLatini\" \/>\n<meta name=\"twitter:site\" content=\"@DarkaMaziLatini\" \/>\n<meta name=\"twitter:label1\" content=\"Written by\" \/>\n\t<meta name=\"twitter:data1\" content=\"darka mazi\" \/>\n\t<meta name=\"twitter:label2\" content=\"Est. reading time\" \/>\n\t<meta name=\"twitter:data2\" content=\"2 minutes\" \/>\n<script type=\"application\/ld+json\" class=\"seo-schema-graph\">{\"@context\":\"https:\\\/\\\/schema.org\",\"@graph\":[{\"@type\":\"Article\",\"@id\":\"https:\\\/\\\/darkamazi.info\\\/archives\\\/1047094#article\",\"isPartOf\":{\"@id\":\"https:\\\/\\\/darkamazi.info\\\/archives\\\/1047094\"},\"author\":{\"name\":\"darka mazi\",\"@id\":\"https:\\\/\\\/darkamazi.info\\\/#\\\/schema\\\/person\\\/5ad3e24553a0567993fa8ed4bd0a776c\"},\"headline\":\"Serok\u00ea Her\u00eama Kurdistan\u00ea bi \u015fanda DEM Partiy\u00ea re civiya\",\"datePublished\":\"2025-02-17T08:39:33+00:00\",\"mainEntityOfPage\":{\"@id\":\"https:\\\/\\\/darkamazi.info\\\/archives\\\/1047094\"},\"wordCount\":281,\"publisher\":{\"@id\":\"https:\\\/\\\/darkamazi.info\\\/#organization\"},\"image\":{\"@id\":\"https:\\\/\\\/darkamazi.info\\\/archives\\\/1047094#primaryimage\"},\"thumbnailUrl\":\"https:\\\/\\\/darkamazi.info\\\/darka-content\\\/uploads\\\/2025\\\/02\\\/dem-parti-necirvan-barzani.jpg\",\"keywords\":[\"sereke\"],\"articleSection\":[\"Kurdistan\"],\"inLanguage\":\"en-US\"},{\"@type\":\"WebPage\",\"@id\":\"https:\\\/\\\/darkamazi.info\\\/archives\\\/1047094\",\"url\":\"https:\\\/\\\/darkamazi.info\\\/archives\\\/1047094\",\"name\":\"Serok\u00ea Her\u00eama Kurdistan\u00ea bi \u015fanda DEM Partiy\u00ea re civiya - Darka Maz\u00ee\",\"isPartOf\":{\"@id\":\"https:\\\/\\\/darkamazi.info\\\/#website\"},\"primaryImageOfPage\":{\"@id\":\"https:\\\/\\\/darkamazi.info\\\/archives\\\/1047094#primaryimage\"},\"image\":{\"@id\":\"https:\\\/\\\/darkamazi.info\\\/archives\\\/1047094#primaryimage\"},\"thumbnailUrl\":\"https:\\\/\\\/darkamazi.info\\\/darka-content\\\/uploads\\\/2025\\\/02\\\/dem-parti-necirvan-barzani.jpg\",\"datePublished\":\"2025-02-17T08:39:33+00:00\",\"breadcrumb\":{\"@id\":\"https:\\\/\\\/darkamazi.info\\\/archives\\\/1047094#breadcrumb\"},\"inLanguage\":\"en-US\",\"potentialAction\":[{\"@type\":\"ReadAction\",\"target\":[\"https:\\\/\\\/darkamazi.info\\\/archives\\\/1047094\"]}]},{\"@type\":\"ImageObject\",\"inLanguage\":\"en-US\",\"@id\":\"https:\\\/\\\/darkamazi.info\\\/archives\\\/1047094#primaryimage\",\"url\":\"https:\\\/\\\/darkamazi.info\\\/darka-content\\\/uploads\\\/2025\\\/02\\\/dem-parti-necirvan-barzani.jpg\",\"contentUrl\":\"https:\\\/\\\/darkamazi.info\\\/darka-content\\\/uploads\\\/2025\\\/02\\\/dem-parti-necirvan-barzani.jpg\",\"width\":900,\"height\":497,\"caption\":\"Serok\u00ea Her\u00eama Kurdistan\u00ea bi \u015fanda DEM Partiy\u00ea re civiya\"},{\"@type\":\"BreadcrumbList\",\"@id\":\"https:\\\/\\\/darkamazi.info\\\/archives\\\/1047094#breadcrumb\",\"itemListElement\":[{\"@type\":\"ListItem\",\"position\":1,\"name\":\"Home\",\"item\":\"https:\\\/\\\/darkamazi.info\\\/\"},{\"@type\":\"ListItem\",\"position\":2,\"name\":\"Serok\u00ea Her\u00eama Kurdistan\u00ea bi \u015fanda DEM Partiy\u00ea re civiya\"}]},{\"@type\":\"WebSite\",\"@id\":\"https:\\\/\\\/darkamazi.info\\\/#website\",\"url\":\"https:\\\/\\\/darkamazi.info\\\/\",\"name\":\"Darka Maz\u00ee\",\"description\":\"P\u00eageha Zanyariy\u00ean Nebih\u00eest\u00ee\",\"publisher\":{\"@id\":\"https:\\\/\\\/darkamazi.info\\\/#organization\"},\"potentialAction\":[{\"@type\":\"SearchAction\",\"target\":{\"@type\":\"EntryPoint\",\"urlTemplate\":\"https:\\\/\\\/darkamazi.info\\\/?s={search_term_string}\"},\"query-input\":{\"@type\":\"PropertyValueSpecification\",\"valueRequired\":true,\"valueName\":\"search_term_string\"}}],\"inLanguage\":\"en-US\"},{\"@type\":\"Organization\",\"@id\":\"https:\\\/\\\/darkamazi.info\\\/#organization\",\"name\":\"Darka Maz\u00ee\",\"url\":\"https:\\\/\\\/darkamazi.info\\\/\",\"logo\":{\"@type\":\"ImageObject\",\"inLanguage\":\"en-US\",\"@id\":\"https:\\\/\\\/darkamazi.info\\\/#\\\/schema\\\/logo\\\/image\\\/\",\"url\":\"https:\\\/\\\/darkamazi.info\\\/darka-content\\\/uploads\\\/2017\\\/12\\\/darka-mazi-logo.png\",\"contentUrl\":\"https:\\\/\\\/darkamazi.info\\\/darka-content\\\/uploads\\\/2017\\\/12\\\/darka-mazi-logo.png\",\"width\":151,\"height\":75,\"caption\":\"Darka Maz\u00ee\"},\"image\":{\"@id\":\"https:\\\/\\\/darkamazi.info\\\/#\\\/schema\\\/logo\\\/image\\\/\"},\"sameAs\":[\"https:\\\/\\\/www.facebook.com\\\/DarMaziKurmanci\",\"https:\\\/\\\/x.com\\\/DarkaMaziLatini\",\"https:\\\/\\\/www.instagram.com\\\/darkamazi.kurmanci\\\/\",\"https:\\\/\\\/www.youtube.com\\\/channel\\\/UCa5HkTdmI8U1qCUFuTw8B2g\"]},{\"@type\":\"Person\",\"@id\":\"https:\\\/\\\/darkamazi.info\\\/#\\\/schema\\\/person\\\/5ad3e24553a0567993fa8ed4bd0a776c\",\"name\":\"darka mazi\",\"sameAs\":[\"https:\\\/\\\/darkamazi.info\\\/\"],\"url\":\"https:\\\/\\\/darkamazi.info\\\/archives\\\/author\\\/kurdi\"}]}<\/script>\n<!-- \/ Yoast SEO plugin. -->","seo_head_json":{"title":"Serok\u00ea Her\u00eama Kurdistan\u00ea bi \u015fanda DEM Partiy\u00ea re civiya - Darka Maz\u00ee","robots":{"index":"index","follow":"follow","max-snippet":"max-snippet:-1","max-image-preview":"max-image-preview:large","max-video-preview":"max-video-preview:-1"},"canonical":"https:\/\/darkamazi.info\/archives\/1047094","og_locale":"en_US","og_type":"article","og_title":"Serok\u00ea Her\u00eama Kurdistan\u00ea bi \u015fanda DEM Partiy\u00ea re civiya - Darka Maz\u00ee","og_description":"Di \u00e7ar\u00e7oveya serdana xwe ya bo Her\u00eama Kurdistan\u00ea de, \u015fanda DEM Partiy\u00ea bo \u00cemraliy\u00ea \u00eero 17\u00ea Sibat\u00ea li Hewl\u00ear\u00ea serdana Serok\u00ea Her\u00eama Kurdistan\u00ea N\u00ea\u00e7\u00eervan Barzan\u00ee kir. Mijara sereke ya civ\u00eena N\u00ea\u00e7\u00eervan Barzan\u00ee bi \u015fanda DEM Partiy\u00ea re, p\u00eavajoya n\u00fb ya a\u015ftiy\u00ea li Tirkiye \u00fb Bakur\u00ea Kurdistan\u00ea \u00fb encam\u00ean hevd\u00eetin\u00ean \u015fand\u00ea li \u00cemraliy\u00ea bi r\u00eaber\u00ea girt\u00ee [&hellip;]","og_url":"https:\/\/darkamazi.info\/archives\/1047094","og_site_name":"Darka Maz\u00ee","article_publisher":"https:\/\/www.facebook.com\/DarMaziKurmanci","article_published_time":"2025-02-17T08:39:33+00:00","og_image":[{"width":900,"height":497,"url":"https:\/\/darkamazi.info\/file\/2025\/02\/dem-parti-necirvan-barzani.jpg","type":"image\/jpeg"}],"author":"darka mazi","twitter_card":"summary_large_image","twitter_creator":"@DarkaMaziLatini","twitter_site":"@DarkaMaziLatini","twitter_misc":{"Written by":"darka mazi","Est. reading time":"2 minutes"},"schema":{"@context":"https:\/\/schema.org","@graph":[{"@type":"Article","@id":"https:\/\/darkamazi.info\/archives\/1047094#article","isPartOf":{"@id":"https:\/\/darkamazi.info\/archives\/1047094"},"author":{"name":"darka mazi","@id":"https:\/\/darkamazi.info\/#\/schema\/person\/5ad3e24553a0567993fa8ed4bd0a776c"},"headline":"Serok\u00ea Her\u00eama Kurdistan\u00ea bi \u015fanda DEM Partiy\u00ea re civiya","datePublished":"2025-02-17T08:39:33+00:00","mainEntityOfPage":{"@id":"https:\/\/darkamazi.info\/archives\/1047094"},"wordCount":281,"publisher":{"@id":"https:\/\/darkamazi.info\/#organization"},"image":{"@id":"https:\/\/darkamazi.info\/archives\/1047094#primaryimage"},"thumbnailUrl":"https:\/\/darkamazi.info\/file\/2025\/02\/dem-parti-necirvan-barzani.jpg","keywords":["sereke"],"articleSection":["Kurdistan"],"inLanguage":"en-US"},{"@type":"WebPage","@id":"https:\/\/darkamazi.info\/archives\/1047094","url":"https:\/\/darkamazi.info\/archives\/1047094","name":"Serok\u00ea Her\u00eama Kurdistan\u00ea bi \u015fanda DEM Partiy\u00ea re civiya - Darka Maz\u00ee","isPartOf":{"@id":"https:\/\/darkamazi.info\/#website"},"primaryImageOfPage":{"@id":"https:\/\/darkamazi.info\/archives\/1047094#primaryimage"},"image":{"@id":"https:\/\/darkamazi.info\/archives\/1047094#primaryimage"},"thumbnailUrl":"https:\/\/darkamazi.info\/file\/2025\/02\/dem-parti-necirvan-barzani.jpg","datePublished":"2025-02-17T08:39:33+00:00","breadcrumb":{"@id":"https:\/\/darkamazi.info\/archives\/1047094#breadcrumb"},"inLanguage":"en-US","potentialAction":[{"@type":"ReadAction","target":["https:\/\/darkamazi.info\/archives\/1047094"]}]},{"@type":"ImageObject","inLanguage":"en-US","@id":"https:\/\/darkamazi.info\/archives\/1047094#primaryimage","url":"https:\/\/darkamazi.info\/file\/2025\/02\/dem-parti-necirvan-barzani.jpg","contentUrl":"https:\/\/darkamazi.info\/file\/2025\/02\/dem-parti-necirvan-barzani.jpg","width":900,"height":497,"caption":"Serok\u00ea Her\u00eama Kurdistan\u00ea bi \u015fanda DEM Partiy\u00ea re civiya"},{"@type":"BreadcrumbList","@id":"https:\/\/darkamazi.info\/archives\/1047094#breadcrumb","itemListElement":[{"@type":"ListItem","position":1,"name":"Home","item":"https:\/\/darkamazi.info\/"},{"@type":"ListItem","position":2,"name":"Serok\u00ea Her\u00eama Kurdistan\u00ea bi \u015fanda DEM Partiy\u00ea re civiya"}]},{"@type":"WebSite","@id":"https:\/\/darkamazi.info\/#website","url":"https:\/\/darkamazi.info\/","name":"Darka Maz\u00ee","description":"P\u00eageha Zanyariy\u00ean Nebih\u00eest\u00ee","publisher":{"@id":"https:\/\/darkamazi.info\/#organization"},"potentialAction":[{"@type":"SearchAction","target":{"@type":"EntryPoint","urlTemplate":"https:\/\/darkamazi.info\/?s={search_term_string}"},"query-input":{"@type":"PropertyValueSpecification","valueRequired":true,"valueName":"search_term_string"}}],"inLanguage":"en-US"},{"@type":"Organization","@id":"https:\/\/darkamazi.info\/#organization","name":"Darka Maz\u00ee","url":"https:\/\/darkamazi.info\/","logo":{"@type":"ImageObject","inLanguage":"en-US","@id":"https:\/\/darkamazi.info\/#\/schema\/logo\/image\/","url":"https:\/\/darkamazi.info\/file\/2017\/12\/darka-mazi-logo.png","contentUrl":"https:\/\/darkamazi.info\/file\/2017\/12\/darka-mazi-logo.png","width":151,"height":75,"caption":"Darka Maz\u00ee"},"image":{"@id":"https:\/\/darkamazi.info\/#\/schema\/logo\/image\/"},"sameAs":["https:\/\/www.facebook.com\/DarMaziKurmanci","https:\/\/x.com\/DarkaMaziLatini","https:\/\/www.instagram.com\/darkamazi.kurmanci\/","https:\/\/www.youtube.com\/channel\/UCa5HkTdmI8U1qCUFuTw8B2g"]},{"@type":"Person","@id":"https:\/\/darkamazi.info\/#\/schema\/person\/5ad3e24553a0567993fa8ed4bd0a776c","name":"darka mazi","sameAs":["https:\/\/darkamazi.info\/"],"url":"https:\/\/darkamazi.info\/archives\/author\/kurdi"}]}},"_links":{"self":[{"href":"https:\/\/darkamazi.info\/funavuv\/wp\/v2\/posts\/1047094","targetHints":{"allow":["GET"]}}],"collection":[{"href":"https:\/\/darkamazi.info\/funavuv\/wp\/v2\/posts"}],"about":[{"href":"https:\/\/darkamazi.info\/funavuv\/wp\/v2\/types\/post"}],"author":[{"embeddable":true,"href":"https:\/\/darkamazi.info\/funavuv\/wp\/v2\/users\/2"}],"replies":[{"embeddable":true,"href":"https:\/\/darkamazi.info\/funavuv\/wp\/v2\/comments?post=1047094"}],"version-history":[{"count":0,"href":"https:\/\/darkamazi.info\/funavuv\/wp\/v2\/posts\/1047094\/revisions"}],"wp:featuredmedia":[{"embeddable":true,"href":"https:\/\/darkamazi.info\/funavuv\/wp\/v2\/media\/1047095"}],"wp:attachment":[{"href":"https:\/\/darkamazi.info\/funavuv\/wp\/v2\/media?parent=1047094"}],"wp:term":[{"taxonomy":"category","embeddable":true,"href":"https:\/\/darkamazi.info\/funavuv\/wp\/v2\/categories?post=1047094"},{"taxonomy":"post_tag","embeddable":true,"href":"https:\/\/darkamazi.info\/funavuv\/wp\/v2\/tags?post=1047094"}],"curies":[{"name":"wp","href":"https:\/\/api.w.org\/{rel}","templated":true}]}}