{"id":1047107,"date":"2025-02-17T18:20:13","date_gmt":"2025-02-17T15:20:13","guid":{"rendered":"https:\/\/darkamazi.info\/?p=1047107"},"modified":"2025-02-17T18:20:13","modified_gmt":"2025-02-17T15:20:13","slug":"alozi-di-navbera-cotyaren-kurd-u-artesa-iraqe-de-ce-bu","status":"publish","type":"post","link":"https:\/\/darkamazi.info\/archives\/1047107","title":{"rendered":"Aloz\u00ee di navbera cotyar\u00ean Kurd \u00fb art\u00ea\u015fa \u00ceraq\u00ea de \u00e7\u00ea b\u00fb"},"content":{"rendered":"<h3 style=\"text-align: justify\"><span style=\"font-family: 'arial black', sans-serif\"><strong>Li gund\u00ea \u015eenaxey\u00ea y\u00ea sinor\u00ea Sergeran\u00ea, aloz\u00ee di navbera cotyar\u00ean Kurd \u00fb art\u00ea\u015fa \u00ceraq\u00ea de \u00e7\u00ea b\u00fb.<\/strong><\/span><\/h3>\n<h3 style=\"text-align: justify\"><span style=\"font-family: arial, helvetica, sans-serif\">Art\u00ea\u015fa \u00ceraq\u00ea \u00eero (Du\u015fem, 17.02.2025) li gund\u00ea \u015eenaxey\u00ea bizav kir r\u00ea li cotyar\u00ean Kurd girtiba ku zeviy\u00ean xwe k\u00ealaban, cotyar\u00ean Kurd j\u00ee r\u00fbbir\u00fby\u00ee w\u00ea b\u00fbn \u00fb guh neda gef\u00ean w\u00ea \u00fb dest bi k\u00ealana zeviy\u00ean xwe kir.<\/span><\/h3>\n<h3 style=\"text-align: justify\"><span style=\"font-family: arial, helvetica, sans-serif\">Art\u00ea\u015fa \u00ceraq\u00ea amajey\u00ea dide, biryar ji wan re hatiye ku r\u00eay\u00ea li cotyar\u00ean Kurd bigirin ku zeviy\u00ean xwe bik\u00ealin, cotyar\u00ean Kurd j\u00ee li ser w\u00ea yek\u00ea rijd in ku zeviy\u00ean xwe bik\u00ealin \u00fb axa xwe bernedin.<\/span><\/h3>\n<h3 style=\"text-align: justify\"><span style=\"font-family: arial, helvetica, sans-serif\">Cotyarek dib\u00eaje, \u201cEm destan ji kar\u00ea xwe bernadin, heta xw\u00eena me dirijin, em destan ji w\u00ea ax\u00ea bernadin.\u201d Cotyarek\u00ee din j\u00ee dib\u00eaje, \u201cSerbazek\u00ee xwest tiraktora min bibe.\u201d<\/span><\/h3>\n<h3 style=\"text-align: justify\"><span style=\"font-family: arial, helvetica, sans-serif\">Tev\u00ee giva\u015ftin\u00ean art\u00ea\u015fa \u00ceraq\u00ea \u00fb aloziyan, cotyar\u00ean Kurd dest ji axa xwe bernedan \u00fb her dest bi k\u00ealana zeviy\u00ean xwe kir.<\/span><\/h3>\n<h3 style=\"text-align: justify\"><span style=\"font-family: arial, helvetica, sans-serif\">Cotyar\u00ean Kurd guh nadin gef\u00ean art\u00ea\u015fa \u00ceraaq\u00ea \u00fb dest bi kar\u00ean xwe kiriye, r\u00ea li art\u00ea\u015fa \u00ceraq\u00ea girt ku kar\u00ean wan rawest\u00eene, tev\u00ee w\u00ea yek\u00ea ku bi dehan serbaz \u00fb hemer\u00ean art\u00ea\u015fa \u00ceraq\u00ea hatine gund\u00ea \u015eenaxey\u00ea \u00fb dixwazin r\u00eay\u00ea li cotyar\u00ean Kurd bigirin ku zeviy\u00ean xwe bik\u00ealin.<\/span><\/h3>\n<p style=\"text-align: justify\"><a href=\"https:\/\/www.kurdistan24.net\/kmr\/story\/825356\/aloz%C3%AE-di-navbera-cotyar%C3%AAn-kurd-%C3%BB-art%C3%AA%C5%9Fa-%C3%AEraq%C3%AA-de-%C3%A7%C3%AA-b%C3%BB\" target=\"_blank\"><span style=\"font-family: 'arial black', sans-serif;color: #8c0707\">\u00c7avkan\u00ee: Kurdistan24<\/span><\/a><\/p>\n","protected":false},"excerpt":{"rendered":"<p>Li gund\u00ea \u015eenaxey\u00ea y\u00ea sinor\u00ea Sergeran\u00ea, aloz\u00ee di navbera cotyar\u00ean Kurd \u00fb art\u00ea\u015fa \u00ceraq\u00ea de \u00e7\u00ea b\u00fb. Art\u00ea\u015fa \u00ceraq\u00ea \u00eero (Du\u015fem, 17.02.2025) li gund\u00ea \u015eenaxey\u00ea bizav kir r\u00ea li cotyar\u00ean Kurd girtiba ku zeviy\u00ean xwe k\u00ealaban, cotyar\u00ean Kurd j\u00ee r\u00fbbir\u00fby\u00ee w\u00ea b\u00fbn \u00fb guh neda gef\u00ean w\u00ea \u00fb dest bi k\u00ealana zeviy\u00ean xwe kir. Art\u00ea\u015fa [&hellip;]<\/p>\n","protected":false},"author":2,"featured_media":1047108,"comment_status":"closed","ping_status":"closed","sticky":false,"template":"","format":"standard","meta":{"footnotes":""},"categories":[29],"tags":[37],"class_list":["post-1047107","post","type-post","status-publish","format-standard","has-post-thumbnail","hentry","category-kurdistan","tag-sereke"],"blocksy_meta":[],"seo_head":"<!-- This site is optimized with the Yoast SEO plugin v27.5 - https:\/\/yoast.com\/product\/yoast-seo-wordpress\/ -->\n<title>Aloz\u00ee di navbera cotyar\u00ean Kurd \u00fb art\u00ea\u015fa \u00ceraq\u00ea de \u00e7\u00ea b\u00fb - Darka Maz\u00ee<\/title>\n<meta name=\"robots\" content=\"index, follow, max-snippet:-1, max-image-preview:large, max-video-preview:-1\" \/>\n<link rel=\"canonical\" href=\"https:\/\/darkamazi.info\/archives\/1047107\" \/>\n<meta property=\"og:locale\" content=\"en_US\" \/>\n<meta property=\"og:type\" content=\"article\" \/>\n<meta property=\"og:title\" content=\"Aloz\u00ee di navbera cotyar\u00ean Kurd \u00fb art\u00ea\u015fa \u00ceraq\u00ea de \u00e7\u00ea b\u00fb - Darka Maz\u00ee\" \/>\n<meta property=\"og:description\" content=\"Li gund\u00ea \u015eenaxey\u00ea y\u00ea sinor\u00ea Sergeran\u00ea, aloz\u00ee di navbera cotyar\u00ean Kurd \u00fb art\u00ea\u015fa \u00ceraq\u00ea de \u00e7\u00ea b\u00fb. Art\u00ea\u015fa \u00ceraq\u00ea \u00eero (Du\u015fem, 17.02.2025) li gund\u00ea \u015eenaxey\u00ea bizav kir r\u00ea li cotyar\u00ean Kurd girtiba ku zeviy\u00ean xwe k\u00ealaban, cotyar\u00ean Kurd j\u00ee r\u00fbbir\u00fby\u00ee w\u00ea b\u00fbn \u00fb guh neda gef\u00ean w\u00ea \u00fb dest bi k\u00ealana zeviy\u00ean xwe kir. Art\u00ea\u015fa [&hellip;]\" \/>\n<meta property=\"og:url\" content=\"https:\/\/darkamazi.info\/archives\/1047107\" \/>\n<meta property=\"og:site_name\" content=\"Darka Maz\u00ee\" \/>\n<meta property=\"article:publisher\" content=\"https:\/\/www.facebook.com\/DarMaziKurmanci\" \/>\n<meta property=\"article:published_time\" content=\"2025-02-17T15:20:13+00:00\" \/>\n<meta property=\"og:image\" content=\"https:\/\/darkamazi.info\/file\/2025\/02\/Iraq-Army-Kurd-Sergeran-Shanakha-Village-Info.jpg\" \/>\n\t<meta property=\"og:image:width\" content=\"900\" \/>\n\t<meta property=\"og:image:height\" content=\"500\" \/>\n\t<meta property=\"og:image:type\" content=\"image\/jpeg\" \/>\n<meta name=\"author\" content=\"darka mazi\" \/>\n<meta name=\"twitter:card\" content=\"summary_large_image\" \/>\n<meta name=\"twitter:creator\" content=\"@DarkaMaziLatini\" \/>\n<meta name=\"twitter:site\" content=\"@DarkaMaziLatini\" \/>\n<meta name=\"twitter:label1\" content=\"Written by\" \/>\n\t<meta name=\"twitter:data1\" content=\"darka mazi\" \/>\n\t<meta name=\"twitter:label2\" content=\"Est. reading time\" \/>\n\t<meta name=\"twitter:data2\" content=\"2 minutes\" \/>\n<script type=\"application\/ld+json\" class=\"seo-schema-graph\">{\"@context\":\"https:\\\/\\\/schema.org\",\"@graph\":[{\"@type\":\"Article\",\"@id\":\"https:\\\/\\\/darkamazi.info\\\/archives\\\/1047107#article\",\"isPartOf\":{\"@id\":\"https:\\\/\\\/darkamazi.info\\\/archives\\\/1047107\"},\"author\":{\"name\":\"darka mazi\",\"@id\":\"https:\\\/\\\/darkamazi.info\\\/#\\\/schema\\\/person\\\/5ad3e24553a0567993fa8ed4bd0a776c\"},\"headline\":\"Aloz\u00ee di navbera cotyar\u00ean Kurd \u00fb art\u00ea\u015fa \u00ceraq\u00ea de \u00e7\u00ea b\u00fb\",\"datePublished\":\"2025-02-17T15:20:13+00:00\",\"mainEntityOfPage\":{\"@id\":\"https:\\\/\\\/darkamazi.info\\\/archives\\\/1047107\"},\"wordCount\":231,\"publisher\":{\"@id\":\"https:\\\/\\\/darkamazi.info\\\/#organization\"},\"image\":{\"@id\":\"https:\\\/\\\/darkamazi.info\\\/archives\\\/1047107#primaryimage\"},\"thumbnailUrl\":\"https:\\\/\\\/darkamazi.info\\\/darka-content\\\/uploads\\\/2025\\\/02\\\/Iraq-Army-Kurd-Sergeran-Shanakha-Village-Info.jpg\",\"keywords\":[\"sereke\"],\"articleSection\":[\"Kurdistan\"],\"inLanguage\":\"en-US\"},{\"@type\":\"WebPage\",\"@id\":\"https:\\\/\\\/darkamazi.info\\\/archives\\\/1047107\",\"url\":\"https:\\\/\\\/darkamazi.info\\\/archives\\\/1047107\",\"name\":\"Aloz\u00ee di navbera cotyar\u00ean Kurd \u00fb art\u00ea\u015fa \u00ceraq\u00ea de \u00e7\u00ea b\u00fb - Darka Maz\u00ee\",\"isPartOf\":{\"@id\":\"https:\\\/\\\/darkamazi.info\\\/#website\"},\"primaryImageOfPage\":{\"@id\":\"https:\\\/\\\/darkamazi.info\\\/archives\\\/1047107#primaryimage\"},\"image\":{\"@id\":\"https:\\\/\\\/darkamazi.info\\\/archives\\\/1047107#primaryimage\"},\"thumbnailUrl\":\"https:\\\/\\\/darkamazi.info\\\/darka-content\\\/uploads\\\/2025\\\/02\\\/Iraq-Army-Kurd-Sergeran-Shanakha-Village-Info.jpg\",\"datePublished\":\"2025-02-17T15:20:13+00:00\",\"breadcrumb\":{\"@id\":\"https:\\\/\\\/darkamazi.info\\\/archives\\\/1047107#breadcrumb\"},\"inLanguage\":\"en-US\",\"potentialAction\":[{\"@type\":\"ReadAction\",\"target\":[\"https:\\\/\\\/darkamazi.info\\\/archives\\\/1047107\"]}]},{\"@type\":\"ImageObject\",\"inLanguage\":\"en-US\",\"@id\":\"https:\\\/\\\/darkamazi.info\\\/archives\\\/1047107#primaryimage\",\"url\":\"https:\\\/\\\/darkamazi.info\\\/darka-content\\\/uploads\\\/2025\\\/02\\\/Iraq-Army-Kurd-Sergeran-Shanakha-Village-Info.jpg\",\"contentUrl\":\"https:\\\/\\\/darkamazi.info\\\/darka-content\\\/uploads\\\/2025\\\/02\\\/Iraq-Army-Kurd-Sergeran-Shanakha-Village-Info.jpg\",\"width\":900,\"height\":500},{\"@type\":\"BreadcrumbList\",\"@id\":\"https:\\\/\\\/darkamazi.info\\\/archives\\\/1047107#breadcrumb\",\"itemListElement\":[{\"@type\":\"ListItem\",\"position\":1,\"name\":\"Home\",\"item\":\"https:\\\/\\\/darkamazi.info\\\/\"},{\"@type\":\"ListItem\",\"position\":2,\"name\":\"Aloz\u00ee di navbera cotyar\u00ean Kurd \u00fb art\u00ea\u015fa \u00ceraq\u00ea de \u00e7\u00ea b\u00fb\"}]},{\"@type\":\"WebSite\",\"@id\":\"https:\\\/\\\/darkamazi.info\\\/#website\",\"url\":\"https:\\\/\\\/darkamazi.info\\\/\",\"name\":\"Darka Maz\u00ee\",\"description\":\"P\u00eageha Zanyariy\u00ean Nebih\u00eest\u00ee\",\"publisher\":{\"@id\":\"https:\\\/\\\/darkamazi.info\\\/#organization\"},\"potentialAction\":[{\"@type\":\"SearchAction\",\"target\":{\"@type\":\"EntryPoint\",\"urlTemplate\":\"https:\\\/\\\/darkamazi.info\\\/?s={search_term_string}\"},\"query-input\":{\"@type\":\"PropertyValueSpecification\",\"valueRequired\":true,\"valueName\":\"search_term_string\"}}],\"inLanguage\":\"en-US\"},{\"@type\":\"Organization\",\"@id\":\"https:\\\/\\\/darkamazi.info\\\/#organization\",\"name\":\"Darka Maz\u00ee\",\"url\":\"https:\\\/\\\/darkamazi.info\\\/\",\"logo\":{\"@type\":\"ImageObject\",\"inLanguage\":\"en-US\",\"@id\":\"https:\\\/\\\/darkamazi.info\\\/#\\\/schema\\\/logo\\\/image\\\/\",\"url\":\"https:\\\/\\\/darkamazi.info\\\/darka-content\\\/uploads\\\/2017\\\/12\\\/darka-mazi-logo.png\",\"contentUrl\":\"https:\\\/\\\/darkamazi.info\\\/darka-content\\\/uploads\\\/2017\\\/12\\\/darka-mazi-logo.png\",\"width\":151,\"height\":75,\"caption\":\"Darka Maz\u00ee\"},\"image\":{\"@id\":\"https:\\\/\\\/darkamazi.info\\\/#\\\/schema\\\/logo\\\/image\\\/\"},\"sameAs\":[\"https:\\\/\\\/www.facebook.com\\\/DarMaziKurmanci\",\"https:\\\/\\\/x.com\\\/DarkaMaziLatini\",\"https:\\\/\\\/www.instagram.com\\\/darkamazi.kurmanci\\\/\",\"https:\\\/\\\/www.youtube.com\\\/channel\\\/UCa5HkTdmI8U1qCUFuTw8B2g\"]},{\"@type\":\"Person\",\"@id\":\"https:\\\/\\\/darkamazi.info\\\/#\\\/schema\\\/person\\\/5ad3e24553a0567993fa8ed4bd0a776c\",\"name\":\"darka mazi\",\"sameAs\":[\"https:\\\/\\\/darkamazi.info\\\/\"],\"url\":\"https:\\\/\\\/darkamazi.info\\\/archives\\\/author\\\/kurdi\"}]}<\/script>\n<!-- \/ Yoast SEO plugin. -->","seo_head_json":{"title":"Aloz\u00ee di navbera cotyar\u00ean Kurd \u00fb art\u00ea\u015fa \u00ceraq\u00ea de \u00e7\u00ea b\u00fb - Darka Maz\u00ee","robots":{"index":"index","follow":"follow","max-snippet":"max-snippet:-1","max-image-preview":"max-image-preview:large","max-video-preview":"max-video-preview:-1"},"canonical":"https:\/\/darkamazi.info\/archives\/1047107","og_locale":"en_US","og_type":"article","og_title":"Aloz\u00ee di navbera cotyar\u00ean Kurd \u00fb art\u00ea\u015fa \u00ceraq\u00ea de \u00e7\u00ea b\u00fb - Darka Maz\u00ee","og_description":"Li gund\u00ea \u015eenaxey\u00ea y\u00ea sinor\u00ea Sergeran\u00ea, aloz\u00ee di navbera cotyar\u00ean Kurd \u00fb art\u00ea\u015fa \u00ceraq\u00ea de \u00e7\u00ea b\u00fb. Art\u00ea\u015fa \u00ceraq\u00ea \u00eero (Du\u015fem, 17.02.2025) li gund\u00ea \u015eenaxey\u00ea bizav kir r\u00ea li cotyar\u00ean Kurd girtiba ku zeviy\u00ean xwe k\u00ealaban, cotyar\u00ean Kurd j\u00ee r\u00fbbir\u00fby\u00ee w\u00ea b\u00fbn \u00fb guh neda gef\u00ean w\u00ea \u00fb dest bi k\u00ealana zeviy\u00ean xwe kir. Art\u00ea\u015fa [&hellip;]","og_url":"https:\/\/darkamazi.info\/archives\/1047107","og_site_name":"Darka Maz\u00ee","article_publisher":"https:\/\/www.facebook.com\/DarMaziKurmanci","article_published_time":"2025-02-17T15:20:13+00:00","og_image":[{"width":900,"height":500,"url":"https:\/\/darkamazi.info\/file\/2025\/02\/Iraq-Army-Kurd-Sergeran-Shanakha-Village-Info.jpg","type":"image\/jpeg"}],"author":"darka mazi","twitter_card":"summary_large_image","twitter_creator":"@DarkaMaziLatini","twitter_site":"@DarkaMaziLatini","twitter_misc":{"Written by":"darka mazi","Est. reading time":"2 minutes"},"schema":{"@context":"https:\/\/schema.org","@graph":[{"@type":"Article","@id":"https:\/\/darkamazi.info\/archives\/1047107#article","isPartOf":{"@id":"https:\/\/darkamazi.info\/archives\/1047107"},"author":{"name":"darka mazi","@id":"https:\/\/darkamazi.info\/#\/schema\/person\/5ad3e24553a0567993fa8ed4bd0a776c"},"headline":"Aloz\u00ee di navbera cotyar\u00ean Kurd \u00fb art\u00ea\u015fa \u00ceraq\u00ea de \u00e7\u00ea b\u00fb","datePublished":"2025-02-17T15:20:13+00:00","mainEntityOfPage":{"@id":"https:\/\/darkamazi.info\/archives\/1047107"},"wordCount":231,"publisher":{"@id":"https:\/\/darkamazi.info\/#organization"},"image":{"@id":"https:\/\/darkamazi.info\/archives\/1047107#primaryimage"},"thumbnailUrl":"https:\/\/darkamazi.info\/file\/2025\/02\/Iraq-Army-Kurd-Sergeran-Shanakha-Village-Info.jpg","keywords":["sereke"],"articleSection":["Kurdistan"],"inLanguage":"en-US"},{"@type":"WebPage","@id":"https:\/\/darkamazi.info\/archives\/1047107","url":"https:\/\/darkamazi.info\/archives\/1047107","name":"Aloz\u00ee di navbera cotyar\u00ean Kurd \u00fb art\u00ea\u015fa \u00ceraq\u00ea de \u00e7\u00ea b\u00fb - Darka Maz\u00ee","isPartOf":{"@id":"https:\/\/darkamazi.info\/#website"},"primaryImageOfPage":{"@id":"https:\/\/darkamazi.info\/archives\/1047107#primaryimage"},"image":{"@id":"https:\/\/darkamazi.info\/archives\/1047107#primaryimage"},"thumbnailUrl":"https:\/\/darkamazi.info\/file\/2025\/02\/Iraq-Army-Kurd-Sergeran-Shanakha-Village-Info.jpg","datePublished":"2025-02-17T15:20:13+00:00","breadcrumb":{"@id":"https:\/\/darkamazi.info\/archives\/1047107#breadcrumb"},"inLanguage":"en-US","potentialAction":[{"@type":"ReadAction","target":["https:\/\/darkamazi.info\/archives\/1047107"]}]},{"@type":"ImageObject","inLanguage":"en-US","@id":"https:\/\/darkamazi.info\/archives\/1047107#primaryimage","url":"https:\/\/darkamazi.info\/file\/2025\/02\/Iraq-Army-Kurd-Sergeran-Shanakha-Village-Info.jpg","contentUrl":"https:\/\/darkamazi.info\/file\/2025\/02\/Iraq-Army-Kurd-Sergeran-Shanakha-Village-Info.jpg","width":900,"height":500},{"@type":"BreadcrumbList","@id":"https:\/\/darkamazi.info\/archives\/1047107#breadcrumb","itemListElement":[{"@type":"ListItem","position":1,"name":"Home","item":"https:\/\/darkamazi.info\/"},{"@type":"ListItem","position":2,"name":"Aloz\u00ee di navbera cotyar\u00ean Kurd \u00fb art\u00ea\u015fa \u00ceraq\u00ea de \u00e7\u00ea b\u00fb"}]},{"@type":"WebSite","@id":"https:\/\/darkamazi.info\/#website","url":"https:\/\/darkamazi.info\/","name":"Darka Maz\u00ee","description":"P\u00eageha Zanyariy\u00ean Nebih\u00eest\u00ee","publisher":{"@id":"https:\/\/darkamazi.info\/#organization"},"potentialAction":[{"@type":"SearchAction","target":{"@type":"EntryPoint","urlTemplate":"https:\/\/darkamazi.info\/?s={search_term_string}"},"query-input":{"@type":"PropertyValueSpecification","valueRequired":true,"valueName":"search_term_string"}}],"inLanguage":"en-US"},{"@type":"Organization","@id":"https:\/\/darkamazi.info\/#organization","name":"Darka Maz\u00ee","url":"https:\/\/darkamazi.info\/","logo":{"@type":"ImageObject","inLanguage":"en-US","@id":"https:\/\/darkamazi.info\/#\/schema\/logo\/image\/","url":"https:\/\/darkamazi.info\/file\/2017\/12\/darka-mazi-logo.png","contentUrl":"https:\/\/darkamazi.info\/file\/2017\/12\/darka-mazi-logo.png","width":151,"height":75,"caption":"Darka Maz\u00ee"},"image":{"@id":"https:\/\/darkamazi.info\/#\/schema\/logo\/image\/"},"sameAs":["https:\/\/www.facebook.com\/DarMaziKurmanci","https:\/\/x.com\/DarkaMaziLatini","https:\/\/www.instagram.com\/darkamazi.kurmanci\/","https:\/\/www.youtube.com\/channel\/UCa5HkTdmI8U1qCUFuTw8B2g"]},{"@type":"Person","@id":"https:\/\/darkamazi.info\/#\/schema\/person\/5ad3e24553a0567993fa8ed4bd0a776c","name":"darka mazi","sameAs":["https:\/\/darkamazi.info\/"],"url":"https:\/\/darkamazi.info\/archives\/author\/kurdi"}]}},"_links":{"self":[{"href":"https:\/\/darkamazi.info\/funavuv\/wp\/v2\/posts\/1047107","targetHints":{"allow":["GET"]}}],"collection":[{"href":"https:\/\/darkamazi.info\/funavuv\/wp\/v2\/posts"}],"about":[{"href":"https:\/\/darkamazi.info\/funavuv\/wp\/v2\/types\/post"}],"author":[{"embeddable":true,"href":"https:\/\/darkamazi.info\/funavuv\/wp\/v2\/users\/2"}],"replies":[{"embeddable":true,"href":"https:\/\/darkamazi.info\/funavuv\/wp\/v2\/comments?post=1047107"}],"version-history":[{"count":0,"href":"https:\/\/darkamazi.info\/funavuv\/wp\/v2\/posts\/1047107\/revisions"}],"wp:featuredmedia":[{"embeddable":true,"href":"https:\/\/darkamazi.info\/funavuv\/wp\/v2\/media\/1047108"}],"wp:attachment":[{"href":"https:\/\/darkamazi.info\/funavuv\/wp\/v2\/media?parent=1047107"}],"wp:term":[{"taxonomy":"category","embeddable":true,"href":"https:\/\/darkamazi.info\/funavuv\/wp\/v2\/categories?post=1047107"},{"taxonomy":"post_tag","embeddable":true,"href":"https:\/\/darkamazi.info\/funavuv\/wp\/v2\/tags?post=1047107"}],"curies":[{"name":"wp","href":"https:\/\/api.w.org\/{rel}","templated":true}]}}