{"id":1047146,"date":"2025-02-19T16:45:04","date_gmt":"2025-02-19T13:45:04","guid":{"rendered":"https:\/\/darkamazi.info\/?p=1047146"},"modified":"2025-02-19T16:45:04","modified_gmt":"2025-02-19T13:45:04","slug":"wezire-dade-ye-tirkiyeye-em-desturiye-bi-hevditina-seye-ya-sanda-dem-partiye-u-ocalan-didin","status":"publish","type":"post","link":"https:\/\/darkamazi.info\/archives\/1047146","title":{"rendered":"Wez\u00eer\u00ea Dad\u00ea y\u00ea Tirkiyey\u00ea: Em dest\u00fbriy\u00ea bi hevd\u00eetina s\u00eay\u00ea ya \u015fanda Dem Partiy\u00ea \u00fb Ocalan didin"},"content":{"rendered":"<h3 style=\"text-align: justify\"><span style=\"font-family: 'arial black', sans-serif\">Wez\u00eer\u00ea Dad\u00ea y\u00ea Tirkiyey\u00ea tekez dike ku, dest\u00fbriy\u00ea bi hevd\u00eetina s\u00eay\u00ea ya \u015fanda Dem Partiy\u00ea \u00fb Ocalan didin, l\u00ea w\u00ea \u015fand\u00ea heta niha \u00e7i daxwaziyek ji bo w\u00ea merem\u00ea p\u00ea\u015fk\u00ea\u015f nekiriye.<\/span><\/h3>\n<h3 style=\"text-align: justify\">Wez\u00eer\u00ea Dad\u00ea y\u00ea Tirkiyey\u00ea Yilmaz T\u00fbn\u00e7 li ser serdana s\u00eay\u00ea ya \u015fanda Partiya Wekhev\u00ee \u00fb Demokrasiya Gelan (Dem Part\u00ee) ji bo \u00cemraliy\u00ea ji bo civ\u00eena wan bi R\u00eaber\u00ea Partiya Karker\u00ean Kurdistan\u00ea (PKK) y\u00ea zindankir\u00ee Evdila Ocalan re ragehand ku, \u00e7i daxwaziyeke ferm\u00ee ji bo w\u00ea merem\u00ea nehatiye p\u00ea\u015fk\u00ea\u015fkirin.<\/h3>\n<h3 style=\"text-align: justify\">Wez\u00eer\u00ea Dad\u00ea y\u00ea Tirkiyey\u00ea amaje j\u00ee da, \u201cEger daxwaziyeke n\u00fb di w\u00ee war\u00ee de b\u00ea kirin, helsengandin j\u00ea re t\u00ea kirin \u00fb dest\u00fbr\u00ee bi w\u00ea daxwaz\u00ea t\u00ea dan.\u201d<\/h3>\n<h3 style=\"text-align: justify\">\u015eanda Dem Partiy\u00ea ji Perw\u00een Buldan \u00fb Sir\u00ee Sureya Onder p\u00eak t\u00ea; heta niha du caran li ser pirsoeya n\u00fb ya a\u015ftiy\u00ea li Tirkiye \u00fb Bakur\u00ea Kurdistan\u00ea bi Evdila Ocalan re civiyaye.<\/h3>\n<h3 style=\"text-align: justify\">T\u00ea \u00e7aver\u00eakirin ku \u015fanda Dem Partiy\u00ea pi\u015ft\u00ee vegeriyana ji Her\u00eama Kurdistan\u00ea ragehandineke tevgir li ser piroseya n\u00fb ya a\u015ftiy\u00ea parve bike, \u00fb pa\u015ftir j\u00ee daxwaziy\u00ea ji bo hevd\u00eetina s\u00eay\u00ea bi Ocalan re p\u00ea\u015fk\u00ea\u015f\u00ee Wezareta Dad\u00ea ya Tirkiyey\u00ea bike.<\/h3>\n","protected":false},"excerpt":{"rendered":"<p>Wez\u00eer\u00ea Dad\u00ea y\u00ea Tirkiyey\u00ea tekez dike ku, dest\u00fbriy\u00ea bi hevd\u00eetina s\u00eay\u00ea ya \u015fanda Dem Partiy\u00ea \u00fb Ocalan didin, l\u00ea w\u00ea \u015fand\u00ea heta niha \u00e7i daxwaziyek ji bo w\u00ea merem\u00ea p\u00ea\u015fk\u00ea\u015f nekiriye. Wez\u00eer\u00ea Dad\u00ea y\u00ea Tirkiyey\u00ea Yilmaz T\u00fbn\u00e7 li ser serdana s\u00eay\u00ea ya \u015fanda Partiya Wekhev\u00ee \u00fb Demokrasiya Gelan (Dem Part\u00ee) ji bo \u00cemraliy\u00ea ji bo [&hellip;]<\/p>\n","protected":false},"author":2,"featured_media":1047147,"comment_status":"closed","ping_status":"closed","sticky":false,"template":"","format":"standard","meta":{"footnotes":""},"categories":[29],"tags":[37],"class_list":["post-1047146","post","type-post","status-publish","format-standard","has-post-thumbnail","hentry","category-kurdistan","tag-sereke"],"blocksy_meta":[],"seo_head":"<!-- This site is optimized with the Yoast SEO plugin v27.5 - https:\/\/yoast.com\/product\/yoast-seo-wordpress\/ -->\n<title>Wez\u00eer\u00ea Dad\u00ea y\u00ea Tirkiyey\u00ea: Em dest\u00fbriy\u00ea bi hevd\u00eetina s\u00eay\u00ea ya \u015fanda Dem Partiy\u00ea \u00fb Ocalan didin - Darka Maz\u00ee<\/title>\n<meta name=\"robots\" content=\"index, follow, max-snippet:-1, max-image-preview:large, max-video-preview:-1\" \/>\n<link rel=\"canonical\" href=\"https:\/\/darkamazi.info\/archives\/1047146\" \/>\n<meta property=\"og:locale\" content=\"en_US\" \/>\n<meta property=\"og:type\" content=\"article\" \/>\n<meta property=\"og:title\" content=\"Wez\u00eer\u00ea Dad\u00ea y\u00ea Tirkiyey\u00ea: Em dest\u00fbriy\u00ea bi hevd\u00eetina s\u00eay\u00ea ya \u015fanda Dem Partiy\u00ea \u00fb Ocalan didin - Darka Maz\u00ee\" \/>\n<meta property=\"og:description\" content=\"Wez\u00eer\u00ea Dad\u00ea y\u00ea Tirkiyey\u00ea tekez dike ku, dest\u00fbriy\u00ea bi hevd\u00eetina s\u00eay\u00ea ya \u015fanda Dem Partiy\u00ea \u00fb Ocalan didin, l\u00ea w\u00ea \u015fand\u00ea heta niha \u00e7i daxwaziyek ji bo w\u00ea merem\u00ea p\u00ea\u015fk\u00ea\u015f nekiriye. Wez\u00eer\u00ea Dad\u00ea y\u00ea Tirkiyey\u00ea Yilmaz T\u00fbn\u00e7 li ser serdana s\u00eay\u00ea ya \u015fanda Partiya Wekhev\u00ee \u00fb Demokrasiya Gelan (Dem Part\u00ee) ji bo \u00cemraliy\u00ea ji bo [&hellip;]\" \/>\n<meta property=\"og:url\" content=\"https:\/\/darkamazi.info\/archives\/1047146\" \/>\n<meta property=\"og:site_name\" content=\"Darka Maz\u00ee\" \/>\n<meta property=\"article:publisher\" content=\"https:\/\/www.facebook.com\/DarMaziKurmanci\" \/>\n<meta property=\"article:published_time\" content=\"2025-02-19T13:45:04+00:00\" \/>\n<meta property=\"og:image\" content=\"https:\/\/darkamazi.info\/file\/2025\/02\/yilmaz-tunc.jpg\" \/>\n\t<meta property=\"og:image:width\" content=\"900\" \/>\n\t<meta property=\"og:image:height\" content=\"497\" \/>\n\t<meta property=\"og:image:type\" content=\"image\/jpeg\" \/>\n<meta name=\"author\" content=\"darka mazi\" \/>\n<meta name=\"twitter:card\" content=\"summary_large_image\" \/>\n<meta name=\"twitter:creator\" content=\"@DarkaMaziLatini\" \/>\n<meta name=\"twitter:site\" content=\"@DarkaMaziLatini\" \/>\n<meta name=\"twitter:label1\" content=\"Written by\" \/>\n\t<meta name=\"twitter:data1\" content=\"darka mazi\" \/>\n\t<meta name=\"twitter:label2\" content=\"Est. reading time\" \/>\n\t<meta name=\"twitter:data2\" content=\"1 minute\" \/>\n<script type=\"application\/ld+json\" class=\"seo-schema-graph\">{\"@context\":\"https:\\\/\\\/schema.org\",\"@graph\":[{\"@type\":\"Article\",\"@id\":\"https:\\\/\\\/darkamazi.info\\\/archives\\\/1047146#article\",\"isPartOf\":{\"@id\":\"https:\\\/\\\/darkamazi.info\\\/archives\\\/1047146\"},\"author\":{\"name\":\"darka mazi\",\"@id\":\"https:\\\/\\\/darkamazi.info\\\/#\\\/schema\\\/person\\\/5ad3e24553a0567993fa8ed4bd0a776c\"},\"headline\":\"Wez\u00eer\u00ea Dad\u00ea y\u00ea Tirkiyey\u00ea: Em dest\u00fbriy\u00ea bi hevd\u00eetina s\u00eay\u00ea ya \u015fanda Dem Partiy\u00ea \u00fb Ocalan didin\",\"datePublished\":\"2025-02-19T13:45:04+00:00\",\"mainEntityOfPage\":{\"@id\":\"https:\\\/\\\/darkamazi.info\\\/archives\\\/1047146\"},\"wordCount\":216,\"publisher\":{\"@id\":\"https:\\\/\\\/darkamazi.info\\\/#organization\"},\"image\":{\"@id\":\"https:\\\/\\\/darkamazi.info\\\/archives\\\/1047146#primaryimage\"},\"thumbnailUrl\":\"https:\\\/\\\/darkamazi.info\\\/darka-content\\\/uploads\\\/2025\\\/02\\\/yilmaz-tunc.jpg\",\"keywords\":[\"sereke\"],\"articleSection\":[\"Kurdistan\"],\"inLanguage\":\"en-US\"},{\"@type\":\"WebPage\",\"@id\":\"https:\\\/\\\/darkamazi.info\\\/archives\\\/1047146\",\"url\":\"https:\\\/\\\/darkamazi.info\\\/archives\\\/1047146\",\"name\":\"Wez\u00eer\u00ea Dad\u00ea y\u00ea Tirkiyey\u00ea: Em dest\u00fbriy\u00ea bi hevd\u00eetina s\u00eay\u00ea ya \u015fanda Dem Partiy\u00ea \u00fb Ocalan didin - Darka Maz\u00ee\",\"isPartOf\":{\"@id\":\"https:\\\/\\\/darkamazi.info\\\/#website\"},\"primaryImageOfPage\":{\"@id\":\"https:\\\/\\\/darkamazi.info\\\/archives\\\/1047146#primaryimage\"},\"image\":{\"@id\":\"https:\\\/\\\/darkamazi.info\\\/archives\\\/1047146#primaryimage\"},\"thumbnailUrl\":\"https:\\\/\\\/darkamazi.info\\\/darka-content\\\/uploads\\\/2025\\\/02\\\/yilmaz-tunc.jpg\",\"datePublished\":\"2025-02-19T13:45:04+00:00\",\"breadcrumb\":{\"@id\":\"https:\\\/\\\/darkamazi.info\\\/archives\\\/1047146#breadcrumb\"},\"inLanguage\":\"en-US\",\"potentialAction\":[{\"@type\":\"ReadAction\",\"target\":[\"https:\\\/\\\/darkamazi.info\\\/archives\\\/1047146\"]}]},{\"@type\":\"ImageObject\",\"inLanguage\":\"en-US\",\"@id\":\"https:\\\/\\\/darkamazi.info\\\/archives\\\/1047146#primaryimage\",\"url\":\"https:\\\/\\\/darkamazi.info\\\/darka-content\\\/uploads\\\/2025\\\/02\\\/yilmaz-tunc.jpg\",\"contentUrl\":\"https:\\\/\\\/darkamazi.info\\\/darka-content\\\/uploads\\\/2025\\\/02\\\/yilmaz-tunc.jpg\",\"width\":900,\"height\":497,\"caption\":\"Wez\u00eer\u00ea Dad\u00ea y\u00ea Tirkiyey\u00ea: Em dest\u00fbriy\u00ea bi hevd\u00eetina s\u00eay\u00ea ya \u015fanda Dem Partiy\u00ea \u00fb Ocalan didin\"},{\"@type\":\"BreadcrumbList\",\"@id\":\"https:\\\/\\\/darkamazi.info\\\/archives\\\/1047146#breadcrumb\",\"itemListElement\":[{\"@type\":\"ListItem\",\"position\":1,\"name\":\"Home\",\"item\":\"https:\\\/\\\/darkamazi.info\\\/\"},{\"@type\":\"ListItem\",\"position\":2,\"name\":\"Wez\u00eer\u00ea Dad\u00ea y\u00ea Tirkiyey\u00ea: Em dest\u00fbriy\u00ea bi hevd\u00eetina s\u00eay\u00ea ya \u015fanda Dem Partiy\u00ea \u00fb Ocalan didin\"}]},{\"@type\":\"WebSite\",\"@id\":\"https:\\\/\\\/darkamazi.info\\\/#website\",\"url\":\"https:\\\/\\\/darkamazi.info\\\/\",\"name\":\"Darka Maz\u00ee\",\"description\":\"P\u00eageha Zanyariy\u00ean Nebih\u00eest\u00ee\",\"publisher\":{\"@id\":\"https:\\\/\\\/darkamazi.info\\\/#organization\"},\"potentialAction\":[{\"@type\":\"SearchAction\",\"target\":{\"@type\":\"EntryPoint\",\"urlTemplate\":\"https:\\\/\\\/darkamazi.info\\\/?s={search_term_string}\"},\"query-input\":{\"@type\":\"PropertyValueSpecification\",\"valueRequired\":true,\"valueName\":\"search_term_string\"}}],\"inLanguage\":\"en-US\"},{\"@type\":\"Organization\",\"@id\":\"https:\\\/\\\/darkamazi.info\\\/#organization\",\"name\":\"Darka Maz\u00ee\",\"url\":\"https:\\\/\\\/darkamazi.info\\\/\",\"logo\":{\"@type\":\"ImageObject\",\"inLanguage\":\"en-US\",\"@id\":\"https:\\\/\\\/darkamazi.info\\\/#\\\/schema\\\/logo\\\/image\\\/\",\"url\":\"https:\\\/\\\/darkamazi.info\\\/darka-content\\\/uploads\\\/2017\\\/12\\\/darka-mazi-logo.png\",\"contentUrl\":\"https:\\\/\\\/darkamazi.info\\\/darka-content\\\/uploads\\\/2017\\\/12\\\/darka-mazi-logo.png\",\"width\":151,\"height\":75,\"caption\":\"Darka Maz\u00ee\"},\"image\":{\"@id\":\"https:\\\/\\\/darkamazi.info\\\/#\\\/schema\\\/logo\\\/image\\\/\"},\"sameAs\":[\"https:\\\/\\\/www.facebook.com\\\/DarMaziKurmanci\",\"https:\\\/\\\/x.com\\\/DarkaMaziLatini\",\"https:\\\/\\\/www.instagram.com\\\/darkamazi.kurmanci\\\/\",\"https:\\\/\\\/www.youtube.com\\\/channel\\\/UCa5HkTdmI8U1qCUFuTw8B2g\"]},{\"@type\":\"Person\",\"@id\":\"https:\\\/\\\/darkamazi.info\\\/#\\\/schema\\\/person\\\/5ad3e24553a0567993fa8ed4bd0a776c\",\"name\":\"darka mazi\",\"sameAs\":[\"https:\\\/\\\/darkamazi.info\\\/\"],\"url\":\"https:\\\/\\\/darkamazi.info\\\/archives\\\/author\\\/kurdi\"}]}<\/script>\n<!-- \/ Yoast SEO plugin. -->","seo_head_json":{"title":"Wez\u00eer\u00ea Dad\u00ea y\u00ea Tirkiyey\u00ea: Em dest\u00fbriy\u00ea bi hevd\u00eetina s\u00eay\u00ea ya \u015fanda Dem Partiy\u00ea \u00fb Ocalan didin - Darka Maz\u00ee","robots":{"index":"index","follow":"follow","max-snippet":"max-snippet:-1","max-image-preview":"max-image-preview:large","max-video-preview":"max-video-preview:-1"},"canonical":"https:\/\/darkamazi.info\/archives\/1047146","og_locale":"en_US","og_type":"article","og_title":"Wez\u00eer\u00ea Dad\u00ea y\u00ea Tirkiyey\u00ea: Em dest\u00fbriy\u00ea bi hevd\u00eetina s\u00eay\u00ea ya \u015fanda Dem Partiy\u00ea \u00fb Ocalan didin - Darka Maz\u00ee","og_description":"Wez\u00eer\u00ea Dad\u00ea y\u00ea Tirkiyey\u00ea tekez dike ku, dest\u00fbriy\u00ea bi hevd\u00eetina s\u00eay\u00ea ya \u015fanda Dem Partiy\u00ea \u00fb Ocalan didin, l\u00ea w\u00ea \u015fand\u00ea heta niha \u00e7i daxwaziyek ji bo w\u00ea merem\u00ea p\u00ea\u015fk\u00ea\u015f nekiriye. Wez\u00eer\u00ea Dad\u00ea y\u00ea Tirkiyey\u00ea Yilmaz T\u00fbn\u00e7 li ser serdana s\u00eay\u00ea ya \u015fanda Partiya Wekhev\u00ee \u00fb Demokrasiya Gelan (Dem Part\u00ee) ji bo \u00cemraliy\u00ea ji bo [&hellip;]","og_url":"https:\/\/darkamazi.info\/archives\/1047146","og_site_name":"Darka Maz\u00ee","article_publisher":"https:\/\/www.facebook.com\/DarMaziKurmanci","article_published_time":"2025-02-19T13:45:04+00:00","og_image":[{"width":900,"height":497,"url":"https:\/\/darkamazi.info\/file\/2025\/02\/yilmaz-tunc.jpg","type":"image\/jpeg"}],"author":"darka mazi","twitter_card":"summary_large_image","twitter_creator":"@DarkaMaziLatini","twitter_site":"@DarkaMaziLatini","twitter_misc":{"Written by":"darka mazi","Est. reading time":"1 minute"},"schema":{"@context":"https:\/\/schema.org","@graph":[{"@type":"Article","@id":"https:\/\/darkamazi.info\/archives\/1047146#article","isPartOf":{"@id":"https:\/\/darkamazi.info\/archives\/1047146"},"author":{"name":"darka mazi","@id":"https:\/\/darkamazi.info\/#\/schema\/person\/5ad3e24553a0567993fa8ed4bd0a776c"},"headline":"Wez\u00eer\u00ea Dad\u00ea y\u00ea Tirkiyey\u00ea: Em dest\u00fbriy\u00ea bi hevd\u00eetina s\u00eay\u00ea ya \u015fanda Dem Partiy\u00ea \u00fb Ocalan didin","datePublished":"2025-02-19T13:45:04+00:00","mainEntityOfPage":{"@id":"https:\/\/darkamazi.info\/archives\/1047146"},"wordCount":216,"publisher":{"@id":"https:\/\/darkamazi.info\/#organization"},"image":{"@id":"https:\/\/darkamazi.info\/archives\/1047146#primaryimage"},"thumbnailUrl":"https:\/\/darkamazi.info\/file\/2025\/02\/yilmaz-tunc.jpg","keywords":["sereke"],"articleSection":["Kurdistan"],"inLanguage":"en-US"},{"@type":"WebPage","@id":"https:\/\/darkamazi.info\/archives\/1047146","url":"https:\/\/darkamazi.info\/archives\/1047146","name":"Wez\u00eer\u00ea Dad\u00ea y\u00ea Tirkiyey\u00ea: Em dest\u00fbriy\u00ea bi hevd\u00eetina s\u00eay\u00ea ya \u015fanda Dem Partiy\u00ea \u00fb Ocalan didin - Darka Maz\u00ee","isPartOf":{"@id":"https:\/\/darkamazi.info\/#website"},"primaryImageOfPage":{"@id":"https:\/\/darkamazi.info\/archives\/1047146#primaryimage"},"image":{"@id":"https:\/\/darkamazi.info\/archives\/1047146#primaryimage"},"thumbnailUrl":"https:\/\/darkamazi.info\/file\/2025\/02\/yilmaz-tunc.jpg","datePublished":"2025-02-19T13:45:04+00:00","breadcrumb":{"@id":"https:\/\/darkamazi.info\/archives\/1047146#breadcrumb"},"inLanguage":"en-US","potentialAction":[{"@type":"ReadAction","target":["https:\/\/darkamazi.info\/archives\/1047146"]}]},{"@type":"ImageObject","inLanguage":"en-US","@id":"https:\/\/darkamazi.info\/archives\/1047146#primaryimage","url":"https:\/\/darkamazi.info\/file\/2025\/02\/yilmaz-tunc.jpg","contentUrl":"https:\/\/darkamazi.info\/file\/2025\/02\/yilmaz-tunc.jpg","width":900,"height":497,"caption":"Wez\u00eer\u00ea Dad\u00ea y\u00ea Tirkiyey\u00ea: Em dest\u00fbriy\u00ea bi hevd\u00eetina s\u00eay\u00ea ya \u015fanda Dem Partiy\u00ea \u00fb Ocalan didin"},{"@type":"BreadcrumbList","@id":"https:\/\/darkamazi.info\/archives\/1047146#breadcrumb","itemListElement":[{"@type":"ListItem","position":1,"name":"Home","item":"https:\/\/darkamazi.info\/"},{"@type":"ListItem","position":2,"name":"Wez\u00eer\u00ea Dad\u00ea y\u00ea Tirkiyey\u00ea: Em dest\u00fbriy\u00ea bi hevd\u00eetina s\u00eay\u00ea ya \u015fanda Dem Partiy\u00ea \u00fb Ocalan didin"}]},{"@type":"WebSite","@id":"https:\/\/darkamazi.info\/#website","url":"https:\/\/darkamazi.info\/","name":"Darka Maz\u00ee","description":"P\u00eageha Zanyariy\u00ean Nebih\u00eest\u00ee","publisher":{"@id":"https:\/\/darkamazi.info\/#organization"},"potentialAction":[{"@type":"SearchAction","target":{"@type":"EntryPoint","urlTemplate":"https:\/\/darkamazi.info\/?s={search_term_string}"},"query-input":{"@type":"PropertyValueSpecification","valueRequired":true,"valueName":"search_term_string"}}],"inLanguage":"en-US"},{"@type":"Organization","@id":"https:\/\/darkamazi.info\/#organization","name":"Darka Maz\u00ee","url":"https:\/\/darkamazi.info\/","logo":{"@type":"ImageObject","inLanguage":"en-US","@id":"https:\/\/darkamazi.info\/#\/schema\/logo\/image\/","url":"https:\/\/darkamazi.info\/file\/2017\/12\/darka-mazi-logo.png","contentUrl":"https:\/\/darkamazi.info\/file\/2017\/12\/darka-mazi-logo.png","width":151,"height":75,"caption":"Darka Maz\u00ee"},"image":{"@id":"https:\/\/darkamazi.info\/#\/schema\/logo\/image\/"},"sameAs":["https:\/\/www.facebook.com\/DarMaziKurmanci","https:\/\/x.com\/DarkaMaziLatini","https:\/\/www.instagram.com\/darkamazi.kurmanci\/","https:\/\/www.youtube.com\/channel\/UCa5HkTdmI8U1qCUFuTw8B2g"]},{"@type":"Person","@id":"https:\/\/darkamazi.info\/#\/schema\/person\/5ad3e24553a0567993fa8ed4bd0a776c","name":"darka mazi","sameAs":["https:\/\/darkamazi.info\/"],"url":"https:\/\/darkamazi.info\/archives\/author\/kurdi"}]}},"_links":{"self":[{"href":"https:\/\/darkamazi.info\/funavuv\/wp\/v2\/posts\/1047146","targetHints":{"allow":["GET"]}}],"collection":[{"href":"https:\/\/darkamazi.info\/funavuv\/wp\/v2\/posts"}],"about":[{"href":"https:\/\/darkamazi.info\/funavuv\/wp\/v2\/types\/post"}],"author":[{"embeddable":true,"href":"https:\/\/darkamazi.info\/funavuv\/wp\/v2\/users\/2"}],"replies":[{"embeddable":true,"href":"https:\/\/darkamazi.info\/funavuv\/wp\/v2\/comments?post=1047146"}],"version-history":[{"count":0,"href":"https:\/\/darkamazi.info\/funavuv\/wp\/v2\/posts\/1047146\/revisions"}],"wp:featuredmedia":[{"embeddable":true,"href":"https:\/\/darkamazi.info\/funavuv\/wp\/v2\/media\/1047147"}],"wp:attachment":[{"href":"https:\/\/darkamazi.info\/funavuv\/wp\/v2\/media?parent=1047146"}],"wp:term":[{"taxonomy":"category","embeddable":true,"href":"https:\/\/darkamazi.info\/funavuv\/wp\/v2\/categories?post=1047146"},{"taxonomy":"post_tag","embeddable":true,"href":"https:\/\/darkamazi.info\/funavuv\/wp\/v2\/tags?post=1047146"}],"curies":[{"name":"wp","href":"https:\/\/api.w.org\/{rel}","templated":true}]}}