{"id":1047378,"date":"2025-03-05T11:53:16","date_gmt":"2025-03-05T08:53:16","guid":{"rendered":"https:\/\/darkamazi.info\/?p=1047378"},"modified":"2025-03-05T11:53:16","modified_gmt":"2025-03-05T08:53:16","slug":"ceteyen-pkke-ciwanen-soresger-zarokeki-din-e-11-sali-revand","status":"publish","type":"post","link":"https:\/\/darkamazi.info\/archives\/1047378","title":{"rendered":"\u00c7etey\u00ean PKK\u2019\u00ea &#8220;Ciwan\u00ean \u015eore\u015fger&#8221; zarokek\u00ee din \u00ea 11 sal\u00ee revand"},"content":{"rendered":"<h3 style=\"text-align: justify\"><span style=\"font-family: 'arial black', sans-serif\">R\u00eaxistina \u00e7ete ya bi nav\u00ea &#8220;Ciwan\u00ean \u015eore\u015fger&#8221; ya gir\u00eaday\u00ee PKK\u2019\u00ea zarokek\u00ee din ji bajar\u00ea Hesek\u00ea bi armanca \u00e7ekdarkirina w\u00ee di nava ref\u00ean partiy\u00ea de revand.<\/span><\/h3>\n<h3 style=\"text-align: justify\">Di 2\u00ea Adar\u00ea de, tora S\u00fbr\u00eeya Maf\u00ean Mirovan revandina zarok\u00ea 11 sal\u00ee Yezin Xem\u00ees El-C\u00fbma ji aliy\u00ea r\u00eaxistina &#8220;Ciwan\u00ean \u015eore\u015fger&#8221; ji taxa Ne\u015fwaya Rojava li bajar\u00ea Hesek\u00ea belge kiriye.<\/h3>\n<h3 style=\"text-align: justify\">Li gor agahiyan \u00e7etey\u00ean bi nav\u00ea &#8220;Ciwan\u00ean \u015eore\u015fger&#8221; ew zarok biriye kamp\u00ean tecn\u00eedkirina zarokan.<\/h3>\n<h3 style=\"text-align: justify\">Malbata zarok\u00ea revand\u00ee tev\u00ee hewildan\u00ean wan y\u00ean serdana navend\u00ean gir\u00eaday\u00ee Partiya Yek\u00eetiya Demokrat\u00eek \u00fb H\u00eaz\u00ean S\u00fbriyeya Demokrat\u00eek, h\u00eena nekar\u00eene agah\u00ee derbar\u00ea \u00e7areniv\u00eesa kur\u00ea xwe bi dest bixin \u00fb hewl\u00ean malbata w\u00ee ji bo l\u00eager\u00eena kur\u00ea w\u00ee t\u00eak \u00e7\u00fbne.<\/h3>\n<h3 style=\"text-align: justify\">T\u00ea zan\u00een fermandar\u00ea H\u00eaz\u00ean S\u00fbriya Demokrat\u00eek Mezl\u00fbm Koban\u00ee di sala 2019an de ligel V\u00earc\u00eenya Gamba n\u00fbnera NY bo kar\u00fbbar\u00ean zarokan, li ser peymanek\u00ea \u00eemze kirib\u00fb, ku \u00ead\u00ee zarokan tevl\u00ee h\u00eaz\u00ean xwe neke \u00fb zarok\u00ean di nav de serbest berde, l\u00ea ta niha \u00e7i pabend\u00ee bi w\u00ea peyman\u00ea nehatiye kirin, her dem \u00e7ekdar\u00ean bi nav \u00fb reng\u00ean cuda di nava HSD\u2019\u00ea de zarokan direv\u00eenin \u00fb tevl\u00ee le\u015fkeriya ne\u00e7ar\u00ee dikin.<\/h3>\n<h3 style=\"text-align: justify\">Li gor\u00ee \u00e7avd\u00earan armanca \u00e7etey\u00ean bi nav\u00ea \u201cCiwan\u00ean \u015eore\u015fger\u201d ji revandina zarok\u00ean temen bi\u00e7\u00fbk, \u015f\u00fb\u015ftina mejiy\u00ea zarokan li gor b\u00eerdoz\u00ean Partiya Karker\u00ean Kurdistan\u00ea \u00fb tevl\u00eekirina wan di nava ref\u00ean le\u015fker\u00ee y\u00ean partiy\u00ea deye.<\/h3>\n<h3 style=\"text-align: justify\">\u00a0<\/h3>\n","protected":false},"excerpt":{"rendered":"<p>R\u00eaxistina \u00e7ete ya bi nav\u00ea &#8220;Ciwan\u00ean \u015eore\u015fger&#8221; ya gir\u00eaday\u00ee PKK\u2019\u00ea zarokek\u00ee din ji bajar\u00ea Hesek\u00ea bi armanca \u00e7ekdarkirina w\u00ee di nava ref\u00ean partiy\u00ea de revand. Di 2\u00ea Adar\u00ea de, tora S\u00fbr\u00eeya Maf\u00ean Mirovan revandina zarok\u00ea 11 sal\u00ee Yezin Xem\u00ees El-C\u00fbma ji aliy\u00ea r\u00eaxistina &#8220;Ciwan\u00ean \u015eore\u015fger&#8221; ji taxa Ne\u015fwaya Rojava li bajar\u00ea Hesek\u00ea belge kiriye. Li [&hellip;]<\/p>\n","protected":false},"author":2,"featured_media":1047379,"comment_status":"closed","ping_status":"closed","sticky":false,"template":"","format":"standard","meta":{"footnotes":""},"categories":[29],"tags":[37],"class_list":["post-1047378","post","type-post","status-publish","format-standard","has-post-thumbnail","hentry","category-kurdistan","tag-sereke"],"blocksy_meta":[],"seo_head":"<!-- This site is optimized with the Yoast SEO plugin v27.5 - https:\/\/yoast.com\/product\/yoast-seo-wordpress\/ -->\n<title>\u00c7etey\u00ean PKK\u2019\u00ea &quot;Ciwan\u00ean \u015eore\u015fger&quot; zarokek\u00ee din \u00ea 11 sal\u00ee revand - Darka Maz\u00ee<\/title>\n<meta name=\"robots\" content=\"index, follow, max-snippet:-1, max-image-preview:large, max-video-preview:-1\" \/>\n<link rel=\"canonical\" href=\"https:\/\/darkamazi.info\/archives\/1047378\" \/>\n<meta property=\"og:locale\" content=\"en_US\" \/>\n<meta property=\"og:type\" content=\"article\" \/>\n<meta property=\"og:title\" content=\"\u00c7etey\u00ean PKK\u2019\u00ea &quot;Ciwan\u00ean \u015eore\u015fger&quot; zarokek\u00ee din \u00ea 11 sal\u00ee revand - Darka Maz\u00ee\" \/>\n<meta property=\"og:description\" content=\"R\u00eaxistina \u00e7ete ya bi nav\u00ea &#8220;Ciwan\u00ean \u015eore\u015fger&#8221; ya gir\u00eaday\u00ee PKK\u2019\u00ea zarokek\u00ee din ji bajar\u00ea Hesek\u00ea bi armanca \u00e7ekdarkirina w\u00ee di nava ref\u00ean partiy\u00ea de revand. Di 2\u00ea Adar\u00ea de, tora S\u00fbr\u00eeya Maf\u00ean Mirovan revandina zarok\u00ea 11 sal\u00ee Yezin Xem\u00ees El-C\u00fbma ji aliy\u00ea r\u00eaxistina &#8220;Ciwan\u00ean \u015eore\u015fger&#8221; ji taxa Ne\u015fwaya Rojava li bajar\u00ea Hesek\u00ea belge kiriye. Li [&hellip;]\" \/>\n<meta property=\"og:url\" content=\"https:\/\/darkamazi.info\/archives\/1047378\" \/>\n<meta property=\"og:site_name\" content=\"Darka Maz\u00ee\" \/>\n<meta property=\"article:publisher\" content=\"https:\/\/www.facebook.com\/DarMaziKurmanci\" \/>\n<meta property=\"article:published_time\" content=\"2025-03-05T08:53:16+00:00\" \/>\n<meta property=\"og:image\" content=\"https:\/\/darkamazi.info\/file\/2025\/03\/zarok-.jpg\" \/>\n\t<meta property=\"og:image:width\" content=\"900\" \/>\n\t<meta property=\"og:image:height\" content=\"497\" \/>\n\t<meta property=\"og:image:type\" content=\"image\/jpeg\" \/>\n<meta name=\"author\" content=\"darka mazi\" \/>\n<meta name=\"twitter:card\" content=\"summary_large_image\" \/>\n<meta name=\"twitter:creator\" content=\"@DarkaMaziLatini\" \/>\n<meta name=\"twitter:site\" content=\"@DarkaMaziLatini\" \/>\n<meta name=\"twitter:label1\" content=\"Written by\" \/>\n\t<meta name=\"twitter:data1\" content=\"darka mazi\" \/>\n\t<meta name=\"twitter:label2\" content=\"Est. reading time\" \/>\n\t<meta name=\"twitter:data2\" content=\"2 minutes\" \/>\n<script type=\"application\/ld+json\" class=\"seo-schema-graph\">{\"@context\":\"https:\\\/\\\/schema.org\",\"@graph\":[{\"@type\":\"Article\",\"@id\":\"https:\\\/\\\/darkamazi.info\\\/archives\\\/1047378#article\",\"isPartOf\":{\"@id\":\"https:\\\/\\\/darkamazi.info\\\/archives\\\/1047378\"},\"author\":{\"name\":\"darka mazi\",\"@id\":\"https:\\\/\\\/darkamazi.info\\\/#\\\/schema\\\/person\\\/5ad3e24553a0567993fa8ed4bd0a776c\"},\"headline\":\"\u00c7etey\u00ean PKK\u2019\u00ea &#8220;Ciwan\u00ean \u015eore\u015fger&#8221; zarokek\u00ee din \u00ea 11 sal\u00ee revand\",\"datePublished\":\"2025-03-05T08:53:16+00:00\",\"mainEntityOfPage\":{\"@id\":\"https:\\\/\\\/darkamazi.info\\\/archives\\\/1047378\"},\"wordCount\":278,\"publisher\":{\"@id\":\"https:\\\/\\\/darkamazi.info\\\/#organization\"},\"image\":{\"@id\":\"https:\\\/\\\/darkamazi.info\\\/archives\\\/1047378#primaryimage\"},\"thumbnailUrl\":\"https:\\\/\\\/darkamazi.info\\\/darka-content\\\/uploads\\\/2025\\\/03\\\/zarok-.jpg\",\"keywords\":[\"sereke\"],\"articleSection\":[\"Kurdistan\"],\"inLanguage\":\"en-US\"},{\"@type\":\"WebPage\",\"@id\":\"https:\\\/\\\/darkamazi.info\\\/archives\\\/1047378\",\"url\":\"https:\\\/\\\/darkamazi.info\\\/archives\\\/1047378\",\"name\":\"\u00c7etey\u00ean PKK\u2019\u00ea \\\"Ciwan\u00ean \u015eore\u015fger\\\" zarokek\u00ee din \u00ea 11 sal\u00ee revand - Darka Maz\u00ee\",\"isPartOf\":{\"@id\":\"https:\\\/\\\/darkamazi.info\\\/#website\"},\"primaryImageOfPage\":{\"@id\":\"https:\\\/\\\/darkamazi.info\\\/archives\\\/1047378#primaryimage\"},\"image\":{\"@id\":\"https:\\\/\\\/darkamazi.info\\\/archives\\\/1047378#primaryimage\"},\"thumbnailUrl\":\"https:\\\/\\\/darkamazi.info\\\/darka-content\\\/uploads\\\/2025\\\/03\\\/zarok-.jpg\",\"datePublished\":\"2025-03-05T08:53:16+00:00\",\"breadcrumb\":{\"@id\":\"https:\\\/\\\/darkamazi.info\\\/archives\\\/1047378#breadcrumb\"},\"inLanguage\":\"en-US\",\"potentialAction\":[{\"@type\":\"ReadAction\",\"target\":[\"https:\\\/\\\/darkamazi.info\\\/archives\\\/1047378\"]}]},{\"@type\":\"ImageObject\",\"inLanguage\":\"en-US\",\"@id\":\"https:\\\/\\\/darkamazi.info\\\/archives\\\/1047378#primaryimage\",\"url\":\"https:\\\/\\\/darkamazi.info\\\/darka-content\\\/uploads\\\/2025\\\/03\\\/zarok-.jpg\",\"contentUrl\":\"https:\\\/\\\/darkamazi.info\\\/darka-content\\\/uploads\\\/2025\\\/03\\\/zarok-.jpg\",\"width\":900,\"height\":497,\"caption\":\"\u00c7etey\u00ean PKK\u2019\u00ea \\\"Ciwan\u00ean \u015eore\u015fger\\\" zarokek\u00ee din \u00ea 11 sal\u00ee revand\"},{\"@type\":\"BreadcrumbList\",\"@id\":\"https:\\\/\\\/darkamazi.info\\\/archives\\\/1047378#breadcrumb\",\"itemListElement\":[{\"@type\":\"ListItem\",\"position\":1,\"name\":\"Home\",\"item\":\"https:\\\/\\\/darkamazi.info\\\/\"},{\"@type\":\"ListItem\",\"position\":2,\"name\":\"\u00c7etey\u00ean PKK\u2019\u00ea &#8220;Ciwan\u00ean \u015eore\u015fger&#8221; zarokek\u00ee din \u00ea 11 sal\u00ee revand\"}]},{\"@type\":\"WebSite\",\"@id\":\"https:\\\/\\\/darkamazi.info\\\/#website\",\"url\":\"https:\\\/\\\/darkamazi.info\\\/\",\"name\":\"Darka Maz\u00ee\",\"description\":\"P\u00eageha Zanyariy\u00ean Nebih\u00eest\u00ee\",\"publisher\":{\"@id\":\"https:\\\/\\\/darkamazi.info\\\/#organization\"},\"potentialAction\":[{\"@type\":\"SearchAction\",\"target\":{\"@type\":\"EntryPoint\",\"urlTemplate\":\"https:\\\/\\\/darkamazi.info\\\/?s={search_term_string}\"},\"query-input\":{\"@type\":\"PropertyValueSpecification\",\"valueRequired\":true,\"valueName\":\"search_term_string\"}}],\"inLanguage\":\"en-US\"},{\"@type\":\"Organization\",\"@id\":\"https:\\\/\\\/darkamazi.info\\\/#organization\",\"name\":\"Darka Maz\u00ee\",\"url\":\"https:\\\/\\\/darkamazi.info\\\/\",\"logo\":{\"@type\":\"ImageObject\",\"inLanguage\":\"en-US\",\"@id\":\"https:\\\/\\\/darkamazi.info\\\/#\\\/schema\\\/logo\\\/image\\\/\",\"url\":\"https:\\\/\\\/darkamazi.info\\\/darka-content\\\/uploads\\\/2017\\\/12\\\/darka-mazi-logo.png\",\"contentUrl\":\"https:\\\/\\\/darkamazi.info\\\/darka-content\\\/uploads\\\/2017\\\/12\\\/darka-mazi-logo.png\",\"width\":151,\"height\":75,\"caption\":\"Darka Maz\u00ee\"},\"image\":{\"@id\":\"https:\\\/\\\/darkamazi.info\\\/#\\\/schema\\\/logo\\\/image\\\/\"},\"sameAs\":[\"https:\\\/\\\/www.facebook.com\\\/DarMaziKurmanci\",\"https:\\\/\\\/x.com\\\/DarkaMaziLatini\",\"https:\\\/\\\/www.instagram.com\\\/darkamazi.kurmanci\\\/\",\"https:\\\/\\\/www.youtube.com\\\/channel\\\/UCa5HkTdmI8U1qCUFuTw8B2g\"]},{\"@type\":\"Person\",\"@id\":\"https:\\\/\\\/darkamazi.info\\\/#\\\/schema\\\/person\\\/5ad3e24553a0567993fa8ed4bd0a776c\",\"name\":\"darka mazi\",\"sameAs\":[\"https:\\\/\\\/darkamazi.info\\\/\"],\"url\":\"https:\\\/\\\/darkamazi.info\\\/archives\\\/author\\\/kurdi\"}]}<\/script>\n<!-- \/ Yoast SEO plugin. -->","seo_head_json":{"title":"\u00c7etey\u00ean PKK\u2019\u00ea \"Ciwan\u00ean \u015eore\u015fger\" zarokek\u00ee din \u00ea 11 sal\u00ee revand - Darka Maz\u00ee","robots":{"index":"index","follow":"follow","max-snippet":"max-snippet:-1","max-image-preview":"max-image-preview:large","max-video-preview":"max-video-preview:-1"},"canonical":"https:\/\/darkamazi.info\/archives\/1047378","og_locale":"en_US","og_type":"article","og_title":"\u00c7etey\u00ean PKK\u2019\u00ea \"Ciwan\u00ean \u015eore\u015fger\" zarokek\u00ee din \u00ea 11 sal\u00ee revand - Darka Maz\u00ee","og_description":"R\u00eaxistina \u00e7ete ya bi nav\u00ea &#8220;Ciwan\u00ean \u015eore\u015fger&#8221; ya gir\u00eaday\u00ee PKK\u2019\u00ea zarokek\u00ee din ji bajar\u00ea Hesek\u00ea bi armanca \u00e7ekdarkirina w\u00ee di nava ref\u00ean partiy\u00ea de revand. Di 2\u00ea Adar\u00ea de, tora S\u00fbr\u00eeya Maf\u00ean Mirovan revandina zarok\u00ea 11 sal\u00ee Yezin Xem\u00ees El-C\u00fbma ji aliy\u00ea r\u00eaxistina &#8220;Ciwan\u00ean \u015eore\u015fger&#8221; ji taxa Ne\u015fwaya Rojava li bajar\u00ea Hesek\u00ea belge kiriye. Li [&hellip;]","og_url":"https:\/\/darkamazi.info\/archives\/1047378","og_site_name":"Darka Maz\u00ee","article_publisher":"https:\/\/www.facebook.com\/DarMaziKurmanci","article_published_time":"2025-03-05T08:53:16+00:00","og_image":[{"width":900,"height":497,"url":"https:\/\/darkamazi.info\/file\/2025\/03\/zarok-.jpg","type":"image\/jpeg"}],"author":"darka mazi","twitter_card":"summary_large_image","twitter_creator":"@DarkaMaziLatini","twitter_site":"@DarkaMaziLatini","twitter_misc":{"Written by":"darka mazi","Est. reading time":"2 minutes"},"schema":{"@context":"https:\/\/schema.org","@graph":[{"@type":"Article","@id":"https:\/\/darkamazi.info\/archives\/1047378#article","isPartOf":{"@id":"https:\/\/darkamazi.info\/archives\/1047378"},"author":{"name":"darka mazi","@id":"https:\/\/darkamazi.info\/#\/schema\/person\/5ad3e24553a0567993fa8ed4bd0a776c"},"headline":"\u00c7etey\u00ean PKK\u2019\u00ea &#8220;Ciwan\u00ean \u015eore\u015fger&#8221; zarokek\u00ee din \u00ea 11 sal\u00ee revand","datePublished":"2025-03-05T08:53:16+00:00","mainEntityOfPage":{"@id":"https:\/\/darkamazi.info\/archives\/1047378"},"wordCount":278,"publisher":{"@id":"https:\/\/darkamazi.info\/#organization"},"image":{"@id":"https:\/\/darkamazi.info\/archives\/1047378#primaryimage"},"thumbnailUrl":"https:\/\/darkamazi.info\/file\/2025\/03\/zarok-.jpg","keywords":["sereke"],"articleSection":["Kurdistan"],"inLanguage":"en-US"},{"@type":"WebPage","@id":"https:\/\/darkamazi.info\/archives\/1047378","url":"https:\/\/darkamazi.info\/archives\/1047378","name":"\u00c7etey\u00ean PKK\u2019\u00ea \"Ciwan\u00ean \u015eore\u015fger\" zarokek\u00ee din \u00ea 11 sal\u00ee revand - Darka Maz\u00ee","isPartOf":{"@id":"https:\/\/darkamazi.info\/#website"},"primaryImageOfPage":{"@id":"https:\/\/darkamazi.info\/archives\/1047378#primaryimage"},"image":{"@id":"https:\/\/darkamazi.info\/archives\/1047378#primaryimage"},"thumbnailUrl":"https:\/\/darkamazi.info\/file\/2025\/03\/zarok-.jpg","datePublished":"2025-03-05T08:53:16+00:00","breadcrumb":{"@id":"https:\/\/darkamazi.info\/archives\/1047378#breadcrumb"},"inLanguage":"en-US","potentialAction":[{"@type":"ReadAction","target":["https:\/\/darkamazi.info\/archives\/1047378"]}]},{"@type":"ImageObject","inLanguage":"en-US","@id":"https:\/\/darkamazi.info\/archives\/1047378#primaryimage","url":"https:\/\/darkamazi.info\/file\/2025\/03\/zarok-.jpg","contentUrl":"https:\/\/darkamazi.info\/file\/2025\/03\/zarok-.jpg","width":900,"height":497,"caption":"\u00c7etey\u00ean PKK\u2019\u00ea \"Ciwan\u00ean \u015eore\u015fger\" zarokek\u00ee din \u00ea 11 sal\u00ee revand"},{"@type":"BreadcrumbList","@id":"https:\/\/darkamazi.info\/archives\/1047378#breadcrumb","itemListElement":[{"@type":"ListItem","position":1,"name":"Home","item":"https:\/\/darkamazi.info\/"},{"@type":"ListItem","position":2,"name":"\u00c7etey\u00ean PKK\u2019\u00ea &#8220;Ciwan\u00ean \u015eore\u015fger&#8221; zarokek\u00ee din \u00ea 11 sal\u00ee revand"}]},{"@type":"WebSite","@id":"https:\/\/darkamazi.info\/#website","url":"https:\/\/darkamazi.info\/","name":"Darka Maz\u00ee","description":"P\u00eageha Zanyariy\u00ean Nebih\u00eest\u00ee","publisher":{"@id":"https:\/\/darkamazi.info\/#organization"},"potentialAction":[{"@type":"SearchAction","target":{"@type":"EntryPoint","urlTemplate":"https:\/\/darkamazi.info\/?s={search_term_string}"},"query-input":{"@type":"PropertyValueSpecification","valueRequired":true,"valueName":"search_term_string"}}],"inLanguage":"en-US"},{"@type":"Organization","@id":"https:\/\/darkamazi.info\/#organization","name":"Darka Maz\u00ee","url":"https:\/\/darkamazi.info\/","logo":{"@type":"ImageObject","inLanguage":"en-US","@id":"https:\/\/darkamazi.info\/#\/schema\/logo\/image\/","url":"https:\/\/darkamazi.info\/file\/2017\/12\/darka-mazi-logo.png","contentUrl":"https:\/\/darkamazi.info\/file\/2017\/12\/darka-mazi-logo.png","width":151,"height":75,"caption":"Darka Maz\u00ee"},"image":{"@id":"https:\/\/darkamazi.info\/#\/schema\/logo\/image\/"},"sameAs":["https:\/\/www.facebook.com\/DarMaziKurmanci","https:\/\/x.com\/DarkaMaziLatini","https:\/\/www.instagram.com\/darkamazi.kurmanci\/","https:\/\/www.youtube.com\/channel\/UCa5HkTdmI8U1qCUFuTw8B2g"]},{"@type":"Person","@id":"https:\/\/darkamazi.info\/#\/schema\/person\/5ad3e24553a0567993fa8ed4bd0a776c","name":"darka mazi","sameAs":["https:\/\/darkamazi.info\/"],"url":"https:\/\/darkamazi.info\/archives\/author\/kurdi"}]}},"_links":{"self":[{"href":"https:\/\/darkamazi.info\/funavuv\/wp\/v2\/posts\/1047378","targetHints":{"allow":["GET"]}}],"collection":[{"href":"https:\/\/darkamazi.info\/funavuv\/wp\/v2\/posts"}],"about":[{"href":"https:\/\/darkamazi.info\/funavuv\/wp\/v2\/types\/post"}],"author":[{"embeddable":true,"href":"https:\/\/darkamazi.info\/funavuv\/wp\/v2\/users\/2"}],"replies":[{"embeddable":true,"href":"https:\/\/darkamazi.info\/funavuv\/wp\/v2\/comments?post=1047378"}],"version-history":[{"count":0,"href":"https:\/\/darkamazi.info\/funavuv\/wp\/v2\/posts\/1047378\/revisions"}],"wp:featuredmedia":[{"embeddable":true,"href":"https:\/\/darkamazi.info\/funavuv\/wp\/v2\/media\/1047379"}],"wp:attachment":[{"href":"https:\/\/darkamazi.info\/funavuv\/wp\/v2\/media?parent=1047378"}],"wp:term":[{"taxonomy":"category","embeddable":true,"href":"https:\/\/darkamazi.info\/funavuv\/wp\/v2\/categories?post=1047378"},{"taxonomy":"post_tag","embeddable":true,"href":"https:\/\/darkamazi.info\/funavuv\/wp\/v2\/tags?post=1047378"}],"curies":[{"name":"wp","href":"https:\/\/api.w.org\/{rel}","templated":true}]}}