{"id":1047425,"date":"2025-03-08T15:17:41","date_gmt":"2025-03-08T12:17:41","guid":{"rendered":"https:\/\/darkamazi.info\/?p=1047425"},"modified":"2025-03-08T15:17:41","modified_gmt":"2025-03-08T12:17:41","slug":"hak-par-u-pwke-bi-hev-re-8e-adare-roja-jinan-a-cihani-piroz-kirin","status":"publish","type":"post","link":"https:\/\/darkamazi.info\/archives\/1047425","title":{"rendered":"HAK-PAR \u00fb PWK\u00ea bi hev re 8\u00ea Adar\u00ea Roja Jinan a C\u00eehan\u00ee p\u00eeroz kirin"},"content":{"rendered":"<h3 style=\"text-align: justify\"><span style=\"font-family: 'arial black', sans-serif\">Kom\u00eesyona Jinan ya HAK-PAR \u00fb Kom\u00eesyona Jinan ya PWK\u00ea, bi hev re 8\u00ea Adar\u00ea Roja Jinan a C\u00eehan\u00ee li Diyarbekir\u00ea p\u00eeroz kirin.<\/span><\/h3>\n<h3 style=\"text-align: justify\">Li Te\u015fk\u00eelata Amed\u00ea ya Part\u00eeya Welatpar\u00eaz\u00ean Kurdistan\u00ea (PWK) di civ\u00eeneke \u00e7apemen\u00eey\u00ea de daxuyan\u00eeya hevbe\u015f ya herdu part\u00eeyan hate xwendin.<\/h3>\n<h3 style=\"text-align: justify\">Di civ\u00eena \u00e7apemen\u00eey\u00ea de, ji Kom\u00eesyona Jinan ya HAK-PAR\u00ea Vera Koy\u00ee bi kurd\u00ee, ji Kom\u00eesyona Jinan ya PWKy\u00ea Nebahat Y\u0131lmaz daxuyan\u00eeya hevbe\u015f bi tirk\u00ee xwend.<\/h3>\n<h3 style=\"text-align: justify\"><span style=\"font-family: 'arial black', sans-serif\">Daxuyan\u00eeya hevbe\u015f ya Kom\u00eesyona Jinan ya HAK-PAR \u00fb Kom\u00eesyona Jinan ya PWKy\u00ea ye:<\/span><\/h3>\n<h3 style=\"text-align: justify\"><span style=\"font-family: 'arial black', sans-serif\">Ji Bo Raya Gi\u015ft\u00ee \u00fb \u00c7apemeniy\u00ea<\/span><\/h3>\n<h3 style=\"text-align: justify\">Em hem\u00fb jin\u00ean ku ji bo wekhev\u00ee \u00fb azadiy\u00ea t\u00eadiko\u015fin silav dikin.<\/h3>\n<h3 style=\"text-align: justify\">\u00cero 8\u00ea Adar\u00ea Roja Jin\u00ean C\u00eehan\u00ea ye. Em bi v\u00ea wes\u00eeley\u00ea t\u00eako\u015f\u00eena wekhev\u00ee \u00fb azadiy\u00ea ya 8\u00ea Adar\u00ea ya jin\u00ean \u00e7ar par\u00e7ey\u00ean Kurdistan\u00ea \u00fb jin\u00ean c\u00eehan\u00ea bi r\u00eazdar\u00ee \u00fb serbilind\u00ee silav dikin.<\/h3>\n<h3 style=\"text-align: justify\">Wek\u00ee ku h\u00fbn dizanin, jin\u00ean Kurd di 20\u00ea Hez\u00eerana 1919an de li Stenbol\u00ea bi nav\u00ea &#8220;Cemiyeta Teal\u00ee ya Jin\u00ean Kurd&#8221; yekem r\u00eaxistinb\u00fbn\u00ea dest p\u00ea kirin. Ev r\u00eaxistinb\u00fbn bi nasnameya jin\u00ean Kurd \u00ean netewey\u00ee derket p\u00ea\u015f. Ev modela yekem a r\u00eaxistinb\u00fbn\u00ea ji bo d\u00eeroka Kurd \u00fb jin\u00ean Kurd bi qas\u00ee ku gir\u00eeng e, serkeftineke serbilind\u00ee ye. Riya ku &#8220;Cemiyeta Teal\u00ee ya Jin\u00ean Kurd&#8221; bi nasnameya jin \u00fb Kurd x\u00eaz kiriye, ji me re ronah\u00ee dide, r\u00eaya me \u00fb t\u00eako\u015f\u00eena me ya mafdar ron\u00ee dike.<\/h3>\n<h3 style=\"text-align: justify\">8\u00ea Adar\u00ea ji bo jin\u00ean c\u00eehan\u00ea t\u00ea wateya t\u00eako\u015f\u00een \u00fb berxwedan\u00ea li dij\u00ee zayendperestiy\u00ea, ji bo b\u00fby\u00eena ferdek\u00ee wekhev \u00fb azad, li dij\u00ee neteweperest\u00ee, \u00e7\u00eenayet\u00ee, \u00eestismara ked\u00ea, zexta zayendperest\u00ee \u00fb newekheviya ku zihniyeta serdest a ku di hem\u00fb qad\u00ean jiyan\u00ea de belav b\u00fbye, afirandiye.<\/h3>\n<h3 style=\"text-align: justify\">Berevaj\u00ee t\u00eagihi\u015ftina serdest a m\u00eat\u00eenger a ni\u015ftecih, di ronahiya rastiy\u00ean d\u00eerok\u00ee y\u00ean ku hem ji belgey\u00ean niv\u00eesk\u00ee \u00fb hem j\u00ee ji edebiyata gel\u00ear\u00ee ya devk\u00ee hatine veguhestin, jin\u00ean Kurd; di r\u00eaveber\u00ee, burokras\u00ee, d\u00eeplomas\u00ee, huner, edebiyat \u00fb jiyana civak\u00ee de berpirsiyariy\u00ean giran girtine ser xwe \u00fb di d\u00eeroka Kurd de cihek\u00ee taybet girtine. Di hem\u00fb deman de jin\u00ean Kurd di \u015fer \u00fb berxwedanan de di ref\u00ean p\u00ea\u015f de cih girtine, berd\u00eal\u00ean pir giran dane \u00fb nirx\u00ean mezin afirandine.<\/h3>\n<h3 style=\"text-align: justify\">Em bi h\u00eaz \u00fb kevne\u015fopiya t\u00eako\u015f\u00een\u00ea ya ku me ji rabird\u00fbya xwe wergirtiye, di her qada jiyan\u00ea de rola xwe ya p\u00ea\u015fengiy\u00ea dil\u00eezin. T\u00eako\u015f\u00eena me ya li dij\u00ee zihniyeta zayendperest, yekperest, her cure \u015fidet\u00ea \u00fb newekheviy\u00ea bi biryardar\u00ee didome.<\/h3>\n<h3 style=\"text-align: justify\">Jin\u00ean Kurd \u00ean ku di d\u00eeroka t\u00eako\u015f\u00eena Kurd de rola p\u00ea\u015fengiy\u00ea l\u00eestine \u00fb nav\u00ea xwe bi t\u00eep\u00ean z\u00ear\u00een li d\u00eerok\u00ea niv\u00eesandine; ji bo avakirina p\u00ea\u015ferojeke azad \u00fb wekhev, ji bo b\u00eadengkirina temam\u00ee ya \u00e7ekan \u00fb vekirina qada siyaseta rewa \u00fb me\u015fr\u00fb, ala t\u00eako\u015f\u00een\u00ea bi serbilind\u00ee hildigirin.<\/h3>\n<h3 style=\"text-align: justify\">Ji bo v\u00ea yek\u00ea em dib\u00eajin ku ji bo p\u00ea\u015ferojeke azad, wekhev \u00fb adil div\u00ea di ser\u00ee de hem\u00fb \u00e7ek b\u00ean b\u00eadengkirin. Div\u00ea hem\u00fb maf\u00ean ku ji nasnameya Kurd \u00fb miletb\u00fbn\u00ea derdikevin, bi garantiyeke qan\u00fbn\u00ee b\u00ean ewlekirin, Kurd\u00ee wek Tirk\u00ee bibe ziman\u00ea ferm\u00ee \u00fb perwerdehiy\u00ea, hem\u00fb asteng\u00ee \u00fb qedexey\u00ean di zem\u00eena \u00eedar\u00ee \u00fb hiq\u00fbq\u00ee de b\u00ean rakirin. Div\u00ea maf\u00ean me\u015fr\u00fb \u00fb kolekt\u00eef bi garantiyeke dest\u00fbr\u00ee b\u00ean radestkirin.<\/h3>\n<h3 style=\"text-align: justify\">Wek\u00ee jin\u00ean Kurd, div\u00ea em di her qada jiyan\u00ea de bi israr bi m\u00eesyon \u00fb berpirsiyariya netewey\u00ee \u00fb mirov\u00ee t\u00eabiko\u015fin. Em axaftina Kurd\u00ee, te\u015fw\u00eeqkirina axaftina bi ziman\u00ea dayik\u00ea bi zarok\u00ean xwe re wek\u00ee berpirsiyariyeke d\u00eerok\u00ee dib\u00eenin. Em ji bo qeb\u00fblkirina Kurd\u00ee wek\u00ee ziman\u00ea ferm\u00ee \u00fb perwerdehiy\u00ea, her kes\u00ee vedixw\u00eenin t\u00eako\u015f\u00eena hevpar. Werin em bi nasnameya xwe ya jin\u00ean Kurd, bi nirx\u00ean t\u00eako\u015f\u00eena xwe ya wekhev\u00eexwaz, netewey\u00ee, demokrat\u00eek \u00fb azadiy\u00ea h\u00eaz bidin h\u00eaza xwe!<\/h3>\n<h3 style=\"text-align: justify\"><span style=\"font-family: 'arial black', sans-serif\">Bij\u00ee t\u00eako\u015f\u00eena azad\u00ee \u00fb wekheviy\u00ea ya jin\u00ean me!<\/span><\/h3>\n<h3 style=\"text-align: justify\"><span style=\"font-family: 'arial black', sans-serif\">KOM\u00ceSYONA JINAN A HAK-PAR\u00ea<\/span><\/h3>\n<h3 style=\"text-align: justify\"><span style=\"font-family: 'arial black', sans-serif\">KOM\u00ceSYONA JINAN A PWK\u00ea<\/span><\/h3>\n","protected":false},"excerpt":{"rendered":"<p>Kom\u00eesyona Jinan ya HAK-PAR \u00fb Kom\u00eesyona Jinan ya PWK\u00ea, bi hev re 8\u00ea Adar\u00ea Roja Jinan a C\u00eehan\u00ee li Diyarbekir\u00ea p\u00eeroz kirin. Li Te\u015fk\u00eelata Amed\u00ea ya Part\u00eeya Welatpar\u00eaz\u00ean Kurdistan\u00ea (PWK) di civ\u00eeneke \u00e7apemen\u00eey\u00ea de daxuyan\u00eeya hevbe\u015f ya herdu part\u00eeyan hate xwendin. Di civ\u00eena \u00e7apemen\u00eey\u00ea de, ji Kom\u00eesyona Jinan ya HAK-PAR\u00ea Vera Koy\u00ee bi kurd\u00ee, ji [&hellip;]<\/p>\n","protected":false},"author":2,"featured_media":1047426,"comment_status":"closed","ping_status":"closed","sticky":false,"template":"","format":"standard","meta":{"footnotes":""},"categories":[29],"tags":[37],"class_list":["post-1047425","post","type-post","status-publish","format-standard","has-post-thumbnail","hentry","category-kurdistan","tag-sereke"],"blocksy_meta":[],"seo_head":"<!-- This site is optimized with the Yoast SEO plugin v27.5 - https:\/\/yoast.com\/product\/yoast-seo-wordpress\/ -->\n<title>HAK-PAR \u00fb PWK\u00ea bi hev re 8\u00ea Adar\u00ea Roja Jinan a C\u00eehan\u00ee p\u00eeroz kirin - Darka Maz\u00ee<\/title>\n<meta name=\"robots\" content=\"index, follow, max-snippet:-1, max-image-preview:large, max-video-preview:-1\" \/>\n<link rel=\"canonical\" href=\"https:\/\/darkamazi.info\/archives\/1047425\" \/>\n<meta property=\"og:locale\" content=\"en_US\" \/>\n<meta property=\"og:type\" content=\"article\" \/>\n<meta property=\"og:title\" content=\"HAK-PAR \u00fb PWK\u00ea bi hev re 8\u00ea Adar\u00ea Roja Jinan a C\u00eehan\u00ee p\u00eeroz kirin - Darka Maz\u00ee\" \/>\n<meta property=\"og:description\" content=\"Kom\u00eesyona Jinan ya HAK-PAR \u00fb Kom\u00eesyona Jinan ya PWK\u00ea, bi hev re 8\u00ea Adar\u00ea Roja Jinan a C\u00eehan\u00ee li Diyarbekir\u00ea p\u00eeroz kirin. Li Te\u015fk\u00eelata Amed\u00ea ya Part\u00eeya Welatpar\u00eaz\u00ean Kurdistan\u00ea (PWK) di civ\u00eeneke \u00e7apemen\u00eey\u00ea de daxuyan\u00eeya hevbe\u015f ya herdu part\u00eeyan hate xwendin. Di civ\u00eena \u00e7apemen\u00eey\u00ea de, ji Kom\u00eesyona Jinan ya HAK-PAR\u00ea Vera Koy\u00ee bi kurd\u00ee, ji [&hellip;]\" \/>\n<meta property=\"og:url\" content=\"https:\/\/darkamazi.info\/archives\/1047425\" \/>\n<meta property=\"og:site_name\" content=\"Darka Maz\u00ee\" \/>\n<meta property=\"article:publisher\" content=\"https:\/\/www.facebook.com\/DarMaziKurmanci\" \/>\n<meta property=\"article:published_time\" content=\"2025-03-08T12:17:41+00:00\" \/>\n<meta property=\"og:image\" content=\"https:\/\/darkamazi.info\/file\/2025\/03\/pwk-hak-par-jin-8-mars-1.jpg\" \/>\n\t<meta property=\"og:image:width\" content=\"900\" \/>\n\t<meta property=\"og:image:height\" content=\"497\" \/>\n\t<meta property=\"og:image:type\" content=\"image\/jpeg\" \/>\n<meta name=\"author\" content=\"darka mazi\" \/>\n<meta name=\"twitter:card\" content=\"summary_large_image\" \/>\n<meta name=\"twitter:creator\" content=\"@DarkaMaziLatini\" \/>\n<meta name=\"twitter:site\" content=\"@DarkaMaziLatini\" \/>\n<meta name=\"twitter:label1\" content=\"Written by\" \/>\n\t<meta name=\"twitter:data1\" content=\"darka mazi\" \/>\n\t<meta name=\"twitter:label2\" content=\"Est. reading time\" \/>\n\t<meta name=\"twitter:data2\" content=\"3 minutes\" \/>\n<script type=\"application\/ld+json\" class=\"seo-schema-graph\">{\"@context\":\"https:\\\/\\\/schema.org\",\"@graph\":[{\"@type\":\"Article\",\"@id\":\"https:\\\/\\\/darkamazi.info\\\/archives\\\/1047425#article\",\"isPartOf\":{\"@id\":\"https:\\\/\\\/darkamazi.info\\\/archives\\\/1047425\"},\"author\":{\"name\":\"darka mazi\",\"@id\":\"https:\\\/\\\/darkamazi.info\\\/#\\\/schema\\\/person\\\/5ad3e24553a0567993fa8ed4bd0a776c\"},\"headline\":\"HAK-PAR \u00fb PWK\u00ea bi hev re 8\u00ea Adar\u00ea Roja Jinan a C\u00eehan\u00ee p\u00eeroz kirin\",\"datePublished\":\"2025-03-08T12:17:41+00:00\",\"mainEntityOfPage\":{\"@id\":\"https:\\\/\\\/darkamazi.info\\\/archives\\\/1047425\"},\"wordCount\":702,\"publisher\":{\"@id\":\"https:\\\/\\\/darkamazi.info\\\/#organization\"},\"image\":{\"@id\":\"https:\\\/\\\/darkamazi.info\\\/archives\\\/1047425#primaryimage\"},\"thumbnailUrl\":\"https:\\\/\\\/darkamazi.info\\\/darka-content\\\/uploads\\\/2025\\\/03\\\/pwk-hak-par-jin-8-mars-1.jpg\",\"keywords\":[\"sereke\"],\"articleSection\":[\"Kurdistan\"],\"inLanguage\":\"en-US\"},{\"@type\":\"WebPage\",\"@id\":\"https:\\\/\\\/darkamazi.info\\\/archives\\\/1047425\",\"url\":\"https:\\\/\\\/darkamazi.info\\\/archives\\\/1047425\",\"name\":\"HAK-PAR \u00fb PWK\u00ea bi hev re 8\u00ea Adar\u00ea Roja Jinan a C\u00eehan\u00ee p\u00eeroz kirin - Darka Maz\u00ee\",\"isPartOf\":{\"@id\":\"https:\\\/\\\/darkamazi.info\\\/#website\"},\"primaryImageOfPage\":{\"@id\":\"https:\\\/\\\/darkamazi.info\\\/archives\\\/1047425#primaryimage\"},\"image\":{\"@id\":\"https:\\\/\\\/darkamazi.info\\\/archives\\\/1047425#primaryimage\"},\"thumbnailUrl\":\"https:\\\/\\\/darkamazi.info\\\/darka-content\\\/uploads\\\/2025\\\/03\\\/pwk-hak-par-jin-8-mars-1.jpg\",\"datePublished\":\"2025-03-08T12:17:41+00:00\",\"breadcrumb\":{\"@id\":\"https:\\\/\\\/darkamazi.info\\\/archives\\\/1047425#breadcrumb\"},\"inLanguage\":\"en-US\",\"potentialAction\":[{\"@type\":\"ReadAction\",\"target\":[\"https:\\\/\\\/darkamazi.info\\\/archives\\\/1047425\"]}]},{\"@type\":\"ImageObject\",\"inLanguage\":\"en-US\",\"@id\":\"https:\\\/\\\/darkamazi.info\\\/archives\\\/1047425#primaryimage\",\"url\":\"https:\\\/\\\/darkamazi.info\\\/darka-content\\\/uploads\\\/2025\\\/03\\\/pwk-hak-par-jin-8-mars-1.jpg\",\"contentUrl\":\"https:\\\/\\\/darkamazi.info\\\/darka-content\\\/uploads\\\/2025\\\/03\\\/pwk-hak-par-jin-8-mars-1.jpg\",\"width\":900,\"height\":497},{\"@type\":\"BreadcrumbList\",\"@id\":\"https:\\\/\\\/darkamazi.info\\\/archives\\\/1047425#breadcrumb\",\"itemListElement\":[{\"@type\":\"ListItem\",\"position\":1,\"name\":\"Home\",\"item\":\"https:\\\/\\\/darkamazi.info\\\/\"},{\"@type\":\"ListItem\",\"position\":2,\"name\":\"HAK-PAR \u00fb PWK\u00ea bi hev re 8\u00ea Adar\u00ea Roja Jinan a C\u00eehan\u00ee p\u00eeroz kirin\"}]},{\"@type\":\"WebSite\",\"@id\":\"https:\\\/\\\/darkamazi.info\\\/#website\",\"url\":\"https:\\\/\\\/darkamazi.info\\\/\",\"name\":\"Darka Maz\u00ee\",\"description\":\"P\u00eageha Zanyariy\u00ean Nebih\u00eest\u00ee\",\"publisher\":{\"@id\":\"https:\\\/\\\/darkamazi.info\\\/#organization\"},\"potentialAction\":[{\"@type\":\"SearchAction\",\"target\":{\"@type\":\"EntryPoint\",\"urlTemplate\":\"https:\\\/\\\/darkamazi.info\\\/?s={search_term_string}\"},\"query-input\":{\"@type\":\"PropertyValueSpecification\",\"valueRequired\":true,\"valueName\":\"search_term_string\"}}],\"inLanguage\":\"en-US\"},{\"@type\":\"Organization\",\"@id\":\"https:\\\/\\\/darkamazi.info\\\/#organization\",\"name\":\"Darka Maz\u00ee\",\"url\":\"https:\\\/\\\/darkamazi.info\\\/\",\"logo\":{\"@type\":\"ImageObject\",\"inLanguage\":\"en-US\",\"@id\":\"https:\\\/\\\/darkamazi.info\\\/#\\\/schema\\\/logo\\\/image\\\/\",\"url\":\"https:\\\/\\\/darkamazi.info\\\/darka-content\\\/uploads\\\/2017\\\/12\\\/darka-mazi-logo.png\",\"contentUrl\":\"https:\\\/\\\/darkamazi.info\\\/darka-content\\\/uploads\\\/2017\\\/12\\\/darka-mazi-logo.png\",\"width\":151,\"height\":75,\"caption\":\"Darka Maz\u00ee\"},\"image\":{\"@id\":\"https:\\\/\\\/darkamazi.info\\\/#\\\/schema\\\/logo\\\/image\\\/\"},\"sameAs\":[\"https:\\\/\\\/www.facebook.com\\\/DarMaziKurmanci\",\"https:\\\/\\\/x.com\\\/DarkaMaziLatini\",\"https:\\\/\\\/www.instagram.com\\\/darkamazi.kurmanci\\\/\",\"https:\\\/\\\/www.youtube.com\\\/channel\\\/UCa5HkTdmI8U1qCUFuTw8B2g\"]},{\"@type\":\"Person\",\"@id\":\"https:\\\/\\\/darkamazi.info\\\/#\\\/schema\\\/person\\\/5ad3e24553a0567993fa8ed4bd0a776c\",\"name\":\"darka mazi\",\"sameAs\":[\"https:\\\/\\\/darkamazi.info\\\/\"],\"url\":\"https:\\\/\\\/darkamazi.info\\\/archives\\\/author\\\/kurdi\"}]}<\/script>\n<!-- \/ Yoast SEO plugin. -->","seo_head_json":{"title":"HAK-PAR \u00fb PWK\u00ea bi hev re 8\u00ea Adar\u00ea Roja Jinan a C\u00eehan\u00ee p\u00eeroz kirin - Darka Maz\u00ee","robots":{"index":"index","follow":"follow","max-snippet":"max-snippet:-1","max-image-preview":"max-image-preview:large","max-video-preview":"max-video-preview:-1"},"canonical":"https:\/\/darkamazi.info\/archives\/1047425","og_locale":"en_US","og_type":"article","og_title":"HAK-PAR \u00fb PWK\u00ea bi hev re 8\u00ea Adar\u00ea Roja Jinan a C\u00eehan\u00ee p\u00eeroz kirin - Darka Maz\u00ee","og_description":"Kom\u00eesyona Jinan ya HAK-PAR \u00fb Kom\u00eesyona Jinan ya PWK\u00ea, bi hev re 8\u00ea Adar\u00ea Roja Jinan a C\u00eehan\u00ee li Diyarbekir\u00ea p\u00eeroz kirin. Li Te\u015fk\u00eelata Amed\u00ea ya Part\u00eeya Welatpar\u00eaz\u00ean Kurdistan\u00ea (PWK) di civ\u00eeneke \u00e7apemen\u00eey\u00ea de daxuyan\u00eeya hevbe\u015f ya herdu part\u00eeyan hate xwendin. Di civ\u00eena \u00e7apemen\u00eey\u00ea de, ji Kom\u00eesyona Jinan ya HAK-PAR\u00ea Vera Koy\u00ee bi kurd\u00ee, ji [&hellip;]","og_url":"https:\/\/darkamazi.info\/archives\/1047425","og_site_name":"Darka Maz\u00ee","article_publisher":"https:\/\/www.facebook.com\/DarMaziKurmanci","article_published_time":"2025-03-08T12:17:41+00:00","og_image":[{"width":900,"height":497,"url":"https:\/\/darkamazi.info\/file\/2025\/03\/pwk-hak-par-jin-8-mars-1.jpg","type":"image\/jpeg"}],"author":"darka mazi","twitter_card":"summary_large_image","twitter_creator":"@DarkaMaziLatini","twitter_site":"@DarkaMaziLatini","twitter_misc":{"Written by":"darka mazi","Est. reading time":"3 minutes"},"schema":{"@context":"https:\/\/schema.org","@graph":[{"@type":"Article","@id":"https:\/\/darkamazi.info\/archives\/1047425#article","isPartOf":{"@id":"https:\/\/darkamazi.info\/archives\/1047425"},"author":{"name":"darka mazi","@id":"https:\/\/darkamazi.info\/#\/schema\/person\/5ad3e24553a0567993fa8ed4bd0a776c"},"headline":"HAK-PAR \u00fb PWK\u00ea bi hev re 8\u00ea Adar\u00ea Roja Jinan a C\u00eehan\u00ee p\u00eeroz kirin","datePublished":"2025-03-08T12:17:41+00:00","mainEntityOfPage":{"@id":"https:\/\/darkamazi.info\/archives\/1047425"},"wordCount":702,"publisher":{"@id":"https:\/\/darkamazi.info\/#organization"},"image":{"@id":"https:\/\/darkamazi.info\/archives\/1047425#primaryimage"},"thumbnailUrl":"https:\/\/darkamazi.info\/file\/2025\/03\/pwk-hak-par-jin-8-mars-1.jpg","keywords":["sereke"],"articleSection":["Kurdistan"],"inLanguage":"en-US"},{"@type":"WebPage","@id":"https:\/\/darkamazi.info\/archives\/1047425","url":"https:\/\/darkamazi.info\/archives\/1047425","name":"HAK-PAR \u00fb PWK\u00ea bi hev re 8\u00ea Adar\u00ea Roja Jinan a C\u00eehan\u00ee p\u00eeroz kirin - Darka Maz\u00ee","isPartOf":{"@id":"https:\/\/darkamazi.info\/#website"},"primaryImageOfPage":{"@id":"https:\/\/darkamazi.info\/archives\/1047425#primaryimage"},"image":{"@id":"https:\/\/darkamazi.info\/archives\/1047425#primaryimage"},"thumbnailUrl":"https:\/\/darkamazi.info\/file\/2025\/03\/pwk-hak-par-jin-8-mars-1.jpg","datePublished":"2025-03-08T12:17:41+00:00","breadcrumb":{"@id":"https:\/\/darkamazi.info\/archives\/1047425#breadcrumb"},"inLanguage":"en-US","potentialAction":[{"@type":"ReadAction","target":["https:\/\/darkamazi.info\/archives\/1047425"]}]},{"@type":"ImageObject","inLanguage":"en-US","@id":"https:\/\/darkamazi.info\/archives\/1047425#primaryimage","url":"https:\/\/darkamazi.info\/file\/2025\/03\/pwk-hak-par-jin-8-mars-1.jpg","contentUrl":"https:\/\/darkamazi.info\/file\/2025\/03\/pwk-hak-par-jin-8-mars-1.jpg","width":900,"height":497},{"@type":"BreadcrumbList","@id":"https:\/\/darkamazi.info\/archives\/1047425#breadcrumb","itemListElement":[{"@type":"ListItem","position":1,"name":"Home","item":"https:\/\/darkamazi.info\/"},{"@type":"ListItem","position":2,"name":"HAK-PAR \u00fb PWK\u00ea bi hev re 8\u00ea Adar\u00ea Roja Jinan a C\u00eehan\u00ee p\u00eeroz kirin"}]},{"@type":"WebSite","@id":"https:\/\/darkamazi.info\/#website","url":"https:\/\/darkamazi.info\/","name":"Darka Maz\u00ee","description":"P\u00eageha Zanyariy\u00ean Nebih\u00eest\u00ee","publisher":{"@id":"https:\/\/darkamazi.info\/#organization"},"potentialAction":[{"@type":"SearchAction","target":{"@type":"EntryPoint","urlTemplate":"https:\/\/darkamazi.info\/?s={search_term_string}"},"query-input":{"@type":"PropertyValueSpecification","valueRequired":true,"valueName":"search_term_string"}}],"inLanguage":"en-US"},{"@type":"Organization","@id":"https:\/\/darkamazi.info\/#organization","name":"Darka Maz\u00ee","url":"https:\/\/darkamazi.info\/","logo":{"@type":"ImageObject","inLanguage":"en-US","@id":"https:\/\/darkamazi.info\/#\/schema\/logo\/image\/","url":"https:\/\/darkamazi.info\/file\/2017\/12\/darka-mazi-logo.png","contentUrl":"https:\/\/darkamazi.info\/file\/2017\/12\/darka-mazi-logo.png","width":151,"height":75,"caption":"Darka Maz\u00ee"},"image":{"@id":"https:\/\/darkamazi.info\/#\/schema\/logo\/image\/"},"sameAs":["https:\/\/www.facebook.com\/DarMaziKurmanci","https:\/\/x.com\/DarkaMaziLatini","https:\/\/www.instagram.com\/darkamazi.kurmanci\/","https:\/\/www.youtube.com\/channel\/UCa5HkTdmI8U1qCUFuTw8B2g"]},{"@type":"Person","@id":"https:\/\/darkamazi.info\/#\/schema\/person\/5ad3e24553a0567993fa8ed4bd0a776c","name":"darka mazi","sameAs":["https:\/\/darkamazi.info\/"],"url":"https:\/\/darkamazi.info\/archives\/author\/kurdi"}]}},"_links":{"self":[{"href":"https:\/\/darkamazi.info\/funavuv\/wp\/v2\/posts\/1047425","targetHints":{"allow":["GET"]}}],"collection":[{"href":"https:\/\/darkamazi.info\/funavuv\/wp\/v2\/posts"}],"about":[{"href":"https:\/\/darkamazi.info\/funavuv\/wp\/v2\/types\/post"}],"author":[{"embeddable":true,"href":"https:\/\/darkamazi.info\/funavuv\/wp\/v2\/users\/2"}],"replies":[{"embeddable":true,"href":"https:\/\/darkamazi.info\/funavuv\/wp\/v2\/comments?post=1047425"}],"version-history":[{"count":0,"href":"https:\/\/darkamazi.info\/funavuv\/wp\/v2\/posts\/1047425\/revisions"}],"wp:featuredmedia":[{"embeddable":true,"href":"https:\/\/darkamazi.info\/funavuv\/wp\/v2\/media\/1047426"}],"wp:attachment":[{"href":"https:\/\/darkamazi.info\/funavuv\/wp\/v2\/media?parent=1047425"}],"wp:term":[{"taxonomy":"category","embeddable":true,"href":"https:\/\/darkamazi.info\/funavuv\/wp\/v2\/categories?post=1047425"},{"taxonomy":"post_tag","embeddable":true,"href":"https:\/\/darkamazi.info\/funavuv\/wp\/v2\/tags?post=1047425"}],"curies":[{"name":"wp","href":"https:\/\/api.w.org\/{rel}","templated":true}]}}