{"id":1047491,"date":"2025-03-11T20:28:41","date_gmt":"2025-03-11T17:28:41","guid":{"rendered":"https:\/\/darkamazi.info\/?p=1047491"},"modified":"2025-03-11T20:28:41","modified_gmt":"2025-03-11T17:28:41","slug":"dewleta-tirk-sivilen-ku-pkke-sandine-bendava-tisrine-bombebaran-kirin","status":"publish","type":"post","link":"https:\/\/darkamazi.info\/archives\/1047491","title":{"rendered":"Dewleta Tirk siv\u00eel\u00ean ku PKK\u00ea \u015fandine Bendava Ti\u015fr\u00een\u00ea bombebaran kirin"},"content":{"rendered":"<h3 style=\"text-align: justify\"><span style=\"font-family: 'arial black', sans-serif\">H\u00eaz\u00ean Tirkiy\u00ea bi topa giran derdora Bendava Ti\u015fr\u00een\u00ea topbaran kirin, di encam\u00ea de teq\u00een \u00fb st\u00fbn\u00ean d\u00fbman\u00ea bilind b\u00fbn, \u00fb derbar\u00ea ziyanan ti agah\u00ee nehatin bidestxistin, PKKe \u00fb bask\u00ean w\u00ea y\u00ean li Rojava j\u00ee li ser \u015fandina siv\u00eelan ji \u015fermezarkirina \u00ear\u00ee\u015f\u00ean Tirkiy\u00ea berdewamin.<\/span><\/h3>\n<h3 style=\"text-align: justify\"><span style=\"font-family: arial, helvetica, sans-serif\">Rwangeha S\u00fbr\u00ee ya maf\u00ean mirovan \u00eero roja s\u00ea\u015fem\u00ee 11 Adara 2025\u00ea ragehand, karwaneke din y\u00ea siv\u00eelan \u00eero gih\u00ee\u015ftin Bendava Ti\u015fr\u00een\u00ea, ev karwan ji Reqqa, Tebqa \u00fb D\u00eara zor\u00ea ji bo \u015fermezarkirina \u00ear\u00ee\u015f\u00ean Tirkiy\u00ea gih\u00ee\u015ftin bendav\u00ea.<\/span><\/h3>\n<h3 style=\"text-align: justify\"><span style=\"font-family: arial, helvetica, sans-serif\">Destn\u00ee\u015fan kir, hemwexta gih\u00ee\u015ftina siv\u00eelan, art\u00ea\u015fa Tirkiyey\u00ea bi topa giran derd\u00fbra bendav\u00ea bombebaran kir, di encam\u00ea de teq\u00een \u00fb st\u00fbn\u00ean d\u00fbman\u00ea bilind b\u00fbn, \u00fb derbar\u00ea ziyanan ti agah\u00ee nehatin bidestxistin.<\/span><\/h3>\n<h3 style=\"text-align: justify\"><span style=\"font-family: arial, helvetica, sans-serif\">Ev aloz\u00ee di demek\u00ea deye ku aloziy\u00ean le\u015fker\u00ee li bakur\u00ea S\u00fbry\u00ea z\u00eade b\u00fbne, ku balafir\u00ean \u015fer y\u00ean Tirkiyey\u00ea duh bi \u015fev hejmarek \u00ear\u00ee\u015f\u00ean esman\u00ee y\u00ean tund p\u00eak an\u00een, \u00fb derdora Bendava Ti\u015fr\u00een\u00ea \u00fb gund\u00ea Malha li gundewar\u00ea Koban\u00ea \u00fb pira Qerqozak kirin armanc.<\/span><\/h3>\n<h3 style=\"text-align: justify\"><span style=\"font-family: arial, helvetica, sans-serif\">Li eniy\u00ean \u015fer li gundewar\u00ea rojihlat\u00ea Heleb\u00ea j\u00ee \u015fer \u00fb pev\u00e7\u00fbn\u00ean dijwar r\u00fb dan, di encam\u00ea de HSD\u00ea \u00e7ar endam\u00ean \u00e7ekdar\u00ean Art\u00ea\u015fa Ni\u015ftiman\u00ee ku\u015ftin.<\/span><\/h3>\n","protected":false},"excerpt":{"rendered":"<p>H\u00eaz\u00ean Tirkiy\u00ea bi topa giran derdora Bendava Ti\u015fr\u00een\u00ea topbaran kirin, di encam\u00ea de teq\u00een \u00fb st\u00fbn\u00ean d\u00fbman\u00ea bilind b\u00fbn, \u00fb derbar\u00ea ziyanan ti agah\u00ee nehatin bidestxistin, PKKe \u00fb bask\u00ean w\u00ea y\u00ean li Rojava j\u00ee li ser \u015fandina siv\u00eelan ji \u015fermezarkirina \u00ear\u00ee\u015f\u00ean Tirkiy\u00ea berdewamin. Rwangeha S\u00fbr\u00ee ya maf\u00ean mirovan \u00eero roja s\u00ea\u015fem\u00ee 11 Adara 2025\u00ea ragehand, [&hellip;]<\/p>\n","protected":false},"author":2,"featured_media":1047492,"comment_status":"closed","ping_status":"closed","sticky":false,"template":"","format":"standard","meta":{"footnotes":""},"categories":[29],"tags":[37],"class_list":["post-1047491","post","type-post","status-publish","format-standard","has-post-thumbnail","hentry","category-kurdistan","tag-sereke"],"blocksy_meta":[],"seo_head":"<!-- This site is optimized with the Yoast SEO plugin v27.5 - https:\/\/yoast.com\/product\/yoast-seo-wordpress\/ -->\n<title>Dewleta Tirk siv\u00eel\u00ean ku PKK\u00ea \u015fandine Bendava Ti\u015fr\u00een\u00ea bombebaran kirin - Darka Maz\u00ee<\/title>\n<meta name=\"robots\" content=\"index, follow, max-snippet:-1, max-image-preview:large, max-video-preview:-1\" \/>\n<link rel=\"canonical\" href=\"https:\/\/darkamazi.info\/archives\/1047491\" \/>\n<meta property=\"og:locale\" content=\"en_US\" \/>\n<meta property=\"og:type\" content=\"article\" \/>\n<meta property=\"og:title\" content=\"Dewleta Tirk siv\u00eel\u00ean ku PKK\u00ea \u015fandine Bendava Ti\u015fr\u00een\u00ea bombebaran kirin - Darka Maz\u00ee\" \/>\n<meta property=\"og:description\" content=\"H\u00eaz\u00ean Tirkiy\u00ea bi topa giran derdora Bendava Ti\u015fr\u00een\u00ea topbaran kirin, di encam\u00ea de teq\u00een \u00fb st\u00fbn\u00ean d\u00fbman\u00ea bilind b\u00fbn, \u00fb derbar\u00ea ziyanan ti agah\u00ee nehatin bidestxistin, PKKe \u00fb bask\u00ean w\u00ea y\u00ean li Rojava j\u00ee li ser \u015fandina siv\u00eelan ji \u015fermezarkirina \u00ear\u00ee\u015f\u00ean Tirkiy\u00ea berdewamin. Rwangeha S\u00fbr\u00ee ya maf\u00ean mirovan \u00eero roja s\u00ea\u015fem\u00ee 11 Adara 2025\u00ea ragehand, [&hellip;]\" \/>\n<meta property=\"og:url\" content=\"https:\/\/darkamazi.info\/archives\/1047491\" \/>\n<meta property=\"og:site_name\" content=\"Darka Maz\u00ee\" \/>\n<meta property=\"article:publisher\" content=\"https:\/\/www.facebook.com\/DarMaziKurmanci\" \/>\n<meta property=\"article:published_time\" content=\"2025-03-11T17:28:41+00:00\" \/>\n<meta property=\"og:image\" content=\"https:\/\/darkamazi.info\/file\/2025\/03\/Tishreen-Dam-QSD-Turkey-PKK.jpg\" \/>\n\t<meta property=\"og:image:width\" content=\"900\" \/>\n\t<meta property=\"og:image:height\" content=\"500\" \/>\n\t<meta property=\"og:image:type\" content=\"image\/jpeg\" \/>\n<meta name=\"author\" content=\"darka mazi\" \/>\n<meta name=\"twitter:card\" content=\"summary_large_image\" \/>\n<meta name=\"twitter:creator\" content=\"@DarkaMaziLatini\" \/>\n<meta name=\"twitter:site\" content=\"@DarkaMaziLatini\" \/>\n<meta name=\"twitter:label1\" content=\"Written by\" \/>\n\t<meta name=\"twitter:data1\" content=\"darka mazi\" \/>\n\t<meta name=\"twitter:label2\" content=\"Est. reading time\" \/>\n\t<meta name=\"twitter:data2\" content=\"1 minute\" \/>\n<script type=\"application\/ld+json\" class=\"seo-schema-graph\">{\"@context\":\"https:\\\/\\\/schema.org\",\"@graph\":[{\"@type\":\"Article\",\"@id\":\"https:\\\/\\\/darkamazi.info\\\/archives\\\/1047491#article\",\"isPartOf\":{\"@id\":\"https:\\\/\\\/darkamazi.info\\\/archives\\\/1047491\"},\"author\":{\"name\":\"darka mazi\",\"@id\":\"https:\\\/\\\/darkamazi.info\\\/#\\\/schema\\\/person\\\/5ad3e24553a0567993fa8ed4bd0a776c\"},\"headline\":\"Dewleta Tirk siv\u00eel\u00ean ku PKK\u00ea \u015fandine Bendava Ti\u015fr\u00een\u00ea bombebaran kirin\",\"datePublished\":\"2025-03-11T17:28:41+00:00\",\"mainEntityOfPage\":{\"@id\":\"https:\\\/\\\/darkamazi.info\\\/archives\\\/1047491\"},\"wordCount\":231,\"publisher\":{\"@id\":\"https:\\\/\\\/darkamazi.info\\\/#organization\"},\"image\":{\"@id\":\"https:\\\/\\\/darkamazi.info\\\/archives\\\/1047491#primaryimage\"},\"thumbnailUrl\":\"https:\\\/\\\/darkamazi.info\\\/darka-content\\\/uploads\\\/2025\\\/03\\\/Tishreen-Dam-QSD-Turkey-PKK.jpg\",\"keywords\":[\"sereke\"],\"articleSection\":[\"Kurdistan\"],\"inLanguage\":\"en-US\"},{\"@type\":\"WebPage\",\"@id\":\"https:\\\/\\\/darkamazi.info\\\/archives\\\/1047491\",\"url\":\"https:\\\/\\\/darkamazi.info\\\/archives\\\/1047491\",\"name\":\"Dewleta Tirk siv\u00eel\u00ean ku PKK\u00ea \u015fandine Bendava Ti\u015fr\u00een\u00ea bombebaran kirin - Darka Maz\u00ee\",\"isPartOf\":{\"@id\":\"https:\\\/\\\/darkamazi.info\\\/#website\"},\"primaryImageOfPage\":{\"@id\":\"https:\\\/\\\/darkamazi.info\\\/archives\\\/1047491#primaryimage\"},\"image\":{\"@id\":\"https:\\\/\\\/darkamazi.info\\\/archives\\\/1047491#primaryimage\"},\"thumbnailUrl\":\"https:\\\/\\\/darkamazi.info\\\/darka-content\\\/uploads\\\/2025\\\/03\\\/Tishreen-Dam-QSD-Turkey-PKK.jpg\",\"datePublished\":\"2025-03-11T17:28:41+00:00\",\"breadcrumb\":{\"@id\":\"https:\\\/\\\/darkamazi.info\\\/archives\\\/1047491#breadcrumb\"},\"inLanguage\":\"en-US\",\"potentialAction\":[{\"@type\":\"ReadAction\",\"target\":[\"https:\\\/\\\/darkamazi.info\\\/archives\\\/1047491\"]}]},{\"@type\":\"ImageObject\",\"inLanguage\":\"en-US\",\"@id\":\"https:\\\/\\\/darkamazi.info\\\/archives\\\/1047491#primaryimage\",\"url\":\"https:\\\/\\\/darkamazi.info\\\/darka-content\\\/uploads\\\/2025\\\/03\\\/Tishreen-Dam-QSD-Turkey-PKK.jpg\",\"contentUrl\":\"https:\\\/\\\/darkamazi.info\\\/darka-content\\\/uploads\\\/2025\\\/03\\\/Tishreen-Dam-QSD-Turkey-PKK.jpg\",\"width\":900,\"height\":500,\"caption\":\"Tishreen Dam -QSD-Turkey-PKK\"},{\"@type\":\"BreadcrumbList\",\"@id\":\"https:\\\/\\\/darkamazi.info\\\/archives\\\/1047491#breadcrumb\",\"itemListElement\":[{\"@type\":\"ListItem\",\"position\":1,\"name\":\"Home\",\"item\":\"https:\\\/\\\/darkamazi.info\\\/\"},{\"@type\":\"ListItem\",\"position\":2,\"name\":\"Dewleta Tirk siv\u00eel\u00ean ku PKK\u00ea \u015fandine Bendava Ti\u015fr\u00een\u00ea bombebaran kirin\"}]},{\"@type\":\"WebSite\",\"@id\":\"https:\\\/\\\/darkamazi.info\\\/#website\",\"url\":\"https:\\\/\\\/darkamazi.info\\\/\",\"name\":\"Darka Maz\u00ee\",\"description\":\"P\u00eageha Zanyariy\u00ean Nebih\u00eest\u00ee\",\"publisher\":{\"@id\":\"https:\\\/\\\/darkamazi.info\\\/#organization\"},\"potentialAction\":[{\"@type\":\"SearchAction\",\"target\":{\"@type\":\"EntryPoint\",\"urlTemplate\":\"https:\\\/\\\/darkamazi.info\\\/?s={search_term_string}\"},\"query-input\":{\"@type\":\"PropertyValueSpecification\",\"valueRequired\":true,\"valueName\":\"search_term_string\"}}],\"inLanguage\":\"en-US\"},{\"@type\":\"Organization\",\"@id\":\"https:\\\/\\\/darkamazi.info\\\/#organization\",\"name\":\"Darka Maz\u00ee\",\"url\":\"https:\\\/\\\/darkamazi.info\\\/\",\"logo\":{\"@type\":\"ImageObject\",\"inLanguage\":\"en-US\",\"@id\":\"https:\\\/\\\/darkamazi.info\\\/#\\\/schema\\\/logo\\\/image\\\/\",\"url\":\"https:\\\/\\\/darkamazi.info\\\/darka-content\\\/uploads\\\/2017\\\/12\\\/darka-mazi-logo.png\",\"contentUrl\":\"https:\\\/\\\/darkamazi.info\\\/darka-content\\\/uploads\\\/2017\\\/12\\\/darka-mazi-logo.png\",\"width\":151,\"height\":75,\"caption\":\"Darka Maz\u00ee\"},\"image\":{\"@id\":\"https:\\\/\\\/darkamazi.info\\\/#\\\/schema\\\/logo\\\/image\\\/\"},\"sameAs\":[\"https:\\\/\\\/www.facebook.com\\\/DarMaziKurmanci\",\"https:\\\/\\\/x.com\\\/DarkaMaziLatini\",\"https:\\\/\\\/www.instagram.com\\\/darkamazi.kurmanci\\\/\",\"https:\\\/\\\/www.youtube.com\\\/channel\\\/UCa5HkTdmI8U1qCUFuTw8B2g\"]},{\"@type\":\"Person\",\"@id\":\"https:\\\/\\\/darkamazi.info\\\/#\\\/schema\\\/person\\\/5ad3e24553a0567993fa8ed4bd0a776c\",\"name\":\"darka mazi\",\"sameAs\":[\"https:\\\/\\\/darkamazi.info\\\/\"],\"url\":\"https:\\\/\\\/darkamazi.info\\\/archives\\\/author\\\/kurdi\"}]}<\/script>\n<!-- \/ Yoast SEO plugin. -->","seo_head_json":{"title":"Dewleta Tirk siv\u00eel\u00ean ku PKK\u00ea \u015fandine Bendava Ti\u015fr\u00een\u00ea bombebaran kirin - Darka Maz\u00ee","robots":{"index":"index","follow":"follow","max-snippet":"max-snippet:-1","max-image-preview":"max-image-preview:large","max-video-preview":"max-video-preview:-1"},"canonical":"https:\/\/darkamazi.info\/archives\/1047491","og_locale":"en_US","og_type":"article","og_title":"Dewleta Tirk siv\u00eel\u00ean ku PKK\u00ea \u015fandine Bendava Ti\u015fr\u00een\u00ea bombebaran kirin - Darka Maz\u00ee","og_description":"H\u00eaz\u00ean Tirkiy\u00ea bi topa giran derdora Bendava Ti\u015fr\u00een\u00ea topbaran kirin, di encam\u00ea de teq\u00een \u00fb st\u00fbn\u00ean d\u00fbman\u00ea bilind b\u00fbn, \u00fb derbar\u00ea ziyanan ti agah\u00ee nehatin bidestxistin, PKKe \u00fb bask\u00ean w\u00ea y\u00ean li Rojava j\u00ee li ser \u015fandina siv\u00eelan ji \u015fermezarkirina \u00ear\u00ee\u015f\u00ean Tirkiy\u00ea berdewamin. Rwangeha S\u00fbr\u00ee ya maf\u00ean mirovan \u00eero roja s\u00ea\u015fem\u00ee 11 Adara 2025\u00ea ragehand, [&hellip;]","og_url":"https:\/\/darkamazi.info\/archives\/1047491","og_site_name":"Darka Maz\u00ee","article_publisher":"https:\/\/www.facebook.com\/DarMaziKurmanci","article_published_time":"2025-03-11T17:28:41+00:00","og_image":[{"width":900,"height":500,"url":"https:\/\/darkamazi.info\/file\/2025\/03\/Tishreen-Dam-QSD-Turkey-PKK.jpg","type":"image\/jpeg"}],"author":"darka mazi","twitter_card":"summary_large_image","twitter_creator":"@DarkaMaziLatini","twitter_site":"@DarkaMaziLatini","twitter_misc":{"Written by":"darka mazi","Est. reading time":"1 minute"},"schema":{"@context":"https:\/\/schema.org","@graph":[{"@type":"Article","@id":"https:\/\/darkamazi.info\/archives\/1047491#article","isPartOf":{"@id":"https:\/\/darkamazi.info\/archives\/1047491"},"author":{"name":"darka mazi","@id":"https:\/\/darkamazi.info\/#\/schema\/person\/5ad3e24553a0567993fa8ed4bd0a776c"},"headline":"Dewleta Tirk siv\u00eel\u00ean ku PKK\u00ea \u015fandine Bendava Ti\u015fr\u00een\u00ea bombebaran kirin","datePublished":"2025-03-11T17:28:41+00:00","mainEntityOfPage":{"@id":"https:\/\/darkamazi.info\/archives\/1047491"},"wordCount":231,"publisher":{"@id":"https:\/\/darkamazi.info\/#organization"},"image":{"@id":"https:\/\/darkamazi.info\/archives\/1047491#primaryimage"},"thumbnailUrl":"https:\/\/darkamazi.info\/file\/2025\/03\/Tishreen-Dam-QSD-Turkey-PKK.jpg","keywords":["sereke"],"articleSection":["Kurdistan"],"inLanguage":"en-US"},{"@type":"WebPage","@id":"https:\/\/darkamazi.info\/archives\/1047491","url":"https:\/\/darkamazi.info\/archives\/1047491","name":"Dewleta Tirk siv\u00eel\u00ean ku PKK\u00ea \u015fandine Bendava Ti\u015fr\u00een\u00ea bombebaran kirin - Darka Maz\u00ee","isPartOf":{"@id":"https:\/\/darkamazi.info\/#website"},"primaryImageOfPage":{"@id":"https:\/\/darkamazi.info\/archives\/1047491#primaryimage"},"image":{"@id":"https:\/\/darkamazi.info\/archives\/1047491#primaryimage"},"thumbnailUrl":"https:\/\/darkamazi.info\/file\/2025\/03\/Tishreen-Dam-QSD-Turkey-PKK.jpg","datePublished":"2025-03-11T17:28:41+00:00","breadcrumb":{"@id":"https:\/\/darkamazi.info\/archives\/1047491#breadcrumb"},"inLanguage":"en-US","potentialAction":[{"@type":"ReadAction","target":["https:\/\/darkamazi.info\/archives\/1047491"]}]},{"@type":"ImageObject","inLanguage":"en-US","@id":"https:\/\/darkamazi.info\/archives\/1047491#primaryimage","url":"https:\/\/darkamazi.info\/file\/2025\/03\/Tishreen-Dam-QSD-Turkey-PKK.jpg","contentUrl":"https:\/\/darkamazi.info\/file\/2025\/03\/Tishreen-Dam-QSD-Turkey-PKK.jpg","width":900,"height":500,"caption":"Tishreen Dam -QSD-Turkey-PKK"},{"@type":"BreadcrumbList","@id":"https:\/\/darkamazi.info\/archives\/1047491#breadcrumb","itemListElement":[{"@type":"ListItem","position":1,"name":"Home","item":"https:\/\/darkamazi.info\/"},{"@type":"ListItem","position":2,"name":"Dewleta Tirk siv\u00eel\u00ean ku PKK\u00ea \u015fandine Bendava Ti\u015fr\u00een\u00ea bombebaran kirin"}]},{"@type":"WebSite","@id":"https:\/\/darkamazi.info\/#website","url":"https:\/\/darkamazi.info\/","name":"Darka Maz\u00ee","description":"P\u00eageha Zanyariy\u00ean Nebih\u00eest\u00ee","publisher":{"@id":"https:\/\/darkamazi.info\/#organization"},"potentialAction":[{"@type":"SearchAction","target":{"@type":"EntryPoint","urlTemplate":"https:\/\/darkamazi.info\/?s={search_term_string}"},"query-input":{"@type":"PropertyValueSpecification","valueRequired":true,"valueName":"search_term_string"}}],"inLanguage":"en-US"},{"@type":"Organization","@id":"https:\/\/darkamazi.info\/#organization","name":"Darka Maz\u00ee","url":"https:\/\/darkamazi.info\/","logo":{"@type":"ImageObject","inLanguage":"en-US","@id":"https:\/\/darkamazi.info\/#\/schema\/logo\/image\/","url":"https:\/\/darkamazi.info\/file\/2017\/12\/darka-mazi-logo.png","contentUrl":"https:\/\/darkamazi.info\/file\/2017\/12\/darka-mazi-logo.png","width":151,"height":75,"caption":"Darka Maz\u00ee"},"image":{"@id":"https:\/\/darkamazi.info\/#\/schema\/logo\/image\/"},"sameAs":["https:\/\/www.facebook.com\/DarMaziKurmanci","https:\/\/x.com\/DarkaMaziLatini","https:\/\/www.instagram.com\/darkamazi.kurmanci\/","https:\/\/www.youtube.com\/channel\/UCa5HkTdmI8U1qCUFuTw8B2g"]},{"@type":"Person","@id":"https:\/\/darkamazi.info\/#\/schema\/person\/5ad3e24553a0567993fa8ed4bd0a776c","name":"darka mazi","sameAs":["https:\/\/darkamazi.info\/"],"url":"https:\/\/darkamazi.info\/archives\/author\/kurdi"}]}},"_links":{"self":[{"href":"https:\/\/darkamazi.info\/funavuv\/wp\/v2\/posts\/1047491","targetHints":{"allow":["GET"]}}],"collection":[{"href":"https:\/\/darkamazi.info\/funavuv\/wp\/v2\/posts"}],"about":[{"href":"https:\/\/darkamazi.info\/funavuv\/wp\/v2\/types\/post"}],"author":[{"embeddable":true,"href":"https:\/\/darkamazi.info\/funavuv\/wp\/v2\/users\/2"}],"replies":[{"embeddable":true,"href":"https:\/\/darkamazi.info\/funavuv\/wp\/v2\/comments?post=1047491"}],"version-history":[{"count":0,"href":"https:\/\/darkamazi.info\/funavuv\/wp\/v2\/posts\/1047491\/revisions"}],"wp:featuredmedia":[{"embeddable":true,"href":"https:\/\/darkamazi.info\/funavuv\/wp\/v2\/media\/1047492"}],"wp:attachment":[{"href":"https:\/\/darkamazi.info\/funavuv\/wp\/v2\/media?parent=1047491"}],"wp:term":[{"taxonomy":"category","embeddable":true,"href":"https:\/\/darkamazi.info\/funavuv\/wp\/v2\/categories?post=1047491"},{"taxonomy":"post_tag","embeddable":true,"href":"https:\/\/darkamazi.info\/funavuv\/wp\/v2\/tags?post=1047491"}],"curies":[{"name":"wp","href":"https:\/\/api.w.org\/{rel}","templated":true}]}}