{"id":1047587,"date":"2025-03-18T12:07:59","date_gmt":"2025-03-18T09:07:59","guid":{"rendered":"https:\/\/darkamazi.info\/?p=1047587"},"modified":"2025-03-18T12:07:59","modified_gmt":"2025-03-18T09:07:59","slug":"7-sal-bi-ser-dagirkirina-efrine-re-derbas-dibin","status":"publish","type":"post","link":"https:\/\/darkamazi.info\/archives\/1047587","title":{"rendered":"7 sal bi ser dagirkirina Efr\u00een\u00ea re derbas dibin"},"content":{"rendered":"<h3 style=\"text-align: justify\"><span style=\"font-family: 'arial black', sans-serif\">Ber\u00ee 6 salan, di 20\/1\/2018 de art\u00ea\u015fa Tirkiyey\u00ea \u00fb kom\u00ean \u00e7ekdar\u00ean ser bi w\u00ea ve dest bi \u00ear\u00ee\u015fa li ser Efr\u00een\u00ea kirin \u00fb pi\u015ft\u00ee \u015fer\u00ea 58 rojan Efr\u00een \u00fb gundewar\u00ea w\u00ea dag\u00eer kirin. Di encama dagirkirina Efr\u00een\u00ea de, z\u00eadetir ji hezar welatiy\u00ean kurd\u00ean Efr\u00een\u00ea \u015feh\u00eed \u00fb bir\u00eendar b\u00fbn, dora 350 hezar welat\u00ee j\u00ee bi ne\u00e7ar\u00ee derbeder b\u00fbn. Pi\u015ft\u00ee 7 salan ji dagirkirin\u00ea j\u00ee, h\u00eena binp\u00eakirin\u00ean mirov\u00ee, diz\u00ee \u00fb talan, birr\u00een \u00fb diz\u00eena daran, destdan\u00eene ser mal \u00fb milk\u00ean xelk \u00fb guhartina demografiya Efr\u00een\u00ea berdewame.<\/span><\/h3>\n<h3 style=\"text-align: justify\">Pi\u015ft\u00ee \u015fer\u00ea 58 rojan, art\u00ea\u015fa Tirkiyey\u00ea \u00fb kom\u00ean \u00e7ekdar\u00ean ser bi w\u00ea ve di roja 18\/3\/2018 de derbas\u00ee bajar\u00ea &#8216;efr\u00een\u00ea \u00fb gundewar\u00ea w\u00ea b\u00fbn \u00fb dag\u00eer kirin \u00fb dest bi diz\u00ee \u00fb talana mal, avahiy\u00ean ferm\u00ee, dukan \u00fb saman\u00ean welatiy\u00ean siv\u00eel kirin.<\/h3>\n<h3 style=\"text-align: justify\">Di \u00ear\u00ee\u015f\u00ea de, mal\u00ean siv\u00eelan, dibistan, avahiy\u00ean ferm\u00ee, nexwe\u015fxane, mizgeft, cih\u00ean d\u00eerok\u00ee \u00fb p\u00eeroz \u00fb j\u00earxaneya Efr\u00een\u00ea hatin bomebarankirin \u00fb w\u00earankirin.<\/h3>\n<h3 style=\"text-align: justify\">Ji ber \u00ear\u00ee\u015f\u00ea \u00fb li gor amar\u00ean hatine ragihand, z\u00eadetir ji 300 welatiy\u00ean Efr\u00een\u00ea y\u00ean siv\u00eel \u015feh\u00eed b\u00fbn \u00fb z\u00eadetir ji 700 siv\u00eelan j\u00ee bir\u00eendar b\u00fbn. Herwiha dora 350 hezar Efr\u00een\u00ee j\u00ee bi ne\u00e7ar\u00ee ko\u00e7ber \u00fb derbeder b\u00fbn, hejmareke mezin ji wan li gund\u00ean di navbera &#8216;efr\u00een \u00fb heleb\u00ea de hatin bichkrin \u00fb hejmarek din j\u00ee ber\u00ea xwe da her\u00eam\u00ean din y\u00ean kurd\u00ee \u00fb Her\u00eama Kurdistan\u00ea.<\/h3>\n<h3 style=\"text-align: justify\">Ji roja ku Efr\u00een ketiye bin dagirkeriya Tirkiyey\u00ea ve girtin, binp\u00eakariy\u00ean wek\u00ee diz\u00ee, talan, destdir\u00eaj\u00ee, bir\u00eendarkirin, ku\u015ftin, revandin \u00fb \u00ee\u015fkencey\u00ean li hember\u00ee kurd\u00ean w\u00ea her\u00eam\u00ea berdewam dikin.<\/h3>\n<h3 style=\"text-align: justify\">Ji bil\u00ee van tawanan hewl t\u00ea day\u00een ku xwezaya Efr\u00een\u00ea j\u00ee were talankirin. Her weha li gor agahiy\u00ean ji her\u00eam\u00ea, art\u00ea\u015fa Tirkiyey\u00ea \u00fb kom\u00ean \u00e7ekdar z\u00eadetir ji 50 cih\u00ean \u015f\u00fbnwar\u00ee, gir\u00ean d\u00eerok\u00ee \u00fb mezargeh\u00ean ol\u00ee kolane \u00fb z\u00eadetir ji 20 hezar per\u00e7ey\u00ean ent\u00eekan diz\u00eene \u00fb veguhastine Tirkiyey\u00ea.<\/h3>\n<h3 style=\"text-align: justify\">Li Efr\u00een\u00ea gelek cih\u00ean d\u00eerok\u00ee hene, ji bil\u00ee Keleha Hor\u00ee, Keleha Saman\u00ea, \u015eikefta Duder\u00ee, Ken\u00eeseya Marmaron \u00fb bi dehan \u015f\u00fbnwar\u00ean din, n\u00eaz\u00eek\u00ee 25 gir\u00ean d\u00eerok\u00ee hene, piraniya wan di ber \u00e7em\u00ea Efr\u00een\u00ea re r\u00eazkir\u00ee ne, ku d\u00eeroka wan vedigere hezar heta 2 hezar salan ber\u00ee zay\u00een\u00ea, piraniya wan gran bi alav\u00ean kolandin\u00ea hatine kolandin \u00fb t\u00eakdan \u00fb kom\u00ean \u00e7ekdar parek ji wan gran j\u00ee kirine navend\u00ean serbaz\u00ee.<\/h3>\n<h3 style=\"text-align: justify\">Her weha, \u00e7ekdar\u00ean di bin kontrola Tirkiyey\u00ea de heta niha piraniya dar zeyt\u00fbn\u00ean xelk\u00ea bir\u00eene \u00fb dar \u00fb ber\u00ean Efr\u00een\u00ea talan kirine.<\/h3>\n<h3 style=\"text-align: justify\">Dagirker bac\u00ean cuda cuda li ser xelk\u00ea ku dixwazin vegerin Efr\u00een\u00ea ferz dikin.<\/h3>\n<h3 style=\"text-align: justify\">D\u00eesa dagirker hewl didin ku neh\u00ealn kurd li pey kevne\u015fopiy\u00ean xwe j\u00ee herin.<\/h3>\n<h3 style=\"text-align: justify\">Newroza 2023an komkujiyek \u00e7\u00eab\u00fb.<\/h3>\n<h3 style=\"text-align: justify\">Ereb\u00ean hawirde, li Cindr\u00eas\u00ea ji ber ku agir\u00ea Newroz\u00ea p\u00ea xistib\u00fb 4 kes\u00ean ji yek malbat\u00ea \u015feh\u00eed kirib\u00fbn.<\/h3>\n","protected":false},"excerpt":{"rendered":"<p>Ber\u00ee 6 salan, di 20\/1\/2018 de art\u00ea\u015fa Tirkiyey\u00ea \u00fb kom\u00ean \u00e7ekdar\u00ean ser bi w\u00ea ve dest bi \u00ear\u00ee\u015fa li ser Efr\u00een\u00ea kirin \u00fb pi\u015ft\u00ee \u015fer\u00ea 58 rojan Efr\u00een \u00fb gundewar\u00ea w\u00ea dag\u00eer kirin. Di encama dagirkirina Efr\u00een\u00ea de, z\u00eadetir ji hezar welatiy\u00ean kurd\u00ean Efr\u00een\u00ea \u015feh\u00eed \u00fb bir\u00eendar b\u00fbn, dora 350 hezar welat\u00ee j\u00ee bi ne\u00e7ar\u00ee [&hellip;]<\/p>\n","protected":false},"author":2,"featured_media":1047588,"comment_status":"closed","ping_status":"closed","sticky":false,"template":"","format":"standard","meta":{"footnotes":""},"categories":[29],"tags":[37],"class_list":["post-1047587","post","type-post","status-publish","format-standard","has-post-thumbnail","hentry","category-kurdistan","tag-sereke"],"blocksy_meta":[],"seo_head":"<!-- This site is optimized with the Yoast SEO plugin v27.5 - https:\/\/yoast.com\/product\/yoast-seo-wordpress\/ -->\n<title>7 sal bi ser dagirkirina Efr\u00een\u00ea re derbas dibin - Darka Maz\u00ee<\/title>\n<meta name=\"robots\" content=\"index, follow, max-snippet:-1, max-image-preview:large, max-video-preview:-1\" \/>\n<link rel=\"canonical\" href=\"https:\/\/darkamazi.info\/archives\/1047587\" \/>\n<meta property=\"og:locale\" content=\"en_US\" \/>\n<meta property=\"og:type\" content=\"article\" \/>\n<meta property=\"og:title\" content=\"7 sal bi ser dagirkirina Efr\u00een\u00ea re derbas dibin - Darka Maz\u00ee\" \/>\n<meta property=\"og:description\" content=\"Ber\u00ee 6 salan, di 20\/1\/2018 de art\u00ea\u015fa Tirkiyey\u00ea \u00fb kom\u00ean \u00e7ekdar\u00ean ser bi w\u00ea ve dest bi \u00ear\u00ee\u015fa li ser Efr\u00een\u00ea kirin \u00fb pi\u015ft\u00ee \u015fer\u00ea 58 rojan Efr\u00een \u00fb gundewar\u00ea w\u00ea dag\u00eer kirin. Di encama dagirkirina Efr\u00een\u00ea de, z\u00eadetir ji hezar welatiy\u00ean kurd\u00ean Efr\u00een\u00ea \u015feh\u00eed \u00fb bir\u00eendar b\u00fbn, dora 350 hezar welat\u00ee j\u00ee bi ne\u00e7ar\u00ee [&hellip;]\" \/>\n<meta property=\"og:url\" content=\"https:\/\/darkamazi.info\/archives\/1047587\" \/>\n<meta property=\"og:site_name\" content=\"Darka Maz\u00ee\" \/>\n<meta property=\"article:publisher\" content=\"https:\/\/www.facebook.com\/DarMaziKurmanci\" \/>\n<meta property=\"article:published_time\" content=\"2025-03-18T09:07:59+00:00\" \/>\n<meta property=\"og:image\" content=\"https:\/\/darkamazi.info\/file\/2025\/03\/Efrin-tirkiye-dagirker.jpg\" \/>\n\t<meta property=\"og:image:width\" content=\"900\" \/>\n\t<meta property=\"og:image:height\" content=\"497\" \/>\n\t<meta property=\"og:image:type\" content=\"image\/jpeg\" \/>\n<meta name=\"author\" content=\"darka mazi\" \/>\n<meta name=\"twitter:card\" content=\"summary_large_image\" \/>\n<meta name=\"twitter:creator\" content=\"@DarkaMaziLatini\" \/>\n<meta name=\"twitter:site\" content=\"@DarkaMaziLatini\" \/>\n<meta name=\"twitter:label1\" content=\"Written by\" \/>\n\t<meta name=\"twitter:data1\" content=\"darka mazi\" \/>\n\t<meta name=\"twitter:label2\" content=\"Est. reading time\" \/>\n\t<meta name=\"twitter:data2\" content=\"3 minutes\" \/>\n<script type=\"application\/ld+json\" class=\"seo-schema-graph\">{\"@context\":\"https:\\\/\\\/schema.org\",\"@graph\":[{\"@type\":\"Article\",\"@id\":\"https:\\\/\\\/darkamazi.info\\\/archives\\\/1047587#article\",\"isPartOf\":{\"@id\":\"https:\\\/\\\/darkamazi.info\\\/archives\\\/1047587\"},\"author\":{\"name\":\"darka mazi\",\"@id\":\"https:\\\/\\\/darkamazi.info\\\/#\\\/schema\\\/person\\\/5ad3e24553a0567993fa8ed4bd0a776c\"},\"headline\":\"7 sal bi ser dagirkirina Efr\u00een\u00ea re derbas dibin\",\"datePublished\":\"2025-03-18T09:07:59+00:00\",\"mainEntityOfPage\":{\"@id\":\"https:\\\/\\\/darkamazi.info\\\/archives\\\/1047587\"},\"wordCount\":514,\"publisher\":{\"@id\":\"https:\\\/\\\/darkamazi.info\\\/#organization\"},\"image\":{\"@id\":\"https:\\\/\\\/darkamazi.info\\\/archives\\\/1047587#primaryimage\"},\"thumbnailUrl\":\"https:\\\/\\\/darkamazi.info\\\/darka-content\\\/uploads\\\/2025\\\/03\\\/Efrin-tirkiye-dagirker.jpg\",\"keywords\":[\"sereke\"],\"articleSection\":[\"Kurdistan\"],\"inLanguage\":\"en-US\"},{\"@type\":\"WebPage\",\"@id\":\"https:\\\/\\\/darkamazi.info\\\/archives\\\/1047587\",\"url\":\"https:\\\/\\\/darkamazi.info\\\/archives\\\/1047587\",\"name\":\"7 sal bi ser dagirkirina Efr\u00een\u00ea re derbas dibin - Darka Maz\u00ee\",\"isPartOf\":{\"@id\":\"https:\\\/\\\/darkamazi.info\\\/#website\"},\"primaryImageOfPage\":{\"@id\":\"https:\\\/\\\/darkamazi.info\\\/archives\\\/1047587#primaryimage\"},\"image\":{\"@id\":\"https:\\\/\\\/darkamazi.info\\\/archives\\\/1047587#primaryimage\"},\"thumbnailUrl\":\"https:\\\/\\\/darkamazi.info\\\/darka-content\\\/uploads\\\/2025\\\/03\\\/Efrin-tirkiye-dagirker.jpg\",\"datePublished\":\"2025-03-18T09:07:59+00:00\",\"breadcrumb\":{\"@id\":\"https:\\\/\\\/darkamazi.info\\\/archives\\\/1047587#breadcrumb\"},\"inLanguage\":\"en-US\",\"potentialAction\":[{\"@type\":\"ReadAction\",\"target\":[\"https:\\\/\\\/darkamazi.info\\\/archives\\\/1047587\"]}]},{\"@type\":\"ImageObject\",\"inLanguage\":\"en-US\",\"@id\":\"https:\\\/\\\/darkamazi.info\\\/archives\\\/1047587#primaryimage\",\"url\":\"https:\\\/\\\/darkamazi.info\\\/darka-content\\\/uploads\\\/2025\\\/03\\\/Efrin-tirkiye-dagirker.jpg\",\"contentUrl\":\"https:\\\/\\\/darkamazi.info\\\/darka-content\\\/uploads\\\/2025\\\/03\\\/Efrin-tirkiye-dagirker.jpg\",\"width\":900,\"height\":497,\"caption\":\"7 sal bi ser dagirkirina Efr\u00een\u00ea re derbas dibin\"},{\"@type\":\"BreadcrumbList\",\"@id\":\"https:\\\/\\\/darkamazi.info\\\/archives\\\/1047587#breadcrumb\",\"itemListElement\":[{\"@type\":\"ListItem\",\"position\":1,\"name\":\"Home\",\"item\":\"https:\\\/\\\/darkamazi.info\\\/\"},{\"@type\":\"ListItem\",\"position\":2,\"name\":\"7 sal bi ser dagirkirina Efr\u00een\u00ea re derbas dibin\"}]},{\"@type\":\"WebSite\",\"@id\":\"https:\\\/\\\/darkamazi.info\\\/#website\",\"url\":\"https:\\\/\\\/darkamazi.info\\\/\",\"name\":\"Darka Maz\u00ee\",\"description\":\"P\u00eageha Zanyariy\u00ean Nebih\u00eest\u00ee\",\"publisher\":{\"@id\":\"https:\\\/\\\/darkamazi.info\\\/#organization\"},\"potentialAction\":[{\"@type\":\"SearchAction\",\"target\":{\"@type\":\"EntryPoint\",\"urlTemplate\":\"https:\\\/\\\/darkamazi.info\\\/?s={search_term_string}\"},\"query-input\":{\"@type\":\"PropertyValueSpecification\",\"valueRequired\":true,\"valueName\":\"search_term_string\"}}],\"inLanguage\":\"en-US\"},{\"@type\":\"Organization\",\"@id\":\"https:\\\/\\\/darkamazi.info\\\/#organization\",\"name\":\"Darka Maz\u00ee\",\"url\":\"https:\\\/\\\/darkamazi.info\\\/\",\"logo\":{\"@type\":\"ImageObject\",\"inLanguage\":\"en-US\",\"@id\":\"https:\\\/\\\/darkamazi.info\\\/#\\\/schema\\\/logo\\\/image\\\/\",\"url\":\"https:\\\/\\\/darkamazi.info\\\/darka-content\\\/uploads\\\/2017\\\/12\\\/darka-mazi-logo.png\",\"contentUrl\":\"https:\\\/\\\/darkamazi.info\\\/darka-content\\\/uploads\\\/2017\\\/12\\\/darka-mazi-logo.png\",\"width\":151,\"height\":75,\"caption\":\"Darka Maz\u00ee\"},\"image\":{\"@id\":\"https:\\\/\\\/darkamazi.info\\\/#\\\/schema\\\/logo\\\/image\\\/\"},\"sameAs\":[\"https:\\\/\\\/www.facebook.com\\\/DarMaziKurmanci\",\"https:\\\/\\\/x.com\\\/DarkaMaziLatini\",\"https:\\\/\\\/www.instagram.com\\\/darkamazi.kurmanci\\\/\",\"https:\\\/\\\/www.youtube.com\\\/channel\\\/UCa5HkTdmI8U1qCUFuTw8B2g\"]},{\"@type\":\"Person\",\"@id\":\"https:\\\/\\\/darkamazi.info\\\/#\\\/schema\\\/person\\\/5ad3e24553a0567993fa8ed4bd0a776c\",\"name\":\"darka mazi\",\"sameAs\":[\"https:\\\/\\\/darkamazi.info\\\/\"],\"url\":\"https:\\\/\\\/darkamazi.info\\\/archives\\\/author\\\/kurdi\"}]}<\/script>\n<!-- \/ Yoast SEO plugin. -->","seo_head_json":{"title":"7 sal bi ser dagirkirina Efr\u00een\u00ea re derbas dibin - Darka Maz\u00ee","robots":{"index":"index","follow":"follow","max-snippet":"max-snippet:-1","max-image-preview":"max-image-preview:large","max-video-preview":"max-video-preview:-1"},"canonical":"https:\/\/darkamazi.info\/archives\/1047587","og_locale":"en_US","og_type":"article","og_title":"7 sal bi ser dagirkirina Efr\u00een\u00ea re derbas dibin - Darka Maz\u00ee","og_description":"Ber\u00ee 6 salan, di 20\/1\/2018 de art\u00ea\u015fa Tirkiyey\u00ea \u00fb kom\u00ean \u00e7ekdar\u00ean ser bi w\u00ea ve dest bi \u00ear\u00ee\u015fa li ser Efr\u00een\u00ea kirin \u00fb pi\u015ft\u00ee \u015fer\u00ea 58 rojan Efr\u00een \u00fb gundewar\u00ea w\u00ea dag\u00eer kirin. Di encama dagirkirina Efr\u00een\u00ea de, z\u00eadetir ji hezar welatiy\u00ean kurd\u00ean Efr\u00een\u00ea \u015feh\u00eed \u00fb bir\u00eendar b\u00fbn, dora 350 hezar welat\u00ee j\u00ee bi ne\u00e7ar\u00ee [&hellip;]","og_url":"https:\/\/darkamazi.info\/archives\/1047587","og_site_name":"Darka Maz\u00ee","article_publisher":"https:\/\/www.facebook.com\/DarMaziKurmanci","article_published_time":"2025-03-18T09:07:59+00:00","og_image":[{"width":900,"height":497,"url":"https:\/\/darkamazi.info\/file\/2025\/03\/Efrin-tirkiye-dagirker.jpg","type":"image\/jpeg"}],"author":"darka mazi","twitter_card":"summary_large_image","twitter_creator":"@DarkaMaziLatini","twitter_site":"@DarkaMaziLatini","twitter_misc":{"Written by":"darka mazi","Est. reading time":"3 minutes"},"schema":{"@context":"https:\/\/schema.org","@graph":[{"@type":"Article","@id":"https:\/\/darkamazi.info\/archives\/1047587#article","isPartOf":{"@id":"https:\/\/darkamazi.info\/archives\/1047587"},"author":{"name":"darka mazi","@id":"https:\/\/darkamazi.info\/#\/schema\/person\/5ad3e24553a0567993fa8ed4bd0a776c"},"headline":"7 sal bi ser dagirkirina Efr\u00een\u00ea re derbas dibin","datePublished":"2025-03-18T09:07:59+00:00","mainEntityOfPage":{"@id":"https:\/\/darkamazi.info\/archives\/1047587"},"wordCount":514,"publisher":{"@id":"https:\/\/darkamazi.info\/#organization"},"image":{"@id":"https:\/\/darkamazi.info\/archives\/1047587#primaryimage"},"thumbnailUrl":"https:\/\/darkamazi.info\/file\/2025\/03\/Efrin-tirkiye-dagirker.jpg","keywords":["sereke"],"articleSection":["Kurdistan"],"inLanguage":"en-US"},{"@type":"WebPage","@id":"https:\/\/darkamazi.info\/archives\/1047587","url":"https:\/\/darkamazi.info\/archives\/1047587","name":"7 sal bi ser dagirkirina Efr\u00een\u00ea re derbas dibin - Darka Maz\u00ee","isPartOf":{"@id":"https:\/\/darkamazi.info\/#website"},"primaryImageOfPage":{"@id":"https:\/\/darkamazi.info\/archives\/1047587#primaryimage"},"image":{"@id":"https:\/\/darkamazi.info\/archives\/1047587#primaryimage"},"thumbnailUrl":"https:\/\/darkamazi.info\/file\/2025\/03\/Efrin-tirkiye-dagirker.jpg","datePublished":"2025-03-18T09:07:59+00:00","breadcrumb":{"@id":"https:\/\/darkamazi.info\/archives\/1047587#breadcrumb"},"inLanguage":"en-US","potentialAction":[{"@type":"ReadAction","target":["https:\/\/darkamazi.info\/archives\/1047587"]}]},{"@type":"ImageObject","inLanguage":"en-US","@id":"https:\/\/darkamazi.info\/archives\/1047587#primaryimage","url":"https:\/\/darkamazi.info\/file\/2025\/03\/Efrin-tirkiye-dagirker.jpg","contentUrl":"https:\/\/darkamazi.info\/file\/2025\/03\/Efrin-tirkiye-dagirker.jpg","width":900,"height":497,"caption":"7 sal bi ser dagirkirina Efr\u00een\u00ea re derbas dibin"},{"@type":"BreadcrumbList","@id":"https:\/\/darkamazi.info\/archives\/1047587#breadcrumb","itemListElement":[{"@type":"ListItem","position":1,"name":"Home","item":"https:\/\/darkamazi.info\/"},{"@type":"ListItem","position":2,"name":"7 sal bi ser dagirkirina Efr\u00een\u00ea re derbas dibin"}]},{"@type":"WebSite","@id":"https:\/\/darkamazi.info\/#website","url":"https:\/\/darkamazi.info\/","name":"Darka Maz\u00ee","description":"P\u00eageha Zanyariy\u00ean Nebih\u00eest\u00ee","publisher":{"@id":"https:\/\/darkamazi.info\/#organization"},"potentialAction":[{"@type":"SearchAction","target":{"@type":"EntryPoint","urlTemplate":"https:\/\/darkamazi.info\/?s={search_term_string}"},"query-input":{"@type":"PropertyValueSpecification","valueRequired":true,"valueName":"search_term_string"}}],"inLanguage":"en-US"},{"@type":"Organization","@id":"https:\/\/darkamazi.info\/#organization","name":"Darka Maz\u00ee","url":"https:\/\/darkamazi.info\/","logo":{"@type":"ImageObject","inLanguage":"en-US","@id":"https:\/\/darkamazi.info\/#\/schema\/logo\/image\/","url":"https:\/\/darkamazi.info\/file\/2017\/12\/darka-mazi-logo.png","contentUrl":"https:\/\/darkamazi.info\/file\/2017\/12\/darka-mazi-logo.png","width":151,"height":75,"caption":"Darka Maz\u00ee"},"image":{"@id":"https:\/\/darkamazi.info\/#\/schema\/logo\/image\/"},"sameAs":["https:\/\/www.facebook.com\/DarMaziKurmanci","https:\/\/x.com\/DarkaMaziLatini","https:\/\/www.instagram.com\/darkamazi.kurmanci\/","https:\/\/www.youtube.com\/channel\/UCa5HkTdmI8U1qCUFuTw8B2g"]},{"@type":"Person","@id":"https:\/\/darkamazi.info\/#\/schema\/person\/5ad3e24553a0567993fa8ed4bd0a776c","name":"darka mazi","sameAs":["https:\/\/darkamazi.info\/"],"url":"https:\/\/darkamazi.info\/archives\/author\/kurdi"}]}},"_links":{"self":[{"href":"https:\/\/darkamazi.info\/funavuv\/wp\/v2\/posts\/1047587","targetHints":{"allow":["GET"]}}],"collection":[{"href":"https:\/\/darkamazi.info\/funavuv\/wp\/v2\/posts"}],"about":[{"href":"https:\/\/darkamazi.info\/funavuv\/wp\/v2\/types\/post"}],"author":[{"embeddable":true,"href":"https:\/\/darkamazi.info\/funavuv\/wp\/v2\/users\/2"}],"replies":[{"embeddable":true,"href":"https:\/\/darkamazi.info\/funavuv\/wp\/v2\/comments?post=1047587"}],"version-history":[{"count":0,"href":"https:\/\/darkamazi.info\/funavuv\/wp\/v2\/posts\/1047587\/revisions"}],"wp:featuredmedia":[{"embeddable":true,"href":"https:\/\/darkamazi.info\/funavuv\/wp\/v2\/media\/1047588"}],"wp:attachment":[{"href":"https:\/\/darkamazi.info\/funavuv\/wp\/v2\/media?parent=1047587"}],"wp:term":[{"taxonomy":"category","embeddable":true,"href":"https:\/\/darkamazi.info\/funavuv\/wp\/v2\/categories?post=1047587"},{"taxonomy":"post_tag","embeddable":true,"href":"https:\/\/darkamazi.info\/funavuv\/wp\/v2\/tags?post=1047587"}],"curies":[{"name":"wp","href":"https:\/\/api.w.org\/{rel}","templated":true}]}}