{"id":1047617,"date":"2025-03-19T17:18:05","date_gmt":"2025-03-19T14:18:05","guid":{"rendered":"https:\/\/darkamazi.info\/?p=1047617"},"modified":"2025-03-19T17:18:05","modified_gmt":"2025-03-19T14:18:05","slug":"darka-mazi-belgeyen-civinen-pyde-u-istixbarata-rejima-ruxyayi-ya-surye-parvedike","status":"publish","type":"post","link":"https:\/\/darkamazi.info\/archives\/1047617","title":{"rendered":"Darka Maz\u00ee belgey\u00ean civ\u00een\u00ean \u201cPYD\u00ea \u00fb \u00eestixbarata rej\u00eema r\u00fbxyay\u00ee ya S\u00fbry\u00ea\u201d parvedike"},"content":{"rendered":"<h3 style=\"text-align: justify\"><span style=\"font-family: 'arial black', sans-serif\">T\u00eakiliy\u00ean j\u00ear bi j\u00ear y\u00ean PKK\u00ea \u00fb bask\u00ea w\u00ea y\u00ea Rojava PYD\u00ea bi rej\u00eema Be\u015far Esed di 10 sal\u00ean p\u00ea\u015f r\u00fbxyana v\u00ea rej\u00eem\u00ea de her\u00ee xurt b\u00fbb\u00fbn, ev p\u00eawend\u00ee bi tevah\u00ee ji boy parastina ec\u00eanday\u00ean \u00ceran\u00ea \u00fb dewleta S\u00fbry\u00ea dihatin \u00e7\u00eakirin, taybet pi\u015ft\u00ee ku PKKe li sala 2013an bi ferm\u00ee b\u00fbye be\u015fek ji \u201cEniya Berxwedan\u00ea\u201d ya \u00ceran\u00ea.<\/span><\/h3>\n<h3 style=\"text-align: justify\"><span style=\"font-family: arial, helvetica, sans-serif\">Pa\u015f ketina rej\u00eema Be\u015far Esed li 8 D\u00eesambera 2024\u00ea, belge \u00fb dokyoment\u00ean saziy\u00ean \u00eestixbarata v\u00ea rej\u00eem\u00ea a\u015fkere b\u00fbn, di nava wan belgeyan de kon\u00fbs\u00ean civ\u00een\u00ean PYD\u00ea \u00fb R\u00eaveber\u00eeya Xweser y\u00ean bi rej\u00eema S\u00fbry\u00ea hene.<\/span><\/h3>\n<h3 style=\"text-align: justify\"><span style=\"font-family: arial, helvetica, sans-serif\"><img loading=\"lazy\" decoding=\"async\" width=\"828\" height=\"1131\" class=\"aligncenter darka-image-1047618 size-full\" src=\"https:\/\/darkamazi.info\/file\/2025\/03\/PYD-Essad-Rajiem-2.jpg\" alt=\"\" srcset=\"https:\/\/darkamazi.info\/file\/2025\/03\/PYD-Essad-Rajiem-2.jpg 828w, https:\/\/darkamazi.info\/file\/2025\/03\/PYD-Essad-Rajiem-2-220x300.jpg 220w, https:\/\/darkamazi.info\/file\/2025\/03\/PYD-Essad-Rajiem-2-750x1024.jpg 750w, https:\/\/darkamazi.info\/file\/2025\/03\/PYD-Essad-Rajiem-2-768x1049.jpg 768w\" sizes=\"auto, (max-width: 828px) 100vw, 828px\" \/><\/span><\/h3>\n<h3 style=\"text-align: justify\"><span style=\"font-family: arial, helvetica, sans-serif\">Darka Maz\u00ee ji \u00e7avkaniy\u00ean xwe y\u00ean taybet li Rojava Kurdistan\u00ea hin belgey\u00ean gir\u00eaday\u00ee civ\u00een\u00ean PYD\u00ea \u00fb \u00eestixbarata Be\u015far Esed destxistine, t\u00ea de hat\u00eeye a\u015fkere kirin ku, \u015fandeke ast berz ya \u201cPYD\u00ea, R\u00eaveber\u00eeya Xweser \u00fb hoz\u00ean Ereb\u201d serdana \u015eam\u00ea kirine \u00fb li wir bi \u00eestixbarata S\u00fbryey\u00ea re civiyane.<\/span><\/h3>\n<h3 style=\"text-align: justify\"><span style=\"font-family: arial, helvetica, sans-serif\">Di belgey\u00ean \u00eestixbarata rej\u00eema S\u00fbry\u00ea de, hatiye pi\u015ftrastkirin ku PYD\u00ea xwestiye ku n\u00fbner\u00ea \u00ceran\u00ea j\u00ee amadey civ\u00een\u00ea bibe \u00fb amadeb\u00fbna n\u00fbner\u00ea \u00ceran\u00ea weke merc danaye.<\/span><\/h3>\n<h3 style=\"text-align: justify\"><span style=\"font-family: 'arial black', sans-serif;font-size: 18pt;color: #8c0808\">PYD\u00ea li asta j\u00fbr t\u00eakl\u00ee bi \u00eestixbarata S\u00fbryey\u00ea re heb\u00fb<\/span><\/h3>\n<h3 style=\"text-align: justify\"><span style=\"font-family: arial, helvetica, sans-serif\">Y\u00eak ji wan belgey\u00ean nih\u00ean\u00ee ku di dest\u00ea \u201cDarka Maz\u00ee\u201d de ne, ji r\u00eaveber\u00eeya \u00eestixbarata gi\u015ft\u00ee ya S\u00fbry\u00ea tay\u00ea 279 bi m\u00eaj\u00fbya 20 \u00e7ileya 2022\u00ea derketiye.<\/span><\/h3>\n<h3 style=\"text-align: justify\"><span style=\"font-family: arial, helvetica, sans-serif\">Di v\u00ea belgey\u00ea de \u00eestixbarata S\u00fbry\u00ea a\u015fkere kiriye ku amadekar\u00ee bo li darxistina civ\u00eenek\u00ea li baregeha Ewleh\u00eeya Ni\u015ft\u00eeman\u00ee ya S\u00fbryey\u00ea li n\u00eavbera wan \u00fb PYD\u00ea \u00fb n\u00fbner\u00ean R\u00fbsya t\u00ea kirin.<\/span><\/h3>\n<h3 style=\"text-align: justify\"><span style=\"font-family: arial, helvetica, sans-serif\">Her wiha hat\u00eeye gotin: PYD\u00ea redkiriye amadey\u00ee w\u00ea civ\u00een\u00ea bibe, ji ber ku n\u00fbner\u00ea \u00ceran\u00ea nehatb\u00fb vexwendin, PYDe mukir b\u00fb ku n\u00fbner\u00ea \u00ceran\u00ea amade bibe.<\/span><\/h3>\n<h3 style=\"text-align: justify\"><span style=\"font-family: arial, helvetica, sans-serif\"><img loading=\"lazy\" decoding=\"async\" width=\"828\" height=\"1131\" class=\"aligncenter darka-image-1047619 size-full\" src=\"https:\/\/darkamazi.info\/file\/2025\/03\/PYD-Essad-Rajiem-1.jpg\" alt=\"\" srcset=\"https:\/\/darkamazi.info\/file\/2025\/03\/PYD-Essad-Rajiem-1.jpg 828w, https:\/\/darkamazi.info\/file\/2025\/03\/PYD-Essad-Rajiem-1-220x300.jpg 220w, https:\/\/darkamazi.info\/file\/2025\/03\/PYD-Essad-Rajiem-1-750x1024.jpg 750w, https:\/\/darkamazi.info\/file\/2025\/03\/PYD-Essad-Rajiem-1-768x1049.jpg 768w\" sizes=\"auto, (max-width: 828px) 100vw, 828px\" \/><\/span><\/h3>\n<h3 style=\"text-align: justify\"><span style=\"font-family: 'arial black', sans-serif;font-size: 18pt;color: #8c0808\">Peyman\u00ean tar\u00ee y\u00ean PYD\u00ea \u00fb \u00eestixbarta rej\u00eema r\u00fbxyay\u00ee ya S\u00fbry\u00ea li ser k\u00eest\u00ea gel\u00ea Kurd<\/span><\/h3>\n<h3 style=\"text-align: justify\"><span style=\"font-family: arial, helvetica, sans-serif\">Hewalg\u00eeriya S\u00fbry\u00ea di w\u00ea belgey\u00ea de ku ji boy bir\u00eaveber\u00ea hewalg\u00eeriy\u00ea araste kiriye, dib\u00eaje: Ev civ\u00een ji boy n\u00eeqa\u015fa derbar\u00ea melefa Kurdan t\u00ean li darxstin!.<\/span><\/h3>\n<h3 style=\"text-align: justify\"><span style=\"font-family: arial, helvetica, sans-serif\">Belgey\u00ean hewalg\u00eer\u00eeya S\u00fbry\u00ea y\u00ean ku pa\u015f r\u00fbxandina rej\u00eema Be\u015far hatine parvekirin, tev t\u00eakily\u00ean j\u00ear bi j\u00ear y\u00ea PYD\u00ea bask\u00ea PKK\u00ea y\u00ea Rojava Kurdistan\u00ea ji boy gel\u00ea Kurd \u00eef\u015fa kirin \u00fb zelal b\u00fb ku dest\u00ean v\u00ea part\u00eeya gir\u00eaday\u00ee PKK\u00ea \u00e7i qas\u00ee bi saziy\u00ean qir\u00eaj y\u00ean hewalg\u00eer\u00eeya S\u00fbry\u00ea re di nava hewldan \u00fb peyman\u00ean tar\u00ee de b\u00fb.<\/span><\/h3>\n<h3 style=\"text-align: justify\"><span style=\"font-family: arial, helvetica, sans-serif\">Ev xebat\u00ean PYD\u00ea y\u00ean bi rej\u00eema Be\u015far \u00fb \u00eestixbarata S\u00fbry\u00ea, ne ji boy berjewend\u00eeya Kurdan dihatin me\u015fandin, belku ji boy berjewendiy\u00ean \u00ceran\u00ea \u00fb \u00e7\u00eakirina peyman\u00ean tar\u00ee b\u00fbn li ser k\u00eest\u00ea gel\u00ea Kurd y\u00ea li Rojava Kurdistan\u00ea.<\/span><\/h3>\n","protected":false},"excerpt":{"rendered":"<p>T\u00eakiliy\u00ean j\u00ear bi j\u00ear y\u00ean PKK\u00ea \u00fb bask\u00ea w\u00ea y\u00ea Rojava PYD\u00ea bi rej\u00eema Be\u015far Esed di 10 sal\u00ean p\u00ea\u015f r\u00fbxyana v\u00ea rej\u00eem\u00ea de her\u00ee xurt b\u00fbb\u00fbn, ev p\u00eawend\u00ee bi tevah\u00ee ji boy parastina ec\u00eanday\u00ean \u00ceran\u00ea \u00fb dewleta S\u00fbry\u00ea dihatin \u00e7\u00eakirin, taybet pi\u015ft\u00ee ku PKKe li sala 2013an bi ferm\u00ee b\u00fbye be\u015fek ji \u201cEniya Berxwedan\u00ea\u201d [&hellip;]<\/p>\n","protected":false},"author":2,"featured_media":1047620,"comment_status":"closed","ping_status":"closed","sticky":false,"template":"","format":"standard","meta":{"footnotes":""},"categories":[40],"tags":[37],"class_list":["post-1047617","post","type-post","status-publish","format-standard","has-post-thumbnail","hentry","category-niheni","tag-sereke"],"blocksy_meta":[],"seo_head":"<!-- This site is optimized with the Yoast SEO plugin v27.5 - https:\/\/yoast.com\/product\/yoast-seo-wordpress\/ -->\n<title>Darka Maz\u00ee belgey\u00ean civ\u00een\u00ean \u201cPYD\u00ea \u00fb \u00eestixbarata rej\u00eema r\u00fbxyay\u00ee ya S\u00fbry\u00ea\u201d parvedike - Darka Maz\u00ee<\/title>\n<meta name=\"robots\" content=\"index, follow, max-snippet:-1, max-image-preview:large, max-video-preview:-1\" \/>\n<link rel=\"canonical\" href=\"https:\/\/darkamazi.info\/archives\/1047617\" \/>\n<meta property=\"og:locale\" content=\"en_US\" \/>\n<meta property=\"og:type\" content=\"article\" \/>\n<meta property=\"og:title\" content=\"Darka Maz\u00ee belgey\u00ean civ\u00een\u00ean \u201cPYD\u00ea \u00fb \u00eestixbarata rej\u00eema r\u00fbxyay\u00ee ya S\u00fbry\u00ea\u201d parvedike - Darka Maz\u00ee\" \/>\n<meta property=\"og:description\" content=\"T\u00eakiliy\u00ean j\u00ear bi j\u00ear y\u00ean PKK\u00ea \u00fb bask\u00ea w\u00ea y\u00ea Rojava PYD\u00ea bi rej\u00eema Be\u015far Esed di 10 sal\u00ean p\u00ea\u015f r\u00fbxyana v\u00ea rej\u00eem\u00ea de her\u00ee xurt b\u00fbb\u00fbn, ev p\u00eawend\u00ee bi tevah\u00ee ji boy parastina ec\u00eanday\u00ean \u00ceran\u00ea \u00fb dewleta S\u00fbry\u00ea dihatin \u00e7\u00eakirin, taybet pi\u015ft\u00ee ku PKKe li sala 2013an bi ferm\u00ee b\u00fbye be\u015fek ji \u201cEniya Berxwedan\u00ea\u201d [&hellip;]\" \/>\n<meta property=\"og:url\" content=\"https:\/\/darkamazi.info\/archives\/1047617\" \/>\n<meta property=\"og:site_name\" content=\"Darka Maz\u00ee\" \/>\n<meta property=\"article:publisher\" content=\"https:\/\/www.facebook.com\/DarMaziKurmanci\" \/>\n<meta property=\"article:published_time\" content=\"2025-03-19T14:18:05+00:00\" \/>\n<meta property=\"og:image\" content=\"https:\/\/darkamazi.info\/file\/2025\/03\/PYD-Russia-Iran-Essad-Rajiem-info.jpg\" \/>\n\t<meta property=\"og:image:width\" content=\"900\" \/>\n\t<meta property=\"og:image:height\" content=\"500\" \/>\n\t<meta property=\"og:image:type\" content=\"image\/jpeg\" \/>\n<meta name=\"author\" content=\"darka mazi\" \/>\n<meta name=\"twitter:card\" content=\"summary_large_image\" \/>\n<meta name=\"twitter:creator\" content=\"@DarkaMaziLatini\" \/>\n<meta name=\"twitter:site\" content=\"@DarkaMaziLatini\" \/>\n<meta name=\"twitter:label1\" content=\"Written by\" \/>\n\t<meta name=\"twitter:data1\" content=\"darka mazi\" \/>\n\t<meta name=\"twitter:label2\" content=\"Est. reading time\" \/>\n\t<meta name=\"twitter:data2\" content=\"3 minutes\" \/>\n<script type=\"application\/ld+json\" class=\"seo-schema-graph\">{\"@context\":\"https:\\\/\\\/schema.org\",\"@graph\":[{\"@type\":\"Article\",\"@id\":\"https:\\\/\\\/darkamazi.info\\\/archives\\\/1047617#article\",\"isPartOf\":{\"@id\":\"https:\\\/\\\/darkamazi.info\\\/archives\\\/1047617\"},\"author\":{\"name\":\"darka mazi\",\"@id\":\"https:\\\/\\\/darkamazi.info\\\/#\\\/schema\\\/person\\\/5ad3e24553a0567993fa8ed4bd0a776c\"},\"headline\":\"Darka Maz\u00ee belgey\u00ean civ\u00een\u00ean \u201cPYD\u00ea \u00fb \u00eestixbarata rej\u00eema r\u00fbxyay\u00ee ya S\u00fbry\u00ea\u201d parvedike\",\"datePublished\":\"2025-03-19T14:18:05+00:00\",\"mainEntityOfPage\":{\"@id\":\"https:\\\/\\\/darkamazi.info\\\/archives\\\/1047617\"},\"wordCount\":514,\"publisher\":{\"@id\":\"https:\\\/\\\/darkamazi.info\\\/#organization\"},\"image\":{\"@id\":\"https:\\\/\\\/darkamazi.info\\\/archives\\\/1047617#primaryimage\"},\"thumbnailUrl\":\"https:\\\/\\\/darkamazi.info\\\/darka-content\\\/uploads\\\/2025\\\/03\\\/PYD-Russia-Iran-Essad-Rajiem-info.jpg\",\"keywords\":[\"sereke\"],\"articleSection\":[\"Nih\u00ean\u00ee\"],\"inLanguage\":\"en-US\"},{\"@type\":\"WebPage\",\"@id\":\"https:\\\/\\\/darkamazi.info\\\/archives\\\/1047617\",\"url\":\"https:\\\/\\\/darkamazi.info\\\/archives\\\/1047617\",\"name\":\"Darka Maz\u00ee belgey\u00ean civ\u00een\u00ean \u201cPYD\u00ea \u00fb \u00eestixbarata rej\u00eema r\u00fbxyay\u00ee ya S\u00fbry\u00ea\u201d parvedike - Darka Maz\u00ee\",\"isPartOf\":{\"@id\":\"https:\\\/\\\/darkamazi.info\\\/#website\"},\"primaryImageOfPage\":{\"@id\":\"https:\\\/\\\/darkamazi.info\\\/archives\\\/1047617#primaryimage\"},\"image\":{\"@id\":\"https:\\\/\\\/darkamazi.info\\\/archives\\\/1047617#primaryimage\"},\"thumbnailUrl\":\"https:\\\/\\\/darkamazi.info\\\/darka-content\\\/uploads\\\/2025\\\/03\\\/PYD-Russia-Iran-Essad-Rajiem-info.jpg\",\"datePublished\":\"2025-03-19T14:18:05+00:00\",\"breadcrumb\":{\"@id\":\"https:\\\/\\\/darkamazi.info\\\/archives\\\/1047617#breadcrumb\"},\"inLanguage\":\"en-US\",\"potentialAction\":[{\"@type\":\"ReadAction\",\"target\":[\"https:\\\/\\\/darkamazi.info\\\/archives\\\/1047617\"]}]},{\"@type\":\"ImageObject\",\"inLanguage\":\"en-US\",\"@id\":\"https:\\\/\\\/darkamazi.info\\\/archives\\\/1047617#primaryimage\",\"url\":\"https:\\\/\\\/darkamazi.info\\\/darka-content\\\/uploads\\\/2025\\\/03\\\/PYD-Russia-Iran-Essad-Rajiem-info.jpg\",\"contentUrl\":\"https:\\\/\\\/darkamazi.info\\\/darka-content\\\/uploads\\\/2025\\\/03\\\/PYD-Russia-Iran-Essad-Rajiem-info.jpg\",\"width\":900,\"height\":500},{\"@type\":\"BreadcrumbList\",\"@id\":\"https:\\\/\\\/darkamazi.info\\\/archives\\\/1047617#breadcrumb\",\"itemListElement\":[{\"@type\":\"ListItem\",\"position\":1,\"name\":\"Home\",\"item\":\"https:\\\/\\\/darkamazi.info\\\/\"},{\"@type\":\"ListItem\",\"position\":2,\"name\":\"Darka Maz\u00ee belgey\u00ean civ\u00een\u00ean \u201cPYD\u00ea \u00fb \u00eestixbarata rej\u00eema r\u00fbxyay\u00ee ya S\u00fbry\u00ea\u201d parvedike\"}]},{\"@type\":\"WebSite\",\"@id\":\"https:\\\/\\\/darkamazi.info\\\/#website\",\"url\":\"https:\\\/\\\/darkamazi.info\\\/\",\"name\":\"Darka Maz\u00ee\",\"description\":\"P\u00eageha Zanyariy\u00ean Nebih\u00eest\u00ee\",\"publisher\":{\"@id\":\"https:\\\/\\\/darkamazi.info\\\/#organization\"},\"potentialAction\":[{\"@type\":\"SearchAction\",\"target\":{\"@type\":\"EntryPoint\",\"urlTemplate\":\"https:\\\/\\\/darkamazi.info\\\/?s={search_term_string}\"},\"query-input\":{\"@type\":\"PropertyValueSpecification\",\"valueRequired\":true,\"valueName\":\"search_term_string\"}}],\"inLanguage\":\"en-US\"},{\"@type\":\"Organization\",\"@id\":\"https:\\\/\\\/darkamazi.info\\\/#organization\",\"name\":\"Darka Maz\u00ee\",\"url\":\"https:\\\/\\\/darkamazi.info\\\/\",\"logo\":{\"@type\":\"ImageObject\",\"inLanguage\":\"en-US\",\"@id\":\"https:\\\/\\\/darkamazi.info\\\/#\\\/schema\\\/logo\\\/image\\\/\",\"url\":\"https:\\\/\\\/darkamazi.info\\\/darka-content\\\/uploads\\\/2017\\\/12\\\/darka-mazi-logo.png\",\"contentUrl\":\"https:\\\/\\\/darkamazi.info\\\/darka-content\\\/uploads\\\/2017\\\/12\\\/darka-mazi-logo.png\",\"width\":151,\"height\":75,\"caption\":\"Darka Maz\u00ee\"},\"image\":{\"@id\":\"https:\\\/\\\/darkamazi.info\\\/#\\\/schema\\\/logo\\\/image\\\/\"},\"sameAs\":[\"https:\\\/\\\/www.facebook.com\\\/DarMaziKurmanci\",\"https:\\\/\\\/x.com\\\/DarkaMaziLatini\",\"https:\\\/\\\/www.instagram.com\\\/darkamazi.kurmanci\\\/\",\"https:\\\/\\\/www.youtube.com\\\/channel\\\/UCa5HkTdmI8U1qCUFuTw8B2g\"]},{\"@type\":\"Person\",\"@id\":\"https:\\\/\\\/darkamazi.info\\\/#\\\/schema\\\/person\\\/5ad3e24553a0567993fa8ed4bd0a776c\",\"name\":\"darka mazi\",\"sameAs\":[\"https:\\\/\\\/darkamazi.info\\\/\"],\"url\":\"https:\\\/\\\/darkamazi.info\\\/archives\\\/author\\\/kurdi\"}]}<\/script>\n<!-- \/ Yoast SEO plugin. -->","seo_head_json":{"title":"Darka Maz\u00ee belgey\u00ean civ\u00een\u00ean \u201cPYD\u00ea \u00fb \u00eestixbarata rej\u00eema r\u00fbxyay\u00ee ya S\u00fbry\u00ea\u201d parvedike - Darka Maz\u00ee","robots":{"index":"index","follow":"follow","max-snippet":"max-snippet:-1","max-image-preview":"max-image-preview:large","max-video-preview":"max-video-preview:-1"},"canonical":"https:\/\/darkamazi.info\/archives\/1047617","og_locale":"en_US","og_type":"article","og_title":"Darka Maz\u00ee belgey\u00ean civ\u00een\u00ean \u201cPYD\u00ea \u00fb \u00eestixbarata rej\u00eema r\u00fbxyay\u00ee ya S\u00fbry\u00ea\u201d parvedike - Darka Maz\u00ee","og_description":"T\u00eakiliy\u00ean j\u00ear bi j\u00ear y\u00ean PKK\u00ea \u00fb bask\u00ea w\u00ea y\u00ea Rojava PYD\u00ea bi rej\u00eema Be\u015far Esed di 10 sal\u00ean p\u00ea\u015f r\u00fbxyana v\u00ea rej\u00eem\u00ea de her\u00ee xurt b\u00fbb\u00fbn, ev p\u00eawend\u00ee bi tevah\u00ee ji boy parastina ec\u00eanday\u00ean \u00ceran\u00ea \u00fb dewleta S\u00fbry\u00ea dihatin \u00e7\u00eakirin, taybet pi\u015ft\u00ee ku PKKe li sala 2013an bi ferm\u00ee b\u00fbye be\u015fek ji \u201cEniya Berxwedan\u00ea\u201d [&hellip;]","og_url":"https:\/\/darkamazi.info\/archives\/1047617","og_site_name":"Darka Maz\u00ee","article_publisher":"https:\/\/www.facebook.com\/DarMaziKurmanci","article_published_time":"2025-03-19T14:18:05+00:00","og_image":[{"width":900,"height":500,"url":"https:\/\/darkamazi.info\/file\/2025\/03\/PYD-Russia-Iran-Essad-Rajiem-info.jpg","type":"image\/jpeg"}],"author":"darka mazi","twitter_card":"summary_large_image","twitter_creator":"@DarkaMaziLatini","twitter_site":"@DarkaMaziLatini","twitter_misc":{"Written by":"darka mazi","Est. reading time":"3 minutes"},"schema":{"@context":"https:\/\/schema.org","@graph":[{"@type":"Article","@id":"https:\/\/darkamazi.info\/archives\/1047617#article","isPartOf":{"@id":"https:\/\/darkamazi.info\/archives\/1047617"},"author":{"name":"darka mazi","@id":"https:\/\/darkamazi.info\/#\/schema\/person\/5ad3e24553a0567993fa8ed4bd0a776c"},"headline":"Darka Maz\u00ee belgey\u00ean civ\u00een\u00ean \u201cPYD\u00ea \u00fb \u00eestixbarata rej\u00eema r\u00fbxyay\u00ee ya S\u00fbry\u00ea\u201d parvedike","datePublished":"2025-03-19T14:18:05+00:00","mainEntityOfPage":{"@id":"https:\/\/darkamazi.info\/archives\/1047617"},"wordCount":514,"publisher":{"@id":"https:\/\/darkamazi.info\/#organization"},"image":{"@id":"https:\/\/darkamazi.info\/archives\/1047617#primaryimage"},"thumbnailUrl":"https:\/\/darkamazi.info\/file\/2025\/03\/PYD-Russia-Iran-Essad-Rajiem-info.jpg","keywords":["sereke"],"articleSection":["Nih\u00ean\u00ee"],"inLanguage":"en-US"},{"@type":"WebPage","@id":"https:\/\/darkamazi.info\/archives\/1047617","url":"https:\/\/darkamazi.info\/archives\/1047617","name":"Darka Maz\u00ee belgey\u00ean civ\u00een\u00ean \u201cPYD\u00ea \u00fb \u00eestixbarata rej\u00eema r\u00fbxyay\u00ee ya S\u00fbry\u00ea\u201d parvedike - Darka Maz\u00ee","isPartOf":{"@id":"https:\/\/darkamazi.info\/#website"},"primaryImageOfPage":{"@id":"https:\/\/darkamazi.info\/archives\/1047617#primaryimage"},"image":{"@id":"https:\/\/darkamazi.info\/archives\/1047617#primaryimage"},"thumbnailUrl":"https:\/\/darkamazi.info\/file\/2025\/03\/PYD-Russia-Iran-Essad-Rajiem-info.jpg","datePublished":"2025-03-19T14:18:05+00:00","breadcrumb":{"@id":"https:\/\/darkamazi.info\/archives\/1047617#breadcrumb"},"inLanguage":"en-US","potentialAction":[{"@type":"ReadAction","target":["https:\/\/darkamazi.info\/archives\/1047617"]}]},{"@type":"ImageObject","inLanguage":"en-US","@id":"https:\/\/darkamazi.info\/archives\/1047617#primaryimage","url":"https:\/\/darkamazi.info\/file\/2025\/03\/PYD-Russia-Iran-Essad-Rajiem-info.jpg","contentUrl":"https:\/\/darkamazi.info\/file\/2025\/03\/PYD-Russia-Iran-Essad-Rajiem-info.jpg","width":900,"height":500},{"@type":"BreadcrumbList","@id":"https:\/\/darkamazi.info\/archives\/1047617#breadcrumb","itemListElement":[{"@type":"ListItem","position":1,"name":"Home","item":"https:\/\/darkamazi.info\/"},{"@type":"ListItem","position":2,"name":"Darka Maz\u00ee belgey\u00ean civ\u00een\u00ean \u201cPYD\u00ea \u00fb \u00eestixbarata rej\u00eema r\u00fbxyay\u00ee ya S\u00fbry\u00ea\u201d parvedike"}]},{"@type":"WebSite","@id":"https:\/\/darkamazi.info\/#website","url":"https:\/\/darkamazi.info\/","name":"Darka Maz\u00ee","description":"P\u00eageha Zanyariy\u00ean Nebih\u00eest\u00ee","publisher":{"@id":"https:\/\/darkamazi.info\/#organization"},"potentialAction":[{"@type":"SearchAction","target":{"@type":"EntryPoint","urlTemplate":"https:\/\/darkamazi.info\/?s={search_term_string}"},"query-input":{"@type":"PropertyValueSpecification","valueRequired":true,"valueName":"search_term_string"}}],"inLanguage":"en-US"},{"@type":"Organization","@id":"https:\/\/darkamazi.info\/#organization","name":"Darka Maz\u00ee","url":"https:\/\/darkamazi.info\/","logo":{"@type":"ImageObject","inLanguage":"en-US","@id":"https:\/\/darkamazi.info\/#\/schema\/logo\/image\/","url":"https:\/\/darkamazi.info\/file\/2017\/12\/darka-mazi-logo.png","contentUrl":"https:\/\/darkamazi.info\/file\/2017\/12\/darka-mazi-logo.png","width":151,"height":75,"caption":"Darka Maz\u00ee"},"image":{"@id":"https:\/\/darkamazi.info\/#\/schema\/logo\/image\/"},"sameAs":["https:\/\/www.facebook.com\/DarMaziKurmanci","https:\/\/x.com\/DarkaMaziLatini","https:\/\/www.instagram.com\/darkamazi.kurmanci\/","https:\/\/www.youtube.com\/channel\/UCa5HkTdmI8U1qCUFuTw8B2g"]},{"@type":"Person","@id":"https:\/\/darkamazi.info\/#\/schema\/person\/5ad3e24553a0567993fa8ed4bd0a776c","name":"darka mazi","sameAs":["https:\/\/darkamazi.info\/"],"url":"https:\/\/darkamazi.info\/archives\/author\/kurdi"}]}},"_links":{"self":[{"href":"https:\/\/darkamazi.info\/funavuv\/wp\/v2\/posts\/1047617","targetHints":{"allow":["GET"]}}],"collection":[{"href":"https:\/\/darkamazi.info\/funavuv\/wp\/v2\/posts"}],"about":[{"href":"https:\/\/darkamazi.info\/funavuv\/wp\/v2\/types\/post"}],"author":[{"embeddable":true,"href":"https:\/\/darkamazi.info\/funavuv\/wp\/v2\/users\/2"}],"replies":[{"embeddable":true,"href":"https:\/\/darkamazi.info\/funavuv\/wp\/v2\/comments?post=1047617"}],"version-history":[{"count":0,"href":"https:\/\/darkamazi.info\/funavuv\/wp\/v2\/posts\/1047617\/revisions"}],"wp:featuredmedia":[{"embeddable":true,"href":"https:\/\/darkamazi.info\/funavuv\/wp\/v2\/media\/1047620"}],"wp:attachment":[{"href":"https:\/\/darkamazi.info\/funavuv\/wp\/v2\/media?parent=1047617"}],"wp:term":[{"taxonomy":"category","embeddable":true,"href":"https:\/\/darkamazi.info\/funavuv\/wp\/v2\/categories?post=1047617"},{"taxonomy":"post_tag","embeddable":true,"href":"https:\/\/darkamazi.info\/funavuv\/wp\/v2\/tags?post=1047617"}],"curies":[{"name":"wp","href":"https:\/\/api.w.org\/{rel}","templated":true}]}}