{"id":1047629,"date":"2025-03-19T22:07:12","date_gmt":"2025-03-19T19:07:12","guid":{"rendered":"https:\/\/darkamazi.info\/?p=1047629"},"modified":"2025-03-19T22:07:12","modified_gmt":"2025-03-19T19:07:12","slug":"ji-ber-ku-ala-kurdistane-rakir-deme-lepirsin-li-diji-parlementera-xwe-da-destpekirin","status":"publish","type":"post","link":"https:\/\/darkamazi.info\/archives\/1047629","title":{"rendered":"Ji ber ku ala Kurdistan\u00ea rakir, Dem\u00ea l\u00eapirs\u00een li dij\u00ee parlementera xwe da destp\u00eakirin"},"content":{"rendered":"<h3 style=\"text-align: justify\"><span style=\"font-family: 'arial black', sans-serif\">DEM Part\u00ee li gelek bajaran Newroz\u00ea p\u00eeroz dike. L\u00ea Newroz\u00ean DEM\u00ea de Ala Kurdistan\u00ea nay\u00ea bilindkirin \u00fb bi ten\u00ea DEM sembol\u00ean partiya xwe \u00fb car cara weney\u00ean Ocalan radike \u00fb hinek cihan de j\u00ee al\u00ean PKK\u00ea bilind dikin.<\/span><\/h3>\n<h3 style=\"text-align: justify\">\u00cesal DEM\u00ea newroz li \u015eirnex\u00ea j\u00ee p\u00eeroz kir \u00fb Parlementera DEM\u00ea ya \u015eirnex\u00ea Newroz Uysal ket ser\u00ea govend\u00ea \u00fb Ala Kurdistan\u00ea kir dest\u00ea xwe de \u00fb hejand. Ev helwesta Uysal di nava DEM\u00ea de bo sedem\u00ea nexwe\u015fiy\u00ea \u00fb desteya Rveberiya partiy\u00ea di derbar\u00ea Newroz Uysal de l\u00eapirs\u00een da destp\u00eakirin.<\/h3>\n<h3 style=\"text-align: justify\">Dema dewlet bi sedem\u00ea Ala Kurdistan\u00ea l\u00eapirs\u00eenek\u00ee di derbar\u00ea hinek kesan de bike t\u00ea fam kirin. L\u00ea Ya DEM\u00ea? Ev h\u00ea destp\u00eake ..Gerek li dij\u00ea helwesta DEM\u00ea pi\u015fgiriya Uysal b\u00ea kirin\u2026<\/h3>\n","protected":false},"excerpt":{"rendered":"<p>DEM Part\u00ee li gelek bajaran Newroz\u00ea p\u00eeroz dike. L\u00ea Newroz\u00ean DEM\u00ea de Ala Kurdistan\u00ea nay\u00ea bilindkirin \u00fb bi ten\u00ea DEM sembol\u00ean partiya xwe \u00fb car cara weney\u00ean Ocalan radike \u00fb hinek cihan de j\u00ee al\u00ean PKK\u00ea bilind dikin. \u00cesal DEM\u00ea newroz li \u015eirnex\u00ea j\u00ee p\u00eeroz kir \u00fb Parlementera DEM\u00ea ya \u015eirnex\u00ea Newroz Uysal ket ser\u00ea [&hellip;]<\/p>\n","protected":false},"author":2,"featured_media":1047630,"comment_status":"closed","ping_status":"closed","sticky":false,"template":"","format":"standard","meta":{"footnotes":""},"categories":[29],"tags":[37],"class_list":["post-1047629","post","type-post","status-publish","format-standard","has-post-thumbnail","hentry","category-kurdistan","tag-sereke"],"blocksy_meta":[],"seo_head":"<!-- This site is optimized with the Yoast SEO plugin v27.5 - https:\/\/yoast.com\/product\/yoast-seo-wordpress\/ -->\n<title>Ji ber ku ala Kurdistan\u00ea rakir, Dem\u00ea l\u00eapirs\u00een li dij\u00ee parlementera xwe da destp\u00eakirin - Darka Maz\u00ee<\/title>\n<meta name=\"robots\" content=\"index, follow, max-snippet:-1, max-image-preview:large, max-video-preview:-1\" \/>\n<link rel=\"canonical\" href=\"https:\/\/darkamazi.info\/archives\/1047629\" \/>\n<meta property=\"og:locale\" content=\"en_US\" \/>\n<meta property=\"og:type\" content=\"article\" \/>\n<meta property=\"og:title\" content=\"Ji ber ku ala Kurdistan\u00ea rakir, Dem\u00ea l\u00eapirs\u00een li dij\u00ee parlementera xwe da destp\u00eakirin - Darka Maz\u00ee\" \/>\n<meta property=\"og:description\" content=\"DEM Part\u00ee li gelek bajaran Newroz\u00ea p\u00eeroz dike. L\u00ea Newroz\u00ean DEM\u00ea de Ala Kurdistan\u00ea nay\u00ea bilindkirin \u00fb bi ten\u00ea DEM sembol\u00ean partiya xwe \u00fb car cara weney\u00ean Ocalan radike \u00fb hinek cihan de j\u00ee al\u00ean PKK\u00ea bilind dikin. \u00cesal DEM\u00ea newroz li \u015eirnex\u00ea j\u00ee p\u00eeroz kir \u00fb Parlementera DEM\u00ea ya \u015eirnex\u00ea Newroz Uysal ket ser\u00ea [&hellip;]\" \/>\n<meta property=\"og:url\" content=\"https:\/\/darkamazi.info\/archives\/1047629\" \/>\n<meta property=\"og:site_name\" content=\"Darka Maz\u00ee\" \/>\n<meta property=\"article:publisher\" content=\"https:\/\/www.facebook.com\/DarMaziKurmanci\" \/>\n<meta property=\"article:published_time\" content=\"2025-03-19T19:07:12+00:00\" \/>\n<meta property=\"og:image\" content=\"https:\/\/darkamazi.info\/file\/2025\/03\/Newroz-Yusal-Dem-Parti.jpg\" \/>\n\t<meta property=\"og:image:width\" content=\"900\" \/>\n\t<meta property=\"og:image:height\" content=\"497\" \/>\n\t<meta property=\"og:image:type\" content=\"image\/jpeg\" \/>\n<meta name=\"author\" content=\"darka mazi\" \/>\n<meta name=\"twitter:card\" content=\"summary_large_image\" \/>\n<meta name=\"twitter:creator\" content=\"@DarkaMaziLatini\" \/>\n<meta name=\"twitter:site\" content=\"@DarkaMaziLatini\" \/>\n<meta name=\"twitter:label1\" content=\"Written by\" \/>\n\t<meta name=\"twitter:data1\" content=\"darka mazi\" \/>\n\t<meta name=\"twitter:label2\" content=\"Est. reading time\" \/>\n\t<meta name=\"twitter:data2\" content=\"1 minute\" \/>\n<script type=\"application\/ld+json\" class=\"seo-schema-graph\">{\"@context\":\"https:\\\/\\\/schema.org\",\"@graph\":[{\"@type\":\"Article\",\"@id\":\"https:\\\/\\\/darkamazi.info\\\/archives\\\/1047629#article\",\"isPartOf\":{\"@id\":\"https:\\\/\\\/darkamazi.info\\\/archives\\\/1047629\"},\"author\":{\"name\":\"darka mazi\",\"@id\":\"https:\\\/\\\/darkamazi.info\\\/#\\\/schema\\\/person\\\/5ad3e24553a0567993fa8ed4bd0a776c\"},\"headline\":\"Ji ber ku ala Kurdistan\u00ea rakir, Dem\u00ea l\u00eapirs\u00een li dij\u00ee parlementera xwe da destp\u00eakirin\",\"datePublished\":\"2025-03-19T19:07:12+00:00\",\"mainEntityOfPage\":{\"@id\":\"https:\\\/\\\/darkamazi.info\\\/archives\\\/1047629\"},\"wordCount\":142,\"publisher\":{\"@id\":\"https:\\\/\\\/darkamazi.info\\\/#organization\"},\"image\":{\"@id\":\"https:\\\/\\\/darkamazi.info\\\/archives\\\/1047629#primaryimage\"},\"thumbnailUrl\":\"https:\\\/\\\/darkamazi.info\\\/darka-content\\\/uploads\\\/2025\\\/03\\\/Newroz-Yusal-Dem-Parti.jpg\",\"keywords\":[\"sereke\"],\"articleSection\":[\"Kurdistan\"],\"inLanguage\":\"en-US\"},{\"@type\":\"WebPage\",\"@id\":\"https:\\\/\\\/darkamazi.info\\\/archives\\\/1047629\",\"url\":\"https:\\\/\\\/darkamazi.info\\\/archives\\\/1047629\",\"name\":\"Ji ber ku ala Kurdistan\u00ea rakir, Dem\u00ea l\u00eapirs\u00een li dij\u00ee parlementera xwe da destp\u00eakirin - Darka Maz\u00ee\",\"isPartOf\":{\"@id\":\"https:\\\/\\\/darkamazi.info\\\/#website\"},\"primaryImageOfPage\":{\"@id\":\"https:\\\/\\\/darkamazi.info\\\/archives\\\/1047629#primaryimage\"},\"image\":{\"@id\":\"https:\\\/\\\/darkamazi.info\\\/archives\\\/1047629#primaryimage\"},\"thumbnailUrl\":\"https:\\\/\\\/darkamazi.info\\\/darka-content\\\/uploads\\\/2025\\\/03\\\/Newroz-Yusal-Dem-Parti.jpg\",\"datePublished\":\"2025-03-19T19:07:12+00:00\",\"breadcrumb\":{\"@id\":\"https:\\\/\\\/darkamazi.info\\\/archives\\\/1047629#breadcrumb\"},\"inLanguage\":\"en-US\",\"potentialAction\":[{\"@type\":\"ReadAction\",\"target\":[\"https:\\\/\\\/darkamazi.info\\\/archives\\\/1047629\"]}]},{\"@type\":\"ImageObject\",\"inLanguage\":\"en-US\",\"@id\":\"https:\\\/\\\/darkamazi.info\\\/archives\\\/1047629#primaryimage\",\"url\":\"https:\\\/\\\/darkamazi.info\\\/darka-content\\\/uploads\\\/2025\\\/03\\\/Newroz-Yusal-Dem-Parti.jpg\",\"contentUrl\":\"https:\\\/\\\/darkamazi.info\\\/darka-content\\\/uploads\\\/2025\\\/03\\\/Newroz-Yusal-Dem-Parti.jpg\",\"width\":900,\"height\":497,\"caption\":\"Ji ber ku ala Kurdistan\u00ea rakir, Dem\u00ea l\u00eapirs\u00een li dij\u00ee parlementera xwe da destp\u00eakirin\"},{\"@type\":\"BreadcrumbList\",\"@id\":\"https:\\\/\\\/darkamazi.info\\\/archives\\\/1047629#breadcrumb\",\"itemListElement\":[{\"@type\":\"ListItem\",\"position\":1,\"name\":\"Home\",\"item\":\"https:\\\/\\\/darkamazi.info\\\/\"},{\"@type\":\"ListItem\",\"position\":2,\"name\":\"Ji ber ku ala Kurdistan\u00ea rakir, Dem\u00ea l\u00eapirs\u00een li dij\u00ee parlementera xwe da destp\u00eakirin\"}]},{\"@type\":\"WebSite\",\"@id\":\"https:\\\/\\\/darkamazi.info\\\/#website\",\"url\":\"https:\\\/\\\/darkamazi.info\\\/\",\"name\":\"Darka Maz\u00ee\",\"description\":\"P\u00eageha Zanyariy\u00ean Nebih\u00eest\u00ee\",\"publisher\":{\"@id\":\"https:\\\/\\\/darkamazi.info\\\/#organization\"},\"potentialAction\":[{\"@type\":\"SearchAction\",\"target\":{\"@type\":\"EntryPoint\",\"urlTemplate\":\"https:\\\/\\\/darkamazi.info\\\/?s={search_term_string}\"},\"query-input\":{\"@type\":\"PropertyValueSpecification\",\"valueRequired\":true,\"valueName\":\"search_term_string\"}}],\"inLanguage\":\"en-US\"},{\"@type\":\"Organization\",\"@id\":\"https:\\\/\\\/darkamazi.info\\\/#organization\",\"name\":\"Darka Maz\u00ee\",\"url\":\"https:\\\/\\\/darkamazi.info\\\/\",\"logo\":{\"@type\":\"ImageObject\",\"inLanguage\":\"en-US\",\"@id\":\"https:\\\/\\\/darkamazi.info\\\/#\\\/schema\\\/logo\\\/image\\\/\",\"url\":\"https:\\\/\\\/darkamazi.info\\\/darka-content\\\/uploads\\\/2017\\\/12\\\/darka-mazi-logo.png\",\"contentUrl\":\"https:\\\/\\\/darkamazi.info\\\/darka-content\\\/uploads\\\/2017\\\/12\\\/darka-mazi-logo.png\",\"width\":151,\"height\":75,\"caption\":\"Darka Maz\u00ee\"},\"image\":{\"@id\":\"https:\\\/\\\/darkamazi.info\\\/#\\\/schema\\\/logo\\\/image\\\/\"},\"sameAs\":[\"https:\\\/\\\/www.facebook.com\\\/DarMaziKurmanci\",\"https:\\\/\\\/x.com\\\/DarkaMaziLatini\",\"https:\\\/\\\/www.instagram.com\\\/darkamazi.kurmanci\\\/\",\"https:\\\/\\\/www.youtube.com\\\/channel\\\/UCa5HkTdmI8U1qCUFuTw8B2g\"]},{\"@type\":\"Person\",\"@id\":\"https:\\\/\\\/darkamazi.info\\\/#\\\/schema\\\/person\\\/5ad3e24553a0567993fa8ed4bd0a776c\",\"name\":\"darka mazi\",\"sameAs\":[\"https:\\\/\\\/darkamazi.info\\\/\"],\"url\":\"https:\\\/\\\/darkamazi.info\\\/archives\\\/author\\\/kurdi\"}]}<\/script>\n<!-- \/ Yoast SEO plugin. -->","seo_head_json":{"title":"Ji ber ku ala Kurdistan\u00ea rakir, Dem\u00ea l\u00eapirs\u00een li dij\u00ee parlementera xwe da destp\u00eakirin - Darka Maz\u00ee","robots":{"index":"index","follow":"follow","max-snippet":"max-snippet:-1","max-image-preview":"max-image-preview:large","max-video-preview":"max-video-preview:-1"},"canonical":"https:\/\/darkamazi.info\/archives\/1047629","og_locale":"en_US","og_type":"article","og_title":"Ji ber ku ala Kurdistan\u00ea rakir, Dem\u00ea l\u00eapirs\u00een li dij\u00ee parlementera xwe da destp\u00eakirin - Darka Maz\u00ee","og_description":"DEM Part\u00ee li gelek bajaran Newroz\u00ea p\u00eeroz dike. L\u00ea Newroz\u00ean DEM\u00ea de Ala Kurdistan\u00ea nay\u00ea bilindkirin \u00fb bi ten\u00ea DEM sembol\u00ean partiya xwe \u00fb car cara weney\u00ean Ocalan radike \u00fb hinek cihan de j\u00ee al\u00ean PKK\u00ea bilind dikin. \u00cesal DEM\u00ea newroz li \u015eirnex\u00ea j\u00ee p\u00eeroz kir \u00fb Parlementera DEM\u00ea ya \u015eirnex\u00ea Newroz Uysal ket ser\u00ea [&hellip;]","og_url":"https:\/\/darkamazi.info\/archives\/1047629","og_site_name":"Darka Maz\u00ee","article_publisher":"https:\/\/www.facebook.com\/DarMaziKurmanci","article_published_time":"2025-03-19T19:07:12+00:00","og_image":[{"width":900,"height":497,"url":"https:\/\/darkamazi.info\/file\/2025\/03\/Newroz-Yusal-Dem-Parti.jpg","type":"image\/jpeg"}],"author":"darka mazi","twitter_card":"summary_large_image","twitter_creator":"@DarkaMaziLatini","twitter_site":"@DarkaMaziLatini","twitter_misc":{"Written by":"darka mazi","Est. reading time":"1 minute"},"schema":{"@context":"https:\/\/schema.org","@graph":[{"@type":"Article","@id":"https:\/\/darkamazi.info\/archives\/1047629#article","isPartOf":{"@id":"https:\/\/darkamazi.info\/archives\/1047629"},"author":{"name":"darka mazi","@id":"https:\/\/darkamazi.info\/#\/schema\/person\/5ad3e24553a0567993fa8ed4bd0a776c"},"headline":"Ji ber ku ala Kurdistan\u00ea rakir, Dem\u00ea l\u00eapirs\u00een li dij\u00ee parlementera xwe da destp\u00eakirin","datePublished":"2025-03-19T19:07:12+00:00","mainEntityOfPage":{"@id":"https:\/\/darkamazi.info\/archives\/1047629"},"wordCount":142,"publisher":{"@id":"https:\/\/darkamazi.info\/#organization"},"image":{"@id":"https:\/\/darkamazi.info\/archives\/1047629#primaryimage"},"thumbnailUrl":"https:\/\/darkamazi.info\/file\/2025\/03\/Newroz-Yusal-Dem-Parti.jpg","keywords":["sereke"],"articleSection":["Kurdistan"],"inLanguage":"en-US"},{"@type":"WebPage","@id":"https:\/\/darkamazi.info\/archives\/1047629","url":"https:\/\/darkamazi.info\/archives\/1047629","name":"Ji ber ku ala Kurdistan\u00ea rakir, Dem\u00ea l\u00eapirs\u00een li dij\u00ee parlementera xwe da destp\u00eakirin - Darka Maz\u00ee","isPartOf":{"@id":"https:\/\/darkamazi.info\/#website"},"primaryImageOfPage":{"@id":"https:\/\/darkamazi.info\/archives\/1047629#primaryimage"},"image":{"@id":"https:\/\/darkamazi.info\/archives\/1047629#primaryimage"},"thumbnailUrl":"https:\/\/darkamazi.info\/file\/2025\/03\/Newroz-Yusal-Dem-Parti.jpg","datePublished":"2025-03-19T19:07:12+00:00","breadcrumb":{"@id":"https:\/\/darkamazi.info\/archives\/1047629#breadcrumb"},"inLanguage":"en-US","potentialAction":[{"@type":"ReadAction","target":["https:\/\/darkamazi.info\/archives\/1047629"]}]},{"@type":"ImageObject","inLanguage":"en-US","@id":"https:\/\/darkamazi.info\/archives\/1047629#primaryimage","url":"https:\/\/darkamazi.info\/file\/2025\/03\/Newroz-Yusal-Dem-Parti.jpg","contentUrl":"https:\/\/darkamazi.info\/file\/2025\/03\/Newroz-Yusal-Dem-Parti.jpg","width":900,"height":497,"caption":"Ji ber ku ala Kurdistan\u00ea rakir, Dem\u00ea l\u00eapirs\u00een li dij\u00ee parlementera xwe da destp\u00eakirin"},{"@type":"BreadcrumbList","@id":"https:\/\/darkamazi.info\/archives\/1047629#breadcrumb","itemListElement":[{"@type":"ListItem","position":1,"name":"Home","item":"https:\/\/darkamazi.info\/"},{"@type":"ListItem","position":2,"name":"Ji ber ku ala Kurdistan\u00ea rakir, Dem\u00ea l\u00eapirs\u00een li dij\u00ee parlementera xwe da destp\u00eakirin"}]},{"@type":"WebSite","@id":"https:\/\/darkamazi.info\/#website","url":"https:\/\/darkamazi.info\/","name":"Darka Maz\u00ee","description":"P\u00eageha Zanyariy\u00ean Nebih\u00eest\u00ee","publisher":{"@id":"https:\/\/darkamazi.info\/#organization"},"potentialAction":[{"@type":"SearchAction","target":{"@type":"EntryPoint","urlTemplate":"https:\/\/darkamazi.info\/?s={search_term_string}"},"query-input":{"@type":"PropertyValueSpecification","valueRequired":true,"valueName":"search_term_string"}}],"inLanguage":"en-US"},{"@type":"Organization","@id":"https:\/\/darkamazi.info\/#organization","name":"Darka Maz\u00ee","url":"https:\/\/darkamazi.info\/","logo":{"@type":"ImageObject","inLanguage":"en-US","@id":"https:\/\/darkamazi.info\/#\/schema\/logo\/image\/","url":"https:\/\/darkamazi.info\/file\/2017\/12\/darka-mazi-logo.png","contentUrl":"https:\/\/darkamazi.info\/file\/2017\/12\/darka-mazi-logo.png","width":151,"height":75,"caption":"Darka Maz\u00ee"},"image":{"@id":"https:\/\/darkamazi.info\/#\/schema\/logo\/image\/"},"sameAs":["https:\/\/www.facebook.com\/DarMaziKurmanci","https:\/\/x.com\/DarkaMaziLatini","https:\/\/www.instagram.com\/darkamazi.kurmanci\/","https:\/\/www.youtube.com\/channel\/UCa5HkTdmI8U1qCUFuTw8B2g"]},{"@type":"Person","@id":"https:\/\/darkamazi.info\/#\/schema\/person\/5ad3e24553a0567993fa8ed4bd0a776c","name":"darka mazi","sameAs":["https:\/\/darkamazi.info\/"],"url":"https:\/\/darkamazi.info\/archives\/author\/kurdi"}]}},"_links":{"self":[{"href":"https:\/\/darkamazi.info\/funavuv\/wp\/v2\/posts\/1047629","targetHints":{"allow":["GET"]}}],"collection":[{"href":"https:\/\/darkamazi.info\/funavuv\/wp\/v2\/posts"}],"about":[{"href":"https:\/\/darkamazi.info\/funavuv\/wp\/v2\/types\/post"}],"author":[{"embeddable":true,"href":"https:\/\/darkamazi.info\/funavuv\/wp\/v2\/users\/2"}],"replies":[{"embeddable":true,"href":"https:\/\/darkamazi.info\/funavuv\/wp\/v2\/comments?post=1047629"}],"version-history":[{"count":0,"href":"https:\/\/darkamazi.info\/funavuv\/wp\/v2\/posts\/1047629\/revisions"}],"wp:featuredmedia":[{"embeddable":true,"href":"https:\/\/darkamazi.info\/funavuv\/wp\/v2\/media\/1047630"}],"wp:attachment":[{"href":"https:\/\/darkamazi.info\/funavuv\/wp\/v2\/media?parent=1047629"}],"wp:term":[{"taxonomy":"category","embeddable":true,"href":"https:\/\/darkamazi.info\/funavuv\/wp\/v2\/categories?post=1047629"},{"taxonomy":"post_tag","embeddable":true,"href":"https:\/\/darkamazi.info\/funavuv\/wp\/v2\/tags?post=1047629"}],"curies":[{"name":"wp","href":"https:\/\/api.w.org\/{rel}","templated":true}]}}