{"id":1047676,"date":"2025-03-26T11:40:37","date_gmt":"2025-03-26T08:40:37","guid":{"rendered":"https:\/\/darkamazi.info\/?p=1047676"},"modified":"2025-03-26T11:40:37","modified_gmt":"2025-03-26T08:40:37","slug":"resul-sultani-pkke-li-vancouvere-newroz-li-kurdan-tekda","status":"publish","type":"post","link":"https:\/\/darkamazi.info\/archives\/1047676","title":{"rendered":"Res\u00fbl Sultan\u00ee: PKK\u00ea li Vancouver\u00ea Newroz li kurdan t\u00eakda"},"content":{"rendered":"<h3 style=\"text-align: justify\"><span style=\"font-family: 'arial black', sans-serif\">Niv\u00eeskar \u00fb \u00e7alakvan\u00ea siyas\u00ee Res\u00fbl Sultan\u00ea di gotarek\u00ee xwe ya derbar\u00ea p\u00eerozbahiy\u00ean Newroza kurdan a li Vancouver\u00ea de niv\u00eesand: \u2018\u2019Dema ez gehe\u015ftim qada Newroz\u00ea, \u00e7adira Apociyan min d\u00eet \u00fb 50 \u2013 60 cure ala \u00fb w\u00eaney\u00ean Kak Ebdula Ocalan li ser heb\u00fbn. Di dema p\u00eaxistina agir de ew desteya ber\u00ea hatib\u00fb r\u00eaxistinkirin, r\u00fby\u00ea xwe p\u00ea\u00e7ab\u00fbn ku ney\u00ean naskirin \u00fb hem\u00fbyan li gel yek alay\u00ean xwe bilind kirin \u00fb bi dir\u00fb\u015fm\u00ean \u2018\u2019Bij\u00ee Serok Apo\u2019\u2019 hatin \u00fb dora agir girtin \u00fb Newroz kirin Newroza PKK\u00ea.<\/span><\/h3>\n<h3 style=\"text-align: justify\">Herwaha dib\u00eaje: \u2018\u2019Yek du kesan li hember reftar\u00ean PKK\u00ea neraz\u00eeb\u00fbn n\u00ee\u015fan da, l\u00ea wan \u00ear\u00ee\u015f kir \u00fb li gor l\u00eakol\u00eenan hevalan k\u00ear j\u00ee li wan k\u00ea\u015fan.\u2019\u2019<\/h3>\n<h3 style=\"text-align: justify\">Res\u00fbl Sultan\u00ee di gotara xwe ya li ser medya civak\u00ee facebook\u00ea de belavkir\u00ee de got: \u2018\u2019Li gor ezm\u00fbn\u00ean Newroz\u00ea y\u00ean me y\u00ean ber\u00ea, me dizan\u00ee d\u00eesa d\u00ea birader\u00ean Apo\u00e7\u00ee hewl bidin Newroz\u00ea bikin Newroza PKK\u00ea. L\u00ea kurd\u00ean li Ewrupa jiyan dikin wek her c\u00eeheke din ser bi fikir \u00fb part\u00ee \u00fb r\u00eay\u00ean cuda ne. ji bo w\u00ea j\u00ee 6 meh ber\u00ee naha berdewam li gel r\u00eaxistina mala kurd em r\u00fbni\u015ftini \u00fb me got: Div\u00ea Newroza \u00eesal Newroza netew\u00ee be \u00fb ti h\u00eama \u00fb n\u00ee\u015faney\u00ean partiyan t\u00eade nebin.\u2019\u2019<\/h3>\n<h3 style=\"text-align: justify\">Herwaha diyar kir: \u2018\u2019Ew li gel mala kurdan r\u00eakeftine, ala Kurdistan\u00ea \u00fb ala kantona rojava ya PKK\u00ea em d\u00ea daynin \u00fb hatiye qeb\u00fbl kirin. L\u00ea ez agahdar\u00ea hin r\u00eaxistin \u00fb tevgeran b\u00fbm \u00fb 2-3 car\u00ean din j\u00ee min dubare kir nabe reng\u00ea ti partiyek\u00ee di Newroz\u00ea de diyar be. Gotin li gel berpirs\u00ean hem\u00fb partiyan hatiye axaftin \u00fb qeb\u00fbl kirine. Min got li gel Apo\u00e7iyan j\u00ee we axaftiye? Gotin bel\u00ea.\u2019\u2019<\/h3>\n<h3 style=\"text-align: justify\">Res\u00fbl Sultan\u00ee dib\u00eaje: Mala kurdan daxwaz ji min kirin peyama Newroz\u00ea binivs\u00eenim, min got ez d\u00ea peyamek\u00ee binivs\u00eenim li gel behsa Newroz\u00ea, bal bik\u015f\u00eenim ser her \u00e7ar par\u00e7ey\u00ean Kurdistan\u00ea \u00fb b\u00fbyeran. Min niv\u00eesand, berpirs\u00ea mala kurd ba\u015f d\u00eet ku ez bixw\u00eenim \u00fb min j\u00ee got ba\u015fe.\u2019\u2019<\/h3>\n<h3 style=\"text-align: justify\">Sultan\u00ee got: \u2018\u2019Roja ber\u00ee Newroz\u00ea ji min re gotin daxwaz hatiye kirin endam\u00ean partiyan p\u00ea\u015fke\u015fkar nebin.!\u2019\u2019<\/h3>\n<h3 style=\"text-align: justify\">Di be\u015fek\u00ee din a gotara xwe de Sultan\u00ee diyar kir: \u2018\u2019Roja cejn\u00ea dema ez gehe\u015ftim qada Newroz\u00ea, min \u00e7adira Apo\u00e7iyan d\u00eet, 50-60 cure ala \u00fb w\u00eaney\u00ean Ebdula Ocalan li ser b\u00fb. Di dema agir p\u00eaxistin\u00ea de, ew desteya ber\u00ea hatib\u00fb r\u00eaxistin kirin, r\u00fby\u00ea xwe p\u00ea\u00e7ab\u00fbn ku ney\u00ean naskirin \u00fb li gel yek hem\u00fb ew alayane rakirin \u00fb bi dir\u00fb\u015fm\u00ean \u2018\u2019Bij\u00ee Serok Apo\u2019\u2019 hatin \u00fb dora agir girtin. \u00cad\u00ee Newroz kirin Newroza PKK\u00ea. Yek du kes\u00ean ku neraz\u00eeb\u00fbn n\u00ee\u015fandan, \u00ear\u00ee\u015f\u00ee wan kirin \u00fb li gor l\u00eakol\u00eenan hevalan k\u00ear j\u00ee li wan k\u00ea\u015fane.\u2019\u2019<\/h3>\n<h3 style=\"text-align: justify\">Res\u00fbl Sultan\u00ee dib\u00eaje: \u2018\u2019Naha kes\u00ean maq\u00fbl \u00ean PKK\u00ea li Vancouver dib\u00eajin ew ne ser bi me b\u00fbn. Dibe ku wisa j\u00ee be, l\u00ea heta w\u00ea dema nasnameya wan a\u015fkera nekin \u00fb bi daxuyaniyek\u00ee ferm\u00ee PKK, w\u00ea ranegeh\u00eene, ew hem li ser PKK\u00ea mal in, hem j\u00ee div\u00ea pi\u015ftrastbin bi fermana jor ve hatine r\u00eaxistin kirin.\u2019\u2019<\/h3>\n","protected":false},"excerpt":{"rendered":"<p>Niv\u00eeskar \u00fb \u00e7alakvan\u00ea siyas\u00ee Res\u00fbl Sultan\u00ea di gotarek\u00ee xwe ya derbar\u00ea p\u00eerozbahiy\u00ean Newroza kurdan a li Vancouver\u00ea de niv\u00eesand: \u2018\u2019Dema ez gehe\u015ftim qada Newroz\u00ea, \u00e7adira Apociyan min d\u00eet \u00fb 50 \u2013 60 cure ala \u00fb w\u00eaney\u00ean Kak Ebdula Ocalan li ser heb\u00fbn. Di dema p\u00eaxistina agir de ew desteya ber\u00ea hatib\u00fb r\u00eaxistinkirin, r\u00fby\u00ea xwe p\u00ea\u00e7ab\u00fbn [&hellip;]<\/p>\n","protected":false},"author":2,"featured_media":1047677,"comment_status":"closed","ping_status":"closed","sticky":false,"template":"","format":"standard","meta":{"footnotes":""},"categories":[29],"tags":[37],"class_list":["post-1047676","post","type-post","status-publish","format-standard","has-post-thumbnail","hentry","category-kurdistan","tag-sereke"],"blocksy_meta":[],"seo_head":"<!-- This site is optimized with the Yoast SEO plugin v27.5 - https:\/\/yoast.com\/product\/yoast-seo-wordpress\/ -->\n<title>Res\u00fbl Sultan\u00ee: PKK\u00ea li Vancouver\u00ea Newroz li kurdan t\u00eakda - Darka Maz\u00ee<\/title>\n<meta name=\"robots\" content=\"index, follow, max-snippet:-1, max-image-preview:large, max-video-preview:-1\" \/>\n<link rel=\"canonical\" href=\"https:\/\/darkamazi.info\/archives\/1047676\" \/>\n<meta property=\"og:locale\" content=\"en_US\" \/>\n<meta property=\"og:type\" content=\"article\" \/>\n<meta property=\"og:title\" content=\"Res\u00fbl Sultan\u00ee: PKK\u00ea li Vancouver\u00ea Newroz li kurdan t\u00eakda - Darka Maz\u00ee\" \/>\n<meta property=\"og:description\" content=\"Niv\u00eeskar \u00fb \u00e7alakvan\u00ea siyas\u00ee Res\u00fbl Sultan\u00ea di gotarek\u00ee xwe ya derbar\u00ea p\u00eerozbahiy\u00ean Newroza kurdan a li Vancouver\u00ea de niv\u00eesand: \u2018\u2019Dema ez gehe\u015ftim qada Newroz\u00ea, \u00e7adira Apociyan min d\u00eet \u00fb 50 \u2013 60 cure ala \u00fb w\u00eaney\u00ean Kak Ebdula Ocalan li ser heb\u00fbn. Di dema p\u00eaxistina agir de ew desteya ber\u00ea hatib\u00fb r\u00eaxistinkirin, r\u00fby\u00ea xwe p\u00ea\u00e7ab\u00fbn [&hellip;]\" \/>\n<meta property=\"og:url\" content=\"https:\/\/darkamazi.info\/archives\/1047676\" \/>\n<meta property=\"og:site_name\" content=\"Darka Maz\u00ee\" \/>\n<meta property=\"article:publisher\" content=\"https:\/\/www.facebook.com\/DarMaziKurmanci\" \/>\n<meta property=\"article:published_time\" content=\"2025-03-26T08:40:37+00:00\" \/>\n<meta property=\"og:image\" content=\"https:\/\/darkamazi.info\/file\/2025\/03\/resul-sultani.jpg\" \/>\n\t<meta property=\"og:image:width\" content=\"900\" \/>\n\t<meta property=\"og:image:height\" content=\"497\" \/>\n\t<meta property=\"og:image:type\" content=\"image\/jpeg\" \/>\n<meta name=\"author\" content=\"darka mazi\" \/>\n<meta name=\"twitter:card\" content=\"summary_large_image\" \/>\n<meta name=\"twitter:creator\" content=\"@DarkaMaziLatini\" \/>\n<meta name=\"twitter:site\" content=\"@DarkaMaziLatini\" \/>\n<meta name=\"twitter:label1\" content=\"Written by\" \/>\n\t<meta name=\"twitter:data1\" content=\"darka mazi\" \/>\n\t<meta name=\"twitter:label2\" content=\"Est. reading time\" \/>\n\t<meta name=\"twitter:data2\" content=\"3 minutes\" \/>\n<script type=\"application\/ld+json\" class=\"seo-schema-graph\">{\"@context\":\"https:\\\/\\\/schema.org\",\"@graph\":[{\"@type\":\"Article\",\"@id\":\"https:\\\/\\\/darkamazi.info\\\/archives\\\/1047676#article\",\"isPartOf\":{\"@id\":\"https:\\\/\\\/darkamazi.info\\\/archives\\\/1047676\"},\"author\":{\"name\":\"darka mazi\",\"@id\":\"https:\\\/\\\/darkamazi.info\\\/#\\\/schema\\\/person\\\/5ad3e24553a0567993fa8ed4bd0a776c\"},\"headline\":\"Res\u00fbl Sultan\u00ee: PKK\u00ea li Vancouver\u00ea Newroz li kurdan t\u00eakda\",\"datePublished\":\"2025-03-26T08:40:37+00:00\",\"mainEntityOfPage\":{\"@id\":\"https:\\\/\\\/darkamazi.info\\\/archives\\\/1047676\"},\"wordCount\":557,\"publisher\":{\"@id\":\"https:\\\/\\\/darkamazi.info\\\/#organization\"},\"image\":{\"@id\":\"https:\\\/\\\/darkamazi.info\\\/archives\\\/1047676#primaryimage\"},\"thumbnailUrl\":\"https:\\\/\\\/darkamazi.info\\\/darka-content\\\/uploads\\\/2025\\\/03\\\/resul-sultani.jpg\",\"keywords\":[\"sereke\"],\"articleSection\":[\"Kurdistan\"],\"inLanguage\":\"en-US\"},{\"@type\":\"WebPage\",\"@id\":\"https:\\\/\\\/darkamazi.info\\\/archives\\\/1047676\",\"url\":\"https:\\\/\\\/darkamazi.info\\\/archives\\\/1047676\",\"name\":\"Res\u00fbl Sultan\u00ee: PKK\u00ea li Vancouver\u00ea Newroz li kurdan t\u00eakda - Darka Maz\u00ee\",\"isPartOf\":{\"@id\":\"https:\\\/\\\/darkamazi.info\\\/#website\"},\"primaryImageOfPage\":{\"@id\":\"https:\\\/\\\/darkamazi.info\\\/archives\\\/1047676#primaryimage\"},\"image\":{\"@id\":\"https:\\\/\\\/darkamazi.info\\\/archives\\\/1047676#primaryimage\"},\"thumbnailUrl\":\"https:\\\/\\\/darkamazi.info\\\/darka-content\\\/uploads\\\/2025\\\/03\\\/resul-sultani.jpg\",\"datePublished\":\"2025-03-26T08:40:37+00:00\",\"breadcrumb\":{\"@id\":\"https:\\\/\\\/darkamazi.info\\\/archives\\\/1047676#breadcrumb\"},\"inLanguage\":\"en-US\",\"potentialAction\":[{\"@type\":\"ReadAction\",\"target\":[\"https:\\\/\\\/darkamazi.info\\\/archives\\\/1047676\"]}]},{\"@type\":\"ImageObject\",\"inLanguage\":\"en-US\",\"@id\":\"https:\\\/\\\/darkamazi.info\\\/archives\\\/1047676#primaryimage\",\"url\":\"https:\\\/\\\/darkamazi.info\\\/darka-content\\\/uploads\\\/2025\\\/03\\\/resul-sultani.jpg\",\"contentUrl\":\"https:\\\/\\\/darkamazi.info\\\/darka-content\\\/uploads\\\/2025\\\/03\\\/resul-sultani.jpg\",\"width\":900,\"height\":497,\"caption\":\"Res\u00fbl Sultan\u00ee: PKK\u00ea li Vancouver\u00ea Newroz li kurdan t\u00eakda\"},{\"@type\":\"BreadcrumbList\",\"@id\":\"https:\\\/\\\/darkamazi.info\\\/archives\\\/1047676#breadcrumb\",\"itemListElement\":[{\"@type\":\"ListItem\",\"position\":1,\"name\":\"Home\",\"item\":\"https:\\\/\\\/darkamazi.info\\\/\"},{\"@type\":\"ListItem\",\"position\":2,\"name\":\"Res\u00fbl Sultan\u00ee: PKK\u00ea li Vancouver\u00ea Newroz li kurdan t\u00eakda\"}]},{\"@type\":\"WebSite\",\"@id\":\"https:\\\/\\\/darkamazi.info\\\/#website\",\"url\":\"https:\\\/\\\/darkamazi.info\\\/\",\"name\":\"Darka Maz\u00ee\",\"description\":\"P\u00eageha Zanyariy\u00ean Nebih\u00eest\u00ee\",\"publisher\":{\"@id\":\"https:\\\/\\\/darkamazi.info\\\/#organization\"},\"potentialAction\":[{\"@type\":\"SearchAction\",\"target\":{\"@type\":\"EntryPoint\",\"urlTemplate\":\"https:\\\/\\\/darkamazi.info\\\/?s={search_term_string}\"},\"query-input\":{\"@type\":\"PropertyValueSpecification\",\"valueRequired\":true,\"valueName\":\"search_term_string\"}}],\"inLanguage\":\"en-US\"},{\"@type\":\"Organization\",\"@id\":\"https:\\\/\\\/darkamazi.info\\\/#organization\",\"name\":\"Darka Maz\u00ee\",\"url\":\"https:\\\/\\\/darkamazi.info\\\/\",\"logo\":{\"@type\":\"ImageObject\",\"inLanguage\":\"en-US\",\"@id\":\"https:\\\/\\\/darkamazi.info\\\/#\\\/schema\\\/logo\\\/image\\\/\",\"url\":\"https:\\\/\\\/darkamazi.info\\\/darka-content\\\/uploads\\\/2017\\\/12\\\/darka-mazi-logo.png\",\"contentUrl\":\"https:\\\/\\\/darkamazi.info\\\/darka-content\\\/uploads\\\/2017\\\/12\\\/darka-mazi-logo.png\",\"width\":151,\"height\":75,\"caption\":\"Darka Maz\u00ee\"},\"image\":{\"@id\":\"https:\\\/\\\/darkamazi.info\\\/#\\\/schema\\\/logo\\\/image\\\/\"},\"sameAs\":[\"https:\\\/\\\/www.facebook.com\\\/DarMaziKurmanci\",\"https:\\\/\\\/x.com\\\/DarkaMaziLatini\",\"https:\\\/\\\/www.instagram.com\\\/darkamazi.kurmanci\\\/\",\"https:\\\/\\\/www.youtube.com\\\/channel\\\/UCa5HkTdmI8U1qCUFuTw8B2g\"]},{\"@type\":\"Person\",\"@id\":\"https:\\\/\\\/darkamazi.info\\\/#\\\/schema\\\/person\\\/5ad3e24553a0567993fa8ed4bd0a776c\",\"name\":\"darka mazi\",\"sameAs\":[\"https:\\\/\\\/darkamazi.info\\\/\"],\"url\":\"https:\\\/\\\/darkamazi.info\\\/archives\\\/author\\\/kurdi\"}]}<\/script>\n<!-- \/ Yoast SEO plugin. -->","seo_head_json":{"title":"Res\u00fbl Sultan\u00ee: PKK\u00ea li Vancouver\u00ea Newroz li kurdan t\u00eakda - Darka Maz\u00ee","robots":{"index":"index","follow":"follow","max-snippet":"max-snippet:-1","max-image-preview":"max-image-preview:large","max-video-preview":"max-video-preview:-1"},"canonical":"https:\/\/darkamazi.info\/archives\/1047676","og_locale":"en_US","og_type":"article","og_title":"Res\u00fbl Sultan\u00ee: PKK\u00ea li Vancouver\u00ea Newroz li kurdan t\u00eakda - Darka Maz\u00ee","og_description":"Niv\u00eeskar \u00fb \u00e7alakvan\u00ea siyas\u00ee Res\u00fbl Sultan\u00ea di gotarek\u00ee xwe ya derbar\u00ea p\u00eerozbahiy\u00ean Newroza kurdan a li Vancouver\u00ea de niv\u00eesand: \u2018\u2019Dema ez gehe\u015ftim qada Newroz\u00ea, \u00e7adira Apociyan min d\u00eet \u00fb 50 \u2013 60 cure ala \u00fb w\u00eaney\u00ean Kak Ebdula Ocalan li ser heb\u00fbn. Di dema p\u00eaxistina agir de ew desteya ber\u00ea hatib\u00fb r\u00eaxistinkirin, r\u00fby\u00ea xwe p\u00ea\u00e7ab\u00fbn [&hellip;]","og_url":"https:\/\/darkamazi.info\/archives\/1047676","og_site_name":"Darka Maz\u00ee","article_publisher":"https:\/\/www.facebook.com\/DarMaziKurmanci","article_published_time":"2025-03-26T08:40:37+00:00","og_image":[{"width":900,"height":497,"url":"https:\/\/darkamazi.info\/file\/2025\/03\/resul-sultani.jpg","type":"image\/jpeg"}],"author":"darka mazi","twitter_card":"summary_large_image","twitter_creator":"@DarkaMaziLatini","twitter_site":"@DarkaMaziLatini","twitter_misc":{"Written by":"darka mazi","Est. reading time":"3 minutes"},"schema":{"@context":"https:\/\/schema.org","@graph":[{"@type":"Article","@id":"https:\/\/darkamazi.info\/archives\/1047676#article","isPartOf":{"@id":"https:\/\/darkamazi.info\/archives\/1047676"},"author":{"name":"darka mazi","@id":"https:\/\/darkamazi.info\/#\/schema\/person\/5ad3e24553a0567993fa8ed4bd0a776c"},"headline":"Res\u00fbl Sultan\u00ee: PKK\u00ea li Vancouver\u00ea Newroz li kurdan t\u00eakda","datePublished":"2025-03-26T08:40:37+00:00","mainEntityOfPage":{"@id":"https:\/\/darkamazi.info\/archives\/1047676"},"wordCount":557,"publisher":{"@id":"https:\/\/darkamazi.info\/#organization"},"image":{"@id":"https:\/\/darkamazi.info\/archives\/1047676#primaryimage"},"thumbnailUrl":"https:\/\/darkamazi.info\/file\/2025\/03\/resul-sultani.jpg","keywords":["sereke"],"articleSection":["Kurdistan"],"inLanguage":"en-US"},{"@type":"WebPage","@id":"https:\/\/darkamazi.info\/archives\/1047676","url":"https:\/\/darkamazi.info\/archives\/1047676","name":"Res\u00fbl Sultan\u00ee: PKK\u00ea li Vancouver\u00ea Newroz li kurdan t\u00eakda - Darka Maz\u00ee","isPartOf":{"@id":"https:\/\/darkamazi.info\/#website"},"primaryImageOfPage":{"@id":"https:\/\/darkamazi.info\/archives\/1047676#primaryimage"},"image":{"@id":"https:\/\/darkamazi.info\/archives\/1047676#primaryimage"},"thumbnailUrl":"https:\/\/darkamazi.info\/file\/2025\/03\/resul-sultani.jpg","datePublished":"2025-03-26T08:40:37+00:00","breadcrumb":{"@id":"https:\/\/darkamazi.info\/archives\/1047676#breadcrumb"},"inLanguage":"en-US","potentialAction":[{"@type":"ReadAction","target":["https:\/\/darkamazi.info\/archives\/1047676"]}]},{"@type":"ImageObject","inLanguage":"en-US","@id":"https:\/\/darkamazi.info\/archives\/1047676#primaryimage","url":"https:\/\/darkamazi.info\/file\/2025\/03\/resul-sultani.jpg","contentUrl":"https:\/\/darkamazi.info\/file\/2025\/03\/resul-sultani.jpg","width":900,"height":497,"caption":"Res\u00fbl Sultan\u00ee: PKK\u00ea li Vancouver\u00ea Newroz li kurdan t\u00eakda"},{"@type":"BreadcrumbList","@id":"https:\/\/darkamazi.info\/archives\/1047676#breadcrumb","itemListElement":[{"@type":"ListItem","position":1,"name":"Home","item":"https:\/\/darkamazi.info\/"},{"@type":"ListItem","position":2,"name":"Res\u00fbl Sultan\u00ee: PKK\u00ea li Vancouver\u00ea Newroz li kurdan t\u00eakda"}]},{"@type":"WebSite","@id":"https:\/\/darkamazi.info\/#website","url":"https:\/\/darkamazi.info\/","name":"Darka Maz\u00ee","description":"P\u00eageha Zanyariy\u00ean Nebih\u00eest\u00ee","publisher":{"@id":"https:\/\/darkamazi.info\/#organization"},"potentialAction":[{"@type":"SearchAction","target":{"@type":"EntryPoint","urlTemplate":"https:\/\/darkamazi.info\/?s={search_term_string}"},"query-input":{"@type":"PropertyValueSpecification","valueRequired":true,"valueName":"search_term_string"}}],"inLanguage":"en-US"},{"@type":"Organization","@id":"https:\/\/darkamazi.info\/#organization","name":"Darka Maz\u00ee","url":"https:\/\/darkamazi.info\/","logo":{"@type":"ImageObject","inLanguage":"en-US","@id":"https:\/\/darkamazi.info\/#\/schema\/logo\/image\/","url":"https:\/\/darkamazi.info\/file\/2017\/12\/darka-mazi-logo.png","contentUrl":"https:\/\/darkamazi.info\/file\/2017\/12\/darka-mazi-logo.png","width":151,"height":75,"caption":"Darka Maz\u00ee"},"image":{"@id":"https:\/\/darkamazi.info\/#\/schema\/logo\/image\/"},"sameAs":["https:\/\/www.facebook.com\/DarMaziKurmanci","https:\/\/x.com\/DarkaMaziLatini","https:\/\/www.instagram.com\/darkamazi.kurmanci\/","https:\/\/www.youtube.com\/channel\/UCa5HkTdmI8U1qCUFuTw8B2g"]},{"@type":"Person","@id":"https:\/\/darkamazi.info\/#\/schema\/person\/5ad3e24553a0567993fa8ed4bd0a776c","name":"darka mazi","sameAs":["https:\/\/darkamazi.info\/"],"url":"https:\/\/darkamazi.info\/archives\/author\/kurdi"}]}},"_links":{"self":[{"href":"https:\/\/darkamazi.info\/funavuv\/wp\/v2\/posts\/1047676","targetHints":{"allow":["GET"]}}],"collection":[{"href":"https:\/\/darkamazi.info\/funavuv\/wp\/v2\/posts"}],"about":[{"href":"https:\/\/darkamazi.info\/funavuv\/wp\/v2\/types\/post"}],"author":[{"embeddable":true,"href":"https:\/\/darkamazi.info\/funavuv\/wp\/v2\/users\/2"}],"replies":[{"embeddable":true,"href":"https:\/\/darkamazi.info\/funavuv\/wp\/v2\/comments?post=1047676"}],"version-history":[{"count":0,"href":"https:\/\/darkamazi.info\/funavuv\/wp\/v2\/posts\/1047676\/revisions"}],"wp:featuredmedia":[{"embeddable":true,"href":"https:\/\/darkamazi.info\/funavuv\/wp\/v2\/media\/1047677"}],"wp:attachment":[{"href":"https:\/\/darkamazi.info\/funavuv\/wp\/v2\/media?parent=1047676"}],"wp:term":[{"taxonomy":"category","embeddable":true,"href":"https:\/\/darkamazi.info\/funavuv\/wp\/v2\/categories?post=1047676"},{"taxonomy":"post_tag","embeddable":true,"href":"https:\/\/darkamazi.info\/funavuv\/wp\/v2\/tags?post=1047676"}],"curies":[{"name":"wp","href":"https:\/\/api.w.org\/{rel}","templated":true}]}}