{"id":1047772,"date":"2025-04-06T09:58:48","date_gmt":"2025-04-06T06:58:48","guid":{"rendered":"https:\/\/darkamazi.info\/?p=1047772"},"modified":"2025-04-06T09:58:48","modified_gmt":"2025-04-06T06:58:48","slug":"di-sere-du-malbaten-cirane-hev-de-5-kes-hatin-kustin-5-kes-ji-birindar-bun","status":"publish","type":"post","link":"https:\/\/darkamazi.info\/archives\/1047772","title":{"rendered":"Di \u015fer\u00ea du malbat\u00ean c\u00eeran\u00ea hev de 5 kes hatin ku\u015ftin, 5 kes j\u00ee bir\u00eendar b\u00fbn"},"content":{"rendered":"<h3 style=\"text-align: justify\"><span style=\"font-family: 'arial black', sans-serif\">Li nav\u00e7eya Serdivan a Sakarya ya Tirkiy\u00ea di navbera du malbat\u00ean c\u00eeran de \u015fer\u00ea bi \u00e7ek derket \u00fb 5 kesan jiyana xwe ji dest da, 5 kes\u00ean din j\u00ee bir\u00eendar b\u00fbn. derbar\u00ea b\u00fbyer\u00ea de 4 kes hatin bin\u00e7av kirin.<\/span><\/h3>\n<h3 style=\"text-align: justify\">Li nav\u00e7eya Serdivan a Sakaryay\u00ea di navbera du malbat\u00ean c\u00eeran de n\u00eeqa\u015f derket \u00fb wegerya \u015fer\u00ea bi \u00e7ek. Pi\u015ft\u00ee derbar\u00ea b\u00fbyer\u00ea de agahdar\u00ee hate day\u00een t\u00eem\u00ean pol\u00ees \u00fb t\u00eem\u00ean tenduristiy\u00ea gehe\u015ftin c\u00eeh\u00ea b\u00fbyer\u00ea.<\/h3>\n<h3 style=\"text-align: justify\">Pi\u015ft\u00ee t\u00eem\u00ean pol\u00ees \u00fb t\u00eem\u00ean tenduristiy\u00ea gehe\u015ftin c\u00eeh\u00ea b\u00fbyer\u00ea derket ku Ya\u015far Ozyurt, Onur Ozyurt \u00fb Volkan Yildiz li c\u00eeh\u00ea b\u00fbyer\u00ea jiyana xwe ji dest dane. Pi\u015ft\u00ee l\u00eakol\u00eena dozger\u00ea komar\u00ea kes\u00ean jiyana xwe ji dest dane term\u00ean wan ji morga bajar re hatin \u015fandin.<\/h3>\n<h3 style=\"text-align: justify\">Di b\u00fbyer\u00ea de 7 kes\u00ean din \u00ean bir\u00eendar j\u00ee ji nexwa\u015fxaney\u00ean cuda y\u00ean bajar re hatin \u015fandin, l\u00ea Fahr\u00ee Yildiz \u00fb Ozgur Ozyurt j\u00ee li gel hem\u00fb hewldanan li nexwa\u015fxaney\u00ea jiyana xwe ji dest dan \u00fb hejmara kes\u00ean jiyana xwe ji dest day\u00ee gehe\u015ft 5 kesan.<\/h3>\n<h3 style=\"text-align: justify\">Derbar\u00ea b\u00fbyer\u00ea de l\u00eakol\u00een berdewam dike \u00fb 4 kes\u00ean gumanbar j\u00ee ji aliy\u00ea pol\u00ees ve hatine bin\u00e7av kirin. Herwaha 4 deman\u00e7e j\u00ee dest li ser hatine dan\u00een.<\/h3>\n","protected":false},"excerpt":{"rendered":"<p>Li nav\u00e7eya Serdivan a Sakarya ya Tirkiy\u00ea di navbera du malbat\u00ean c\u00eeran de \u015fer\u00ea bi \u00e7ek derket \u00fb 5 kesan jiyana xwe ji dest da, 5 kes\u00ean din j\u00ee bir\u00eendar b\u00fbn. derbar\u00ea b\u00fbyer\u00ea de 4 kes hatin bin\u00e7av kirin. Li nav\u00e7eya Serdivan a Sakaryay\u00ea di navbera du malbat\u00ean c\u00eeran de n\u00eeqa\u015f derket \u00fb wegerya \u015fer\u00ea [&hellip;]<\/p>\n","protected":false},"author":2,"featured_media":1047773,"comment_status":"closed","ping_status":"closed","sticky":false,"template":"","format":"standard","meta":{"footnotes":""},"categories":[31],"tags":[37],"class_list":["post-1047772","post","type-post","status-publish","format-standard","has-post-thumbnail","hentry","category-rojhelata-navin","tag-sereke"],"blocksy_meta":[],"seo_head":"<!-- This site is optimized with the Yoast SEO plugin v27.5 - https:\/\/yoast.com\/product\/yoast-seo-wordpress\/ -->\n<title>Di \u015fer\u00ea du malbat\u00ean c\u00eeran\u00ea hev de 5 kes hatin ku\u015ftin, 5 kes j\u00ee bir\u00eendar b\u00fbn - Darka Maz\u00ee<\/title>\n<meta name=\"robots\" content=\"index, follow, max-snippet:-1, max-image-preview:large, max-video-preview:-1\" \/>\n<link rel=\"canonical\" href=\"https:\/\/darkamazi.info\/archives\/1047772\" \/>\n<meta property=\"og:locale\" content=\"en_US\" \/>\n<meta property=\"og:type\" content=\"article\" \/>\n<meta property=\"og:title\" content=\"Di \u015fer\u00ea du malbat\u00ean c\u00eeran\u00ea hev de 5 kes hatin ku\u015ftin, 5 kes j\u00ee bir\u00eendar b\u00fbn - Darka Maz\u00ee\" \/>\n<meta property=\"og:description\" content=\"Li nav\u00e7eya Serdivan a Sakarya ya Tirkiy\u00ea di navbera du malbat\u00ean c\u00eeran de \u015fer\u00ea bi \u00e7ek derket \u00fb 5 kesan jiyana xwe ji dest da, 5 kes\u00ean din j\u00ee bir\u00eendar b\u00fbn. derbar\u00ea b\u00fbyer\u00ea de 4 kes hatin bin\u00e7av kirin. Li nav\u00e7eya Serdivan a Sakaryay\u00ea di navbera du malbat\u00ean c\u00eeran de n\u00eeqa\u015f derket \u00fb wegerya \u015fer\u00ea [&hellip;]\" \/>\n<meta property=\"og:url\" content=\"https:\/\/darkamazi.info\/archives\/1047772\" \/>\n<meta property=\"og:site_name\" content=\"Darka Maz\u00ee\" \/>\n<meta property=\"article:publisher\" content=\"https:\/\/www.facebook.com\/DarMaziKurmanci\" \/>\n<meta property=\"article:published_time\" content=\"2025-04-06T06:58:48+00:00\" \/>\n<meta property=\"og:image\" content=\"https:\/\/darkamazi.info\/file\/2025\/04\/tirkiye-ser-malbat.jpg\" \/>\n\t<meta property=\"og:image:width\" content=\"900\" \/>\n\t<meta property=\"og:image:height\" content=\"497\" \/>\n\t<meta property=\"og:image:type\" content=\"image\/jpeg\" \/>\n<meta name=\"author\" content=\"darka mazi\" \/>\n<meta name=\"twitter:card\" content=\"summary_large_image\" \/>\n<meta name=\"twitter:creator\" content=\"@DarkaMaziLatini\" \/>\n<meta name=\"twitter:site\" content=\"@DarkaMaziLatini\" \/>\n<meta name=\"twitter:label1\" content=\"Written by\" \/>\n\t<meta name=\"twitter:data1\" content=\"darka mazi\" \/>\n\t<meta name=\"twitter:label2\" content=\"Est. reading time\" \/>\n\t<meta name=\"twitter:data2\" content=\"2 minutes\" \/>\n<script type=\"application\/ld+json\" class=\"seo-schema-graph\">{\"@context\":\"https:\\\/\\\/schema.org\",\"@graph\":[{\"@type\":\"Article\",\"@id\":\"https:\\\/\\\/darkamazi.info\\\/archives\\\/1047772#article\",\"isPartOf\":{\"@id\":\"https:\\\/\\\/darkamazi.info\\\/archives\\\/1047772\"},\"author\":{\"name\":\"darka mazi\",\"@id\":\"https:\\\/\\\/darkamazi.info\\\/#\\\/schema\\\/person\\\/5ad3e24553a0567993fa8ed4bd0a776c\"},\"headline\":\"Di \u015fer\u00ea du malbat\u00ean c\u00eeran\u00ea hev de 5 kes hatin ku\u015ftin, 5 kes j\u00ee bir\u00eendar b\u00fbn\",\"datePublished\":\"2025-04-06T06:58:48+00:00\",\"mainEntityOfPage\":{\"@id\":\"https:\\\/\\\/darkamazi.info\\\/archives\\\/1047772\"},\"wordCount\":250,\"publisher\":{\"@id\":\"https:\\\/\\\/darkamazi.info\\\/#organization\"},\"image\":{\"@id\":\"https:\\\/\\\/darkamazi.info\\\/archives\\\/1047772#primaryimage\"},\"thumbnailUrl\":\"https:\\\/\\\/darkamazi.info\\\/darka-content\\\/uploads\\\/2025\\\/04\\\/tirkiye-ser-malbat.jpg\",\"keywords\":[\"sereke\"],\"articleSection\":[\"Rojhelata nav\u00een\"],\"inLanguage\":\"en-US\"},{\"@type\":\"WebPage\",\"@id\":\"https:\\\/\\\/darkamazi.info\\\/archives\\\/1047772\",\"url\":\"https:\\\/\\\/darkamazi.info\\\/archives\\\/1047772\",\"name\":\"Di \u015fer\u00ea du malbat\u00ean c\u00eeran\u00ea hev de 5 kes hatin ku\u015ftin, 5 kes j\u00ee bir\u00eendar b\u00fbn - Darka Maz\u00ee\",\"isPartOf\":{\"@id\":\"https:\\\/\\\/darkamazi.info\\\/#website\"},\"primaryImageOfPage\":{\"@id\":\"https:\\\/\\\/darkamazi.info\\\/archives\\\/1047772#primaryimage\"},\"image\":{\"@id\":\"https:\\\/\\\/darkamazi.info\\\/archives\\\/1047772#primaryimage\"},\"thumbnailUrl\":\"https:\\\/\\\/darkamazi.info\\\/darka-content\\\/uploads\\\/2025\\\/04\\\/tirkiye-ser-malbat.jpg\",\"datePublished\":\"2025-04-06T06:58:48+00:00\",\"breadcrumb\":{\"@id\":\"https:\\\/\\\/darkamazi.info\\\/archives\\\/1047772#breadcrumb\"},\"inLanguage\":\"en-US\",\"potentialAction\":[{\"@type\":\"ReadAction\",\"target\":[\"https:\\\/\\\/darkamazi.info\\\/archives\\\/1047772\"]}]},{\"@type\":\"ImageObject\",\"inLanguage\":\"en-US\",\"@id\":\"https:\\\/\\\/darkamazi.info\\\/archives\\\/1047772#primaryimage\",\"url\":\"https:\\\/\\\/darkamazi.info\\\/darka-content\\\/uploads\\\/2025\\\/04\\\/tirkiye-ser-malbat.jpg\",\"contentUrl\":\"https:\\\/\\\/darkamazi.info\\\/darka-content\\\/uploads\\\/2025\\\/04\\\/tirkiye-ser-malbat.jpg\",\"width\":900,\"height\":497,\"caption\":\"Di \u015fer\u00ea du malbat\u00ean c\u00eeran\u00ea hev de 5 kes hatin ku\u015ftin, 5 kes j\u00ee bir\u00eendar b\u00fbn\"},{\"@type\":\"BreadcrumbList\",\"@id\":\"https:\\\/\\\/darkamazi.info\\\/archives\\\/1047772#breadcrumb\",\"itemListElement\":[{\"@type\":\"ListItem\",\"position\":1,\"name\":\"Home\",\"item\":\"https:\\\/\\\/darkamazi.info\\\/\"},{\"@type\":\"ListItem\",\"position\":2,\"name\":\"Di \u015fer\u00ea du malbat\u00ean c\u00eeran\u00ea hev de 5 kes hatin ku\u015ftin, 5 kes j\u00ee bir\u00eendar b\u00fbn\"}]},{\"@type\":\"WebSite\",\"@id\":\"https:\\\/\\\/darkamazi.info\\\/#website\",\"url\":\"https:\\\/\\\/darkamazi.info\\\/\",\"name\":\"Darka Maz\u00ee\",\"description\":\"P\u00eageha Zanyariy\u00ean Nebih\u00eest\u00ee\",\"publisher\":{\"@id\":\"https:\\\/\\\/darkamazi.info\\\/#organization\"},\"potentialAction\":[{\"@type\":\"SearchAction\",\"target\":{\"@type\":\"EntryPoint\",\"urlTemplate\":\"https:\\\/\\\/darkamazi.info\\\/?s={search_term_string}\"},\"query-input\":{\"@type\":\"PropertyValueSpecification\",\"valueRequired\":true,\"valueName\":\"search_term_string\"}}],\"inLanguage\":\"en-US\"},{\"@type\":\"Organization\",\"@id\":\"https:\\\/\\\/darkamazi.info\\\/#organization\",\"name\":\"Darka Maz\u00ee\",\"url\":\"https:\\\/\\\/darkamazi.info\\\/\",\"logo\":{\"@type\":\"ImageObject\",\"inLanguage\":\"en-US\",\"@id\":\"https:\\\/\\\/darkamazi.info\\\/#\\\/schema\\\/logo\\\/image\\\/\",\"url\":\"https:\\\/\\\/darkamazi.info\\\/darka-content\\\/uploads\\\/2017\\\/12\\\/darka-mazi-logo.png\",\"contentUrl\":\"https:\\\/\\\/darkamazi.info\\\/darka-content\\\/uploads\\\/2017\\\/12\\\/darka-mazi-logo.png\",\"width\":151,\"height\":75,\"caption\":\"Darka Maz\u00ee\"},\"image\":{\"@id\":\"https:\\\/\\\/darkamazi.info\\\/#\\\/schema\\\/logo\\\/image\\\/\"},\"sameAs\":[\"https:\\\/\\\/www.facebook.com\\\/DarMaziKurmanci\",\"https:\\\/\\\/x.com\\\/DarkaMaziLatini\",\"https:\\\/\\\/www.instagram.com\\\/darkamazi.kurmanci\\\/\",\"https:\\\/\\\/www.youtube.com\\\/channel\\\/UCa5HkTdmI8U1qCUFuTw8B2g\"]},{\"@type\":\"Person\",\"@id\":\"https:\\\/\\\/darkamazi.info\\\/#\\\/schema\\\/person\\\/5ad3e24553a0567993fa8ed4bd0a776c\",\"name\":\"darka mazi\",\"sameAs\":[\"https:\\\/\\\/darkamazi.info\\\/\"],\"url\":\"https:\\\/\\\/darkamazi.info\\\/archives\\\/author\\\/kurdi\"}]}<\/script>\n<!-- \/ Yoast SEO plugin. -->","seo_head_json":{"title":"Di \u015fer\u00ea du malbat\u00ean c\u00eeran\u00ea hev de 5 kes hatin ku\u015ftin, 5 kes j\u00ee bir\u00eendar b\u00fbn - Darka Maz\u00ee","robots":{"index":"index","follow":"follow","max-snippet":"max-snippet:-1","max-image-preview":"max-image-preview:large","max-video-preview":"max-video-preview:-1"},"canonical":"https:\/\/darkamazi.info\/archives\/1047772","og_locale":"en_US","og_type":"article","og_title":"Di \u015fer\u00ea du malbat\u00ean c\u00eeran\u00ea hev de 5 kes hatin ku\u015ftin, 5 kes j\u00ee bir\u00eendar b\u00fbn - Darka Maz\u00ee","og_description":"Li nav\u00e7eya Serdivan a Sakarya ya Tirkiy\u00ea di navbera du malbat\u00ean c\u00eeran de \u015fer\u00ea bi \u00e7ek derket \u00fb 5 kesan jiyana xwe ji dest da, 5 kes\u00ean din j\u00ee bir\u00eendar b\u00fbn. derbar\u00ea b\u00fbyer\u00ea de 4 kes hatin bin\u00e7av kirin. Li nav\u00e7eya Serdivan a Sakaryay\u00ea di navbera du malbat\u00ean c\u00eeran de n\u00eeqa\u015f derket \u00fb wegerya \u015fer\u00ea [&hellip;]","og_url":"https:\/\/darkamazi.info\/archives\/1047772","og_site_name":"Darka Maz\u00ee","article_publisher":"https:\/\/www.facebook.com\/DarMaziKurmanci","article_published_time":"2025-04-06T06:58:48+00:00","og_image":[{"width":900,"height":497,"url":"https:\/\/darkamazi.info\/file\/2025\/04\/tirkiye-ser-malbat.jpg","type":"image\/jpeg"}],"author":"darka mazi","twitter_card":"summary_large_image","twitter_creator":"@DarkaMaziLatini","twitter_site":"@DarkaMaziLatini","twitter_misc":{"Written by":"darka mazi","Est. reading time":"2 minutes"},"schema":{"@context":"https:\/\/schema.org","@graph":[{"@type":"Article","@id":"https:\/\/darkamazi.info\/archives\/1047772#article","isPartOf":{"@id":"https:\/\/darkamazi.info\/archives\/1047772"},"author":{"name":"darka mazi","@id":"https:\/\/darkamazi.info\/#\/schema\/person\/5ad3e24553a0567993fa8ed4bd0a776c"},"headline":"Di \u015fer\u00ea du malbat\u00ean c\u00eeran\u00ea hev de 5 kes hatin ku\u015ftin, 5 kes j\u00ee bir\u00eendar b\u00fbn","datePublished":"2025-04-06T06:58:48+00:00","mainEntityOfPage":{"@id":"https:\/\/darkamazi.info\/archives\/1047772"},"wordCount":250,"publisher":{"@id":"https:\/\/darkamazi.info\/#organization"},"image":{"@id":"https:\/\/darkamazi.info\/archives\/1047772#primaryimage"},"thumbnailUrl":"https:\/\/darkamazi.info\/file\/2025\/04\/tirkiye-ser-malbat.jpg","keywords":["sereke"],"articleSection":["Rojhelata nav\u00een"],"inLanguage":"en-US"},{"@type":"WebPage","@id":"https:\/\/darkamazi.info\/archives\/1047772","url":"https:\/\/darkamazi.info\/archives\/1047772","name":"Di \u015fer\u00ea du malbat\u00ean c\u00eeran\u00ea hev de 5 kes hatin ku\u015ftin, 5 kes j\u00ee bir\u00eendar b\u00fbn - Darka Maz\u00ee","isPartOf":{"@id":"https:\/\/darkamazi.info\/#website"},"primaryImageOfPage":{"@id":"https:\/\/darkamazi.info\/archives\/1047772#primaryimage"},"image":{"@id":"https:\/\/darkamazi.info\/archives\/1047772#primaryimage"},"thumbnailUrl":"https:\/\/darkamazi.info\/file\/2025\/04\/tirkiye-ser-malbat.jpg","datePublished":"2025-04-06T06:58:48+00:00","breadcrumb":{"@id":"https:\/\/darkamazi.info\/archives\/1047772#breadcrumb"},"inLanguage":"en-US","potentialAction":[{"@type":"ReadAction","target":["https:\/\/darkamazi.info\/archives\/1047772"]}]},{"@type":"ImageObject","inLanguage":"en-US","@id":"https:\/\/darkamazi.info\/archives\/1047772#primaryimage","url":"https:\/\/darkamazi.info\/file\/2025\/04\/tirkiye-ser-malbat.jpg","contentUrl":"https:\/\/darkamazi.info\/file\/2025\/04\/tirkiye-ser-malbat.jpg","width":900,"height":497,"caption":"Di \u015fer\u00ea du malbat\u00ean c\u00eeran\u00ea hev de 5 kes hatin ku\u015ftin, 5 kes j\u00ee bir\u00eendar b\u00fbn"},{"@type":"BreadcrumbList","@id":"https:\/\/darkamazi.info\/archives\/1047772#breadcrumb","itemListElement":[{"@type":"ListItem","position":1,"name":"Home","item":"https:\/\/darkamazi.info\/"},{"@type":"ListItem","position":2,"name":"Di \u015fer\u00ea du malbat\u00ean c\u00eeran\u00ea hev de 5 kes hatin ku\u015ftin, 5 kes j\u00ee bir\u00eendar b\u00fbn"}]},{"@type":"WebSite","@id":"https:\/\/darkamazi.info\/#website","url":"https:\/\/darkamazi.info\/","name":"Darka Maz\u00ee","description":"P\u00eageha Zanyariy\u00ean Nebih\u00eest\u00ee","publisher":{"@id":"https:\/\/darkamazi.info\/#organization"},"potentialAction":[{"@type":"SearchAction","target":{"@type":"EntryPoint","urlTemplate":"https:\/\/darkamazi.info\/?s={search_term_string}"},"query-input":{"@type":"PropertyValueSpecification","valueRequired":true,"valueName":"search_term_string"}}],"inLanguage":"en-US"},{"@type":"Organization","@id":"https:\/\/darkamazi.info\/#organization","name":"Darka Maz\u00ee","url":"https:\/\/darkamazi.info\/","logo":{"@type":"ImageObject","inLanguage":"en-US","@id":"https:\/\/darkamazi.info\/#\/schema\/logo\/image\/","url":"https:\/\/darkamazi.info\/file\/2017\/12\/darka-mazi-logo.png","contentUrl":"https:\/\/darkamazi.info\/file\/2017\/12\/darka-mazi-logo.png","width":151,"height":75,"caption":"Darka Maz\u00ee"},"image":{"@id":"https:\/\/darkamazi.info\/#\/schema\/logo\/image\/"},"sameAs":["https:\/\/www.facebook.com\/DarMaziKurmanci","https:\/\/x.com\/DarkaMaziLatini","https:\/\/www.instagram.com\/darkamazi.kurmanci\/","https:\/\/www.youtube.com\/channel\/UCa5HkTdmI8U1qCUFuTw8B2g"]},{"@type":"Person","@id":"https:\/\/darkamazi.info\/#\/schema\/person\/5ad3e24553a0567993fa8ed4bd0a776c","name":"darka mazi","sameAs":["https:\/\/darkamazi.info\/"],"url":"https:\/\/darkamazi.info\/archives\/author\/kurdi"}]}},"_links":{"self":[{"href":"https:\/\/darkamazi.info\/funavuv\/wp\/v2\/posts\/1047772","targetHints":{"allow":["GET"]}}],"collection":[{"href":"https:\/\/darkamazi.info\/funavuv\/wp\/v2\/posts"}],"about":[{"href":"https:\/\/darkamazi.info\/funavuv\/wp\/v2\/types\/post"}],"author":[{"embeddable":true,"href":"https:\/\/darkamazi.info\/funavuv\/wp\/v2\/users\/2"}],"replies":[{"embeddable":true,"href":"https:\/\/darkamazi.info\/funavuv\/wp\/v2\/comments?post=1047772"}],"version-history":[{"count":0,"href":"https:\/\/darkamazi.info\/funavuv\/wp\/v2\/posts\/1047772\/revisions"}],"wp:featuredmedia":[{"embeddable":true,"href":"https:\/\/darkamazi.info\/funavuv\/wp\/v2\/media\/1047773"}],"wp:attachment":[{"href":"https:\/\/darkamazi.info\/funavuv\/wp\/v2\/media?parent=1047772"}],"wp:term":[{"taxonomy":"category","embeddable":true,"href":"https:\/\/darkamazi.info\/funavuv\/wp\/v2\/categories?post=1047772"},{"taxonomy":"post_tag","embeddable":true,"href":"https:\/\/darkamazi.info\/funavuv\/wp\/v2\/tags?post=1047772"}],"curies":[{"name":"wp","href":"https:\/\/api.w.org\/{rel}","templated":true}]}}