{"id":1047828,"date":"2025-04-09T12:46:22","date_gmt":"2025-04-09T09:46:22","guid":{"rendered":"https:\/\/darkamazi.info\/?p=1047828"},"modified":"2025-04-09T12:46:22","modified_gmt":"2025-04-09T09:46:22","slug":"tene-42-ya-gele-bakure-kurdistane-bi-bawerin-ku-banga-ocalan-de-astiye-pekbine","status":"publish","type":"post","link":"https:\/\/darkamazi.info\/archives\/1047828","title":{"rendered":"Ten\u00ea 42% ya gel\u00ea Bakur\u00ea Kurdistan\u00ea bi bawerin ku banga Ocalan d\u00ea a\u015ftiy\u00ea p\u00eakb\u00eene"},"content":{"rendered":"<h3 style=\"text-align: justify\"><span style=\"font-family: 'arial black', sans-serif\">Di rapirsiyek\u00ea de ku li Bakur\u00ea Kurdistan\u00ea hatiye encam day\u00een, a\u015fkere b\u00fb ku ten\u00ea ji sed\u00ee 42 bi bawerin ku banga Ocalan w\u00ea a\u015ftiy\u00ea li Tirkiyey\u00ea \u00fb Bakur\u00ea Kurdistan\u00ea p\u00eakb\u00eene, n\u00eaz\u00ee sed\u00ee 20an j\u00ee gotine: Em her naveroka bang\u00ea nizanin \u00e7\u00ee ye.<\/span><\/h3>\n<h3 style=\"text-align: justify\"><span style=\"font-family: arial, helvetica, sans-serif\">Navenda L\u00eakol\u00een\u00ean Qad\u00ea ya Sosyo Pol\u00eet\u00eek\u00ea di navbera 22-26\u00ea Adara 2025an de li 16 bajar\u00ean Bakur\u00ea Kurdistan\u00ea li ser p\u00eavajoya n\u00fb ya \u00e7areseriy\u00ea \u00fb tevgera hilbij\u00earan l\u00eakol\u00eenek kir.<\/span><\/h3>\n<h3 style=\"text-align: justify\"><span style=\"font-family: arial, helvetica, sans-serif\">L\u00eakol\u00eena qad\u00ea ya ku li 16 bajaran, di nav de Amed, Riha, D\u00eelok, Wan, M\u00eard\u00een, Batman, Qers, \u00cedir, M\u00fb\u015f \u00fb Bedl\u00ees p\u00eak hat, bi hezar \u00fb 509 kesan re li mal\u00ean wan r\u00fb bi r\u00fb hat kirin.<\/span><\/h3>\n<h3 style=\"text-align: justify\"><span style=\"font-family: arial, helvetica, sans-serif\">Li gor\u00ee ji sed\u00ee 62,3y\u00ea be\u015fdaran, pirsgir\u00eaka yekem a sereke ya Tirkiyey\u00ea &#8220;qeyrana abor\u00ee \u00fb b\u00eakar\u00ee&#8221; ye, ji sed\u00ee 23,7\u00ea be\u015fdaran j\u00ee &#8220;pirsgir\u00eaka Kurdan&#8221; \u00fb ji sed\u00ee 6,7y\u00ea wan j\u00ee &#8220;rew\u015fa pev\u00e7\u00fbn \u00fb tundiy\u00ea&#8221; ya her\u00ee gir\u00eeng destn\u00ee\u015fan kirine.<\/span><\/h3>\n<h3 style=\"text-align: justify\"><span style=\"font-family: arial, helvetica, sans-serif\">Di l\u00eakol\u00eena qad\u00ea de ji be\u015fdaran hat pirs\u00een b\u00ea ew banga ku R\u00eaber\u00ea PKKy\u00ea Abdullah Ocalan 27\u00ea Sibat\u00ea li r\u00eaxistin\u00ea kiriye da ku \u00e7ekan deyne \u00e7awa dinirx\u00eenin.<\/span><\/h3>\n<h3 style=\"text-align: justify\"><span style=\"font-family: arial, helvetica, sans-serif\">Li gor\u00ee bersiv\u00ean v\u00ea pirs\u00ea, ji sed\u00ee 54,6\u00ea be\u015fdaran p\u00eavajo &#8220;er\u00ean\u00ee&#8221; d\u00eetine, l\u00ea y\u00ean ku &#8220;ney\u00een\u00ee&#8221; dib\u00eenin bi gi\u015ft\u00ee ji sed\u00ee 14,7 ne. Ji sed\u00ee 18\u00ea wan j\u00ee gotine &#8220;ez naveroka namey\u00ea nizanim.&#8221;<\/span><\/h3>\n<h3 style=\"text-align: justify\"><span style=\"font-family: arial, helvetica, sans-serif\">Ji bo pirsa &#8220;H\u00fbn bawer in ku banga Ocalan d\u00ea a\u015ftiy\u00ea li Tirkiyey\u00ea p\u00eak b\u00eene?&#8221; ji sed\u00ee 42,5\u00ea be\u015fdaran gotiye er\u00ea, ji sed\u00ee 21,9\u00ea wan gotiye na, ji sed\u00ee 18\u00ea wan gotiye qismen, \u00fb ji sed\u00ee 17\u00ea wan j\u00ee gotine &#8220;Ez naveroka bang\u00ea nizanim&#8221;.<\/span><\/h3>\n<h3 style=\"text-align: justify\"><span style=\"font-family: arial, helvetica, sans-serif\">Ji bo pirsa &#8220;Gelo bang\u00ee ku Ocalan kiriye d\u00ea pirsgir\u00eaka Kurda \u00e7areser bike?&#8221; ji sed\u00ee 41,8\u00ea be\u015fdaran gotiye &#8220;er\u00ea&#8221;, ji sed\u00ee 21,8\u00ea wan gotiye &#8220;na&#8221;, ji sed\u00ee 18,7\u00ea wan gotiye &#8220;qismen&#8221;, \u00fb ji sed\u00ee 17,7\u00ea wan j\u00ee gotine &#8220;Ez naveroka bang\u00ea nizanim&#8221;.<\/span><\/h3>\n<h3 style=\"text-align: justify\"><span style=\"font-family: arial, helvetica, sans-serif\">Ji bo pirsa vekir\u00ee ya &#8220;Ji bo serkeftina hewldan\u00ean li pey a\u015ftiya civak\u00ee, bi d\u00eetina we div\u00ea bi p\u00ea\u015faniya yekem \u00e7i were kirin?&#8221; ji sed\u00ee 35,1\u00ea be\u015fdaran gotine &#8220;div\u00ea ef\u00fb derkeve&#8221;, ji sed\u00ee 26,9\u00ea wan gotine &#8220;div\u00ea pev\u00e7\u00fbn \u00fb operasyon rawestin&#8221;, ji sed\u00ee 20,6\u00ea wan j\u00ee gotine &#8220;div\u00ea siyasetmedar dev ji ziman\u00ea kutupla\u015ftirker berdin&#8221;.<\/span><\/h3>\n<h3 style=\"text-align: justify\"><span style=\"font-family: arial, helvetica, sans-serif\">Di l\u00eakol\u00een\u00ea de ji be\u015fdaran hat pirs\u00een ku ew operasyona li dij\u00ee \u015earedariya Bajar\u00ea Mezin a Stenbol\u00ea \u00e7awa dinirx\u00eenin. Ji sed\u00ee 60\u00ea be\u015fdaran got ku operasyon\u00ea &#8220;ney\u00een\u00ee&#8221; dinirx\u00eenin, l\u00ea ji sed\u00ee 11,2\u00ea wan got ku &#8220;er\u00ean\u00ee&#8221; dib\u00eenin.<\/span><\/h3>\n","protected":false},"excerpt":{"rendered":"<p>Di rapirsiyek\u00ea de ku li Bakur\u00ea Kurdistan\u00ea hatiye encam day\u00een, a\u015fkere b\u00fb ku ten\u00ea ji sed\u00ee 42 bi bawerin ku banga Ocalan w\u00ea a\u015ftiy\u00ea li Tirkiyey\u00ea \u00fb Bakur\u00ea Kurdistan\u00ea p\u00eakb\u00eene, n\u00eaz\u00ee sed\u00ee 20an j\u00ee gotine: Em her naveroka bang\u00ea nizanin \u00e7\u00ee ye. Navenda L\u00eakol\u00een\u00ean Qad\u00ea ya Sosyo Pol\u00eet\u00eek\u00ea di navbera 22-26\u00ea Adara 2025an de li [&hellip;]<\/p>\n","protected":false},"author":2,"featured_media":1047829,"comment_status":"closed","ping_status":"closed","sticky":false,"template":"","format":"standard","meta":{"footnotes":""},"categories":[29],"tags":[37],"class_list":["post-1047828","post","type-post","status-publish","format-standard","has-post-thumbnail","hentry","category-kurdistan","tag-sereke"],"blocksy_meta":[],"seo_head":"<!-- This site is optimized with the Yoast SEO plugin v27.5 - https:\/\/yoast.com\/product\/yoast-seo-wordpress\/ -->\n<title>Ten\u00ea 42% ya gel\u00ea Bakur\u00ea Kurdistan\u00ea bi bawerin ku banga Ocalan d\u00ea a\u015ftiy\u00ea p\u00eakb\u00eene - Darka Maz\u00ee<\/title>\n<meta name=\"robots\" content=\"index, follow, max-snippet:-1, max-image-preview:large, max-video-preview:-1\" \/>\n<link rel=\"canonical\" href=\"https:\/\/darkamazi.info\/archives\/1047828\" \/>\n<meta property=\"og:locale\" content=\"en_US\" \/>\n<meta property=\"og:type\" content=\"article\" \/>\n<meta property=\"og:title\" content=\"Ten\u00ea 42% ya gel\u00ea Bakur\u00ea Kurdistan\u00ea bi bawerin ku banga Ocalan d\u00ea a\u015ftiy\u00ea p\u00eakb\u00eene - Darka Maz\u00ee\" \/>\n<meta property=\"og:description\" content=\"Di rapirsiyek\u00ea de ku li Bakur\u00ea Kurdistan\u00ea hatiye encam day\u00een, a\u015fkere b\u00fb ku ten\u00ea ji sed\u00ee 42 bi bawerin ku banga Ocalan w\u00ea a\u015ftiy\u00ea li Tirkiyey\u00ea \u00fb Bakur\u00ea Kurdistan\u00ea p\u00eakb\u00eene, n\u00eaz\u00ee sed\u00ee 20an j\u00ee gotine: Em her naveroka bang\u00ea nizanin \u00e7\u00ee ye. Navenda L\u00eakol\u00een\u00ean Qad\u00ea ya Sosyo Pol\u00eet\u00eek\u00ea di navbera 22-26\u00ea Adara 2025an de li [&hellip;]\" \/>\n<meta property=\"og:url\" content=\"https:\/\/darkamazi.info\/archives\/1047828\" \/>\n<meta property=\"og:site_name\" content=\"Darka Maz\u00ee\" \/>\n<meta property=\"article:publisher\" content=\"https:\/\/www.facebook.com\/DarMaziKurmanci\" \/>\n<meta property=\"article:published_time\" content=\"2025-04-09T09:46:22+00:00\" \/>\n<meta property=\"og:image\" content=\"https:\/\/darkamazi.info\/file\/2025\/04\/Rapirsi-info.jpg\" \/>\n\t<meta property=\"og:image:width\" content=\"900\" \/>\n\t<meta property=\"og:image:height\" content=\"500\" \/>\n\t<meta property=\"og:image:type\" content=\"image\/jpeg\" \/>\n<meta name=\"author\" content=\"darka mazi\" \/>\n<meta name=\"twitter:card\" content=\"summary_large_image\" \/>\n<meta name=\"twitter:creator\" content=\"@DarkaMaziLatini\" \/>\n<meta name=\"twitter:site\" content=\"@DarkaMaziLatini\" \/>\n<meta name=\"twitter:label1\" content=\"Written by\" \/>\n\t<meta name=\"twitter:data1\" content=\"darka mazi\" \/>\n\t<meta name=\"twitter:label2\" content=\"Est. reading time\" \/>\n\t<meta name=\"twitter:data2\" content=\"2 minutes\" \/>\n<script type=\"application\/ld+json\" class=\"seo-schema-graph\">{\"@context\":\"https:\\\/\\\/schema.org\",\"@graph\":[{\"@type\":\"Article\",\"@id\":\"https:\\\/\\\/darkamazi.info\\\/archives\\\/1047828#article\",\"isPartOf\":{\"@id\":\"https:\\\/\\\/darkamazi.info\\\/archives\\\/1047828\"},\"author\":{\"name\":\"darka mazi\",\"@id\":\"https:\\\/\\\/darkamazi.info\\\/#\\\/schema\\\/person\\\/5ad3e24553a0567993fa8ed4bd0a776c\"},\"headline\":\"Ten\u00ea 42% ya gel\u00ea Bakur\u00ea Kurdistan\u00ea bi bawerin ku banga Ocalan d\u00ea a\u015ftiy\u00ea p\u00eakb\u00eene\",\"datePublished\":\"2025-04-09T09:46:22+00:00\",\"mainEntityOfPage\":{\"@id\":\"https:\\\/\\\/darkamazi.info\\\/archives\\\/1047828\"},\"wordCount\":439,\"publisher\":{\"@id\":\"https:\\\/\\\/darkamazi.info\\\/#organization\"},\"image\":{\"@id\":\"https:\\\/\\\/darkamazi.info\\\/archives\\\/1047828#primaryimage\"},\"thumbnailUrl\":\"https:\\\/\\\/darkamazi.info\\\/darka-content\\\/uploads\\\/2025\\\/04\\\/Rapirsi-info.jpg\",\"keywords\":[\"sereke\"],\"articleSection\":[\"Kurdistan\"],\"inLanguage\":\"en-US\"},{\"@type\":\"WebPage\",\"@id\":\"https:\\\/\\\/darkamazi.info\\\/archives\\\/1047828\",\"url\":\"https:\\\/\\\/darkamazi.info\\\/archives\\\/1047828\",\"name\":\"Ten\u00ea 42% ya gel\u00ea Bakur\u00ea Kurdistan\u00ea bi bawerin ku banga Ocalan d\u00ea a\u015ftiy\u00ea p\u00eakb\u00eene - Darka Maz\u00ee\",\"isPartOf\":{\"@id\":\"https:\\\/\\\/darkamazi.info\\\/#website\"},\"primaryImageOfPage\":{\"@id\":\"https:\\\/\\\/darkamazi.info\\\/archives\\\/1047828#primaryimage\"},\"image\":{\"@id\":\"https:\\\/\\\/darkamazi.info\\\/archives\\\/1047828#primaryimage\"},\"thumbnailUrl\":\"https:\\\/\\\/darkamazi.info\\\/darka-content\\\/uploads\\\/2025\\\/04\\\/Rapirsi-info.jpg\",\"datePublished\":\"2025-04-09T09:46:22+00:00\",\"breadcrumb\":{\"@id\":\"https:\\\/\\\/darkamazi.info\\\/archives\\\/1047828#breadcrumb\"},\"inLanguage\":\"en-US\",\"potentialAction\":[{\"@type\":\"ReadAction\",\"target\":[\"https:\\\/\\\/darkamazi.info\\\/archives\\\/1047828\"]}]},{\"@type\":\"ImageObject\",\"inLanguage\":\"en-US\",\"@id\":\"https:\\\/\\\/darkamazi.info\\\/archives\\\/1047828#primaryimage\",\"url\":\"https:\\\/\\\/darkamazi.info\\\/darka-content\\\/uploads\\\/2025\\\/04\\\/Rapirsi-info.jpg\",\"contentUrl\":\"https:\\\/\\\/darkamazi.info\\\/darka-content\\\/uploads\\\/2025\\\/04\\\/Rapirsi-info.jpg\",\"width\":900,\"height\":500,\"caption\":\"Rapirsi-net\"},{\"@type\":\"BreadcrumbList\",\"@id\":\"https:\\\/\\\/darkamazi.info\\\/archives\\\/1047828#breadcrumb\",\"itemListElement\":[{\"@type\":\"ListItem\",\"position\":1,\"name\":\"Home\",\"item\":\"https:\\\/\\\/darkamazi.info\\\/\"},{\"@type\":\"ListItem\",\"position\":2,\"name\":\"Ten\u00ea 42% ya gel\u00ea Bakur\u00ea Kurdistan\u00ea bi bawerin ku banga Ocalan d\u00ea a\u015ftiy\u00ea p\u00eakb\u00eene\"}]},{\"@type\":\"WebSite\",\"@id\":\"https:\\\/\\\/darkamazi.info\\\/#website\",\"url\":\"https:\\\/\\\/darkamazi.info\\\/\",\"name\":\"Darka Maz\u00ee\",\"description\":\"P\u00eageha Zanyariy\u00ean Nebih\u00eest\u00ee\",\"publisher\":{\"@id\":\"https:\\\/\\\/darkamazi.info\\\/#organization\"},\"potentialAction\":[{\"@type\":\"SearchAction\",\"target\":{\"@type\":\"EntryPoint\",\"urlTemplate\":\"https:\\\/\\\/darkamazi.info\\\/?s={search_term_string}\"},\"query-input\":{\"@type\":\"PropertyValueSpecification\",\"valueRequired\":true,\"valueName\":\"search_term_string\"}}],\"inLanguage\":\"en-US\"},{\"@type\":\"Organization\",\"@id\":\"https:\\\/\\\/darkamazi.info\\\/#organization\",\"name\":\"Darka Maz\u00ee\",\"url\":\"https:\\\/\\\/darkamazi.info\\\/\",\"logo\":{\"@type\":\"ImageObject\",\"inLanguage\":\"en-US\",\"@id\":\"https:\\\/\\\/darkamazi.info\\\/#\\\/schema\\\/logo\\\/image\\\/\",\"url\":\"https:\\\/\\\/darkamazi.info\\\/darka-content\\\/uploads\\\/2017\\\/12\\\/darka-mazi-logo.png\",\"contentUrl\":\"https:\\\/\\\/darkamazi.info\\\/darka-content\\\/uploads\\\/2017\\\/12\\\/darka-mazi-logo.png\",\"width\":151,\"height\":75,\"caption\":\"Darka Maz\u00ee\"},\"image\":{\"@id\":\"https:\\\/\\\/darkamazi.info\\\/#\\\/schema\\\/logo\\\/image\\\/\"},\"sameAs\":[\"https:\\\/\\\/www.facebook.com\\\/DarMaziKurmanci\",\"https:\\\/\\\/x.com\\\/DarkaMaziLatini\",\"https:\\\/\\\/www.instagram.com\\\/darkamazi.kurmanci\\\/\",\"https:\\\/\\\/www.youtube.com\\\/channel\\\/UCa5HkTdmI8U1qCUFuTw8B2g\"]},{\"@type\":\"Person\",\"@id\":\"https:\\\/\\\/darkamazi.info\\\/#\\\/schema\\\/person\\\/5ad3e24553a0567993fa8ed4bd0a776c\",\"name\":\"darka mazi\",\"sameAs\":[\"https:\\\/\\\/darkamazi.info\\\/\"],\"url\":\"https:\\\/\\\/darkamazi.info\\\/archives\\\/author\\\/kurdi\"}]}<\/script>\n<!-- \/ Yoast SEO plugin. -->","seo_head_json":{"title":"Ten\u00ea 42% ya gel\u00ea Bakur\u00ea Kurdistan\u00ea bi bawerin ku banga Ocalan d\u00ea a\u015ftiy\u00ea p\u00eakb\u00eene - Darka Maz\u00ee","robots":{"index":"index","follow":"follow","max-snippet":"max-snippet:-1","max-image-preview":"max-image-preview:large","max-video-preview":"max-video-preview:-1"},"canonical":"https:\/\/darkamazi.info\/archives\/1047828","og_locale":"en_US","og_type":"article","og_title":"Ten\u00ea 42% ya gel\u00ea Bakur\u00ea Kurdistan\u00ea bi bawerin ku banga Ocalan d\u00ea a\u015ftiy\u00ea p\u00eakb\u00eene - Darka Maz\u00ee","og_description":"Di rapirsiyek\u00ea de ku li Bakur\u00ea Kurdistan\u00ea hatiye encam day\u00een, a\u015fkere b\u00fb ku ten\u00ea ji sed\u00ee 42 bi bawerin ku banga Ocalan w\u00ea a\u015ftiy\u00ea li Tirkiyey\u00ea \u00fb Bakur\u00ea Kurdistan\u00ea p\u00eakb\u00eene, n\u00eaz\u00ee sed\u00ee 20an j\u00ee gotine: Em her naveroka bang\u00ea nizanin \u00e7\u00ee ye. Navenda L\u00eakol\u00een\u00ean Qad\u00ea ya Sosyo Pol\u00eet\u00eek\u00ea di navbera 22-26\u00ea Adara 2025an de li [&hellip;]","og_url":"https:\/\/darkamazi.info\/archives\/1047828","og_site_name":"Darka Maz\u00ee","article_publisher":"https:\/\/www.facebook.com\/DarMaziKurmanci","article_published_time":"2025-04-09T09:46:22+00:00","og_image":[{"width":900,"height":500,"url":"https:\/\/darkamazi.info\/file\/2025\/04\/Rapirsi-info.jpg","type":"image\/jpeg"}],"author":"darka mazi","twitter_card":"summary_large_image","twitter_creator":"@DarkaMaziLatini","twitter_site":"@DarkaMaziLatini","twitter_misc":{"Written by":"darka mazi","Est. reading time":"2 minutes"},"schema":{"@context":"https:\/\/schema.org","@graph":[{"@type":"Article","@id":"https:\/\/darkamazi.info\/archives\/1047828#article","isPartOf":{"@id":"https:\/\/darkamazi.info\/archives\/1047828"},"author":{"name":"darka mazi","@id":"https:\/\/darkamazi.info\/#\/schema\/person\/5ad3e24553a0567993fa8ed4bd0a776c"},"headline":"Ten\u00ea 42% ya gel\u00ea Bakur\u00ea Kurdistan\u00ea bi bawerin ku banga Ocalan d\u00ea a\u015ftiy\u00ea p\u00eakb\u00eene","datePublished":"2025-04-09T09:46:22+00:00","mainEntityOfPage":{"@id":"https:\/\/darkamazi.info\/archives\/1047828"},"wordCount":439,"publisher":{"@id":"https:\/\/darkamazi.info\/#organization"},"image":{"@id":"https:\/\/darkamazi.info\/archives\/1047828#primaryimage"},"thumbnailUrl":"https:\/\/darkamazi.info\/file\/2025\/04\/Rapirsi-info.jpg","keywords":["sereke"],"articleSection":["Kurdistan"],"inLanguage":"en-US"},{"@type":"WebPage","@id":"https:\/\/darkamazi.info\/archives\/1047828","url":"https:\/\/darkamazi.info\/archives\/1047828","name":"Ten\u00ea 42% ya gel\u00ea Bakur\u00ea Kurdistan\u00ea bi bawerin ku banga Ocalan d\u00ea a\u015ftiy\u00ea p\u00eakb\u00eene - Darka Maz\u00ee","isPartOf":{"@id":"https:\/\/darkamazi.info\/#website"},"primaryImageOfPage":{"@id":"https:\/\/darkamazi.info\/archives\/1047828#primaryimage"},"image":{"@id":"https:\/\/darkamazi.info\/archives\/1047828#primaryimage"},"thumbnailUrl":"https:\/\/darkamazi.info\/file\/2025\/04\/Rapirsi-info.jpg","datePublished":"2025-04-09T09:46:22+00:00","breadcrumb":{"@id":"https:\/\/darkamazi.info\/archives\/1047828#breadcrumb"},"inLanguage":"en-US","potentialAction":[{"@type":"ReadAction","target":["https:\/\/darkamazi.info\/archives\/1047828"]}]},{"@type":"ImageObject","inLanguage":"en-US","@id":"https:\/\/darkamazi.info\/archives\/1047828#primaryimage","url":"https:\/\/darkamazi.info\/file\/2025\/04\/Rapirsi-info.jpg","contentUrl":"https:\/\/darkamazi.info\/file\/2025\/04\/Rapirsi-info.jpg","width":900,"height":500,"caption":"Rapirsi-net"},{"@type":"BreadcrumbList","@id":"https:\/\/darkamazi.info\/archives\/1047828#breadcrumb","itemListElement":[{"@type":"ListItem","position":1,"name":"Home","item":"https:\/\/darkamazi.info\/"},{"@type":"ListItem","position":2,"name":"Ten\u00ea 42% ya gel\u00ea Bakur\u00ea Kurdistan\u00ea bi bawerin ku banga Ocalan d\u00ea a\u015ftiy\u00ea p\u00eakb\u00eene"}]},{"@type":"WebSite","@id":"https:\/\/darkamazi.info\/#website","url":"https:\/\/darkamazi.info\/","name":"Darka Maz\u00ee","description":"P\u00eageha Zanyariy\u00ean Nebih\u00eest\u00ee","publisher":{"@id":"https:\/\/darkamazi.info\/#organization"},"potentialAction":[{"@type":"SearchAction","target":{"@type":"EntryPoint","urlTemplate":"https:\/\/darkamazi.info\/?s={search_term_string}"},"query-input":{"@type":"PropertyValueSpecification","valueRequired":true,"valueName":"search_term_string"}}],"inLanguage":"en-US"},{"@type":"Organization","@id":"https:\/\/darkamazi.info\/#organization","name":"Darka Maz\u00ee","url":"https:\/\/darkamazi.info\/","logo":{"@type":"ImageObject","inLanguage":"en-US","@id":"https:\/\/darkamazi.info\/#\/schema\/logo\/image\/","url":"https:\/\/darkamazi.info\/file\/2017\/12\/darka-mazi-logo.png","contentUrl":"https:\/\/darkamazi.info\/file\/2017\/12\/darka-mazi-logo.png","width":151,"height":75,"caption":"Darka Maz\u00ee"},"image":{"@id":"https:\/\/darkamazi.info\/#\/schema\/logo\/image\/"},"sameAs":["https:\/\/www.facebook.com\/DarMaziKurmanci","https:\/\/x.com\/DarkaMaziLatini","https:\/\/www.instagram.com\/darkamazi.kurmanci\/","https:\/\/www.youtube.com\/channel\/UCa5HkTdmI8U1qCUFuTw8B2g"]},{"@type":"Person","@id":"https:\/\/darkamazi.info\/#\/schema\/person\/5ad3e24553a0567993fa8ed4bd0a776c","name":"darka mazi","sameAs":["https:\/\/darkamazi.info\/"],"url":"https:\/\/darkamazi.info\/archives\/author\/kurdi"}]}},"_links":{"self":[{"href":"https:\/\/darkamazi.info\/funavuv\/wp\/v2\/posts\/1047828","targetHints":{"allow":["GET"]}}],"collection":[{"href":"https:\/\/darkamazi.info\/funavuv\/wp\/v2\/posts"}],"about":[{"href":"https:\/\/darkamazi.info\/funavuv\/wp\/v2\/types\/post"}],"author":[{"embeddable":true,"href":"https:\/\/darkamazi.info\/funavuv\/wp\/v2\/users\/2"}],"replies":[{"embeddable":true,"href":"https:\/\/darkamazi.info\/funavuv\/wp\/v2\/comments?post=1047828"}],"version-history":[{"count":0,"href":"https:\/\/darkamazi.info\/funavuv\/wp\/v2\/posts\/1047828\/revisions"}],"wp:featuredmedia":[{"embeddable":true,"href":"https:\/\/darkamazi.info\/funavuv\/wp\/v2\/media\/1047829"}],"wp:attachment":[{"href":"https:\/\/darkamazi.info\/funavuv\/wp\/v2\/media?parent=1047828"}],"wp:term":[{"taxonomy":"category","embeddable":true,"href":"https:\/\/darkamazi.info\/funavuv\/wp\/v2\/categories?post=1047828"},{"taxonomy":"post_tag","embeddable":true,"href":"https:\/\/darkamazi.info\/funavuv\/wp\/v2\/tags?post=1047828"}],"curies":[{"name":"wp","href":"https:\/\/api.w.org\/{rel}","templated":true}]}}