{"id":1047859,"date":"2025-04-12T13:03:31","date_gmt":"2025-04-12T10:03:31","guid":{"rendered":"https:\/\/darkamazi.info\/?p=1047859"},"modified":"2025-04-12T13:03:31","modified_gmt":"2025-04-12T10:03:31","slug":"dayikek-cekdaren-pkke-kure-min-ber-bi-qendile-ve-revandin","status":"publish","type":"post","link":"https:\/\/darkamazi.info\/archives\/1047859","title":{"rendered":"Day\u00eekek: \u00c7ekdar\u00ean PKK\u00ea kur\u00ea min ber bi Qend\u00eel\u00ea ve revandin"},"content":{"rendered":"<h3 style=\"text-align: justify\"><span style=\"font-family: 'arial black', sans-serif\">Gr\u00fbpa bi nav\u00ea \u2018\u2019Ciwan\u00ean \u015eore\u015fger\u2019\u2019 a ser bi PKK\u00ea li bajar\u00ea Koban\u00ea ya Rojavay\u00ea Kurdistan\u00ea zarokek\u00ee temen 13 sal\u00ee, bi armanca bikin \u00e7ekdar\u00ea xwe ji bo Qend\u00eel\u00ea revandin.<\/span><\/h3>\n<h3 style=\"text-align: justify\">Day\u00eeka Ehmed Mehm\u00fbd Bozan a bi nav\u00ea Ruken Mamo, ku kur\u00ea w\u00ea ji aliy\u00ea \u00e7ekdar\u00ean PKK\u00ea ve hatiye revandin \u00fb dib\u00eaje: Kur\u00ea min dema ku xwestiye vegere bo mal\u00ea ji aliy\u00ea \u00e7ekdar\u00ean PKK\u00ea ve hatiye revandin. Soz dan min pi\u015ft\u00ee temamkirina dewreyek\u00ee d\u00ea kur\u00ea min veger\u00eenin, l\u00ea soza xwe bic\u00eeh nean\u00een.<\/h3>\n<h3 style=\"text-align: justify\">Herwiha got, nameyek ji bo min hat ku kur\u00ea min \u015fandine Qend\u00eel\u00ea, l\u00ea kur\u00ea min zaroke \u00fb \u015fiyana w\u00ee ya helgirtina \u00e7ek tine.<\/h3>\n<h3 style=\"text-align: justify\">Day\u00eeka bi nav\u00ea Ruken Mamo got: Bangewaziya min ji bo fermandar\u00ea H\u00eaz\u00ean S\u00fbriya Demokrat\u00eek Mezl\u00fbm Ebd\u00ee ye ku b\u00ea ser xet\u00ea \u00fb kur\u00ea min veger\u00eene.<\/h3>\n<h3 style=\"text-align: justify\">Di dem\u00ean bor\u00ee de gelek kes hatin revandin \u00fb di \u00e7end roj\u00ean bor\u00ee de j\u00ee ke\u00e7eke din a li Rojavay\u00ea Kurdistan\u00ea revandin ku takane b\u00fb \u00fb pi\u015ftre bav\u00ea w\u00ea peyamek\u00ee v\u00eedeoy\u00ee belav kir \u00fb got eger ke\u00e7a w\u00ea azad nekin, d\u00ea agir berde bedena xwe.<\/h3>\n<h3 style=\"text-align: justify\">Herwiha \u00e7ekdar\u00ean PKK\u00ea li Rojavay\u00ea Kurdistan\u00ea gelek endam\u00ean ENKS \u00fb \u00e7alakvan \u00fb rojnamevan\u00ean kurd ji bo cih\u00ean nediyar revandine \u00fb heta niha \u00e7areniv\u00eesa wan nediyare.\u00a0<\/h3>\n","protected":false},"excerpt":{"rendered":"<p>Gr\u00fbpa bi nav\u00ea \u2018\u2019Ciwan\u00ean \u015eore\u015fger\u2019\u2019 a ser bi PKK\u00ea li bajar\u00ea Koban\u00ea ya Rojavay\u00ea Kurdistan\u00ea zarokek\u00ee temen 13 sal\u00ee, bi armanca bikin \u00e7ekdar\u00ea xwe ji bo Qend\u00eel\u00ea revandin. Day\u00eeka Ehmed Mehm\u00fbd Bozan a bi nav\u00ea Ruken Mamo, ku kur\u00ea w\u00ea ji aliy\u00ea \u00e7ekdar\u00ean PKK\u00ea ve hatiye revandin \u00fb dib\u00eaje: Kur\u00ea min dema ku xwestiye vegere [&hellip;]<\/p>\n","protected":false},"author":2,"featured_media":1047860,"comment_status":"closed","ping_status":"closed","sticky":false,"template":"","format":"standard","meta":{"footnotes":""},"categories":[29],"tags":[37],"class_list":["post-1047859","post","type-post","status-publish","format-standard","has-post-thumbnail","hentry","category-kurdistan","tag-sereke"],"blocksy_meta":[],"seo_head":"<!-- This site is optimized with the Yoast SEO plugin v27.5 - https:\/\/yoast.com\/product\/yoast-seo-wordpress\/ -->\n<title>Day\u00eekek: \u00c7ekdar\u00ean PKK\u00ea kur\u00ea min ber bi Qend\u00eel\u00ea ve revandin - Darka Maz\u00ee<\/title>\n<meta name=\"robots\" content=\"index, follow, max-snippet:-1, max-image-preview:large, max-video-preview:-1\" \/>\n<link rel=\"canonical\" href=\"https:\/\/darkamazi.info\/archives\/1047859\" \/>\n<meta property=\"og:locale\" content=\"en_US\" \/>\n<meta property=\"og:type\" content=\"article\" \/>\n<meta property=\"og:title\" content=\"Day\u00eekek: \u00c7ekdar\u00ean PKK\u00ea kur\u00ea min ber bi Qend\u00eel\u00ea ve revandin - Darka Maz\u00ee\" \/>\n<meta property=\"og:description\" content=\"Gr\u00fbpa bi nav\u00ea \u2018\u2019Ciwan\u00ean \u015eore\u015fger\u2019\u2019 a ser bi PKK\u00ea li bajar\u00ea Koban\u00ea ya Rojavay\u00ea Kurdistan\u00ea zarokek\u00ee temen 13 sal\u00ee, bi armanca bikin \u00e7ekdar\u00ea xwe ji bo Qend\u00eel\u00ea revandin. Day\u00eeka Ehmed Mehm\u00fbd Bozan a bi nav\u00ea Ruken Mamo, ku kur\u00ea w\u00ea ji aliy\u00ea \u00e7ekdar\u00ean PKK\u00ea ve hatiye revandin \u00fb dib\u00eaje: Kur\u00ea min dema ku xwestiye vegere [&hellip;]\" \/>\n<meta property=\"og:url\" content=\"https:\/\/darkamazi.info\/archives\/1047859\" \/>\n<meta property=\"og:site_name\" content=\"Darka Maz\u00ee\" \/>\n<meta property=\"article:publisher\" content=\"https:\/\/www.facebook.com\/DarMaziKurmanci\" \/>\n<meta property=\"article:published_time\" content=\"2025-04-12T10:03:31+00:00\" \/>\n<meta property=\"og:image\" content=\"https:\/\/darkamazi.info\/file\/2025\/04\/shoreshger.jpg\" \/>\n\t<meta property=\"og:image:width\" content=\"900\" \/>\n\t<meta property=\"og:image:height\" content=\"475\" \/>\n\t<meta property=\"og:image:type\" content=\"image\/jpeg\" \/>\n<meta name=\"author\" content=\"darka mazi\" \/>\n<meta name=\"twitter:card\" content=\"summary_large_image\" \/>\n<meta name=\"twitter:creator\" content=\"@DarkaMaziLatini\" \/>\n<meta name=\"twitter:site\" content=\"@DarkaMaziLatini\" \/>\n<meta name=\"twitter:label1\" content=\"Written by\" \/>\n\t<meta name=\"twitter:data1\" content=\"darka mazi\" \/>\n\t<meta name=\"twitter:label2\" content=\"Est. reading time\" \/>\n\t<meta name=\"twitter:data2\" content=\"2 minutes\" \/>\n<script type=\"application\/ld+json\" class=\"seo-schema-graph\">{\"@context\":\"https:\\\/\\\/schema.org\",\"@graph\":[{\"@type\":\"Article\",\"@id\":\"https:\\\/\\\/darkamazi.info\\\/archives\\\/1047859#article\",\"isPartOf\":{\"@id\":\"https:\\\/\\\/darkamazi.info\\\/archives\\\/1047859\"},\"author\":{\"name\":\"darka mazi\",\"@id\":\"https:\\\/\\\/darkamazi.info\\\/#\\\/schema\\\/person\\\/5ad3e24553a0567993fa8ed4bd0a776c\"},\"headline\":\"Day\u00eekek: \u00c7ekdar\u00ean PKK\u00ea kur\u00ea min ber bi Qend\u00eel\u00ea ve revandin\",\"datePublished\":\"2025-04-12T10:03:31+00:00\",\"mainEntityOfPage\":{\"@id\":\"https:\\\/\\\/darkamazi.info\\\/archives\\\/1047859\"},\"wordCount\":232,\"publisher\":{\"@id\":\"https:\\\/\\\/darkamazi.info\\\/#organization\"},\"image\":{\"@id\":\"https:\\\/\\\/darkamazi.info\\\/archives\\\/1047859#primaryimage\"},\"thumbnailUrl\":\"https:\\\/\\\/darkamazi.info\\\/darka-content\\\/uploads\\\/2025\\\/04\\\/shoreshger.jpg\",\"keywords\":[\"sereke\"],\"articleSection\":[\"Kurdistan\"],\"inLanguage\":\"en-US\"},{\"@type\":\"WebPage\",\"@id\":\"https:\\\/\\\/darkamazi.info\\\/archives\\\/1047859\",\"url\":\"https:\\\/\\\/darkamazi.info\\\/archives\\\/1047859\",\"name\":\"Day\u00eekek: \u00c7ekdar\u00ean PKK\u00ea kur\u00ea min ber bi Qend\u00eel\u00ea ve revandin - Darka Maz\u00ee\",\"isPartOf\":{\"@id\":\"https:\\\/\\\/darkamazi.info\\\/#website\"},\"primaryImageOfPage\":{\"@id\":\"https:\\\/\\\/darkamazi.info\\\/archives\\\/1047859#primaryimage\"},\"image\":{\"@id\":\"https:\\\/\\\/darkamazi.info\\\/archives\\\/1047859#primaryimage\"},\"thumbnailUrl\":\"https:\\\/\\\/darkamazi.info\\\/darka-content\\\/uploads\\\/2025\\\/04\\\/shoreshger.jpg\",\"datePublished\":\"2025-04-12T10:03:31+00:00\",\"breadcrumb\":{\"@id\":\"https:\\\/\\\/darkamazi.info\\\/archives\\\/1047859#breadcrumb\"},\"inLanguage\":\"en-US\",\"potentialAction\":[{\"@type\":\"ReadAction\",\"target\":[\"https:\\\/\\\/darkamazi.info\\\/archives\\\/1047859\"]}]},{\"@type\":\"ImageObject\",\"inLanguage\":\"en-US\",\"@id\":\"https:\\\/\\\/darkamazi.info\\\/archives\\\/1047859#primaryimage\",\"url\":\"https:\\\/\\\/darkamazi.info\\\/darka-content\\\/uploads\\\/2025\\\/04\\\/shoreshger.jpg\",\"contentUrl\":\"https:\\\/\\\/darkamazi.info\\\/darka-content\\\/uploads\\\/2025\\\/04\\\/shoreshger.jpg\",\"width\":900,\"height\":475,\"caption\":\"Day\u00eekek: \u00c7ekdar\u00ean PKK\u00ea kur\u00ea min ber bi Qend\u00eel\u00ea ve revandin\"},{\"@type\":\"BreadcrumbList\",\"@id\":\"https:\\\/\\\/darkamazi.info\\\/archives\\\/1047859#breadcrumb\",\"itemListElement\":[{\"@type\":\"ListItem\",\"position\":1,\"name\":\"Home\",\"item\":\"https:\\\/\\\/darkamazi.info\\\/\"},{\"@type\":\"ListItem\",\"position\":2,\"name\":\"Day\u00eekek: \u00c7ekdar\u00ean PKK\u00ea kur\u00ea min ber bi Qend\u00eel\u00ea ve revandin\"}]},{\"@type\":\"WebSite\",\"@id\":\"https:\\\/\\\/darkamazi.info\\\/#website\",\"url\":\"https:\\\/\\\/darkamazi.info\\\/\",\"name\":\"Darka Maz\u00ee\",\"description\":\"P\u00eageha Zanyariy\u00ean Nebih\u00eest\u00ee\",\"publisher\":{\"@id\":\"https:\\\/\\\/darkamazi.info\\\/#organization\"},\"potentialAction\":[{\"@type\":\"SearchAction\",\"target\":{\"@type\":\"EntryPoint\",\"urlTemplate\":\"https:\\\/\\\/darkamazi.info\\\/?s={search_term_string}\"},\"query-input\":{\"@type\":\"PropertyValueSpecification\",\"valueRequired\":true,\"valueName\":\"search_term_string\"}}],\"inLanguage\":\"en-US\"},{\"@type\":\"Organization\",\"@id\":\"https:\\\/\\\/darkamazi.info\\\/#organization\",\"name\":\"Darka Maz\u00ee\",\"url\":\"https:\\\/\\\/darkamazi.info\\\/\",\"logo\":{\"@type\":\"ImageObject\",\"inLanguage\":\"en-US\",\"@id\":\"https:\\\/\\\/darkamazi.info\\\/#\\\/schema\\\/logo\\\/image\\\/\",\"url\":\"https:\\\/\\\/darkamazi.info\\\/darka-content\\\/uploads\\\/2017\\\/12\\\/darka-mazi-logo.png\",\"contentUrl\":\"https:\\\/\\\/darkamazi.info\\\/darka-content\\\/uploads\\\/2017\\\/12\\\/darka-mazi-logo.png\",\"width\":151,\"height\":75,\"caption\":\"Darka Maz\u00ee\"},\"image\":{\"@id\":\"https:\\\/\\\/darkamazi.info\\\/#\\\/schema\\\/logo\\\/image\\\/\"},\"sameAs\":[\"https:\\\/\\\/www.facebook.com\\\/DarMaziKurmanci\",\"https:\\\/\\\/x.com\\\/DarkaMaziLatini\",\"https:\\\/\\\/www.instagram.com\\\/darkamazi.kurmanci\\\/\",\"https:\\\/\\\/www.youtube.com\\\/channel\\\/UCa5HkTdmI8U1qCUFuTw8B2g\"]},{\"@type\":\"Person\",\"@id\":\"https:\\\/\\\/darkamazi.info\\\/#\\\/schema\\\/person\\\/5ad3e24553a0567993fa8ed4bd0a776c\",\"name\":\"darka mazi\",\"sameAs\":[\"https:\\\/\\\/darkamazi.info\\\/\"],\"url\":\"https:\\\/\\\/darkamazi.info\\\/archives\\\/author\\\/kurdi\"}]}<\/script>\n<!-- \/ Yoast SEO plugin. -->","seo_head_json":{"title":"Day\u00eekek: \u00c7ekdar\u00ean PKK\u00ea kur\u00ea min ber bi Qend\u00eel\u00ea ve revandin - Darka Maz\u00ee","robots":{"index":"index","follow":"follow","max-snippet":"max-snippet:-1","max-image-preview":"max-image-preview:large","max-video-preview":"max-video-preview:-1"},"canonical":"https:\/\/darkamazi.info\/archives\/1047859","og_locale":"en_US","og_type":"article","og_title":"Day\u00eekek: \u00c7ekdar\u00ean PKK\u00ea kur\u00ea min ber bi Qend\u00eel\u00ea ve revandin - Darka Maz\u00ee","og_description":"Gr\u00fbpa bi nav\u00ea \u2018\u2019Ciwan\u00ean \u015eore\u015fger\u2019\u2019 a ser bi PKK\u00ea li bajar\u00ea Koban\u00ea ya Rojavay\u00ea Kurdistan\u00ea zarokek\u00ee temen 13 sal\u00ee, bi armanca bikin \u00e7ekdar\u00ea xwe ji bo Qend\u00eel\u00ea revandin. Day\u00eeka Ehmed Mehm\u00fbd Bozan a bi nav\u00ea Ruken Mamo, ku kur\u00ea w\u00ea ji aliy\u00ea \u00e7ekdar\u00ean PKK\u00ea ve hatiye revandin \u00fb dib\u00eaje: Kur\u00ea min dema ku xwestiye vegere [&hellip;]","og_url":"https:\/\/darkamazi.info\/archives\/1047859","og_site_name":"Darka Maz\u00ee","article_publisher":"https:\/\/www.facebook.com\/DarMaziKurmanci","article_published_time":"2025-04-12T10:03:31+00:00","og_image":[{"width":900,"height":475,"url":"https:\/\/darkamazi.info\/file\/2025\/04\/shoreshger.jpg","type":"image\/jpeg"}],"author":"darka mazi","twitter_card":"summary_large_image","twitter_creator":"@DarkaMaziLatini","twitter_site":"@DarkaMaziLatini","twitter_misc":{"Written by":"darka mazi","Est. reading time":"2 minutes"},"schema":{"@context":"https:\/\/schema.org","@graph":[{"@type":"Article","@id":"https:\/\/darkamazi.info\/archives\/1047859#article","isPartOf":{"@id":"https:\/\/darkamazi.info\/archives\/1047859"},"author":{"name":"darka mazi","@id":"https:\/\/darkamazi.info\/#\/schema\/person\/5ad3e24553a0567993fa8ed4bd0a776c"},"headline":"Day\u00eekek: \u00c7ekdar\u00ean PKK\u00ea kur\u00ea min ber bi Qend\u00eel\u00ea ve revandin","datePublished":"2025-04-12T10:03:31+00:00","mainEntityOfPage":{"@id":"https:\/\/darkamazi.info\/archives\/1047859"},"wordCount":232,"publisher":{"@id":"https:\/\/darkamazi.info\/#organization"},"image":{"@id":"https:\/\/darkamazi.info\/archives\/1047859#primaryimage"},"thumbnailUrl":"https:\/\/darkamazi.info\/file\/2025\/04\/shoreshger.jpg","keywords":["sereke"],"articleSection":["Kurdistan"],"inLanguage":"en-US"},{"@type":"WebPage","@id":"https:\/\/darkamazi.info\/archives\/1047859","url":"https:\/\/darkamazi.info\/archives\/1047859","name":"Day\u00eekek: \u00c7ekdar\u00ean PKK\u00ea kur\u00ea min ber bi Qend\u00eel\u00ea ve revandin - Darka Maz\u00ee","isPartOf":{"@id":"https:\/\/darkamazi.info\/#website"},"primaryImageOfPage":{"@id":"https:\/\/darkamazi.info\/archives\/1047859#primaryimage"},"image":{"@id":"https:\/\/darkamazi.info\/archives\/1047859#primaryimage"},"thumbnailUrl":"https:\/\/darkamazi.info\/file\/2025\/04\/shoreshger.jpg","datePublished":"2025-04-12T10:03:31+00:00","breadcrumb":{"@id":"https:\/\/darkamazi.info\/archives\/1047859#breadcrumb"},"inLanguage":"en-US","potentialAction":[{"@type":"ReadAction","target":["https:\/\/darkamazi.info\/archives\/1047859"]}]},{"@type":"ImageObject","inLanguage":"en-US","@id":"https:\/\/darkamazi.info\/archives\/1047859#primaryimage","url":"https:\/\/darkamazi.info\/file\/2025\/04\/shoreshger.jpg","contentUrl":"https:\/\/darkamazi.info\/file\/2025\/04\/shoreshger.jpg","width":900,"height":475,"caption":"Day\u00eekek: \u00c7ekdar\u00ean PKK\u00ea kur\u00ea min ber bi Qend\u00eel\u00ea ve revandin"},{"@type":"BreadcrumbList","@id":"https:\/\/darkamazi.info\/archives\/1047859#breadcrumb","itemListElement":[{"@type":"ListItem","position":1,"name":"Home","item":"https:\/\/darkamazi.info\/"},{"@type":"ListItem","position":2,"name":"Day\u00eekek: \u00c7ekdar\u00ean PKK\u00ea kur\u00ea min ber bi Qend\u00eel\u00ea ve revandin"}]},{"@type":"WebSite","@id":"https:\/\/darkamazi.info\/#website","url":"https:\/\/darkamazi.info\/","name":"Darka Maz\u00ee","description":"P\u00eageha Zanyariy\u00ean Nebih\u00eest\u00ee","publisher":{"@id":"https:\/\/darkamazi.info\/#organization"},"potentialAction":[{"@type":"SearchAction","target":{"@type":"EntryPoint","urlTemplate":"https:\/\/darkamazi.info\/?s={search_term_string}"},"query-input":{"@type":"PropertyValueSpecification","valueRequired":true,"valueName":"search_term_string"}}],"inLanguage":"en-US"},{"@type":"Organization","@id":"https:\/\/darkamazi.info\/#organization","name":"Darka Maz\u00ee","url":"https:\/\/darkamazi.info\/","logo":{"@type":"ImageObject","inLanguage":"en-US","@id":"https:\/\/darkamazi.info\/#\/schema\/logo\/image\/","url":"https:\/\/darkamazi.info\/file\/2017\/12\/darka-mazi-logo.png","contentUrl":"https:\/\/darkamazi.info\/file\/2017\/12\/darka-mazi-logo.png","width":151,"height":75,"caption":"Darka Maz\u00ee"},"image":{"@id":"https:\/\/darkamazi.info\/#\/schema\/logo\/image\/"},"sameAs":["https:\/\/www.facebook.com\/DarMaziKurmanci","https:\/\/x.com\/DarkaMaziLatini","https:\/\/www.instagram.com\/darkamazi.kurmanci\/","https:\/\/www.youtube.com\/channel\/UCa5HkTdmI8U1qCUFuTw8B2g"]},{"@type":"Person","@id":"https:\/\/darkamazi.info\/#\/schema\/person\/5ad3e24553a0567993fa8ed4bd0a776c","name":"darka mazi","sameAs":["https:\/\/darkamazi.info\/"],"url":"https:\/\/darkamazi.info\/archives\/author\/kurdi"}]}},"_links":{"self":[{"href":"https:\/\/darkamazi.info\/funavuv\/wp\/v2\/posts\/1047859","targetHints":{"allow":["GET"]}}],"collection":[{"href":"https:\/\/darkamazi.info\/funavuv\/wp\/v2\/posts"}],"about":[{"href":"https:\/\/darkamazi.info\/funavuv\/wp\/v2\/types\/post"}],"author":[{"embeddable":true,"href":"https:\/\/darkamazi.info\/funavuv\/wp\/v2\/users\/2"}],"replies":[{"embeddable":true,"href":"https:\/\/darkamazi.info\/funavuv\/wp\/v2\/comments?post=1047859"}],"version-history":[{"count":0,"href":"https:\/\/darkamazi.info\/funavuv\/wp\/v2\/posts\/1047859\/revisions"}],"wp:featuredmedia":[{"embeddable":true,"href":"https:\/\/darkamazi.info\/funavuv\/wp\/v2\/media\/1047860"}],"wp:attachment":[{"href":"https:\/\/darkamazi.info\/funavuv\/wp\/v2\/media?parent=1047859"}],"wp:term":[{"taxonomy":"category","embeddable":true,"href":"https:\/\/darkamazi.info\/funavuv\/wp\/v2\/categories?post=1047859"},{"taxonomy":"post_tag","embeddable":true,"href":"https:\/\/darkamazi.info\/funavuv\/wp\/v2\/tags?post=1047859"}],"curies":[{"name":"wp","href":"https:\/\/api.w.org\/{rel}","templated":true}]}}