{"id":1047880,"date":"2025-04-13T12:39:12","date_gmt":"2025-04-13T09:39:12","guid":{"rendered":"https:\/\/darkamazi.info\/?p=1047880"},"modified":"2025-04-13T12:39:12","modified_gmt":"2025-04-13T09:39:12","slug":"serok-barzani-rola-jinen-kurd-qet-ji-ya-meran-kemtir-nebu","status":"publish","type":"post","link":"https:\/\/darkamazi.info\/archives\/1047880","title":{"rendered":"Serok Barzan\u00ee: Rola jin\u00ean Kurd qet ji ya m\u00earan k\u00eamtir neb\u00fb"},"content":{"rendered":"<h3 style=\"text-align: justify\"><span style=\"font-family: 'arial black', sans-serif\">Yekem Konferansa Jin\u00ean Kurdistan\u00ea \u00eero 13\u00ea N\u00eesan\u00ea li Hewl\u00ear\u00ea bi be\u015fdariya Serok Mes\u00fbd Barzan\u00ee \u00fb C\u00eegir\u00ea Serok\u00ea Partiya Demokrat a Kurdistan\u00ea (PDK) Mesr\u00fbr Barzan\u00ee dest p\u00ea kir.<\/span><\/h3>\n<h3 style=\"text-align: justify\">Serok Barzan\u00ee gotarek di konferans\u00ea de p\u00ea\u015fk\u00ea\u015f kir \u00fb t\u00ea de got: \u201cXwi\u015fk \u00fb ke\u00e7\u00ean h\u00eaja, ez gelek k\u00eafxwe\u015f im ku \u00eero di konferansa yekem a bi v\u00ee reng\u00ee de tevl\u00ee we dibim. Ez h\u00eav\u00ee dikim ku encam d\u00ea li gor\u00ee h\u00eaviy\u00ean me hem\u00fbyan be. Bila ev ji bo p\u00ea\u015feroj\u00ea bibe destp\u00eakek. Ev \u00e7alakiyek pir guncay\u00ee \u00fb di cih\u00ea xwe de ye \u00fb h\u00eav\u00eedar im d\u00ea serkeft\u00ee be.\u201d<\/h3>\n<h3 style=\"text-align: justify\">Serok Barzan\u00ee got j\u00ee: \u201cEz dixwazim dubare bikim ku rola jin\u00ean Kurd qet ji ya m\u00earan k\u00eamtir neb\u00fbye, heke ne z\u00eadetir be j\u00ee. Wan di \u015eore\u015fa \u00celon\u00ea, \u015eore\u015fa Gulan\u00ea \u00fb di \u015fer\u00ea li dij\u00ee DAI\u015e\u00ea de, roleke pir gir\u00eeng l\u00eestin. Ew dayik, mamoste \u00fb cotkarek b\u00fb. Ew\u00ea ji tirsa bombebarana asman\u00ee ya li ser gund\u00ea w\u00ea, ne\u00e7ar ma ku sibeh\u00ea z\u00fb zarok\u00ean xwe rake, wan bibe bin kevirek\u00ee an j\u00ee \u015fikeftek\u00ea. Gelek caran dayik di zarok\u00ea xwe re j\u00ee \u015feh\u00eed b\u00fbye.\u201d<\/h3>\n<h3 style=\"text-align: justify\">Herwiha got: \u201cNan\u00ea P\u00ea\u015fmergeyan d\u00eesa li ser jin\u00ean Kurd b\u00fb. P\u00ea\u015fmergeyek\u00ee ku li berey\u00ea \u015fer b\u00fb, pi\u015ftrast b\u00fb ku d\u00ea, hevj\u00een an xwi\u015fka w\u00ee li zarok\u00ean w\u00ee din\u00earin \u00fb nan\u00ea wan d\u00eesa misoger e. Ji ber v\u00ea yek\u00ea, derbar\u00ea jin\u00ean Kurd de hindik ti\u015ft hene ku div\u00ea werin gotin. Gelek m\u00eenak\u00ean \u015eore\u015fa Gulan\u00ea hene, wek Dayika Am\u00eena, Dayika Hal\u00eeme \u00fb Dayika Ay\u015fe. Di \u015fer\u00ea li dij\u00ee DAI\u015e\u00ea de, ke\u00e7\u00ean me ewqas w\u00earek b\u00fbn ku ew ji bo me \u00e7avkaniya serbilindiy\u00ea b\u00fbn. Wan bi xwe \u00e7end caran \u015fer kir, yan j\u00ee dema DAI\u015e\u00ea \u00ear\u00ee\u015f\u00ee cih\u00ea ku ew l\u00ea b\u00fbn kir, wan bi qehreman\u00ee \u015fer kir.\u201d<\/h3>\n<h3 style=\"text-align: justify\">Serok Barzan\u00ee got: \u201cEz gelek k\u00eafxwe\u015f im ku dib\u00eenim hejmareke mezin ji jinan di zan\u00eengeh, peymangeh, gelek war\u00ean din \u00fb gelek dever\u00ean din de roleke gir\u00eeng dil\u00eezin. Div\u00ea jin\u00ean Kurd di hem\u00fb waran de rola xwe bil\u00eezin. Silogana we ya konferans\u00ea pir ciwan in (Em \u00ea bi \u015fiyan\u00ean xwe p\u00ea\u015feroj\u00ea ava bikin). Ez j\u00ee ji re dib\u00eajim, bi \u015fiyan\u00ean xwe p\u00ea\u015feroj\u00ea ava bikin \u00fb em \u00ea pi\u015ftgiriy\u00ea bidin we.\u201d<\/h3>\n<h3 style=\"text-align: justify\">Amaje bi w\u00ea j\u00ee kir, \u201cCara yekem li Iraq\u00ea jinek hat bidavekirin, ke\u00e7a Kurd Leyla Qasim ku b\u00fb sembola t\u00eako\u015f\u00een, berxwedan \u00fb berdewamiy\u00ea. Ew \u00e7\u00fbn cem w\u00ea \u00fb j\u00ea re gotin ku nameyek\u00ea ji Ehmed Hesen Bekir re biniv\u00eese \u00fb l\u00eabor\u00een\u00ea bixwaze. W\u00ea ji wan re got: \u2018H\u00fbn ji w\u00ea k\u00eamtir in ku ez nameyeke l\u00eabor\u00een\u00ea ji we re biniv\u00eesim. Ez \u00ea ji gel\u00ea xwe l\u00eabor\u00een\u00ea bixwazim\u2019. Nim\u00fbney\u00ean jin\u00ean Kurd gelek in. Bi rast\u00ee, ev P\u00ea\u015fmergey\u00ean qehreman perwerdehiya wan \u015f\u00earejinan b\u00fbn.\u201d<\/h3>\n<h3 style=\"text-align: justify\">Serok Barzan\u00ee dib\u00eaje: \u201cNiha erk\u00ea we y\u00ea mezin \u00fb p\u00eeroz heye ku h\u00fbn v\u00ee nif\u015f\u00ea n\u00fb perwerde bikin. Mixabin, dijmin\u00ean gel\u00ea Kurdistan\u00ea gelek hewl dane ku ciwan\u00ean me bixap\u00eenin. Eger mirov ji bo gel \u00fb welat\u00ea xwe wefadar nebe, ew q\u00eemeta xwe winda dike. \u015eer\u00ea ku wan bi v\u00ee reng\u00ee li dij\u00ee me kir, ji \u015fer\u00ea tank, balafir, \u00e7ek\u00ean k\u00eemyew\u00ee \u00fb heta Enfal\u00ea j\u00ee pir xeternaktir \u00fb mezintir b\u00fb.\u201d<\/h3>\n<h3 style=\"text-align: justify\">Serok Barzan\u00ee di be\u015feke din a gotara xwe de got: \u201cDerbar\u00ea gir\u00eengiya jinan \u00fb maf\u00ean jinan de, ew ji bo me pir p\u00eeroz e, ji ber ku 120 sal ber\u00ea, \u015e\u00eax\u00ea \u015eeh\u00eed, \u015e\u00eax\u00ea Mezin, \u015e\u00eax Ebdulselam Barzan\u00ee y\u00ea nemir \u00fb pi\u015ft\u00ee w\u00ee \u015e\u00eax Ehmed berdewam b\u00fbn ku div\u00ea maf\u00ean jinan werin parastin.\u201d<\/h3>\n<h3 style=\"text-align: justify\">Desn\u00ee\u015fan kir j\u00ee, \u201cSib\u00ea Roja Enfal\u00ea ye. Bi sedan, heke ne bi hezaran be, dayik \u00fb zarok bi zind\u00ee hatin binaxkirin. Em giyan\u00ea wan hem\u00fb \u015feh\u00eedan, bi taybet\u00ee j\u00ee y\u00ean dayik\u00ean ku bi zarok\u00ean xwe re zind\u00ee hatine binaxkirin, silav dikin. Di gor\u00ean bikom\u00ee y\u00ean hatine d\u00eetin de, me \u00e7end caran d\u00eetiye ku dayik \u00fb zarok bi hev re hatine \u015feh\u00eedkirin.\u201d<\/h3>\n<h3 style=\"text-align: justify\">Serok Barzan\u00ee got: \u201cYa gir\u00eeng, div\u00ea t\u00eako\u015f\u00een berdewam be, div\u00ea em xwe ne\u00e7em\u00eenin, div\u00ea her der\u00ee \u00fb her derfet ji bo jinan were vekirin, da ku rola xwe ba\u015f bil\u00eezin. Ez pi\u015ftrast im ku h\u00fbn j\u00ee dikarin rola xwe bil\u00eezin. Ez dixwazim dubare bikim ku div\u00ea h\u00fbn dir\u00fb\u015fmeya xwe bic\u00eeh b\u00eenin \u00fb em \u00ea bi hem\u00fb h\u00eaza xwe li pi\u015ft we bin.\u201d<\/h3>\n","protected":false},"excerpt":{"rendered":"<p>Yekem Konferansa Jin\u00ean Kurdistan\u00ea \u00eero 13\u00ea N\u00eesan\u00ea li Hewl\u00ear\u00ea bi be\u015fdariya Serok Mes\u00fbd Barzan\u00ee \u00fb C\u00eegir\u00ea Serok\u00ea Partiya Demokrat a Kurdistan\u00ea (PDK) Mesr\u00fbr Barzan\u00ee dest p\u00ea kir. Serok Barzan\u00ee gotarek di konferans\u00ea de p\u00ea\u015fk\u00ea\u015f kir \u00fb t\u00ea de got: \u201cXwi\u015fk \u00fb ke\u00e7\u00ean h\u00eaja, ez gelek k\u00eafxwe\u015f im ku \u00eero di konferansa yekem a bi v\u00ee [&hellip;]<\/p>\n","protected":false},"author":2,"featured_media":1047881,"comment_status":"closed","ping_status":"closed","sticky":false,"template":"","format":"standard","meta":{"footnotes":""},"categories":[29],"tags":[37],"class_list":["post-1047880","post","type-post","status-publish","format-standard","has-post-thumbnail","hentry","category-kurdistan","tag-sereke"],"blocksy_meta":[],"seo_head":"<!-- This site is optimized with the Yoast SEO plugin v27.5 - https:\/\/yoast.com\/product\/yoast-seo-wordpress\/ -->\n<title>Serok Barzan\u00ee: Rola jin\u00ean Kurd qet ji ya m\u00earan k\u00eamtir neb\u00fb - Darka Maz\u00ee<\/title>\n<meta name=\"robots\" content=\"index, follow, max-snippet:-1, max-image-preview:large, max-video-preview:-1\" \/>\n<link rel=\"canonical\" href=\"https:\/\/darkamazi.info\/archives\/1047880\" \/>\n<meta property=\"og:locale\" content=\"en_US\" \/>\n<meta property=\"og:type\" content=\"article\" \/>\n<meta property=\"og:title\" content=\"Serok Barzan\u00ee: Rola jin\u00ean Kurd qet ji ya m\u00earan k\u00eamtir neb\u00fb - Darka Maz\u00ee\" \/>\n<meta property=\"og:description\" content=\"Yekem Konferansa Jin\u00ean Kurdistan\u00ea \u00eero 13\u00ea N\u00eesan\u00ea li Hewl\u00ear\u00ea bi be\u015fdariya Serok Mes\u00fbd Barzan\u00ee \u00fb C\u00eegir\u00ea Serok\u00ea Partiya Demokrat a Kurdistan\u00ea (PDK) Mesr\u00fbr Barzan\u00ee dest p\u00ea kir. Serok Barzan\u00ee gotarek di konferans\u00ea de p\u00ea\u015fk\u00ea\u015f kir \u00fb t\u00ea de got: \u201cXwi\u015fk \u00fb ke\u00e7\u00ean h\u00eaja, ez gelek k\u00eafxwe\u015f im ku \u00eero di konferansa yekem a bi v\u00ee [&hellip;]\" \/>\n<meta property=\"og:url\" content=\"https:\/\/darkamazi.info\/archives\/1047880\" \/>\n<meta property=\"og:site_name\" content=\"Darka Maz\u00ee\" \/>\n<meta property=\"article:publisher\" content=\"https:\/\/www.facebook.com\/DarMaziKurmanci\" \/>\n<meta property=\"article:published_time\" content=\"2025-04-13T09:39:12+00:00\" \/>\n<meta property=\"og:image\" content=\"https:\/\/darkamazi.info\/file\/2025\/04\/serok-barzani.jpg\" \/>\n\t<meta property=\"og:image:width\" content=\"900\" \/>\n\t<meta property=\"og:image:height\" content=\"497\" \/>\n\t<meta property=\"og:image:type\" content=\"image\/jpeg\" \/>\n<meta name=\"author\" content=\"darka mazi\" \/>\n<meta name=\"twitter:card\" content=\"summary_large_image\" \/>\n<meta name=\"twitter:creator\" content=\"@DarkaMaziLatini\" \/>\n<meta name=\"twitter:site\" content=\"@DarkaMaziLatini\" \/>\n<meta name=\"twitter:label1\" content=\"Written by\" \/>\n\t<meta name=\"twitter:data1\" content=\"darka mazi\" \/>\n\t<meta name=\"twitter:label2\" content=\"Est. reading time\" \/>\n\t<meta name=\"twitter:data2\" content=\"4 minutes\" \/>\n<script type=\"application\/ld+json\" class=\"seo-schema-graph\">{\"@context\":\"https:\\\/\\\/schema.org\",\"@graph\":[{\"@type\":\"Article\",\"@id\":\"https:\\\/\\\/darkamazi.info\\\/archives\\\/1047880#article\",\"isPartOf\":{\"@id\":\"https:\\\/\\\/darkamazi.info\\\/archives\\\/1047880\"},\"author\":{\"name\":\"darka mazi\",\"@id\":\"https:\\\/\\\/darkamazi.info\\\/#\\\/schema\\\/person\\\/5ad3e24553a0567993fa8ed4bd0a776c\"},\"headline\":\"Serok Barzan\u00ee: Rola jin\u00ean Kurd qet ji ya m\u00earan k\u00eamtir neb\u00fb\",\"datePublished\":\"2025-04-13T09:39:12+00:00\",\"mainEntityOfPage\":{\"@id\":\"https:\\\/\\\/darkamazi.info\\\/archives\\\/1047880\"},\"wordCount\":790,\"publisher\":{\"@id\":\"https:\\\/\\\/darkamazi.info\\\/#organization\"},\"image\":{\"@id\":\"https:\\\/\\\/darkamazi.info\\\/archives\\\/1047880#primaryimage\"},\"thumbnailUrl\":\"https:\\\/\\\/darkamazi.info\\\/darka-content\\\/uploads\\\/2025\\\/04\\\/serok-barzani.jpg\",\"keywords\":[\"sereke\"],\"articleSection\":[\"Kurdistan\"],\"inLanguage\":\"en-US\"},{\"@type\":\"WebPage\",\"@id\":\"https:\\\/\\\/darkamazi.info\\\/archives\\\/1047880\",\"url\":\"https:\\\/\\\/darkamazi.info\\\/archives\\\/1047880\",\"name\":\"Serok Barzan\u00ee: Rola jin\u00ean Kurd qet ji ya m\u00earan k\u00eamtir neb\u00fb - Darka Maz\u00ee\",\"isPartOf\":{\"@id\":\"https:\\\/\\\/darkamazi.info\\\/#website\"},\"primaryImageOfPage\":{\"@id\":\"https:\\\/\\\/darkamazi.info\\\/archives\\\/1047880#primaryimage\"},\"image\":{\"@id\":\"https:\\\/\\\/darkamazi.info\\\/archives\\\/1047880#primaryimage\"},\"thumbnailUrl\":\"https:\\\/\\\/darkamazi.info\\\/darka-content\\\/uploads\\\/2025\\\/04\\\/serok-barzani.jpg\",\"datePublished\":\"2025-04-13T09:39:12+00:00\",\"breadcrumb\":{\"@id\":\"https:\\\/\\\/darkamazi.info\\\/archives\\\/1047880#breadcrumb\"},\"inLanguage\":\"en-US\",\"potentialAction\":[{\"@type\":\"ReadAction\",\"target\":[\"https:\\\/\\\/darkamazi.info\\\/archives\\\/1047880\"]}]},{\"@type\":\"ImageObject\",\"inLanguage\":\"en-US\",\"@id\":\"https:\\\/\\\/darkamazi.info\\\/archives\\\/1047880#primaryimage\",\"url\":\"https:\\\/\\\/darkamazi.info\\\/darka-content\\\/uploads\\\/2025\\\/04\\\/serok-barzani.jpg\",\"contentUrl\":\"https:\\\/\\\/darkamazi.info\\\/darka-content\\\/uploads\\\/2025\\\/04\\\/serok-barzani.jpg\",\"width\":900,\"height\":497,\"caption\":\"Serok Barzan\u00ee: Rola jin\u00ean Kurd qet ji ya m\u00earan k\u00eamtir neb\u00fb\"},{\"@type\":\"BreadcrumbList\",\"@id\":\"https:\\\/\\\/darkamazi.info\\\/archives\\\/1047880#breadcrumb\",\"itemListElement\":[{\"@type\":\"ListItem\",\"position\":1,\"name\":\"Home\",\"item\":\"https:\\\/\\\/darkamazi.info\\\/\"},{\"@type\":\"ListItem\",\"position\":2,\"name\":\"Serok Barzan\u00ee: Rola jin\u00ean Kurd qet ji ya m\u00earan k\u00eamtir neb\u00fb\"}]},{\"@type\":\"WebSite\",\"@id\":\"https:\\\/\\\/darkamazi.info\\\/#website\",\"url\":\"https:\\\/\\\/darkamazi.info\\\/\",\"name\":\"Darka Maz\u00ee\",\"description\":\"P\u00eageha Zanyariy\u00ean Nebih\u00eest\u00ee\",\"publisher\":{\"@id\":\"https:\\\/\\\/darkamazi.info\\\/#organization\"},\"potentialAction\":[{\"@type\":\"SearchAction\",\"target\":{\"@type\":\"EntryPoint\",\"urlTemplate\":\"https:\\\/\\\/darkamazi.info\\\/?s={search_term_string}\"},\"query-input\":{\"@type\":\"PropertyValueSpecification\",\"valueRequired\":true,\"valueName\":\"search_term_string\"}}],\"inLanguage\":\"en-US\"},{\"@type\":\"Organization\",\"@id\":\"https:\\\/\\\/darkamazi.info\\\/#organization\",\"name\":\"Darka Maz\u00ee\",\"url\":\"https:\\\/\\\/darkamazi.info\\\/\",\"logo\":{\"@type\":\"ImageObject\",\"inLanguage\":\"en-US\",\"@id\":\"https:\\\/\\\/darkamazi.info\\\/#\\\/schema\\\/logo\\\/image\\\/\",\"url\":\"https:\\\/\\\/darkamazi.info\\\/darka-content\\\/uploads\\\/2017\\\/12\\\/darka-mazi-logo.png\",\"contentUrl\":\"https:\\\/\\\/darkamazi.info\\\/darka-content\\\/uploads\\\/2017\\\/12\\\/darka-mazi-logo.png\",\"width\":151,\"height\":75,\"caption\":\"Darka Maz\u00ee\"},\"image\":{\"@id\":\"https:\\\/\\\/darkamazi.info\\\/#\\\/schema\\\/logo\\\/image\\\/\"},\"sameAs\":[\"https:\\\/\\\/www.facebook.com\\\/DarMaziKurmanci\",\"https:\\\/\\\/x.com\\\/DarkaMaziLatini\",\"https:\\\/\\\/www.instagram.com\\\/darkamazi.kurmanci\\\/\",\"https:\\\/\\\/www.youtube.com\\\/channel\\\/UCa5HkTdmI8U1qCUFuTw8B2g\"]},{\"@type\":\"Person\",\"@id\":\"https:\\\/\\\/darkamazi.info\\\/#\\\/schema\\\/person\\\/5ad3e24553a0567993fa8ed4bd0a776c\",\"name\":\"darka mazi\",\"sameAs\":[\"https:\\\/\\\/darkamazi.info\\\/\"],\"url\":\"https:\\\/\\\/darkamazi.info\\\/archives\\\/author\\\/kurdi\"}]}<\/script>\n<!-- \/ Yoast SEO plugin. -->","seo_head_json":{"title":"Serok Barzan\u00ee: Rola jin\u00ean Kurd qet ji ya m\u00earan k\u00eamtir neb\u00fb - Darka Maz\u00ee","robots":{"index":"index","follow":"follow","max-snippet":"max-snippet:-1","max-image-preview":"max-image-preview:large","max-video-preview":"max-video-preview:-1"},"canonical":"https:\/\/darkamazi.info\/archives\/1047880","og_locale":"en_US","og_type":"article","og_title":"Serok Barzan\u00ee: Rola jin\u00ean Kurd qet ji ya m\u00earan k\u00eamtir neb\u00fb - Darka Maz\u00ee","og_description":"Yekem Konferansa Jin\u00ean Kurdistan\u00ea \u00eero 13\u00ea N\u00eesan\u00ea li Hewl\u00ear\u00ea bi be\u015fdariya Serok Mes\u00fbd Barzan\u00ee \u00fb C\u00eegir\u00ea Serok\u00ea Partiya Demokrat a Kurdistan\u00ea (PDK) Mesr\u00fbr Barzan\u00ee dest p\u00ea kir. Serok Barzan\u00ee gotarek di konferans\u00ea de p\u00ea\u015fk\u00ea\u015f kir \u00fb t\u00ea de got: \u201cXwi\u015fk \u00fb ke\u00e7\u00ean h\u00eaja, ez gelek k\u00eafxwe\u015f im ku \u00eero di konferansa yekem a bi v\u00ee [&hellip;]","og_url":"https:\/\/darkamazi.info\/archives\/1047880","og_site_name":"Darka Maz\u00ee","article_publisher":"https:\/\/www.facebook.com\/DarMaziKurmanci","article_published_time":"2025-04-13T09:39:12+00:00","og_image":[{"width":900,"height":497,"url":"https:\/\/darkamazi.info\/file\/2025\/04\/serok-barzani.jpg","type":"image\/jpeg"}],"author":"darka mazi","twitter_card":"summary_large_image","twitter_creator":"@DarkaMaziLatini","twitter_site":"@DarkaMaziLatini","twitter_misc":{"Written by":"darka mazi","Est. reading time":"4 minutes"},"schema":{"@context":"https:\/\/schema.org","@graph":[{"@type":"Article","@id":"https:\/\/darkamazi.info\/archives\/1047880#article","isPartOf":{"@id":"https:\/\/darkamazi.info\/archives\/1047880"},"author":{"name":"darka mazi","@id":"https:\/\/darkamazi.info\/#\/schema\/person\/5ad3e24553a0567993fa8ed4bd0a776c"},"headline":"Serok Barzan\u00ee: Rola jin\u00ean Kurd qet ji ya m\u00earan k\u00eamtir neb\u00fb","datePublished":"2025-04-13T09:39:12+00:00","mainEntityOfPage":{"@id":"https:\/\/darkamazi.info\/archives\/1047880"},"wordCount":790,"publisher":{"@id":"https:\/\/darkamazi.info\/#organization"},"image":{"@id":"https:\/\/darkamazi.info\/archives\/1047880#primaryimage"},"thumbnailUrl":"https:\/\/darkamazi.info\/file\/2025\/04\/serok-barzani.jpg","keywords":["sereke"],"articleSection":["Kurdistan"],"inLanguage":"en-US"},{"@type":"WebPage","@id":"https:\/\/darkamazi.info\/archives\/1047880","url":"https:\/\/darkamazi.info\/archives\/1047880","name":"Serok Barzan\u00ee: Rola jin\u00ean Kurd qet ji ya m\u00earan k\u00eamtir neb\u00fb - Darka Maz\u00ee","isPartOf":{"@id":"https:\/\/darkamazi.info\/#website"},"primaryImageOfPage":{"@id":"https:\/\/darkamazi.info\/archives\/1047880#primaryimage"},"image":{"@id":"https:\/\/darkamazi.info\/archives\/1047880#primaryimage"},"thumbnailUrl":"https:\/\/darkamazi.info\/file\/2025\/04\/serok-barzani.jpg","datePublished":"2025-04-13T09:39:12+00:00","breadcrumb":{"@id":"https:\/\/darkamazi.info\/archives\/1047880#breadcrumb"},"inLanguage":"en-US","potentialAction":[{"@type":"ReadAction","target":["https:\/\/darkamazi.info\/archives\/1047880"]}]},{"@type":"ImageObject","inLanguage":"en-US","@id":"https:\/\/darkamazi.info\/archives\/1047880#primaryimage","url":"https:\/\/darkamazi.info\/file\/2025\/04\/serok-barzani.jpg","contentUrl":"https:\/\/darkamazi.info\/file\/2025\/04\/serok-barzani.jpg","width":900,"height":497,"caption":"Serok Barzan\u00ee: Rola jin\u00ean Kurd qet ji ya m\u00earan k\u00eamtir neb\u00fb"},{"@type":"BreadcrumbList","@id":"https:\/\/darkamazi.info\/archives\/1047880#breadcrumb","itemListElement":[{"@type":"ListItem","position":1,"name":"Home","item":"https:\/\/darkamazi.info\/"},{"@type":"ListItem","position":2,"name":"Serok Barzan\u00ee: Rola jin\u00ean Kurd qet ji ya m\u00earan k\u00eamtir neb\u00fb"}]},{"@type":"WebSite","@id":"https:\/\/darkamazi.info\/#website","url":"https:\/\/darkamazi.info\/","name":"Darka Maz\u00ee","description":"P\u00eageha Zanyariy\u00ean Nebih\u00eest\u00ee","publisher":{"@id":"https:\/\/darkamazi.info\/#organization"},"potentialAction":[{"@type":"SearchAction","target":{"@type":"EntryPoint","urlTemplate":"https:\/\/darkamazi.info\/?s={search_term_string}"},"query-input":{"@type":"PropertyValueSpecification","valueRequired":true,"valueName":"search_term_string"}}],"inLanguage":"en-US"},{"@type":"Organization","@id":"https:\/\/darkamazi.info\/#organization","name":"Darka Maz\u00ee","url":"https:\/\/darkamazi.info\/","logo":{"@type":"ImageObject","inLanguage":"en-US","@id":"https:\/\/darkamazi.info\/#\/schema\/logo\/image\/","url":"https:\/\/darkamazi.info\/file\/2017\/12\/darka-mazi-logo.png","contentUrl":"https:\/\/darkamazi.info\/file\/2017\/12\/darka-mazi-logo.png","width":151,"height":75,"caption":"Darka Maz\u00ee"},"image":{"@id":"https:\/\/darkamazi.info\/#\/schema\/logo\/image\/"},"sameAs":["https:\/\/www.facebook.com\/DarMaziKurmanci","https:\/\/x.com\/DarkaMaziLatini","https:\/\/www.instagram.com\/darkamazi.kurmanci\/","https:\/\/www.youtube.com\/channel\/UCa5HkTdmI8U1qCUFuTw8B2g"]},{"@type":"Person","@id":"https:\/\/darkamazi.info\/#\/schema\/person\/5ad3e24553a0567993fa8ed4bd0a776c","name":"darka mazi","sameAs":["https:\/\/darkamazi.info\/"],"url":"https:\/\/darkamazi.info\/archives\/author\/kurdi"}]}},"_links":{"self":[{"href":"https:\/\/darkamazi.info\/funavuv\/wp\/v2\/posts\/1047880","targetHints":{"allow":["GET"]}}],"collection":[{"href":"https:\/\/darkamazi.info\/funavuv\/wp\/v2\/posts"}],"about":[{"href":"https:\/\/darkamazi.info\/funavuv\/wp\/v2\/types\/post"}],"author":[{"embeddable":true,"href":"https:\/\/darkamazi.info\/funavuv\/wp\/v2\/users\/2"}],"replies":[{"embeddable":true,"href":"https:\/\/darkamazi.info\/funavuv\/wp\/v2\/comments?post=1047880"}],"version-history":[{"count":0,"href":"https:\/\/darkamazi.info\/funavuv\/wp\/v2\/posts\/1047880\/revisions"}],"wp:featuredmedia":[{"embeddable":true,"href":"https:\/\/darkamazi.info\/funavuv\/wp\/v2\/media\/1047881"}],"wp:attachment":[{"href":"https:\/\/darkamazi.info\/funavuv\/wp\/v2\/media?parent=1047880"}],"wp:term":[{"taxonomy":"category","embeddable":true,"href":"https:\/\/darkamazi.info\/funavuv\/wp\/v2\/categories?post=1047880"},{"taxonomy":"post_tag","embeddable":true,"href":"https:\/\/darkamazi.info\/funavuv\/wp\/v2\/tags?post=1047880"}],"curies":[{"name":"wp","href":"https:\/\/api.w.org\/{rel}","templated":true}]}}