{"id":1047979,"date":"2025-04-20T13:35:13","date_gmt":"2025-04-20T10:35:13","guid":{"rendered":"https:\/\/darkamazi.info\/?p=1047979"},"modified":"2025-04-20T13:35:13","modified_gmt":"2025-04-20T10:35:13","slug":"analizeke-kurt-li-ser-pkk","status":"publish","type":"post","link":"https:\/\/darkamazi.info\/archives\/1047979","title":{"rendered":"Anal\u00eezeke kurt li ser PKK"},"content":{"rendered":"<h3 style=\"text-align: justify\"><span style=\"font-family: 'arial black', sans-serif;color: #0000ff\">B\u00fbb\u00ea Eser<\/span><\/h3>\n<h3 style=\"text-align: justify\"><span style=\"font-family: 'arial black', sans-serif\">Ji roja pkk hate damezrandin ango damezirandin, gotin: &#8220;hem\u00fb r\u00eaxistin\u00ean kurd y\u00ean hene li hember\u00ee me asteng in&#8221; \u00fb li gor v\u00ea tesp\u00eet\u00ea destp\u00ea kirin \u00ear\u00ee\u015f\u00ee hem\u00ee r\u00eaxistin\u00ean ku ber\u00ee wan heb\u00fbn. Wan bi v\u00ea kiryara xwe ya di destp\u00eak\u00ea de hema hema ji hem\u00ee r\u00eaxistin\u00ean welatpar\u00eaz kes \u00fb kesayet\u00ee ku\u015ftin.<\/span><\/h3>\n<h3 style=\"text-align: justify\">D\u00fbre pkk bi v\u00ea nehat ser \u00fb \u00eecar gotin: &#8220;Hem\u00ee feodal\u00ean kurd li hember \u015fore\u015f\u00ea astengin div\u00ea em ber\u00ea wan ji hol\u00ea rakin&#8221; \u00fb dest bi ku\u015ftina axay\u00ean kurdistan\u00ea ser \u00fb ber kirin. Nefikir\u00een negotin; &#8220;ev welatpar\u00eaze, v\u00ee bi salan ji bona doza gel\u00ea xwe kar kir\u00ee ye \u00fbhwd&#8221;.<\/h3>\n<h3 style=\"text-align: justify\">Bi daxwaza Kurdistaneke azad, sosyal\u00eest \u00fb serbixwe dest bi qa\u015fo \u015fer\u00ea \u00e7ekdar\u00ee kirin. \u00c7ih \u00fb war\u00ea lesker\u00ean tirkan ku nikar\u00eeb\u00fbn biketan\u00ea, wan derana hem\u00ee ji wan re vekirin. Axa \u00fb beg\u00ean Kurd ku tu caran ser\u00ee li ber hukumet\u00ea danan\u00eeb\u00fbn, kirin par\u00eazger.<\/h3>\n<h3 style=\"text-align: justify\">Ji ber ku wan axaler \u00fb beglerin kurd y\u00ean welapar\u00eaz, weha dizan\u00eeb\u00fbn ku ev pkk ya derketiye w\u00ea ji bona gel\u00ea xwe kar bike. Loma di nava xwe de cih da wan. Dema nig\u00ea pkk li ba wan saxlem b\u00fb \u00fb r\u00fbni\u015ft, v\u00ea car\u00ea pkk di nava e\u015f\u00eer \u00fb \u00eal\u00ean Kurd de dest bi fesadiy\u00ea kirin. Hin gund\u00ee ku\u015ftin, xistin hustiy\u00ea hin\u00ean din. Mal \u00fb zad\u00ea hinan \u015fewitandin ew j\u00ee xistin hustiy\u00ean hin\u00ean din. \u00db bi v\u00ea yek\u00ea nakokiy\u00ean mezin xistin nava wan es\u00eer\u00ean cih dab\u00fbn wan.<\/h3>\n<h3 style=\"text-align: justify\">Dema cih\u00ea xwe saxlem \u00fb xwe bi h\u00eaz kirin, hin ji \u00eal \u00fb e\u015f\u00eer kirin aliy\u00ea xwe. V\u00eaca ji n\u00fb de gotin; &#8220;Div\u00ea em axat\u00ee \u00fb e\u015f\u00eertiy\u00ea rakin. Vana li hember\u00ee doza Kurd xeterin&#8221;. Destp\u00eakirin ji \u00eal \u00fb e\u015f\u00eeran kes \u00fb kesatey\u00ee ku\u015ftin. R\u00ea vekirin ew le\u015fker\u00ean ku bi salan nikar\u00eeb\u00fbn bikevin nava wan, bi saya pkk ketin nava wan, cih \u00fb war\u00ean wan naskirin, Ji al\u00eek\u00ee de dewlet \u00fb ji al\u00eek\u00eede pkk li wan b\u00fbn agir. V\u00ea car\u00ea dewlet\u00ea ji wan re got: &#8220;Ya h\u00fbn\u00ea bibin par\u00eazger ya j\u00ee h\u00fbn\u00ea bibin pkk, tercih ya we ye&#8221;. \u00cal \u00fb es\u00eer li hev r\u00fbnistin, bi hevre \u015f\u00eawirin, gotin ka em \u00e7i bikin?<\/h3>\n<h3 style=\"text-align: justify\">Ji bona mal\u00ea wan t\u00eak nere, zar \u00fb z\u00eac\u00ean wan bi ser r\u00eaya nekevin \u00fb per\u00ee\u015fan nebim. Gotin ba\u015f e, em \u00ea bibin par\u00eazger. K\u00eafa dewlet\u00ea \u00fb pkk ji v\u00ea yek\u00ea re hat ku wan ew \u00eal \u00fb es\u00eer\u00ean bi dehan salan tu ti\u015ftek\u00ee dewlet\u00ea li ser xwe ferz nedikirin, heta le\u015fker\u00ee j\u00ee nedikirin, mecb\u00fbr man bi saya pkk b\u00fbne par\u00eazger ango koroc\u00ee.<\/h3>\n<h3 style=\"text-align: justify\">V\u00ea haceteke ba\u015f xiste dest\u00ea pkk da ku li her derek\u00ea b\u00eajin; aha bin\u00earin vana b\u00fbne koroc\u00ee, rahi\u015ftin \u00e7ek\u00ean dewlet\u00ea w\u00ea li hember me \u00fb li hember kurdan \u015fer bikin. Ji ber ku kurdan bi salan zilm \u00fb \u00ea\u015fkenc\u00ean dewlet\u00ea dit\u00eeb\u00fbn, y\u00ean ev rast\u00ee f\u00eam nekirin hem\u00ee li dij w\u00ea ango wan \u00eal \u00fb \u00ea\u015f\u00eeran derketin. Bi p\u00ea\u015fk\u00ea\u015fiya pkk kurdan \u00ead\u00ee li hember hev dest bi \u015fer\u00ea birakuji kirin.<\/h3>\n<h3 style=\"text-align: justify\">Bi saya \u015fer\u00ea pkk li bakur\u00ea kurdistan\u00ea agir bi her derek\u00ea ket. Ter \u00fb hi\u015fk bi hevre \u015fewitandin. Agir\u00ea li kurdistan\u00ea g\u00fbr b\u00fb, w\u00earan\u00ee, ku\u015ftin \u00fb ko\u00e7ber\u00ee ji bona kurdan an\u00ee.<\/h3>\n<h3 style=\"text-align: justify\">Bi saya van l\u00eestik\u00ean pkk n\u00eaz\u00ee \u00e7ar hezar gund hatin valakirin \u00fb bi qas\u00ee \u015fe\u015f milyon kurd reviyan nava tirkan li bajar\u00ean wan bi rezaletiyeke mezin bi cih b\u00fbn. Her ku kurd hatin ku\u015ftin pkk j\u00ee xurtir dib\u00fb, her ku kurd ko\u00e7ber dib\u00fbn, pkk dewlementir dib\u00fb \u00fb bi v\u00ee away\u00ee h\u00eajayiyek kurdan li ku heb\u00fb bi dest\u00ea pkk hate hilwe\u015fand \u00fb xerabkirin\u00ea.<\/h3>\n<h3 style=\"text-align: justify\">Pi\u015ft\u00ee ku ba\u015f\u00fbr\u00ea kurdisan\u00ea di sala 1991\u00ea de hate azadkirin, ev yeka gelek\u00ee bi zora pkk de \u00e7\u00fb. Loma her gotin ku ew ango ba\u015f\u00fbr Kurdistan\u00ea di pi\u015fta ereban de weke kelemek\u00ea ye. Div\u00ea em w\u00ea kelem\u00ea rakin. Loma wan di sala 1992an de li hember\u00ee azadiya ba\u015f\u00fbr\u00ea kurdistan\u00ea \u015ferek\u00ee b\u00ea aman dan, l\u00ea bi serneketin \u00fb veki\u015fiyan koza ango qandila ku kes nizani ji teref k\u00ea de dihat parastin\u00ea.<\/h3>\n<h3 style=\"text-align: justify\">V\u00ea car\u00ea tade \u00fb zilmeke mezin li gundiy\u00ean der dora qand\u00eel\u00ea kirin. Gund\u00ee mecb\u00fbr man gund \u00fb mal\u00ean xwe hi\u015ftin \u00fb berbi nava kurdistana azad de reviyan. PKK bi v\u00ea j\u00ee nehat ser \u00fb nesek\u00een\u00ee. Ji bona ba\u015f\u00fbr\u00ea kurdistan\u00ea xurt nebe cih\u00ea nig\u00ea xwe saxlem neke, pkk v\u00ea car\u00ea ji qandil\u00ea \u00ear\u00ees\u00ee qerekol \u00fb gundiy\u00ean bakur\u00ea kurdistan\u00ea kirin. Pist\u00ee \u00ear\u00ees\u00ean xwe berbi ba\u015f\u00fbr de direviyan. Loma ev yeka j\u00ee bona le\u015fker\u00ean tirk b\u00fb hacet ku tim bikevin ba\u015f\u00fbr\u00ea kurdistan\u00ea \u00fb wir tevl\u00eehev bikin. Her weha j\u00ee kirin \u00fb gelek le\u015fker\u00ean xwe li wan derana bi cih kirin.<\/h3>\n<h3 style=\"text-align: justify\">Gelek l\u00eestik\u00ean mezin kirin da ku ba\u015f\u00fbr\u00ea kurdistan\u00ea t\u00eak bibin. L\u00ea bi tu away\u00ee bi serneketin. Her weha w\u00ee agir\u00ea azadiya ku li ba\u015f\u00fbr\u00ea Kurdistan\u00ea p\u00eak ketib\u00fb roniya xwe da temama kurdistan\u00ea. Ruhiyeta kurdewar\u00ee li her \u00e7ar per\u00e7an ji n\u00fb de z\u00eend\u00ee b\u00fb. L\u00ea mixabin ev j\u00ee ne li gor hesab \u00fb deftera pkk b\u00fb \u00fb ji n\u00fbda li gor aqilmend\u00ean xwe plan\u00ean din \u00e7\u00ea kirin da ku per\u00e7\u00ean din azad nebe.<\/h3>\n<h3 style=\"text-align: justify\">Li rojavay\u00ea kurdisan\u00ea \u00e7\u00ea kirin? niha wir ji herkes\u00ee ve diyar \u00fb e\u015fkere ye. Koban\u00ea \u00fb gelek bajar\u00ean kurdan xistin \u00e7i hal\u00ee t\u00ea zan\u00een. Xwestin kurd welat\u00ea xwe biterk\u00eenin, tade \u00fb zilm li wan kirin. Loma gelek reviyan y\u00ean man j\u00ee nikarin \u00ead\u00ee birevin \u00fb her ew j\u00ee di bin zilma pkk ango pyd man.<\/h3>\n<h3 style=\"text-align: justify\">Pi\u015ft\u00ee rojavay\u00ea kurdistan\u00ea hal kirin, xwest v\u00ea car\u00ea rojhilata kurdistan\u00ea j\u00ee xerab bikin da ku kurd \u00ead\u00ee li wir j\u00ee daw \u00fb doza azadiya gel\u00ea xwe nekin. Dema ku ji al\u00eey\u00ea pdk-\u00ceran de biryara ji n\u00fb de \u015fer\u00ea \u00e7ekdar\u00ee hate dayin, aha hema w\u00ea yek\u00ea pkk li hember\u00ee wan cepha \u015fer vekir \u00fb \u00e7end p\u00ea\u015fm\u00eargey\u00ean wan j\u00ee ku\u015ftin. L\u00ea bi saya aqilmend\u00ee \u00fb hi\u015fmendiya pdk-\u00ceran \u015fer g\u00fbr neb\u00fb \u00fb \u00ead\u00ee pkk j\u00ee nema dikarib\u00fb mudaxeley\u00ee wan bike.<\/h3>\n<h3 style=\"text-align: justify\">Dema ku pkk dest\u00ean xwe ji wir j\u00ee \u015fu\u015ft v\u00ea car\u00ea ji n\u00fbde li bakur\u00ea kurdistan\u00ea vegeriyan \u00fb gotin. &#8220;Ten\u00ea bi xerabkirina gundan \u00fb ko\u00e7kirina gundiyan mesela bakur\u00ea kurdisan\u00ea hal nabe. Dema roj b\u00ea kurd dikarin ji n\u00fbde doza gel\u00ea xwe bikin&#8221; V\u00ea car\u00ea j\u00ee ji bona \u00ead\u00ee bajar \u00fb bajarokan xerab bikin dest bi \u00e7alakiyan kirin.<\/h3>\n<h3 style=\"text-align: justify\">Xendek ango \u00e7al li bajar \u00fb bajarok\u00ean ku doza kurd l\u00ea xurt b\u00fb kolan,<\/h3>\n<h3 style=\"text-align: justify\">Ji ber vekirin ango kolana wan \u00e7al \u00fb xendekan \u00fb \u015fer\u00ea ne di berjewendiya kurdan de, kurd mecb\u00fbr man mal\u00ean xwe bih\u00ealin \u00fb birevin. Reva wan \u00fb valakirina wan bajar \u00fb bajarokan li gor dil\u00ea pkk \u00fb dewlet\u00ea b\u00fb.<\/h3>\n<h3 style=\"text-align: justify\">Niha ji ber sedema kolana wan \u00e7al \u00fb xendekan bajar\u00ean bakur\u00ea kurdistan\u00ea y\u00ean ku doza kurd, l\u00ea her\u00ee xurt b\u00fb, yek bi yek t\u00ean \u00fb hatin hilwe\u015fandin.<br \/>\nNiha mirov dikare b\u00eaje; gelo pkk tu \u00e7i dixwaz\u00ee. Daxwaza te ji bona kurd \u00fb kurdistaniyan \u00e7i ye? Bers\u00eev tuneye. Ya rast\u00ee bers\u00eev heye \u00fb ev j\u00ee valakirina kurdistan\u00ea \u00fb t\u00eakbirina doza milet\u00ea me ye.<\/h3>\n<h3 style=\"text-align: justify\">\u00c7i lazim e ku p\u00ea\u015f\u00ee li pkk b\u00ea girtin. Niha gelek\u00ee zehmet e, ji ber ku h\u00eazeke gelek\u00ee xurt niha li pi\u015fta pkk ye ku nah\u00eale \u00fb naxwaze doza gel\u00ea kurd bi p\u00ea\u015fve here.<\/h3>\n<h3 style=\"text-align: justify\">\u00c7areser\u00ee \u00e7i ye? Ew bi yekgiritina h\u00eaz\u00ean welatpar\u00eaz li bakur\u00ea kurdistan\u00ea ye. L\u00ea heta ji pkk t\u00ea ji bona ti\u015ftek\u00ee weha nebe kar dike.<\/h3>\n<h3 style=\"text-align: justify\">L\u00ea \u00e7i dema part\u00ee, r\u00eaxistin, komele, xelk, kes \u00fb kesayetiy\u00ean kurd van kiryar \u00fb b\u00fbyer\u00ean ku pkk dike \u00fb ne di berjewendiya doza kurd dene, bi e\u015fkerey\u00ee \u00fb b\u00ea tirs neb\u00eajin, w\u00ea her ev malw\u00earan\u00ee berdewam bike. Bila r\u00eaxistin\u00ean me y\u00ean bi \u00e7\u00fbk \u00fb k\u00eam h\u00eaz bi pa\u00e7an ser\u00ean xwe mezin nekin.<\/h3>\n<h3 style=\"text-align: justify\">Niha roj roja ku hem\u00ee Partiy\u00ean Kurdistan\u00ee, saz\u00ee \u00fb komeley\u00ean kurdan bibin yek ango di bin s\u00eewanek\u00ea de kar bikin, heye. Heger v\u00ea nekin bi dest\u00ea pkk welat t\u00eak dihare. Bila r\u00eaxistin\u00ean me y\u00ean ku hejmara wan bi qas\u00ee tiliy\u00ean destan e, dev ji qurretiy\u00ean xwe berdin. Ji bona \u00e7areseriya gel\u00ea kurd, div\u00ea z\u00fbtir\u00een wext\u00ea h\u00eaz\u00ean xwe bikin yek. Heger nekin yek \u201dw\u00ea herin yek bi yek\u201d. 09.01.2016<\/h3>\n","protected":false},"excerpt":{"rendered":"<p>B\u00fbb\u00ea Eser Ji roja pkk hate damezrandin ango damezirandin, gotin: &#8220;hem\u00fb r\u00eaxistin\u00ean kurd y\u00ean hene li hember\u00ee me asteng in&#8221; \u00fb li gor v\u00ea tesp\u00eet\u00ea destp\u00ea kirin \u00ear\u00ee\u015f\u00ee hem\u00ee r\u00eaxistin\u00ean ku ber\u00ee wan heb\u00fbn. Wan bi v\u00ea kiryara xwe ya di destp\u00eak\u00ea de hema hema ji hem\u00ee r\u00eaxistin\u00ean welatpar\u00eaz kes \u00fb kesayet\u00ee ku\u015ftin. D\u00fbre pkk [&hellip;]<\/p>\n","protected":false},"author":2,"featured_media":1047980,"comment_status":"closed","ping_status":"closed","sticky":false,"template":"","format":"standard","meta":{"footnotes":""},"categories":[28],"tags":[37],"class_list":["post-1047979","post","type-post","status-publish","format-standard","has-post-thumbnail","hentry","category-nerin","tag-sereke"],"blocksy_meta":[],"seo_head":"<!-- This site is optimized with the Yoast SEO plugin v27.5 - https:\/\/yoast.com\/product\/yoast-seo-wordpress\/ -->\n<title>Anal\u00eezeke kurt li ser PKK - Darka Maz\u00ee<\/title>\n<meta name=\"robots\" content=\"index, follow, max-snippet:-1, max-image-preview:large, max-video-preview:-1\" \/>\n<link rel=\"canonical\" href=\"https:\/\/darkamazi.info\/archives\/1047979\" \/>\n<meta property=\"og:locale\" content=\"en_US\" \/>\n<meta property=\"og:type\" content=\"article\" \/>\n<meta property=\"og:title\" content=\"Anal\u00eezeke kurt li ser PKK - Darka Maz\u00ee\" \/>\n<meta property=\"og:description\" content=\"B\u00fbb\u00ea Eser Ji roja pkk hate damezrandin ango damezirandin, gotin: &#8220;hem\u00fb r\u00eaxistin\u00ean kurd y\u00ean hene li hember\u00ee me asteng in&#8221; \u00fb li gor v\u00ea tesp\u00eet\u00ea destp\u00ea kirin \u00ear\u00ee\u015f\u00ee hem\u00ee r\u00eaxistin\u00ean ku ber\u00ee wan heb\u00fbn. Wan bi v\u00ea kiryara xwe ya di destp\u00eak\u00ea de hema hema ji hem\u00ee r\u00eaxistin\u00ean welatpar\u00eaz kes \u00fb kesayet\u00ee ku\u015ftin. D\u00fbre pkk [&hellip;]\" \/>\n<meta property=\"og:url\" content=\"https:\/\/darkamazi.info\/archives\/1047979\" \/>\n<meta property=\"og:site_name\" content=\"Darka Maz\u00ee\" \/>\n<meta property=\"article:publisher\" content=\"https:\/\/www.facebook.com\/DarMaziKurmanci\" \/>\n<meta property=\"article:published_time\" content=\"2025-04-20T10:35:13+00:00\" \/>\n<meta property=\"og:image\" content=\"https:\/\/darkamazi.info\/file\/2025\/04\/Bube-eser-1-1-1.jpg\" \/>\n\t<meta property=\"og:image:width\" content=\"900\" \/>\n\t<meta property=\"og:image:height\" content=\"497\" \/>\n\t<meta property=\"og:image:type\" content=\"image\/jpeg\" \/>\n<meta name=\"author\" content=\"darka mazi\" \/>\n<meta name=\"twitter:card\" content=\"summary_large_image\" \/>\n<meta name=\"twitter:creator\" content=\"@DarkaMaziLatini\" \/>\n<meta name=\"twitter:site\" content=\"@DarkaMaziLatini\" \/>\n<meta name=\"twitter:label1\" content=\"Written by\" \/>\n\t<meta name=\"twitter:data1\" content=\"darka mazi\" \/>\n\t<meta name=\"twitter:label2\" content=\"Est. reading time\" \/>\n\t<meta name=\"twitter:data2\" content=\"6 minutes\" \/>\n<script type=\"application\/ld+json\" class=\"seo-schema-graph\">{\"@context\":\"https:\\\/\\\/schema.org\",\"@graph\":[{\"@type\":\"Article\",\"@id\":\"https:\\\/\\\/darkamazi.info\\\/archives\\\/1047979#article\",\"isPartOf\":{\"@id\":\"https:\\\/\\\/darkamazi.info\\\/archives\\\/1047979\"},\"author\":{\"name\":\"darka mazi\",\"@id\":\"https:\\\/\\\/darkamazi.info\\\/#\\\/schema\\\/person\\\/5ad3e24553a0567993fa8ed4bd0a776c\"},\"headline\":\"Anal\u00eezeke kurt li ser PKK\",\"datePublished\":\"2025-04-20T10:35:13+00:00\",\"mainEntityOfPage\":{\"@id\":\"https:\\\/\\\/darkamazi.info\\\/archives\\\/1047979\"},\"wordCount\":1424,\"publisher\":{\"@id\":\"https:\\\/\\\/darkamazi.info\\\/#organization\"},\"image\":{\"@id\":\"https:\\\/\\\/darkamazi.info\\\/archives\\\/1047979#primaryimage\"},\"thumbnailUrl\":\"https:\\\/\\\/darkamazi.info\\\/darka-content\\\/uploads\\\/2025\\\/04\\\/Bube-eser-1-1-1.jpg\",\"keywords\":[\"sereke\"],\"articleSection\":[\"Ner\u00een\"],\"inLanguage\":\"en-US\"},{\"@type\":\"WebPage\",\"@id\":\"https:\\\/\\\/darkamazi.info\\\/archives\\\/1047979\",\"url\":\"https:\\\/\\\/darkamazi.info\\\/archives\\\/1047979\",\"name\":\"Anal\u00eezeke kurt li ser PKK - Darka Maz\u00ee\",\"isPartOf\":{\"@id\":\"https:\\\/\\\/darkamazi.info\\\/#website\"},\"primaryImageOfPage\":{\"@id\":\"https:\\\/\\\/darkamazi.info\\\/archives\\\/1047979#primaryimage\"},\"image\":{\"@id\":\"https:\\\/\\\/darkamazi.info\\\/archives\\\/1047979#primaryimage\"},\"thumbnailUrl\":\"https:\\\/\\\/darkamazi.info\\\/darka-content\\\/uploads\\\/2025\\\/04\\\/Bube-eser-1-1-1.jpg\",\"datePublished\":\"2025-04-20T10:35:13+00:00\",\"breadcrumb\":{\"@id\":\"https:\\\/\\\/darkamazi.info\\\/archives\\\/1047979#breadcrumb\"},\"inLanguage\":\"en-US\",\"potentialAction\":[{\"@type\":\"ReadAction\",\"target\":[\"https:\\\/\\\/darkamazi.info\\\/archives\\\/1047979\"]}]},{\"@type\":\"ImageObject\",\"inLanguage\":\"en-US\",\"@id\":\"https:\\\/\\\/darkamazi.info\\\/archives\\\/1047979#primaryimage\",\"url\":\"https:\\\/\\\/darkamazi.info\\\/darka-content\\\/uploads\\\/2025\\\/04\\\/Bube-eser-1-1-1.jpg\",\"contentUrl\":\"https:\\\/\\\/darkamazi.info\\\/darka-content\\\/uploads\\\/2025\\\/04\\\/Bube-eser-1-1-1.jpg\",\"width\":900,\"height\":497,\"caption\":\"Anal\u00eezeke kurt li ser PKK\"},{\"@type\":\"BreadcrumbList\",\"@id\":\"https:\\\/\\\/darkamazi.info\\\/archives\\\/1047979#breadcrumb\",\"itemListElement\":[{\"@type\":\"ListItem\",\"position\":1,\"name\":\"Home\",\"item\":\"https:\\\/\\\/darkamazi.info\\\/\"},{\"@type\":\"ListItem\",\"position\":2,\"name\":\"Anal\u00eezeke kurt li ser PKK\"}]},{\"@type\":\"WebSite\",\"@id\":\"https:\\\/\\\/darkamazi.info\\\/#website\",\"url\":\"https:\\\/\\\/darkamazi.info\\\/\",\"name\":\"Darka Maz\u00ee\",\"description\":\"P\u00eageha Zanyariy\u00ean Nebih\u00eest\u00ee\",\"publisher\":{\"@id\":\"https:\\\/\\\/darkamazi.info\\\/#organization\"},\"potentialAction\":[{\"@type\":\"SearchAction\",\"target\":{\"@type\":\"EntryPoint\",\"urlTemplate\":\"https:\\\/\\\/darkamazi.info\\\/?s={search_term_string}\"},\"query-input\":{\"@type\":\"PropertyValueSpecification\",\"valueRequired\":true,\"valueName\":\"search_term_string\"}}],\"inLanguage\":\"en-US\"},{\"@type\":\"Organization\",\"@id\":\"https:\\\/\\\/darkamazi.info\\\/#organization\",\"name\":\"Darka Maz\u00ee\",\"url\":\"https:\\\/\\\/darkamazi.info\\\/\",\"logo\":{\"@type\":\"ImageObject\",\"inLanguage\":\"en-US\",\"@id\":\"https:\\\/\\\/darkamazi.info\\\/#\\\/schema\\\/logo\\\/image\\\/\",\"url\":\"https:\\\/\\\/darkamazi.info\\\/darka-content\\\/uploads\\\/2017\\\/12\\\/darka-mazi-logo.png\",\"contentUrl\":\"https:\\\/\\\/darkamazi.info\\\/darka-content\\\/uploads\\\/2017\\\/12\\\/darka-mazi-logo.png\",\"width\":151,\"height\":75,\"caption\":\"Darka Maz\u00ee\"},\"image\":{\"@id\":\"https:\\\/\\\/darkamazi.info\\\/#\\\/schema\\\/logo\\\/image\\\/\"},\"sameAs\":[\"https:\\\/\\\/www.facebook.com\\\/DarMaziKurmanci\",\"https:\\\/\\\/x.com\\\/DarkaMaziLatini\",\"https:\\\/\\\/www.instagram.com\\\/darkamazi.kurmanci\\\/\",\"https:\\\/\\\/www.youtube.com\\\/channel\\\/UCa5HkTdmI8U1qCUFuTw8B2g\"]},{\"@type\":\"Person\",\"@id\":\"https:\\\/\\\/darkamazi.info\\\/#\\\/schema\\\/person\\\/5ad3e24553a0567993fa8ed4bd0a776c\",\"name\":\"darka mazi\",\"sameAs\":[\"https:\\\/\\\/darkamazi.info\\\/\"],\"url\":\"https:\\\/\\\/darkamazi.info\\\/archives\\\/author\\\/kurdi\"}]}<\/script>\n<!-- \/ Yoast SEO plugin. -->","seo_head_json":{"title":"Anal\u00eezeke kurt li ser PKK - Darka Maz\u00ee","robots":{"index":"index","follow":"follow","max-snippet":"max-snippet:-1","max-image-preview":"max-image-preview:large","max-video-preview":"max-video-preview:-1"},"canonical":"https:\/\/darkamazi.info\/archives\/1047979","og_locale":"en_US","og_type":"article","og_title":"Anal\u00eezeke kurt li ser PKK - Darka Maz\u00ee","og_description":"B\u00fbb\u00ea Eser Ji roja pkk hate damezrandin ango damezirandin, gotin: &#8220;hem\u00fb r\u00eaxistin\u00ean kurd y\u00ean hene li hember\u00ee me asteng in&#8221; \u00fb li gor v\u00ea tesp\u00eet\u00ea destp\u00ea kirin \u00ear\u00ee\u015f\u00ee hem\u00ee r\u00eaxistin\u00ean ku ber\u00ee wan heb\u00fbn. Wan bi v\u00ea kiryara xwe ya di destp\u00eak\u00ea de hema hema ji hem\u00ee r\u00eaxistin\u00ean welatpar\u00eaz kes \u00fb kesayet\u00ee ku\u015ftin. D\u00fbre pkk [&hellip;]","og_url":"https:\/\/darkamazi.info\/archives\/1047979","og_site_name":"Darka Maz\u00ee","article_publisher":"https:\/\/www.facebook.com\/DarMaziKurmanci","article_published_time":"2025-04-20T10:35:13+00:00","og_image":[{"width":900,"height":497,"url":"https:\/\/darkamazi.info\/file\/2025\/04\/Bube-eser-1-1-1.jpg","type":"image\/jpeg"}],"author":"darka mazi","twitter_card":"summary_large_image","twitter_creator":"@DarkaMaziLatini","twitter_site":"@DarkaMaziLatini","twitter_misc":{"Written by":"darka mazi","Est. reading time":"6 minutes"},"schema":{"@context":"https:\/\/schema.org","@graph":[{"@type":"Article","@id":"https:\/\/darkamazi.info\/archives\/1047979#article","isPartOf":{"@id":"https:\/\/darkamazi.info\/archives\/1047979"},"author":{"name":"darka mazi","@id":"https:\/\/darkamazi.info\/#\/schema\/person\/5ad3e24553a0567993fa8ed4bd0a776c"},"headline":"Anal\u00eezeke kurt li ser PKK","datePublished":"2025-04-20T10:35:13+00:00","mainEntityOfPage":{"@id":"https:\/\/darkamazi.info\/archives\/1047979"},"wordCount":1424,"publisher":{"@id":"https:\/\/darkamazi.info\/#organization"},"image":{"@id":"https:\/\/darkamazi.info\/archives\/1047979#primaryimage"},"thumbnailUrl":"https:\/\/darkamazi.info\/file\/2025\/04\/Bube-eser-1-1-1.jpg","keywords":["sereke"],"articleSection":["Ner\u00een"],"inLanguage":"en-US"},{"@type":"WebPage","@id":"https:\/\/darkamazi.info\/archives\/1047979","url":"https:\/\/darkamazi.info\/archives\/1047979","name":"Anal\u00eezeke kurt li ser PKK - Darka Maz\u00ee","isPartOf":{"@id":"https:\/\/darkamazi.info\/#website"},"primaryImageOfPage":{"@id":"https:\/\/darkamazi.info\/archives\/1047979#primaryimage"},"image":{"@id":"https:\/\/darkamazi.info\/archives\/1047979#primaryimage"},"thumbnailUrl":"https:\/\/darkamazi.info\/file\/2025\/04\/Bube-eser-1-1-1.jpg","datePublished":"2025-04-20T10:35:13+00:00","breadcrumb":{"@id":"https:\/\/darkamazi.info\/archives\/1047979#breadcrumb"},"inLanguage":"en-US","potentialAction":[{"@type":"ReadAction","target":["https:\/\/darkamazi.info\/archives\/1047979"]}]},{"@type":"ImageObject","inLanguage":"en-US","@id":"https:\/\/darkamazi.info\/archives\/1047979#primaryimage","url":"https:\/\/darkamazi.info\/file\/2025\/04\/Bube-eser-1-1-1.jpg","contentUrl":"https:\/\/darkamazi.info\/file\/2025\/04\/Bube-eser-1-1-1.jpg","width":900,"height":497,"caption":"Anal\u00eezeke kurt li ser PKK"},{"@type":"BreadcrumbList","@id":"https:\/\/darkamazi.info\/archives\/1047979#breadcrumb","itemListElement":[{"@type":"ListItem","position":1,"name":"Home","item":"https:\/\/darkamazi.info\/"},{"@type":"ListItem","position":2,"name":"Anal\u00eezeke kurt li ser PKK"}]},{"@type":"WebSite","@id":"https:\/\/darkamazi.info\/#website","url":"https:\/\/darkamazi.info\/","name":"Darka Maz\u00ee","description":"P\u00eageha Zanyariy\u00ean Nebih\u00eest\u00ee","publisher":{"@id":"https:\/\/darkamazi.info\/#organization"},"potentialAction":[{"@type":"SearchAction","target":{"@type":"EntryPoint","urlTemplate":"https:\/\/darkamazi.info\/?s={search_term_string}"},"query-input":{"@type":"PropertyValueSpecification","valueRequired":true,"valueName":"search_term_string"}}],"inLanguage":"en-US"},{"@type":"Organization","@id":"https:\/\/darkamazi.info\/#organization","name":"Darka Maz\u00ee","url":"https:\/\/darkamazi.info\/","logo":{"@type":"ImageObject","inLanguage":"en-US","@id":"https:\/\/darkamazi.info\/#\/schema\/logo\/image\/","url":"https:\/\/darkamazi.info\/file\/2017\/12\/darka-mazi-logo.png","contentUrl":"https:\/\/darkamazi.info\/file\/2017\/12\/darka-mazi-logo.png","width":151,"height":75,"caption":"Darka Maz\u00ee"},"image":{"@id":"https:\/\/darkamazi.info\/#\/schema\/logo\/image\/"},"sameAs":["https:\/\/www.facebook.com\/DarMaziKurmanci","https:\/\/x.com\/DarkaMaziLatini","https:\/\/www.instagram.com\/darkamazi.kurmanci\/","https:\/\/www.youtube.com\/channel\/UCa5HkTdmI8U1qCUFuTw8B2g"]},{"@type":"Person","@id":"https:\/\/darkamazi.info\/#\/schema\/person\/5ad3e24553a0567993fa8ed4bd0a776c","name":"darka mazi","sameAs":["https:\/\/darkamazi.info\/"],"url":"https:\/\/darkamazi.info\/archives\/author\/kurdi"}]}},"_links":{"self":[{"href":"https:\/\/darkamazi.info\/funavuv\/wp\/v2\/posts\/1047979","targetHints":{"allow":["GET"]}}],"collection":[{"href":"https:\/\/darkamazi.info\/funavuv\/wp\/v2\/posts"}],"about":[{"href":"https:\/\/darkamazi.info\/funavuv\/wp\/v2\/types\/post"}],"author":[{"embeddable":true,"href":"https:\/\/darkamazi.info\/funavuv\/wp\/v2\/users\/2"}],"replies":[{"embeddable":true,"href":"https:\/\/darkamazi.info\/funavuv\/wp\/v2\/comments?post=1047979"}],"version-history":[{"count":0,"href":"https:\/\/darkamazi.info\/funavuv\/wp\/v2\/posts\/1047979\/revisions"}],"wp:featuredmedia":[{"embeddable":true,"href":"https:\/\/darkamazi.info\/funavuv\/wp\/v2\/media\/1047980"}],"wp:attachment":[{"href":"https:\/\/darkamazi.info\/funavuv\/wp\/v2\/media?parent=1047979"}],"wp:term":[{"taxonomy":"category","embeddable":true,"href":"https:\/\/darkamazi.info\/funavuv\/wp\/v2\/categories?post=1047979"},{"taxonomy":"post_tag","embeddable":true,"href":"https:\/\/darkamazi.info\/funavuv\/wp\/v2\/tags?post=1047979"}],"curies":[{"name":"wp","href":"https:\/\/api.w.org\/{rel}","templated":true}]}}