{"id":1048019,"date":"2025-04-24T14:29:09","date_gmt":"2025-04-24T11:29:09","guid":{"rendered":"https:\/\/darkamazi.info\/?p=1048019"},"modified":"2025-04-24T14:29:09","modified_gmt":"2025-04-24T11:29:09","slug":"necirvan-barzani-u-mezlum-ebdi-civiyan","status":"publish","type":"post","link":"https:\/\/darkamazi.info\/archives\/1048019","title":{"rendered":"N\u00ea\u00e7\u00eervan Barzan\u00ee \u00fb Mezl\u00fbm Ebd\u00ee civiyan"},"content":{"rendered":"<h3 style=\"text-align: justify\"><span style=\"font-family: 'arial black', sans-serif\">Serok\u00ea Her\u00eama Kurdistan\u00ea N\u00ea\u00e7\u00eervan Barzan\u00ee \u00fb Fermandar\u00ea Gi\u015ft\u00ee y\u00ea H\u00eaz\u00ean S\u00fbriyeya Demokrat\u00eek (HSD) General Mezl\u00fbm Ebd\u00ee li Hewl\u00ear\u00ea civiyan.<\/span><\/h3>\n<h3 style=\"text-align: justify\"><span style=\"font-family: arial, helvetica, sans-serif\">Serokatiya Her\u00eama Kurdistan\u00ea da zan\u00een ku civ\u00een doh li Hewl\u00ear\u00ea hatiye kirin \u00fb Mezl\u00fbm Ebd\u00ee \u00fb N\u00ea\u00e7\u00eervan Barzan\u00ee li ser &#8220;yekr\u00eaz\u00ee \u00fb aramiya Kurd\u00ean S\u00fbriyey\u00ea&#8221; hevn\u00ear\u00een in.<\/span><\/h3>\n<h3 style=\"text-align: justify\"><span style=\"font-family: arial, helvetica, sans-serif\">Li gor\u00ee daxuyaniy\u00ea, her du aliyan tekez\u00ee li ser &#8220;p\u00eawistiya yekr\u00eaz\u00ee \u00fb aramiya di nav h\u00eaz \u00fb aliy\u00ean Kurdan \u00ean S\u00fbriyey\u00ea de&#8221; kiriye.<\/span><\/h3>\n<h3 style=\"text-align: justify\"><span style=\"font-family: arial, helvetica, sans-serif\">Serokatiy\u00ea daxuyand ku \u201cr\u00fbdan\u00ean daw\u00ee \u00fb rew\u015fa S\u00fbriyey\u00ea, p\u00eawendiy\u00ean HSD \u00fb aliy\u00ean siyas\u00ee y\u00ean Kurd\u00ean S\u00fbriyey\u00ea y\u00ean li gel hik\u00fbmeta S\u00fbriyey\u00ea\u201d hatine nirxandin \u00fb wan derbar\u00ea \u201cmetirsiy\u00ean teror\u00ea \u00fb t\u00eako\u015f\u00eena li dij\u00ee DAI\u015e\u00ea\u201d b\u00eer \u00fb ra bi hev guhertine.<\/span><\/h3>\n<h3 style=\"text-align: justify\"><span style=\"font-family: arial, helvetica, sans-serif\">Mezl\u00fbm Ebd\u00ee \u00fb N\u00ea\u00e7\u00eervan Barzan\u00ee diyar kiriye ku gir\u00eeng e Kurd \u00fb hem\u00fb p\u00eakhatey\u00ean S\u00fbriyey\u00ea be\u015fdar\u00ee desthilat \u00fb bir\u00eavebirina S\u00fbriyey\u00ea bibin \u00fb maf\u00ean tevan werin misogerkirin.<\/span><\/h3>\n<h3 style=\"text-align: justify\"><span style=\"font-family: arial, helvetica, sans-serif\">Her wiha ew li ser \u201ckar\u00ean hevbe\u015f \u00fb karkirina bihevre ya p\u00eakhatey\u00ean S\u00fbriyey\u00ea ya ji bo parastina aramiy\u00ea \u00fb t\u00eako\u015f\u00eena li dij\u00ee metirs\u00ee \u00fb pirsgir\u00eakan hevn\u00ear\u00een b\u00fbn.\u201d<\/span><\/h3>\n<h3 style=\"text-align: justify\"><span style=\"font-family: arial, helvetica, sans-serif\">Mezl\u00fbm Ebd\u00ee \u00fb N\u00ea\u00e7\u00eervan Barzan\u00ee yekr\u00eaz\u00ee \u00fb aramiya di nav h\u00eaz \u00fb aliy\u00ean Kurd \u00ean S\u00fbriyey\u00ea de wek\u00ee garantiyeke ji bo bidestxistina daxwaz \u00fb maf\u00ean rewa y\u00ean Kurdan nirxandiye.<\/span><\/h3>\n<h3 style=\"text-align: justify\"><span style=\"font-family: arial, helvetica, sans-serif\">Li h\u00eala din, rew\u015fa Kampa Hol\u00ea \u00fb rola Koal\u00eesyon\u00ea ya li S\u00fbriyey\u00ea j\u00ee mijar\u00ean din \u00ean civ\u00een\u00ea b\u00fbn.<\/span><\/h3>\n","protected":false},"excerpt":{"rendered":"<p>Serok\u00ea Her\u00eama Kurdistan\u00ea N\u00ea\u00e7\u00eervan Barzan\u00ee \u00fb Fermandar\u00ea Gi\u015ft\u00ee y\u00ea H\u00eaz\u00ean S\u00fbriyeya Demokrat\u00eek (HSD) General Mezl\u00fbm Ebd\u00ee li Hewl\u00ear\u00ea civiyan. Serokatiya Her\u00eama Kurdistan\u00ea da zan\u00een ku civ\u00een doh li Hewl\u00ear\u00ea hatiye kirin \u00fb Mezl\u00fbm Ebd\u00ee \u00fb N\u00ea\u00e7\u00eervan Barzan\u00ee li ser &#8220;yekr\u00eaz\u00ee \u00fb aramiya Kurd\u00ean S\u00fbriyey\u00ea&#8221; hevn\u00ear\u00een in. Li gor\u00ee daxuyaniy\u00ea, her du aliyan tekez\u00ee li ser [&hellip;]<\/p>\n","protected":false},"author":2,"featured_media":1048020,"comment_status":"closed","ping_status":"closed","sticky":false,"template":"","format":"standard","meta":{"footnotes":""},"categories":[29],"tags":[37],"class_list":["post-1048019","post","type-post","status-publish","format-standard","has-post-thumbnail","hentry","category-kurdistan","tag-sereke"],"blocksy_meta":[],"seo_head":"<!-- This site is optimized with the Yoast SEO plugin v27.5 - https:\/\/yoast.com\/product\/yoast-seo-wordpress\/ -->\n<title>N\u00ea\u00e7\u00eervan Barzan\u00ee \u00fb Mezl\u00fbm Ebd\u00ee civiyan - Darka Maz\u00ee<\/title>\n<meta name=\"robots\" content=\"index, follow, max-snippet:-1, max-image-preview:large, max-video-preview:-1\" \/>\n<link rel=\"canonical\" href=\"https:\/\/darkamazi.info\/archives\/1048019\" \/>\n<meta property=\"og:locale\" content=\"en_US\" \/>\n<meta property=\"og:type\" content=\"article\" \/>\n<meta property=\"og:title\" content=\"N\u00ea\u00e7\u00eervan Barzan\u00ee \u00fb Mezl\u00fbm Ebd\u00ee civiyan - Darka Maz\u00ee\" \/>\n<meta property=\"og:description\" content=\"Serok\u00ea Her\u00eama Kurdistan\u00ea N\u00ea\u00e7\u00eervan Barzan\u00ee \u00fb Fermandar\u00ea Gi\u015ft\u00ee y\u00ea H\u00eaz\u00ean S\u00fbriyeya Demokrat\u00eek (HSD) General Mezl\u00fbm Ebd\u00ee li Hewl\u00ear\u00ea civiyan. Serokatiya Her\u00eama Kurdistan\u00ea da zan\u00een ku civ\u00een doh li Hewl\u00ear\u00ea hatiye kirin \u00fb Mezl\u00fbm Ebd\u00ee \u00fb N\u00ea\u00e7\u00eervan Barzan\u00ee li ser &#8220;yekr\u00eaz\u00ee \u00fb aramiya Kurd\u00ean S\u00fbriyey\u00ea&#8221; hevn\u00ear\u00een in. Li gor\u00ee daxuyaniy\u00ea, her du aliyan tekez\u00ee li ser [&hellip;]\" \/>\n<meta property=\"og:url\" content=\"https:\/\/darkamazi.info\/archives\/1048019\" \/>\n<meta property=\"og:site_name\" content=\"Darka Maz\u00ee\" \/>\n<meta property=\"article:publisher\" content=\"https:\/\/www.facebook.com\/DarMaziKurmanci\" \/>\n<meta property=\"article:published_time\" content=\"2025-04-24T11:29:09+00:00\" \/>\n<meta property=\"og:image\" content=\"https:\/\/darkamazi.info\/file\/2025\/04\/Nechivan-Barzani-Mazloum-Abdi-Erbil.jpg\" \/>\n\t<meta property=\"og:image:width\" content=\"900\" \/>\n\t<meta property=\"og:image:height\" content=\"500\" \/>\n\t<meta property=\"og:image:type\" content=\"image\/jpeg\" \/>\n<meta name=\"author\" content=\"darka mazi\" \/>\n<meta name=\"twitter:card\" content=\"summary_large_image\" \/>\n<meta name=\"twitter:creator\" content=\"@DarkaMaziLatini\" \/>\n<meta name=\"twitter:site\" content=\"@DarkaMaziLatini\" \/>\n<meta name=\"twitter:label1\" content=\"Written by\" \/>\n\t<meta name=\"twitter:data1\" content=\"darka mazi\" \/>\n\t<meta name=\"twitter:label2\" content=\"Est. reading time\" \/>\n\t<meta name=\"twitter:data2\" content=\"2 minutes\" \/>\n<script type=\"application\/ld+json\" class=\"seo-schema-graph\">{\"@context\":\"https:\\\/\\\/schema.org\",\"@graph\":[{\"@type\":\"Article\",\"@id\":\"https:\\\/\\\/darkamazi.info\\\/archives\\\/1048019#article\",\"isPartOf\":{\"@id\":\"https:\\\/\\\/darkamazi.info\\\/archives\\\/1048019\"},\"author\":{\"name\":\"darka mazi\",\"@id\":\"https:\\\/\\\/darkamazi.info\\\/#\\\/schema\\\/person\\\/5ad3e24553a0567993fa8ed4bd0a776c\"},\"headline\":\"N\u00ea\u00e7\u00eervan Barzan\u00ee \u00fb Mezl\u00fbm Ebd\u00ee civiyan\",\"datePublished\":\"2025-04-24T11:29:09+00:00\",\"mainEntityOfPage\":{\"@id\":\"https:\\\/\\\/darkamazi.info\\\/archives\\\/1048019\"},\"wordCount\":269,\"publisher\":{\"@id\":\"https:\\\/\\\/darkamazi.info\\\/#organization\"},\"image\":{\"@id\":\"https:\\\/\\\/darkamazi.info\\\/archives\\\/1048019#primaryimage\"},\"thumbnailUrl\":\"https:\\\/\\\/darkamazi.info\\\/darka-content\\\/uploads\\\/2025\\\/04\\\/Nechivan-Barzani-Mazloum-Abdi-Erbil.jpg\",\"keywords\":[\"sereke\"],\"articleSection\":[\"Kurdistan\"],\"inLanguage\":\"en-US\"},{\"@type\":\"WebPage\",\"@id\":\"https:\\\/\\\/darkamazi.info\\\/archives\\\/1048019\",\"url\":\"https:\\\/\\\/darkamazi.info\\\/archives\\\/1048019\",\"name\":\"N\u00ea\u00e7\u00eervan Barzan\u00ee \u00fb Mezl\u00fbm Ebd\u00ee civiyan - Darka Maz\u00ee\",\"isPartOf\":{\"@id\":\"https:\\\/\\\/darkamazi.info\\\/#website\"},\"primaryImageOfPage\":{\"@id\":\"https:\\\/\\\/darkamazi.info\\\/archives\\\/1048019#primaryimage\"},\"image\":{\"@id\":\"https:\\\/\\\/darkamazi.info\\\/archives\\\/1048019#primaryimage\"},\"thumbnailUrl\":\"https:\\\/\\\/darkamazi.info\\\/darka-content\\\/uploads\\\/2025\\\/04\\\/Nechivan-Barzani-Mazloum-Abdi-Erbil.jpg\",\"datePublished\":\"2025-04-24T11:29:09+00:00\",\"breadcrumb\":{\"@id\":\"https:\\\/\\\/darkamazi.info\\\/archives\\\/1048019#breadcrumb\"},\"inLanguage\":\"en-US\",\"potentialAction\":[{\"@type\":\"ReadAction\",\"target\":[\"https:\\\/\\\/darkamazi.info\\\/archives\\\/1048019\"]}]},{\"@type\":\"ImageObject\",\"inLanguage\":\"en-US\",\"@id\":\"https:\\\/\\\/darkamazi.info\\\/archives\\\/1048019#primaryimage\",\"url\":\"https:\\\/\\\/darkamazi.info\\\/darka-content\\\/uploads\\\/2025\\\/04\\\/Nechivan-Barzani-Mazloum-Abdi-Erbil.jpg\",\"contentUrl\":\"https:\\\/\\\/darkamazi.info\\\/darka-content\\\/uploads\\\/2025\\\/04\\\/Nechivan-Barzani-Mazloum-Abdi-Erbil.jpg\",\"width\":900,\"height\":500,\"caption\":\"Nechivan Barzani-Mazloum Abdi-Erbil\"},{\"@type\":\"BreadcrumbList\",\"@id\":\"https:\\\/\\\/darkamazi.info\\\/archives\\\/1048019#breadcrumb\",\"itemListElement\":[{\"@type\":\"ListItem\",\"position\":1,\"name\":\"Home\",\"item\":\"https:\\\/\\\/darkamazi.info\\\/\"},{\"@type\":\"ListItem\",\"position\":2,\"name\":\"N\u00ea\u00e7\u00eervan Barzan\u00ee \u00fb Mezl\u00fbm Ebd\u00ee civiyan\"}]},{\"@type\":\"WebSite\",\"@id\":\"https:\\\/\\\/darkamazi.info\\\/#website\",\"url\":\"https:\\\/\\\/darkamazi.info\\\/\",\"name\":\"Darka Maz\u00ee\",\"description\":\"P\u00eageha Zanyariy\u00ean Nebih\u00eest\u00ee\",\"publisher\":{\"@id\":\"https:\\\/\\\/darkamazi.info\\\/#organization\"},\"potentialAction\":[{\"@type\":\"SearchAction\",\"target\":{\"@type\":\"EntryPoint\",\"urlTemplate\":\"https:\\\/\\\/darkamazi.info\\\/?s={search_term_string}\"},\"query-input\":{\"@type\":\"PropertyValueSpecification\",\"valueRequired\":true,\"valueName\":\"search_term_string\"}}],\"inLanguage\":\"en-US\"},{\"@type\":\"Organization\",\"@id\":\"https:\\\/\\\/darkamazi.info\\\/#organization\",\"name\":\"Darka Maz\u00ee\",\"url\":\"https:\\\/\\\/darkamazi.info\\\/\",\"logo\":{\"@type\":\"ImageObject\",\"inLanguage\":\"en-US\",\"@id\":\"https:\\\/\\\/darkamazi.info\\\/#\\\/schema\\\/logo\\\/image\\\/\",\"url\":\"https:\\\/\\\/darkamazi.info\\\/darka-content\\\/uploads\\\/2017\\\/12\\\/darka-mazi-logo.png\",\"contentUrl\":\"https:\\\/\\\/darkamazi.info\\\/darka-content\\\/uploads\\\/2017\\\/12\\\/darka-mazi-logo.png\",\"width\":151,\"height\":75,\"caption\":\"Darka Maz\u00ee\"},\"image\":{\"@id\":\"https:\\\/\\\/darkamazi.info\\\/#\\\/schema\\\/logo\\\/image\\\/\"},\"sameAs\":[\"https:\\\/\\\/www.facebook.com\\\/DarMaziKurmanci\",\"https:\\\/\\\/x.com\\\/DarkaMaziLatini\",\"https:\\\/\\\/www.instagram.com\\\/darkamazi.kurmanci\\\/\",\"https:\\\/\\\/www.youtube.com\\\/channel\\\/UCa5HkTdmI8U1qCUFuTw8B2g\"]},{\"@type\":\"Person\",\"@id\":\"https:\\\/\\\/darkamazi.info\\\/#\\\/schema\\\/person\\\/5ad3e24553a0567993fa8ed4bd0a776c\",\"name\":\"darka mazi\",\"sameAs\":[\"https:\\\/\\\/darkamazi.info\\\/\"],\"url\":\"https:\\\/\\\/darkamazi.info\\\/archives\\\/author\\\/kurdi\"}]}<\/script>\n<!-- \/ Yoast SEO plugin. -->","seo_head_json":{"title":"N\u00ea\u00e7\u00eervan Barzan\u00ee \u00fb Mezl\u00fbm Ebd\u00ee civiyan - Darka Maz\u00ee","robots":{"index":"index","follow":"follow","max-snippet":"max-snippet:-1","max-image-preview":"max-image-preview:large","max-video-preview":"max-video-preview:-1"},"canonical":"https:\/\/darkamazi.info\/archives\/1048019","og_locale":"en_US","og_type":"article","og_title":"N\u00ea\u00e7\u00eervan Barzan\u00ee \u00fb Mezl\u00fbm Ebd\u00ee civiyan - Darka Maz\u00ee","og_description":"Serok\u00ea Her\u00eama Kurdistan\u00ea N\u00ea\u00e7\u00eervan Barzan\u00ee \u00fb Fermandar\u00ea Gi\u015ft\u00ee y\u00ea H\u00eaz\u00ean S\u00fbriyeya Demokrat\u00eek (HSD) General Mezl\u00fbm Ebd\u00ee li Hewl\u00ear\u00ea civiyan. Serokatiya Her\u00eama Kurdistan\u00ea da zan\u00een ku civ\u00een doh li Hewl\u00ear\u00ea hatiye kirin \u00fb Mezl\u00fbm Ebd\u00ee \u00fb N\u00ea\u00e7\u00eervan Barzan\u00ee li ser &#8220;yekr\u00eaz\u00ee \u00fb aramiya Kurd\u00ean S\u00fbriyey\u00ea&#8221; hevn\u00ear\u00een in. Li gor\u00ee daxuyaniy\u00ea, her du aliyan tekez\u00ee li ser [&hellip;]","og_url":"https:\/\/darkamazi.info\/archives\/1048019","og_site_name":"Darka Maz\u00ee","article_publisher":"https:\/\/www.facebook.com\/DarMaziKurmanci","article_published_time":"2025-04-24T11:29:09+00:00","og_image":[{"width":900,"height":500,"url":"https:\/\/darkamazi.info\/file\/2025\/04\/Nechivan-Barzani-Mazloum-Abdi-Erbil.jpg","type":"image\/jpeg"}],"author":"darka mazi","twitter_card":"summary_large_image","twitter_creator":"@DarkaMaziLatini","twitter_site":"@DarkaMaziLatini","twitter_misc":{"Written by":"darka mazi","Est. reading time":"2 minutes"},"schema":{"@context":"https:\/\/schema.org","@graph":[{"@type":"Article","@id":"https:\/\/darkamazi.info\/archives\/1048019#article","isPartOf":{"@id":"https:\/\/darkamazi.info\/archives\/1048019"},"author":{"name":"darka mazi","@id":"https:\/\/darkamazi.info\/#\/schema\/person\/5ad3e24553a0567993fa8ed4bd0a776c"},"headline":"N\u00ea\u00e7\u00eervan Barzan\u00ee \u00fb Mezl\u00fbm Ebd\u00ee civiyan","datePublished":"2025-04-24T11:29:09+00:00","mainEntityOfPage":{"@id":"https:\/\/darkamazi.info\/archives\/1048019"},"wordCount":269,"publisher":{"@id":"https:\/\/darkamazi.info\/#organization"},"image":{"@id":"https:\/\/darkamazi.info\/archives\/1048019#primaryimage"},"thumbnailUrl":"https:\/\/darkamazi.info\/file\/2025\/04\/Nechivan-Barzani-Mazloum-Abdi-Erbil.jpg","keywords":["sereke"],"articleSection":["Kurdistan"],"inLanguage":"en-US"},{"@type":"WebPage","@id":"https:\/\/darkamazi.info\/archives\/1048019","url":"https:\/\/darkamazi.info\/archives\/1048019","name":"N\u00ea\u00e7\u00eervan Barzan\u00ee \u00fb Mezl\u00fbm Ebd\u00ee civiyan - Darka Maz\u00ee","isPartOf":{"@id":"https:\/\/darkamazi.info\/#website"},"primaryImageOfPage":{"@id":"https:\/\/darkamazi.info\/archives\/1048019#primaryimage"},"image":{"@id":"https:\/\/darkamazi.info\/archives\/1048019#primaryimage"},"thumbnailUrl":"https:\/\/darkamazi.info\/file\/2025\/04\/Nechivan-Barzani-Mazloum-Abdi-Erbil.jpg","datePublished":"2025-04-24T11:29:09+00:00","breadcrumb":{"@id":"https:\/\/darkamazi.info\/archives\/1048019#breadcrumb"},"inLanguage":"en-US","potentialAction":[{"@type":"ReadAction","target":["https:\/\/darkamazi.info\/archives\/1048019"]}]},{"@type":"ImageObject","inLanguage":"en-US","@id":"https:\/\/darkamazi.info\/archives\/1048019#primaryimage","url":"https:\/\/darkamazi.info\/file\/2025\/04\/Nechivan-Barzani-Mazloum-Abdi-Erbil.jpg","contentUrl":"https:\/\/darkamazi.info\/file\/2025\/04\/Nechivan-Barzani-Mazloum-Abdi-Erbil.jpg","width":900,"height":500,"caption":"Nechivan Barzani-Mazloum Abdi-Erbil"},{"@type":"BreadcrumbList","@id":"https:\/\/darkamazi.info\/archives\/1048019#breadcrumb","itemListElement":[{"@type":"ListItem","position":1,"name":"Home","item":"https:\/\/darkamazi.info\/"},{"@type":"ListItem","position":2,"name":"N\u00ea\u00e7\u00eervan Barzan\u00ee \u00fb Mezl\u00fbm Ebd\u00ee civiyan"}]},{"@type":"WebSite","@id":"https:\/\/darkamazi.info\/#website","url":"https:\/\/darkamazi.info\/","name":"Darka Maz\u00ee","description":"P\u00eageha Zanyariy\u00ean Nebih\u00eest\u00ee","publisher":{"@id":"https:\/\/darkamazi.info\/#organization"},"potentialAction":[{"@type":"SearchAction","target":{"@type":"EntryPoint","urlTemplate":"https:\/\/darkamazi.info\/?s={search_term_string}"},"query-input":{"@type":"PropertyValueSpecification","valueRequired":true,"valueName":"search_term_string"}}],"inLanguage":"en-US"},{"@type":"Organization","@id":"https:\/\/darkamazi.info\/#organization","name":"Darka Maz\u00ee","url":"https:\/\/darkamazi.info\/","logo":{"@type":"ImageObject","inLanguage":"en-US","@id":"https:\/\/darkamazi.info\/#\/schema\/logo\/image\/","url":"https:\/\/darkamazi.info\/file\/2017\/12\/darka-mazi-logo.png","contentUrl":"https:\/\/darkamazi.info\/file\/2017\/12\/darka-mazi-logo.png","width":151,"height":75,"caption":"Darka Maz\u00ee"},"image":{"@id":"https:\/\/darkamazi.info\/#\/schema\/logo\/image\/"},"sameAs":["https:\/\/www.facebook.com\/DarMaziKurmanci","https:\/\/x.com\/DarkaMaziLatini","https:\/\/www.instagram.com\/darkamazi.kurmanci\/","https:\/\/www.youtube.com\/channel\/UCa5HkTdmI8U1qCUFuTw8B2g"]},{"@type":"Person","@id":"https:\/\/darkamazi.info\/#\/schema\/person\/5ad3e24553a0567993fa8ed4bd0a776c","name":"darka mazi","sameAs":["https:\/\/darkamazi.info\/"],"url":"https:\/\/darkamazi.info\/archives\/author\/kurdi"}]}},"_links":{"self":[{"href":"https:\/\/darkamazi.info\/funavuv\/wp\/v2\/posts\/1048019","targetHints":{"allow":["GET"]}}],"collection":[{"href":"https:\/\/darkamazi.info\/funavuv\/wp\/v2\/posts"}],"about":[{"href":"https:\/\/darkamazi.info\/funavuv\/wp\/v2\/types\/post"}],"author":[{"embeddable":true,"href":"https:\/\/darkamazi.info\/funavuv\/wp\/v2\/users\/2"}],"replies":[{"embeddable":true,"href":"https:\/\/darkamazi.info\/funavuv\/wp\/v2\/comments?post=1048019"}],"version-history":[{"count":0,"href":"https:\/\/darkamazi.info\/funavuv\/wp\/v2\/posts\/1048019\/revisions"}],"wp:featuredmedia":[{"embeddable":true,"href":"https:\/\/darkamazi.info\/funavuv\/wp\/v2\/media\/1048020"}],"wp:attachment":[{"href":"https:\/\/darkamazi.info\/funavuv\/wp\/v2\/media?parent=1048019"}],"wp:term":[{"taxonomy":"category","embeddable":true,"href":"https:\/\/darkamazi.info\/funavuv\/wp\/v2\/categories?post=1048019"},{"taxonomy":"post_tag","embeddable":true,"href":"https:\/\/darkamazi.info\/funavuv\/wp\/v2\/tags?post=1048019"}],"curies":[{"name":"wp","href":"https:\/\/api.w.org\/{rel}","templated":true}]}}