{"id":1048253,"date":"2025-05-11T20:31:36","date_gmt":"2025-05-11T17:31:36","guid":{"rendered":"https:\/\/darkamazi.info\/?p=1048253"},"modified":"2025-05-11T20:31:36","modified_gmt":"2025-05-11T17:31:36","slug":"pasa-pkke-we-vecare-bere-xwe-bide-kudere","status":"publish","type":"post","link":"https:\/\/darkamazi.info\/archives\/1048253","title":{"rendered":"Pasa PKK\u2019\u00ea w\u00ea v\u00eacar\u00ea ber\u00ea xwe bide kuder\u00ea?"},"content":{"rendered":"<div class=\"wpb-content-wrapper\"><p>[darkamazi_row][darkamazi_column][darkamazi_video link=&#8221;https:\/\/www.youtube.com\/watch?v=DzuFWQVDSBQ&#8221; align=&#8221;center&#8221; css=&#8221;&#8221;][darkamazi_column_text]<\/p>\n<h3 style=\"text-align: justify;\"><span style=\"font-family: 'arial black', sans-serif;\">Serok\u00ea PKK\u2019\u00ea Evdilla Ocalan di 27\u00ea Sibat\u00ea de got, &#8220;bila PKK\u2019e xwe fesix bike, tevah\u00ee mesoliyet ayid\u00ee mine.&#8221; PKK\u2019\u00ea bersiva Ocalan da \u00fb ragihand, &#8220;em gotin\u00ean Ocalan qeb\u00fbl dikin.&#8221; l\u00ea PKK\u2019\u00ea xwest p\u00eavajoy\u00ea dir\u00eaj bike \u00fb mij\u00fblahiy\u00ea \u00e7\u00eake \u00fb hinek r\u00eay\u00ean din ji xwe re bib\u00eene, l\u00ea bel\u00ea ji ber zext\u00ea mecb\u00fbr ma kongreya xwe lidar bixe. \u00db di n\u00eaz de j\u00ee PKK\u2019e w\u00ea e\u015fkere bike ku d\u00ea \u00e7ek\u00ean xwe deyne.<\/span><\/h3>\n<h3 style=\"text-align: justify;\"><span style=\"font-family: arial, helvetica, sans-serif;\">Ti\u015ftek\u00ee balk\u00ea\u015fe ku ti kesek ji ber fesixkirina PKK\u2019\u00ea xemg\u00een n\u00eene. Hem kurd\u00ean ku PKK\u2019\u00ea rexne dikin \u00fb hem j\u00ee y\u00ean ku pi\u015ftgiriya PKK\u2019\u00ea dikin ji v\u00ea biryara PKK\u2019\u00ea xemg\u00een n\u00eenin. PKK\u2019\u00ea dixwest ku li bajarek\u00ea Her\u00eama Kurdistan\u00ea kongreyek\u00ee mezin lidar bixe \u00fb weke \u015fowek\u00ea \u00e7\u00eake. L\u00ea bel\u00ea dewleta Tirk ev yek qeb\u00fbl nekir ku mesele weke 19\u00ea Cotmeha 2009an be, dema ger\u00eela \u00e7\u00fbn Tirkiyey\u00ea wek w\u00ea dem\u00ea PKK\u2019e \u015fowek\u00ea bike.<\/span><\/h3>\n<h3 style=\"text-align: justify;\"><span style=\"font-family: arial, helvetica, sans-serif;\">PKK\u2019e ku di 27\u00ee Mijdara 1978an hatib\u00fb damezrandin di 8\u00ea Gulana 2025an de hat fesixkirin, melefa PKK\u2019\u00ea ya 52 salan berdewam b\u00fby hat qepatkirin, PKK\u2019e di sala 78\u00ee de bi pasek\u00ee bi r\u00ea ket \u00fb got pasa me ber bi Kurdistaneke yek par\u00e7e \u00fb serbixwe ve di\u00e7e, \u00fb kurd ji boy serxweb\u00fbn\u00ea \u00e7\u00fbn nava v\u00ea pas\u00ea de, can dan, xw\u00een dan \u00fb ked dan. Malbat\u00ean Kurd zarok\u00ean xwe \u00fb p\u00ea\u015feroja xwe feda kirin, pi\u015ft\u00ee v\u00ea tar\u00eex\u00ea, li gor dezgeh\u00ean maf\u00ean mirovan 17 hezar ku\u015ftin\u00ean fa\u00eel mech\u00fbl \u00e7\u00eab\u00fbn, kurd\u00ean her\u00ee welatperwer \u00fb Kurdistan\u00ee hatin qetilkirin. 5 hezar gund \u00fb mezra ji ber \u015fer\u00ea PKK\u2019\u00ea \u00fb Tirkiy\u00ea hatin vala kirin, 70 hezar \u00eensan ketin girt\u00eegehan de.<\/span><\/h3>\n<h3 style=\"text-align: justify;\"><span style=\"font-family: arial, helvetica, sans-serif;\">Di sal\u00ean 90\u00ee de pasa PKK\u2019\u00ea h\u00ead\u00ee h\u00ead\u00ee \u00ee\u015faret\u00ea ji r\u00ea derketin\u00ea n\u00ee\u015fanda, l\u00ea di sala 1999an de dema Ocalan \u00e7\u00fbye \u00cemraliy\u00ea pas\u00ea \u00eestqameta xwe yekcar\u00ee guhert \u00fb zivr\u00eeneke U encamda. Ocalan got dewletxwaz\u00ee pa\u015fverot\u00ee ye \u00fb l\u00eestkeke emperyal\u00eezm\u00ea ye \u00fb Mustafa Kemal cimh\u00fbriyetek ji boy Kurd \u00fb Tirkan \u00e7\u00eakiriye. Ev pasa ku ji boy azad\u00ee \u00fb serxweb\u00fbna Kurdistan\u00ea bi r\u00ea ketib\u00fb, v\u00ea car\u00ea ji boy demokrat\u00eek kirina Tirkiyey\u00ea \u00fb Tirkiyeb\u00fbn\u00ea ber\u00ea xwe da Enqere.<\/span><\/h3>\n<h3 style=\"text-align: justify;\"><span style=\"font-family: arial, helvetica, sans-serif;\">PKK\u2019\u00ea 1\u00ee Hez\u00eerana 2004an v\u00ea car\u00ea ji boy demokrat\u00eek kirina Tirkiyey\u00ea \u015fer da destp\u00eakirin. 10 hezar ke\u00e7 \u00fb kur\u00ean kurdan v\u00ea car\u00ea ji boy Tirkiyey\u00ea dan ku\u015ftin, yan\u00ee PKK\u2019\u00ea di \u015fer\u00ea xwe de 5 c\u00eel kirin qurban\u00ee. Di 8\u00ee Gulana 2025an, v\u00ea pas\u00ea \u00eestop kir, pi\u015ft\u00ee mij\u00fblb\u00fbn \u00fb texr\u00eebatek\u00ee 52 salan \u00fb b\u00ea destkeft\u00ee Ocalan got, hewce nake h\u00fbn maf\u00ean xwe y\u00ean \u00e7and\u00ee j\u00ee bixwazin \u00fb ragihand em PKK\u2019\u00ea fesix dikin.<\/span><\/h3>\n<h3 style=\"text-align: justify;\"><span style=\"font-family: arial, helvetica, sans-serif;\">H\u00ea\u015fta hesaba 52 salan ya gel\u00ea Kurd nedane \u00fb h\u00eajan nav\u00ea bi hezran kurd\u00ean ku b\u00fbne qurban\u00ee nehatine e\u015fkere kirin, PKK\u2019e dib\u00eaje, &#8220;em serketin, em\u00ea t\u00eako\u015f\u00eeneke n\u00fb bidin destp\u00eakirin&#8221;. PKK\u2019e dixwaze careke din kurdan ber bi r\u00eayeke nediyar ve li pey xwe bik\u015f\u00eene, l\u00ea bel\u00ea div\u00ea kurd \u00ead\u00ee ji v\u00ea pas\u00ea re bib\u00eajin bese \u00fb div\u00ea ev pas \u00ead\u00ee ji boy guristana otomob\u00eelan b\u00ea veguhestin.<\/span><\/h3>\n<h3 style=\"text-align: justify;\"><span style=\"font-family: arial, helvetica, sans-serif;\">Di nava van 52 salan de kar\u00ea her\u00ee ba\u015f y\u00ea PKK\u2019\u00ea ten\u00ea ev b\u00fb ku xwe fesix kir, div\u00ea PKK\u2019e tune bibe \u00fb ev sed\u00ean ku li ber daxwaz\u00ean kurdan \u00e7\u00eakirb\u00fbn hilwe\u015fin, div\u00ea kurd xwe ji v\u00ea xefika dewleta Tirk damezrand\u00ee anku PKK\u2019\u00ea xelas bike.<\/span><\/h3>\n<p>[\/darkamazi_column_text][\/darkamazi_column][\/darkamazi_row]<\/p>\n<\/div>","protected":false},"excerpt":{"rendered":"<p>[darkamazi_row][darkamazi_column][darkamazi_video link=&#8221;https:\/\/www.youtube.com\/watch?v=DzuFWQVDSBQ&#8221; align=&#8221;center&#8221; css=&#8221;&#8221;][darkamazi_column_text] Serok\u00ea PKK\u2019\u00ea Evdilla Ocalan di 27\u00ea Sibat\u00ea de got, &#8220;bila PKK\u2019e xwe fesix bike, tevah\u00ee mesoliyet ayid\u00ee mine.&#8221; PKK\u2019\u00ea bersiva Ocalan da \u00fb ragihand, &#8220;em gotin\u00ean Ocalan qeb\u00fbl dikin.&#8221; l\u00ea PKK\u2019\u00ea xwest p\u00eavajoy\u00ea dir\u00eaj bike \u00fb mij\u00fblahiy\u00ea \u00e7\u00eake \u00fb hinek r\u00eay\u00ean din ji xwe re bib\u00eene, l\u00ea bel\u00ea ji ber zext\u00ea [&hellip;]<\/p>\n","protected":false},"author":2,"featured_media":1048257,"comment_status":"closed","ping_status":"closed","sticky":false,"template":"epic_custom_post_template-1006382","format":"video","meta":{"footnotes":""},"categories":[68,65],"tags":[37],"class_list":["post-1048253","post","type-post","status-publish","format-video","has-post-thumbnail","hentry","category-analiz","category-vidiyo","tag-sereke","post_format-post-format-video"],"blocksy_meta":[],"seo_head":"<!-- This site is optimized with the Yoast SEO plugin v27.5 - https:\/\/yoast.com\/product\/yoast-seo-wordpress\/ -->\n<title>Pasa PKK\u2019\u00ea w\u00ea v\u00eacar\u00ea ber\u00ea xwe bide kuder\u00ea? - Darka Maz\u00ee<\/title>\n<meta name=\"robots\" content=\"index, follow, max-snippet:-1, max-image-preview:large, max-video-preview:-1\" \/>\n<link rel=\"canonical\" href=\"https:\/\/darkamazi.info\/archives\/1048253\" \/>\n<meta property=\"og:locale\" content=\"en_US\" \/>\n<meta property=\"og:type\" content=\"article\" \/>\n<meta property=\"og:title\" content=\"Pasa PKK\u2019\u00ea w\u00ea v\u00eacar\u00ea ber\u00ea xwe bide kuder\u00ea? - Darka Maz\u00ee\" \/>\n<meta property=\"og:description\" content=\"[darkamazi_row][darkamazi_column][darkamazi_video link=&#8221;https:\/\/www.youtube.com\/watch?v=DzuFWQVDSBQ&#8221; align=&#8221;center&#8221; css=&#8221;&#8221;][darkamazi_column_text] Serok\u00ea PKK\u2019\u00ea Evdilla Ocalan di 27\u00ea Sibat\u00ea de got, &#8220;bila PKK\u2019e xwe fesix bike, tevah\u00ee mesoliyet ayid\u00ee mine.&#8221; PKK\u2019\u00ea bersiva Ocalan da \u00fb ragihand, &#8220;em gotin\u00ean Ocalan qeb\u00fbl dikin.&#8221; l\u00ea PKK\u2019\u00ea xwest p\u00eavajoy\u00ea dir\u00eaj bike \u00fb mij\u00fblahiy\u00ea \u00e7\u00eake \u00fb hinek r\u00eay\u00ean din ji xwe re bib\u00eene, l\u00ea bel\u00ea ji ber zext\u00ea [&hellip;]\" \/>\n<meta property=\"og:url\" content=\"https:\/\/darkamazi.info\/archives\/1048253\" \/>\n<meta property=\"og:site_name\" content=\"Darka Maz\u00ee\" \/>\n<meta property=\"article:publisher\" content=\"https:\/\/www.facebook.com\/DarMaziKurmanci\" \/>\n<meta property=\"article:published_time\" content=\"2025-05-11T17:31:36+00:00\" \/>\n<meta property=\"og:image\" content=\"https:\/\/darkamazi.info\/file\/2025\/05\/pkk.jpg\" \/>\n\t<meta property=\"og:image:width\" content=\"900\" \/>\n\t<meta property=\"og:image:height\" content=\"475\" \/>\n\t<meta property=\"og:image:type\" content=\"image\/jpeg\" \/>\n<meta name=\"author\" content=\"darka mazi\" \/>\n<meta name=\"twitter:card\" content=\"summary_large_image\" \/>\n<meta name=\"twitter:creator\" content=\"@DarkaMaziLatini\" \/>\n<meta name=\"twitter:site\" content=\"@DarkaMaziLatini\" \/>\n<meta name=\"twitter:label1\" content=\"Written by\" \/>\n\t<meta name=\"twitter:data1\" content=\"darka mazi\" \/>\n\t<meta name=\"twitter:label2\" content=\"Est. reading time\" \/>\n\t<meta name=\"twitter:data2\" content=\"3 minutes\" \/>\n<script type=\"application\/ld+json\" class=\"seo-schema-graph\">{\"@context\":\"https:\\\/\\\/schema.org\",\"@graph\":[{\"@type\":\"Article\",\"@id\":\"https:\\\/\\\/darkamazi.info\\\/archives\\\/1048253#article\",\"isPartOf\":{\"@id\":\"https:\\\/\\\/darkamazi.info\\\/archives\\\/1048253\"},\"author\":{\"name\":\"darka mazi\",\"@id\":\"https:\\\/\\\/darkamazi.info\\\/#\\\/schema\\\/person\\\/5ad3e24553a0567993fa8ed4bd0a776c\"},\"headline\":\"Pasa PKK\u2019\u00ea w\u00ea v\u00eacar\u00ea ber\u00ea xwe bide kuder\u00ea?\",\"datePublished\":\"2025-05-11T17:31:36+00:00\",\"mainEntityOfPage\":{\"@id\":\"https:\\\/\\\/darkamazi.info\\\/archives\\\/1048253\"},\"wordCount\":597,\"publisher\":{\"@id\":\"https:\\\/\\\/darkamazi.info\\\/#organization\"},\"image\":{\"@id\":\"https:\\\/\\\/darkamazi.info\\\/archives\\\/1048253#primaryimage\"},\"thumbnailUrl\":\"https:\\\/\\\/darkamazi.info\\\/darka-content\\\/uploads\\\/2025\\\/05\\\/pkk.jpg\",\"keywords\":[\"sereke\"],\"articleSection\":[\"Anal\u00eez\",\"V\u00eed\u00eeyo\"],\"inLanguage\":\"en-US\"},{\"@type\":\"WebPage\",\"@id\":\"https:\\\/\\\/darkamazi.info\\\/archives\\\/1048253\",\"url\":\"https:\\\/\\\/darkamazi.info\\\/archives\\\/1048253\",\"name\":\"Pasa PKK\u2019\u00ea w\u00ea v\u00eacar\u00ea ber\u00ea xwe bide kuder\u00ea? - Darka Maz\u00ee\",\"isPartOf\":{\"@id\":\"https:\\\/\\\/darkamazi.info\\\/#website\"},\"primaryImageOfPage\":{\"@id\":\"https:\\\/\\\/darkamazi.info\\\/archives\\\/1048253#primaryimage\"},\"image\":{\"@id\":\"https:\\\/\\\/darkamazi.info\\\/archives\\\/1048253#primaryimage\"},\"thumbnailUrl\":\"https:\\\/\\\/darkamazi.info\\\/darka-content\\\/uploads\\\/2025\\\/05\\\/pkk.jpg\",\"datePublished\":\"2025-05-11T17:31:36+00:00\",\"breadcrumb\":{\"@id\":\"https:\\\/\\\/darkamazi.info\\\/archives\\\/1048253#breadcrumb\"},\"inLanguage\":\"en-US\",\"potentialAction\":[{\"@type\":\"ReadAction\",\"target\":[\"https:\\\/\\\/darkamazi.info\\\/archives\\\/1048253\"]}]},{\"@type\":\"ImageObject\",\"inLanguage\":\"en-US\",\"@id\":\"https:\\\/\\\/darkamazi.info\\\/archives\\\/1048253#primaryimage\",\"url\":\"https:\\\/\\\/darkamazi.info\\\/darka-content\\\/uploads\\\/2025\\\/05\\\/pkk.jpg\",\"contentUrl\":\"https:\\\/\\\/darkamazi.info\\\/darka-content\\\/uploads\\\/2025\\\/05\\\/pkk.jpg\",\"width\":900,\"height\":475,\"caption\":\"Pasa PKK\u2019\u00ea w\u00ea v\u00eacar\u00ea ber\u00ea xwe bide kuder\u00ea?\"},{\"@type\":\"BreadcrumbList\",\"@id\":\"https:\\\/\\\/darkamazi.info\\\/archives\\\/1048253#breadcrumb\",\"itemListElement\":[{\"@type\":\"ListItem\",\"position\":1,\"name\":\"Home\",\"item\":\"https:\\\/\\\/darkamazi.info\\\/\"},{\"@type\":\"ListItem\",\"position\":2,\"name\":\"Pasa PKK\u2019\u00ea w\u00ea v\u00eacar\u00ea ber\u00ea xwe bide kuder\u00ea?\"}]},{\"@type\":\"WebSite\",\"@id\":\"https:\\\/\\\/darkamazi.info\\\/#website\",\"url\":\"https:\\\/\\\/darkamazi.info\\\/\",\"name\":\"Darka Maz\u00ee\",\"description\":\"P\u00eageha Zanyariy\u00ean Nebih\u00eest\u00ee\",\"publisher\":{\"@id\":\"https:\\\/\\\/darkamazi.info\\\/#organization\"},\"potentialAction\":[{\"@type\":\"SearchAction\",\"target\":{\"@type\":\"EntryPoint\",\"urlTemplate\":\"https:\\\/\\\/darkamazi.info\\\/?s={search_term_string}\"},\"query-input\":{\"@type\":\"PropertyValueSpecification\",\"valueRequired\":true,\"valueName\":\"search_term_string\"}}],\"inLanguage\":\"en-US\"},{\"@type\":\"Organization\",\"@id\":\"https:\\\/\\\/darkamazi.info\\\/#organization\",\"name\":\"Darka Maz\u00ee\",\"url\":\"https:\\\/\\\/darkamazi.info\\\/\",\"logo\":{\"@type\":\"ImageObject\",\"inLanguage\":\"en-US\",\"@id\":\"https:\\\/\\\/darkamazi.info\\\/#\\\/schema\\\/logo\\\/image\\\/\",\"url\":\"https:\\\/\\\/darkamazi.info\\\/darka-content\\\/uploads\\\/2017\\\/12\\\/darka-mazi-logo.png\",\"contentUrl\":\"https:\\\/\\\/darkamazi.info\\\/darka-content\\\/uploads\\\/2017\\\/12\\\/darka-mazi-logo.png\",\"width\":151,\"height\":75,\"caption\":\"Darka Maz\u00ee\"},\"image\":{\"@id\":\"https:\\\/\\\/darkamazi.info\\\/#\\\/schema\\\/logo\\\/image\\\/\"},\"sameAs\":[\"https:\\\/\\\/www.facebook.com\\\/DarMaziKurmanci\",\"https:\\\/\\\/x.com\\\/DarkaMaziLatini\",\"https:\\\/\\\/www.instagram.com\\\/darkamazi.kurmanci\\\/\",\"https:\\\/\\\/www.youtube.com\\\/channel\\\/UCa5HkTdmI8U1qCUFuTw8B2g\"]},{\"@type\":\"Person\",\"@id\":\"https:\\\/\\\/darkamazi.info\\\/#\\\/schema\\\/person\\\/5ad3e24553a0567993fa8ed4bd0a776c\",\"name\":\"darka mazi\",\"sameAs\":[\"https:\\\/\\\/darkamazi.info\\\/\"],\"url\":\"https:\\\/\\\/darkamazi.info\\\/archives\\\/author\\\/kurdi\"}]}<\/script>\n<!-- \/ Yoast SEO plugin. -->","seo_head_json":{"title":"Pasa PKK\u2019\u00ea w\u00ea v\u00eacar\u00ea ber\u00ea xwe bide kuder\u00ea? - Darka Maz\u00ee","robots":{"index":"index","follow":"follow","max-snippet":"max-snippet:-1","max-image-preview":"max-image-preview:large","max-video-preview":"max-video-preview:-1"},"canonical":"https:\/\/darkamazi.info\/archives\/1048253","og_locale":"en_US","og_type":"article","og_title":"Pasa PKK\u2019\u00ea w\u00ea v\u00eacar\u00ea ber\u00ea xwe bide kuder\u00ea? - Darka Maz\u00ee","og_description":"[darkamazi_row][darkamazi_column][darkamazi_video link=&#8221;https:\/\/www.youtube.com\/watch?v=DzuFWQVDSBQ&#8221; align=&#8221;center&#8221; css=&#8221;&#8221;][darkamazi_column_text] Serok\u00ea PKK\u2019\u00ea Evdilla Ocalan di 27\u00ea Sibat\u00ea de got, &#8220;bila PKK\u2019e xwe fesix bike, tevah\u00ee mesoliyet ayid\u00ee mine.&#8221; PKK\u2019\u00ea bersiva Ocalan da \u00fb ragihand, &#8220;em gotin\u00ean Ocalan qeb\u00fbl dikin.&#8221; l\u00ea PKK\u2019\u00ea xwest p\u00eavajoy\u00ea dir\u00eaj bike \u00fb mij\u00fblahiy\u00ea \u00e7\u00eake \u00fb hinek r\u00eay\u00ean din ji xwe re bib\u00eene, l\u00ea bel\u00ea ji ber zext\u00ea [&hellip;]","og_url":"https:\/\/darkamazi.info\/archives\/1048253","og_site_name":"Darka Maz\u00ee","article_publisher":"https:\/\/www.facebook.com\/DarMaziKurmanci","article_published_time":"2025-05-11T17:31:36+00:00","og_image":[{"width":900,"height":475,"url":"https:\/\/darkamazi.info\/file\/2025\/05\/pkk.jpg","type":"image\/jpeg"}],"author":"darka mazi","twitter_card":"summary_large_image","twitter_creator":"@DarkaMaziLatini","twitter_site":"@DarkaMaziLatini","twitter_misc":{"Written by":"darka mazi","Est. reading time":"3 minutes"},"schema":{"@context":"https:\/\/schema.org","@graph":[{"@type":"Article","@id":"https:\/\/darkamazi.info\/archives\/1048253#article","isPartOf":{"@id":"https:\/\/darkamazi.info\/archives\/1048253"},"author":{"name":"darka mazi","@id":"https:\/\/darkamazi.info\/#\/schema\/person\/5ad3e24553a0567993fa8ed4bd0a776c"},"headline":"Pasa PKK\u2019\u00ea w\u00ea v\u00eacar\u00ea ber\u00ea xwe bide kuder\u00ea?","datePublished":"2025-05-11T17:31:36+00:00","mainEntityOfPage":{"@id":"https:\/\/darkamazi.info\/archives\/1048253"},"wordCount":597,"publisher":{"@id":"https:\/\/darkamazi.info\/#organization"},"image":{"@id":"https:\/\/darkamazi.info\/archives\/1048253#primaryimage"},"thumbnailUrl":"https:\/\/darkamazi.info\/file\/2025\/05\/pkk.jpg","keywords":["sereke"],"articleSection":["Anal\u00eez","V\u00eed\u00eeyo"],"inLanguage":"en-US"},{"@type":"WebPage","@id":"https:\/\/darkamazi.info\/archives\/1048253","url":"https:\/\/darkamazi.info\/archives\/1048253","name":"Pasa PKK\u2019\u00ea w\u00ea v\u00eacar\u00ea ber\u00ea xwe bide kuder\u00ea? - Darka Maz\u00ee","isPartOf":{"@id":"https:\/\/darkamazi.info\/#website"},"primaryImageOfPage":{"@id":"https:\/\/darkamazi.info\/archives\/1048253#primaryimage"},"image":{"@id":"https:\/\/darkamazi.info\/archives\/1048253#primaryimage"},"thumbnailUrl":"https:\/\/darkamazi.info\/file\/2025\/05\/pkk.jpg","datePublished":"2025-05-11T17:31:36+00:00","breadcrumb":{"@id":"https:\/\/darkamazi.info\/archives\/1048253#breadcrumb"},"inLanguage":"en-US","potentialAction":[{"@type":"ReadAction","target":["https:\/\/darkamazi.info\/archives\/1048253"]}]},{"@type":"ImageObject","inLanguage":"en-US","@id":"https:\/\/darkamazi.info\/archives\/1048253#primaryimage","url":"https:\/\/darkamazi.info\/file\/2025\/05\/pkk.jpg","contentUrl":"https:\/\/darkamazi.info\/file\/2025\/05\/pkk.jpg","width":900,"height":475,"caption":"Pasa PKK\u2019\u00ea w\u00ea v\u00eacar\u00ea ber\u00ea xwe bide kuder\u00ea?"},{"@type":"BreadcrumbList","@id":"https:\/\/darkamazi.info\/archives\/1048253#breadcrumb","itemListElement":[{"@type":"ListItem","position":1,"name":"Home","item":"https:\/\/darkamazi.info\/"},{"@type":"ListItem","position":2,"name":"Pasa PKK\u2019\u00ea w\u00ea v\u00eacar\u00ea ber\u00ea xwe bide kuder\u00ea?"}]},{"@type":"WebSite","@id":"https:\/\/darkamazi.info\/#website","url":"https:\/\/darkamazi.info\/","name":"Darka Maz\u00ee","description":"P\u00eageha Zanyariy\u00ean Nebih\u00eest\u00ee","publisher":{"@id":"https:\/\/darkamazi.info\/#organization"},"potentialAction":[{"@type":"SearchAction","target":{"@type":"EntryPoint","urlTemplate":"https:\/\/darkamazi.info\/?s={search_term_string}"},"query-input":{"@type":"PropertyValueSpecification","valueRequired":true,"valueName":"search_term_string"}}],"inLanguage":"en-US"},{"@type":"Organization","@id":"https:\/\/darkamazi.info\/#organization","name":"Darka Maz\u00ee","url":"https:\/\/darkamazi.info\/","logo":{"@type":"ImageObject","inLanguage":"en-US","@id":"https:\/\/darkamazi.info\/#\/schema\/logo\/image\/","url":"https:\/\/darkamazi.info\/file\/2017\/12\/darka-mazi-logo.png","contentUrl":"https:\/\/darkamazi.info\/file\/2017\/12\/darka-mazi-logo.png","width":151,"height":75,"caption":"Darka Maz\u00ee"},"image":{"@id":"https:\/\/darkamazi.info\/#\/schema\/logo\/image\/"},"sameAs":["https:\/\/www.facebook.com\/DarMaziKurmanci","https:\/\/x.com\/DarkaMaziLatini","https:\/\/www.instagram.com\/darkamazi.kurmanci\/","https:\/\/www.youtube.com\/channel\/UCa5HkTdmI8U1qCUFuTw8B2g"]},{"@type":"Person","@id":"https:\/\/darkamazi.info\/#\/schema\/person\/5ad3e24553a0567993fa8ed4bd0a776c","name":"darka mazi","sameAs":["https:\/\/darkamazi.info\/"],"url":"https:\/\/darkamazi.info\/archives\/author\/kurdi"}]}},"_links":{"self":[{"href":"https:\/\/darkamazi.info\/funavuv\/wp\/v2\/posts\/1048253","targetHints":{"allow":["GET"]}}],"collection":[{"href":"https:\/\/darkamazi.info\/funavuv\/wp\/v2\/posts"}],"about":[{"href":"https:\/\/darkamazi.info\/funavuv\/wp\/v2\/types\/post"}],"author":[{"embeddable":true,"href":"https:\/\/darkamazi.info\/funavuv\/wp\/v2\/users\/2"}],"replies":[{"embeddable":true,"href":"https:\/\/darkamazi.info\/funavuv\/wp\/v2\/comments?post=1048253"}],"version-history":[{"count":0,"href":"https:\/\/darkamazi.info\/funavuv\/wp\/v2\/posts\/1048253\/revisions"}],"wp:featuredmedia":[{"embeddable":true,"href":"https:\/\/darkamazi.info\/funavuv\/wp\/v2\/media\/1048257"}],"wp:attachment":[{"href":"https:\/\/darkamazi.info\/funavuv\/wp\/v2\/media?parent=1048253"}],"wp:term":[{"taxonomy":"category","embeddable":true,"href":"https:\/\/darkamazi.info\/funavuv\/wp\/v2\/categories?post=1048253"},{"taxonomy":"post_tag","embeddable":true,"href":"https:\/\/darkamazi.info\/funavuv\/wp\/v2\/tags?post=1048253"}],"curies":[{"name":"wp","href":"https:\/\/api.w.org\/{rel}","templated":true}]}}