{"id":1048267,"date":"2025-05-12T11:42:04","date_gmt":"2025-05-12T08:42:04","guid":{"rendered":"https:\/\/darkamazi.info\/?p=1048267"},"modified":"2025-05-12T11:42:04","modified_gmt":"2025-05-12T08:42:04","slug":"hevdeme-ragihandina-hilwesandina-xwe-pkke-mirina-ali-heyder-qeytan-u-riza-altun-ji-eskere-kir","status":"publish","type":"post","link":"https:\/\/darkamazi.info\/archives\/1048267","title":{"rendered":"Hevdem\u00ea ragihandina hilwe\u015fandina xwe, PKK\u2019\u00ea mirina Ali Heyder Qeytan \u00fb Riza Alt\u00fbn j\u00ee e\u015fkere kir"},"content":{"rendered":"<h3 style=\"text-align: justify\"><span style=\"font-family: 'arial black', sans-serif\">\u00cero roja du\u015fem\u00ee, 12\/5\/2025an, Partiya Karker\u00ean Kurdistan\u00ea (PKK\u2019)\u00ea biryar\u00ean kongreya xweya 12em\u00een a\u015fkera kirin \u00fb bi nav\u00ea PKK\u2019\u00ea hem\u00fb xebat\u00ean xwe bi daw\u00ee an\u00een \u00fb bi awayek\u00ee ferm\u00ee xwe hilwe\u015fand.<\/span><\/h3>\n<h3 style=\"text-align: justify\">Hevdem\u00ea ragihandina hilwe\u015fandina xwe, PKK\u2019\u00ea mirina du ji Endam\u00ean Konseya R\u00eaveber a PKK\u2019\u00ea j\u00ee bi dalqandina w\u00eaney\u00ean wan ligel w\u00eaney\u00ean &#8220;\u015eeh\u00eed\u00ean PKK\u2019\u00ea&#8221; e\u015fkere kir.<\/h3>\n<h3 style=\"text-align: justify\">PKK\u2019\u00ea w\u00eaney\u00ea her yek ji &#8220;Riza Alt\u00fbn \u00fb Ali Heyder Qeytan&#8221; j\u00ee ku ev demek dir\u00eaje xuya neb\u00fbb\u00fbn ligel w\u00eaney\u00ean \u015feh\u00eed\u00ean xwe dan\u00een \u00fb bi awayek\u00ee ferm\u00ee di daxuyaniya hilwe\u015fandina PKK\u2019\u00ea de, mirina van du berpirs\u00ean xwe j\u00ee e\u015fkere kir.<\/h3>\n<h3 style=\"text-align: justify\">PKK\u2019\u00ea di daxuyaniya xwe de e\u015fkere kir, &#8220;kongreya PKK\u2019\u00ea ya 12em\u00een ku bi banga r\u00eabertiya me kom b\u00fb, \u015fehadeta kadroy\u00ean p\u00ea\u015feng\u00ean partiya me Fuwat-Al\u00ee Haydar Kaytan ku di 3&#8217;y\u00ea T\u00eermeha 2018&#8217;an de \u00fb Riza Alt\u00fbn ku di 25&#8217;\u00ea \u00celona 2019&#8217;an de \u015feh\u00eed b\u00fbne \u00eelan kir.&#8221;<\/h3>\n<h3 style=\"text-align: justify\">Riza Alt\u00fbn \u00fb El\u00ee Heyder Qeytan ji sala 2019an ve wendab\u00fbn \u00fb bi tu awa di \u00e7apemeniya PKK\u2019\u00ea de xuya nedib\u00fbn, r\u00fbpela Darka Maz\u00ee di du rapor\u00ean cuda de p\u00ea\u015f niha ku\u015ftina van du Berpirsiyar\u00ean PKK\u2019\u00ea e\u015fkere kirib\u00fb, l\u00ea bel\u00ea heyan\u00ee roja me ya \u00eero PKK\u2019\u00ea mirina wan e\u015fkere nekirib\u00fb.<\/h3>\n<h3 style=\"text-align: justify\"><a href=\"https:\/\/darkamazi.info\/archives\/1033930\">Rapora me ya li ser ku\u015ftina El\u00ee Heyder Qeytan.<\/a><\/h3>\n<h3 style=\"text-align: justify\"><a href=\"https:\/\/darkamazi.info\/archives\/1047601\">Rapora me ya li ser ku\u015ftina Riza Alt\u00fbn.<\/a><\/h3>\n","protected":false},"excerpt":{"rendered":"<p>\u00cero roja du\u015fem\u00ee, 12\/5\/2025an, Partiya Karker\u00ean Kurdistan\u00ea (PKK\u2019)\u00ea biryar\u00ean kongreya xweya 12em\u00een a\u015fkera kirin \u00fb bi nav\u00ea PKK\u2019\u00ea hem\u00fb xebat\u00ean xwe bi daw\u00ee an\u00een \u00fb bi awayek\u00ee ferm\u00ee xwe hilwe\u015fand. Hevdem\u00ea ragihandina hilwe\u015fandina xwe, PKK\u2019\u00ea mirina du ji Endam\u00ean Konseya R\u00eaveber a PKK\u2019\u00ea j\u00ee bi dalqandina w\u00eaney\u00ean wan ligel w\u00eaney\u00ean &#8220;\u015eeh\u00eed\u00ean PKK\u2019\u00ea&#8221; e\u015fkere kir. PKK\u2019\u00ea [&hellip;]<\/p>\n","protected":false},"author":2,"featured_media":1048268,"comment_status":"closed","ping_status":"closed","sticky":false,"template":"","format":"standard","meta":{"footnotes":""},"categories":[29],"tags":[37],"class_list":["post-1048267","post","type-post","status-publish","format-standard","has-post-thumbnail","hentry","category-kurdistan","tag-sereke"],"blocksy_meta":[],"seo_head":"<!-- This site is optimized with the Yoast SEO plugin v27.5 - https:\/\/yoast.com\/product\/yoast-seo-wordpress\/ -->\n<title>Hevdem\u00ea ragihandina hilwe\u015fandina xwe, PKK\u2019\u00ea mirina Ali Heyder Qeytan \u00fb Riza Alt\u00fbn j\u00ee e\u015fkere kir - Darka Maz\u00ee<\/title>\n<meta name=\"robots\" content=\"index, follow, max-snippet:-1, max-image-preview:large, max-video-preview:-1\" \/>\n<link rel=\"canonical\" href=\"https:\/\/darkamazi.info\/archives\/1048267\" \/>\n<meta property=\"og:locale\" content=\"en_US\" \/>\n<meta property=\"og:type\" content=\"article\" \/>\n<meta property=\"og:title\" content=\"Hevdem\u00ea ragihandina hilwe\u015fandina xwe, PKK\u2019\u00ea mirina Ali Heyder Qeytan \u00fb Riza Alt\u00fbn j\u00ee e\u015fkere kir - Darka Maz\u00ee\" \/>\n<meta property=\"og:description\" content=\"\u00cero roja du\u015fem\u00ee, 12\/5\/2025an, Partiya Karker\u00ean Kurdistan\u00ea (PKK\u2019)\u00ea biryar\u00ean kongreya xweya 12em\u00een a\u015fkera kirin \u00fb bi nav\u00ea PKK\u2019\u00ea hem\u00fb xebat\u00ean xwe bi daw\u00ee an\u00een \u00fb bi awayek\u00ee ferm\u00ee xwe hilwe\u015fand. Hevdem\u00ea ragihandina hilwe\u015fandina xwe, PKK\u2019\u00ea mirina du ji Endam\u00ean Konseya R\u00eaveber a PKK\u2019\u00ea j\u00ee bi dalqandina w\u00eaney\u00ean wan ligel w\u00eaney\u00ean &#8220;\u015eeh\u00eed\u00ean PKK\u2019\u00ea&#8221; e\u015fkere kir. PKK\u2019\u00ea [&hellip;]\" \/>\n<meta property=\"og:url\" content=\"https:\/\/darkamazi.info\/archives\/1048267\" \/>\n<meta property=\"og:site_name\" content=\"Darka Maz\u00ee\" \/>\n<meta property=\"article:publisher\" content=\"https:\/\/www.facebook.com\/DarMaziKurmanci\" \/>\n<meta property=\"article:published_time\" content=\"2025-05-12T08:42:04+00:00\" \/>\n<meta property=\"og:image\" content=\"https:\/\/darkamazi.info\/file\/2025\/05\/Riza-altun-pkk-kck-info.jpg\" \/>\n\t<meta property=\"og:image:width\" content=\"900\" \/>\n\t<meta property=\"og:image:height\" content=\"497\" \/>\n\t<meta property=\"og:image:type\" content=\"image\/jpeg\" \/>\n<meta name=\"author\" content=\"darka mazi\" \/>\n<meta name=\"twitter:card\" content=\"summary_large_image\" \/>\n<meta name=\"twitter:creator\" content=\"@DarkaMaziLatini\" \/>\n<meta name=\"twitter:site\" content=\"@DarkaMaziLatini\" \/>\n<meta name=\"twitter:label1\" content=\"Written by\" \/>\n\t<meta name=\"twitter:data1\" content=\"darka mazi\" \/>\n\t<meta name=\"twitter:label2\" content=\"Est. reading time\" \/>\n\t<meta name=\"twitter:data2\" content=\"2 minutes\" \/>\n<script type=\"application\/ld+json\" class=\"seo-schema-graph\">{\"@context\":\"https:\\\/\\\/schema.org\",\"@graph\":[{\"@type\":\"Article\",\"@id\":\"https:\\\/\\\/darkamazi.info\\\/archives\\\/1048267#article\",\"isPartOf\":{\"@id\":\"https:\\\/\\\/darkamazi.info\\\/archives\\\/1048267\"},\"author\":{\"name\":\"darka mazi\",\"@id\":\"https:\\\/\\\/darkamazi.info\\\/#\\\/schema\\\/person\\\/5ad3e24553a0567993fa8ed4bd0a776c\"},\"headline\":\"Hevdem\u00ea ragihandina hilwe\u015fandina xwe, PKK\u2019\u00ea mirina Ali Heyder Qeytan \u00fb Riza Alt\u00fbn j\u00ee e\u015fkere kir\",\"datePublished\":\"2025-05-12T08:42:04+00:00\",\"mainEntityOfPage\":{\"@id\":\"https:\\\/\\\/darkamazi.info\\\/archives\\\/1048267\"},\"wordCount\":268,\"publisher\":{\"@id\":\"https:\\\/\\\/darkamazi.info\\\/#organization\"},\"image\":{\"@id\":\"https:\\\/\\\/darkamazi.info\\\/archives\\\/1048267#primaryimage\"},\"thumbnailUrl\":\"https:\\\/\\\/darkamazi.info\\\/darka-content\\\/uploads\\\/2025\\\/05\\\/Riza-altun-pkk-kck-info.jpg\",\"keywords\":[\"sereke\"],\"articleSection\":[\"Kurdistan\"],\"inLanguage\":\"en-US\"},{\"@type\":\"WebPage\",\"@id\":\"https:\\\/\\\/darkamazi.info\\\/archives\\\/1048267\",\"url\":\"https:\\\/\\\/darkamazi.info\\\/archives\\\/1048267\",\"name\":\"Hevdem\u00ea ragihandina hilwe\u015fandina xwe, PKK\u2019\u00ea mirina Ali Heyder Qeytan \u00fb Riza Alt\u00fbn j\u00ee e\u015fkere kir - Darka Maz\u00ee\",\"isPartOf\":{\"@id\":\"https:\\\/\\\/darkamazi.info\\\/#website\"},\"primaryImageOfPage\":{\"@id\":\"https:\\\/\\\/darkamazi.info\\\/archives\\\/1048267#primaryimage\"},\"image\":{\"@id\":\"https:\\\/\\\/darkamazi.info\\\/archives\\\/1048267#primaryimage\"},\"thumbnailUrl\":\"https:\\\/\\\/darkamazi.info\\\/darka-content\\\/uploads\\\/2025\\\/05\\\/Riza-altun-pkk-kck-info.jpg\",\"datePublished\":\"2025-05-12T08:42:04+00:00\",\"breadcrumb\":{\"@id\":\"https:\\\/\\\/darkamazi.info\\\/archives\\\/1048267#breadcrumb\"},\"inLanguage\":\"en-US\",\"potentialAction\":[{\"@type\":\"ReadAction\",\"target\":[\"https:\\\/\\\/darkamazi.info\\\/archives\\\/1048267\"]}]},{\"@type\":\"ImageObject\",\"inLanguage\":\"en-US\",\"@id\":\"https:\\\/\\\/darkamazi.info\\\/archives\\\/1048267#primaryimage\",\"url\":\"https:\\\/\\\/darkamazi.info\\\/darka-content\\\/uploads\\\/2025\\\/05\\\/Riza-altun-pkk-kck-info.jpg\",\"contentUrl\":\"https:\\\/\\\/darkamazi.info\\\/darka-content\\\/uploads\\\/2025\\\/05\\\/Riza-altun-pkk-kck-info.jpg\",\"width\":900,\"height\":497,\"caption\":\"Hevdem\u00ea ragihandina hilwe\u015fandina xwe, PKK\u2019\u00ea mirina Ali Heyder Qeytan \u00fb Riza Alt\u00fbn j\u00ee e\u015fkere kir\"},{\"@type\":\"BreadcrumbList\",\"@id\":\"https:\\\/\\\/darkamazi.info\\\/archives\\\/1048267#breadcrumb\",\"itemListElement\":[{\"@type\":\"ListItem\",\"position\":1,\"name\":\"Home\",\"item\":\"https:\\\/\\\/darkamazi.info\\\/\"},{\"@type\":\"ListItem\",\"position\":2,\"name\":\"Hevdem\u00ea ragihandina hilwe\u015fandina xwe, PKK\u2019\u00ea mirina Ali Heyder Qeytan \u00fb Riza Alt\u00fbn j\u00ee e\u015fkere kir\"}]},{\"@type\":\"WebSite\",\"@id\":\"https:\\\/\\\/darkamazi.info\\\/#website\",\"url\":\"https:\\\/\\\/darkamazi.info\\\/\",\"name\":\"Darka Maz\u00ee\",\"description\":\"P\u00eageha Zanyariy\u00ean Nebih\u00eest\u00ee\",\"publisher\":{\"@id\":\"https:\\\/\\\/darkamazi.info\\\/#organization\"},\"potentialAction\":[{\"@type\":\"SearchAction\",\"target\":{\"@type\":\"EntryPoint\",\"urlTemplate\":\"https:\\\/\\\/darkamazi.info\\\/?s={search_term_string}\"},\"query-input\":{\"@type\":\"PropertyValueSpecification\",\"valueRequired\":true,\"valueName\":\"search_term_string\"}}],\"inLanguage\":\"en-US\"},{\"@type\":\"Organization\",\"@id\":\"https:\\\/\\\/darkamazi.info\\\/#organization\",\"name\":\"Darka Maz\u00ee\",\"url\":\"https:\\\/\\\/darkamazi.info\\\/\",\"logo\":{\"@type\":\"ImageObject\",\"inLanguage\":\"en-US\",\"@id\":\"https:\\\/\\\/darkamazi.info\\\/#\\\/schema\\\/logo\\\/image\\\/\",\"url\":\"https:\\\/\\\/darkamazi.info\\\/darka-content\\\/uploads\\\/2017\\\/12\\\/darka-mazi-logo.png\",\"contentUrl\":\"https:\\\/\\\/darkamazi.info\\\/darka-content\\\/uploads\\\/2017\\\/12\\\/darka-mazi-logo.png\",\"width\":151,\"height\":75,\"caption\":\"Darka Maz\u00ee\"},\"image\":{\"@id\":\"https:\\\/\\\/darkamazi.info\\\/#\\\/schema\\\/logo\\\/image\\\/\"},\"sameAs\":[\"https:\\\/\\\/www.facebook.com\\\/DarMaziKurmanci\",\"https:\\\/\\\/x.com\\\/DarkaMaziLatini\",\"https:\\\/\\\/www.instagram.com\\\/darkamazi.kurmanci\\\/\",\"https:\\\/\\\/www.youtube.com\\\/channel\\\/UCa5HkTdmI8U1qCUFuTw8B2g\"]},{\"@type\":\"Person\",\"@id\":\"https:\\\/\\\/darkamazi.info\\\/#\\\/schema\\\/person\\\/5ad3e24553a0567993fa8ed4bd0a776c\",\"name\":\"darka mazi\",\"sameAs\":[\"https:\\\/\\\/darkamazi.info\\\/\"],\"url\":\"https:\\\/\\\/darkamazi.info\\\/archives\\\/author\\\/kurdi\"}]}<\/script>\n<!-- \/ Yoast SEO plugin. -->","seo_head_json":{"title":"Hevdem\u00ea ragihandina hilwe\u015fandina xwe, PKK\u2019\u00ea mirina Ali Heyder Qeytan \u00fb Riza Alt\u00fbn j\u00ee e\u015fkere kir - Darka Maz\u00ee","robots":{"index":"index","follow":"follow","max-snippet":"max-snippet:-1","max-image-preview":"max-image-preview:large","max-video-preview":"max-video-preview:-1"},"canonical":"https:\/\/darkamazi.info\/archives\/1048267","og_locale":"en_US","og_type":"article","og_title":"Hevdem\u00ea ragihandina hilwe\u015fandina xwe, PKK\u2019\u00ea mirina Ali Heyder Qeytan \u00fb Riza Alt\u00fbn j\u00ee e\u015fkere kir - Darka Maz\u00ee","og_description":"\u00cero roja du\u015fem\u00ee, 12\/5\/2025an, Partiya Karker\u00ean Kurdistan\u00ea (PKK\u2019)\u00ea biryar\u00ean kongreya xweya 12em\u00een a\u015fkera kirin \u00fb bi nav\u00ea PKK\u2019\u00ea hem\u00fb xebat\u00ean xwe bi daw\u00ee an\u00een \u00fb bi awayek\u00ee ferm\u00ee xwe hilwe\u015fand. Hevdem\u00ea ragihandina hilwe\u015fandina xwe, PKK\u2019\u00ea mirina du ji Endam\u00ean Konseya R\u00eaveber a PKK\u2019\u00ea j\u00ee bi dalqandina w\u00eaney\u00ean wan ligel w\u00eaney\u00ean &#8220;\u015eeh\u00eed\u00ean PKK\u2019\u00ea&#8221; e\u015fkere kir. PKK\u2019\u00ea [&hellip;]","og_url":"https:\/\/darkamazi.info\/archives\/1048267","og_site_name":"Darka Maz\u00ee","article_publisher":"https:\/\/www.facebook.com\/DarMaziKurmanci","article_published_time":"2025-05-12T08:42:04+00:00","og_image":[{"width":900,"height":497,"url":"https:\/\/darkamazi.info\/file\/2025\/05\/Riza-altun-pkk-kck-info.jpg","type":"image\/jpeg"}],"author":"darka mazi","twitter_card":"summary_large_image","twitter_creator":"@DarkaMaziLatini","twitter_site":"@DarkaMaziLatini","twitter_misc":{"Written by":"darka mazi","Est. reading time":"2 minutes"},"schema":{"@context":"https:\/\/schema.org","@graph":[{"@type":"Article","@id":"https:\/\/darkamazi.info\/archives\/1048267#article","isPartOf":{"@id":"https:\/\/darkamazi.info\/archives\/1048267"},"author":{"name":"darka mazi","@id":"https:\/\/darkamazi.info\/#\/schema\/person\/5ad3e24553a0567993fa8ed4bd0a776c"},"headline":"Hevdem\u00ea ragihandina hilwe\u015fandina xwe, PKK\u2019\u00ea mirina Ali Heyder Qeytan \u00fb Riza Alt\u00fbn j\u00ee e\u015fkere kir","datePublished":"2025-05-12T08:42:04+00:00","mainEntityOfPage":{"@id":"https:\/\/darkamazi.info\/archives\/1048267"},"wordCount":268,"publisher":{"@id":"https:\/\/darkamazi.info\/#organization"},"image":{"@id":"https:\/\/darkamazi.info\/archives\/1048267#primaryimage"},"thumbnailUrl":"https:\/\/darkamazi.info\/file\/2025\/05\/Riza-altun-pkk-kck-info.jpg","keywords":["sereke"],"articleSection":["Kurdistan"],"inLanguage":"en-US"},{"@type":"WebPage","@id":"https:\/\/darkamazi.info\/archives\/1048267","url":"https:\/\/darkamazi.info\/archives\/1048267","name":"Hevdem\u00ea ragihandina hilwe\u015fandina xwe, PKK\u2019\u00ea mirina Ali Heyder Qeytan \u00fb Riza Alt\u00fbn j\u00ee e\u015fkere kir - Darka Maz\u00ee","isPartOf":{"@id":"https:\/\/darkamazi.info\/#website"},"primaryImageOfPage":{"@id":"https:\/\/darkamazi.info\/archives\/1048267#primaryimage"},"image":{"@id":"https:\/\/darkamazi.info\/archives\/1048267#primaryimage"},"thumbnailUrl":"https:\/\/darkamazi.info\/file\/2025\/05\/Riza-altun-pkk-kck-info.jpg","datePublished":"2025-05-12T08:42:04+00:00","breadcrumb":{"@id":"https:\/\/darkamazi.info\/archives\/1048267#breadcrumb"},"inLanguage":"en-US","potentialAction":[{"@type":"ReadAction","target":["https:\/\/darkamazi.info\/archives\/1048267"]}]},{"@type":"ImageObject","inLanguage":"en-US","@id":"https:\/\/darkamazi.info\/archives\/1048267#primaryimage","url":"https:\/\/darkamazi.info\/file\/2025\/05\/Riza-altun-pkk-kck-info.jpg","contentUrl":"https:\/\/darkamazi.info\/file\/2025\/05\/Riza-altun-pkk-kck-info.jpg","width":900,"height":497,"caption":"Hevdem\u00ea ragihandina hilwe\u015fandina xwe, PKK\u2019\u00ea mirina Ali Heyder Qeytan \u00fb Riza Alt\u00fbn j\u00ee e\u015fkere kir"},{"@type":"BreadcrumbList","@id":"https:\/\/darkamazi.info\/archives\/1048267#breadcrumb","itemListElement":[{"@type":"ListItem","position":1,"name":"Home","item":"https:\/\/darkamazi.info\/"},{"@type":"ListItem","position":2,"name":"Hevdem\u00ea ragihandina hilwe\u015fandina xwe, PKK\u2019\u00ea mirina Ali Heyder Qeytan \u00fb Riza Alt\u00fbn j\u00ee e\u015fkere kir"}]},{"@type":"WebSite","@id":"https:\/\/darkamazi.info\/#website","url":"https:\/\/darkamazi.info\/","name":"Darka Maz\u00ee","description":"P\u00eageha Zanyariy\u00ean Nebih\u00eest\u00ee","publisher":{"@id":"https:\/\/darkamazi.info\/#organization"},"potentialAction":[{"@type":"SearchAction","target":{"@type":"EntryPoint","urlTemplate":"https:\/\/darkamazi.info\/?s={search_term_string}"},"query-input":{"@type":"PropertyValueSpecification","valueRequired":true,"valueName":"search_term_string"}}],"inLanguage":"en-US"},{"@type":"Organization","@id":"https:\/\/darkamazi.info\/#organization","name":"Darka Maz\u00ee","url":"https:\/\/darkamazi.info\/","logo":{"@type":"ImageObject","inLanguage":"en-US","@id":"https:\/\/darkamazi.info\/#\/schema\/logo\/image\/","url":"https:\/\/darkamazi.info\/file\/2017\/12\/darka-mazi-logo.png","contentUrl":"https:\/\/darkamazi.info\/file\/2017\/12\/darka-mazi-logo.png","width":151,"height":75,"caption":"Darka Maz\u00ee"},"image":{"@id":"https:\/\/darkamazi.info\/#\/schema\/logo\/image\/"},"sameAs":["https:\/\/www.facebook.com\/DarMaziKurmanci","https:\/\/x.com\/DarkaMaziLatini","https:\/\/www.instagram.com\/darkamazi.kurmanci\/","https:\/\/www.youtube.com\/channel\/UCa5HkTdmI8U1qCUFuTw8B2g"]},{"@type":"Person","@id":"https:\/\/darkamazi.info\/#\/schema\/person\/5ad3e24553a0567993fa8ed4bd0a776c","name":"darka mazi","sameAs":["https:\/\/darkamazi.info\/"],"url":"https:\/\/darkamazi.info\/archives\/author\/kurdi"}]}},"_links":{"self":[{"href":"https:\/\/darkamazi.info\/funavuv\/wp\/v2\/posts\/1048267","targetHints":{"allow":["GET"]}}],"collection":[{"href":"https:\/\/darkamazi.info\/funavuv\/wp\/v2\/posts"}],"about":[{"href":"https:\/\/darkamazi.info\/funavuv\/wp\/v2\/types\/post"}],"author":[{"embeddable":true,"href":"https:\/\/darkamazi.info\/funavuv\/wp\/v2\/users\/2"}],"replies":[{"embeddable":true,"href":"https:\/\/darkamazi.info\/funavuv\/wp\/v2\/comments?post=1048267"}],"version-history":[{"count":0,"href":"https:\/\/darkamazi.info\/funavuv\/wp\/v2\/posts\/1048267\/revisions"}],"wp:featuredmedia":[{"embeddable":true,"href":"https:\/\/darkamazi.info\/funavuv\/wp\/v2\/media\/1048268"}],"wp:attachment":[{"href":"https:\/\/darkamazi.info\/funavuv\/wp\/v2\/media?parent=1048267"}],"wp:term":[{"taxonomy":"category","embeddable":true,"href":"https:\/\/darkamazi.info\/funavuv\/wp\/v2\/categories?post=1048267"},{"taxonomy":"post_tag","embeddable":true,"href":"https:\/\/darkamazi.info\/funavuv\/wp\/v2\/tags?post=1048267"}],"curies":[{"name":"wp","href":"https:\/\/api.w.org\/{rel}","templated":true}]}}