{"id":1048276,"date":"2025-05-13T10:17:32","date_gmt":"2025-05-13T07:17:32","guid":{"rendered":"https:\/\/darkamazi.info\/?p=1048276"},"modified":"2025-05-13T10:17:32","modified_gmt":"2025-05-13T07:17:32","slug":"te-idiakirin-ku-abdullah-ocalan-nexwesiya-pencesere-heye","status":"publish","type":"post","link":"https:\/\/darkamazi.info\/archives\/1048276","title":{"rendered":"T\u00ea \u00eediakirin ku Abdullah Ocalan nexwe\u015fiya pence\u015f\u00ear\u00ea heye"},"content":{"rendered":"<h3 style=\"text-align: justify\"><span style=\"font-family: 'arial black', sans-serif\">Pi\u015ft\u00ee kongreya hilwe\u015fandina PKK\u00ea, hate \u00eediakirin ku Abdullah Ocalan nexwe\u015fiya pen\u00e7e\u015f\u00eara pankreas\u00ea heye.<\/span><\/h3>\n<h3 style=\"text-align: justify\"><span style=\"font-family: arial, helvetica, sans-serif\">\u00c7avkaniy\u00ean Tirk\u00ee gotin ku Abdullah Ocalan li Nexwe\u015fxaneya Le\u015fker\u00ee ya Enqer\u00ea emeliyata \u00e7av\u00ea w\u00ee hatiye kirin.<\/span><\/h3>\n<h3 style=\"text-align: justify\"><span style=\"font-family: arial, helvetica, sans-serif\">Hin \u00e7avkaniy\u00ean n\u00eaz\u00eek\u00ee PKK\u00ea dib\u00eajin ku Abdullah Ocalan nexwe\u015fiya pen\u00e7e\u015f\u00eara pankreas\u00ea heye \u00fb dewleta Tirkiy\u00ea ji ber v\u00ea sedem\u00ea dixwest ku PKKe z\u00fb biryarek\u00ea ji bo hilwe\u015fandina xwe bide.<\/span><\/h3>\n","protected":false},"excerpt":{"rendered":"<p>Pi\u015ft\u00ee kongreya hilwe\u015fandina PKK\u00ea, hate \u00eediakirin ku Abdullah Ocalan nexwe\u015fiya pen\u00e7e\u015f\u00eara pankreas\u00ea heye. \u00c7avkaniy\u00ean Tirk\u00ee gotin ku Abdullah Ocalan li Nexwe\u015fxaneya Le\u015fker\u00ee ya Enqer\u00ea emeliyata \u00e7av\u00ea w\u00ee hatiye kirin. Hin \u00e7avkaniy\u00ean n\u00eaz\u00eek\u00ee PKK\u00ea dib\u00eajin ku Abdullah Ocalan nexwe\u015fiya pen\u00e7e\u015f\u00eara pankreas\u00ea heye \u00fb dewleta Tirkiy\u00ea ji ber v\u00ea sedem\u00ea dixwest ku PKKe z\u00fb biryarek\u00ea ji bo [&hellip;]<\/p>\n","protected":false},"author":2,"featured_media":1048277,"comment_status":"closed","ping_status":"closed","sticky":false,"template":"","format":"standard","meta":{"footnotes":""},"categories":[29],"tags":[37],"class_list":["post-1048276","post","type-post","status-publish","format-standard","has-post-thumbnail","hentry","category-kurdistan","tag-sereke"],"blocksy_meta":[],"seo_head":"<!-- This site is optimized with the Yoast SEO plugin v27.5 - https:\/\/yoast.com\/product\/yoast-seo-wordpress\/ -->\n<title>T\u00ea \u00eediakirin ku Abdullah Ocalan nexwe\u015fiya pence\u015f\u00ear\u00ea heye - Darka Maz\u00ee<\/title>\n<meta name=\"robots\" content=\"index, follow, max-snippet:-1, max-image-preview:large, max-video-preview:-1\" \/>\n<link rel=\"canonical\" href=\"https:\/\/darkamazi.info\/archives\/1048276\" \/>\n<meta property=\"og:locale\" content=\"en_US\" \/>\n<meta property=\"og:type\" content=\"article\" \/>\n<meta property=\"og:title\" content=\"T\u00ea \u00eediakirin ku Abdullah Ocalan nexwe\u015fiya pence\u015f\u00ear\u00ea heye - Darka Maz\u00ee\" \/>\n<meta property=\"og:description\" content=\"Pi\u015ft\u00ee kongreya hilwe\u015fandina PKK\u00ea, hate \u00eediakirin ku Abdullah Ocalan nexwe\u015fiya pen\u00e7e\u015f\u00eara pankreas\u00ea heye. \u00c7avkaniy\u00ean Tirk\u00ee gotin ku Abdullah Ocalan li Nexwe\u015fxaneya Le\u015fker\u00ee ya Enqer\u00ea emeliyata \u00e7av\u00ea w\u00ee hatiye kirin. Hin \u00e7avkaniy\u00ean n\u00eaz\u00eek\u00ee PKK\u00ea dib\u00eajin ku Abdullah Ocalan nexwe\u015fiya pen\u00e7e\u015f\u00eara pankreas\u00ea heye \u00fb dewleta Tirkiy\u00ea ji ber v\u00ea sedem\u00ea dixwest ku PKKe z\u00fb biryarek\u00ea ji bo [&hellip;]\" \/>\n<meta property=\"og:url\" content=\"https:\/\/darkamazi.info\/archives\/1048276\" \/>\n<meta property=\"og:site_name\" content=\"Darka Maz\u00ee\" \/>\n<meta property=\"article:publisher\" content=\"https:\/\/www.facebook.com\/DarMaziKurmanci\" \/>\n<meta property=\"article:published_time\" content=\"2025-05-13T07:17:32+00:00\" \/>\n<meta property=\"og:image\" content=\"https:\/\/darkamazi.info\/file\/2025\/05\/Ocalan-Canser-info.jpg\" \/>\n\t<meta property=\"og:image:width\" content=\"900\" \/>\n\t<meta property=\"og:image:height\" content=\"500\" \/>\n\t<meta property=\"og:image:type\" content=\"image\/jpeg\" \/>\n<meta name=\"author\" content=\"darka mazi\" \/>\n<meta name=\"twitter:card\" content=\"summary_large_image\" \/>\n<meta name=\"twitter:creator\" content=\"@DarkaMaziLatini\" \/>\n<meta name=\"twitter:site\" content=\"@DarkaMaziLatini\" \/>\n<meta name=\"twitter:label1\" content=\"Written by\" \/>\n\t<meta name=\"twitter:data1\" content=\"darka mazi\" \/>\n\t<meta name=\"twitter:label2\" content=\"Est. reading time\" \/>\n\t<meta name=\"twitter:data2\" content=\"1 minute\" \/>\n<script type=\"application\/ld+json\" class=\"seo-schema-graph\">{\"@context\":\"https:\\\/\\\/schema.org\",\"@graph\":[{\"@type\":\"Article\",\"@id\":\"https:\\\/\\\/darkamazi.info\\\/archives\\\/1048276#article\",\"isPartOf\":{\"@id\":\"https:\\\/\\\/darkamazi.info\\\/archives\\\/1048276\"},\"author\":{\"name\":\"darka mazi\",\"@id\":\"https:\\\/\\\/darkamazi.info\\\/#\\\/schema\\\/person\\\/5ad3e24553a0567993fa8ed4bd0a776c\"},\"headline\":\"T\u00ea \u00eediakirin ku Abdullah Ocalan nexwe\u015fiya pence\u015f\u00ear\u00ea heye\",\"datePublished\":\"2025-05-13T07:17:32+00:00\",\"mainEntityOfPage\":{\"@id\":\"https:\\\/\\\/darkamazi.info\\\/archives\\\/1048276\"},\"wordCount\":83,\"publisher\":{\"@id\":\"https:\\\/\\\/darkamazi.info\\\/#organization\"},\"image\":{\"@id\":\"https:\\\/\\\/darkamazi.info\\\/archives\\\/1048276#primaryimage\"},\"thumbnailUrl\":\"https:\\\/\\\/darkamazi.info\\\/darka-content\\\/uploads\\\/2025\\\/05\\\/Ocalan-Canser-info.jpg\",\"keywords\":[\"sereke\"],\"articleSection\":[\"Kurdistan\"],\"inLanguage\":\"en-US\"},{\"@type\":\"WebPage\",\"@id\":\"https:\\\/\\\/darkamazi.info\\\/archives\\\/1048276\",\"url\":\"https:\\\/\\\/darkamazi.info\\\/archives\\\/1048276\",\"name\":\"T\u00ea \u00eediakirin ku Abdullah Ocalan nexwe\u015fiya pence\u015f\u00ear\u00ea heye - Darka Maz\u00ee\",\"isPartOf\":{\"@id\":\"https:\\\/\\\/darkamazi.info\\\/#website\"},\"primaryImageOfPage\":{\"@id\":\"https:\\\/\\\/darkamazi.info\\\/archives\\\/1048276#primaryimage\"},\"image\":{\"@id\":\"https:\\\/\\\/darkamazi.info\\\/archives\\\/1048276#primaryimage\"},\"thumbnailUrl\":\"https:\\\/\\\/darkamazi.info\\\/darka-content\\\/uploads\\\/2025\\\/05\\\/Ocalan-Canser-info.jpg\",\"datePublished\":\"2025-05-13T07:17:32+00:00\",\"breadcrumb\":{\"@id\":\"https:\\\/\\\/darkamazi.info\\\/archives\\\/1048276#breadcrumb\"},\"inLanguage\":\"en-US\",\"potentialAction\":[{\"@type\":\"ReadAction\",\"target\":[\"https:\\\/\\\/darkamazi.info\\\/archives\\\/1048276\"]}]},{\"@type\":\"ImageObject\",\"inLanguage\":\"en-US\",\"@id\":\"https:\\\/\\\/darkamazi.info\\\/archives\\\/1048276#primaryimage\",\"url\":\"https:\\\/\\\/darkamazi.info\\\/darka-content\\\/uploads\\\/2025\\\/05\\\/Ocalan-Canser-info.jpg\",\"contentUrl\":\"https:\\\/\\\/darkamazi.info\\\/darka-content\\\/uploads\\\/2025\\\/05\\\/Ocalan-Canser-info.jpg\",\"width\":900,\"height\":500,\"caption\":\"Ocalan Canser-info\"},{\"@type\":\"BreadcrumbList\",\"@id\":\"https:\\\/\\\/darkamazi.info\\\/archives\\\/1048276#breadcrumb\",\"itemListElement\":[{\"@type\":\"ListItem\",\"position\":1,\"name\":\"Home\",\"item\":\"https:\\\/\\\/darkamazi.info\\\/\"},{\"@type\":\"ListItem\",\"position\":2,\"name\":\"T\u00ea \u00eediakirin ku Abdullah Ocalan nexwe\u015fiya pence\u015f\u00ear\u00ea heye\"}]},{\"@type\":\"WebSite\",\"@id\":\"https:\\\/\\\/darkamazi.info\\\/#website\",\"url\":\"https:\\\/\\\/darkamazi.info\\\/\",\"name\":\"Darka Maz\u00ee\",\"description\":\"P\u00eageha Zanyariy\u00ean Nebih\u00eest\u00ee\",\"publisher\":{\"@id\":\"https:\\\/\\\/darkamazi.info\\\/#organization\"},\"potentialAction\":[{\"@type\":\"SearchAction\",\"target\":{\"@type\":\"EntryPoint\",\"urlTemplate\":\"https:\\\/\\\/darkamazi.info\\\/?s={search_term_string}\"},\"query-input\":{\"@type\":\"PropertyValueSpecification\",\"valueRequired\":true,\"valueName\":\"search_term_string\"}}],\"inLanguage\":\"en-US\"},{\"@type\":\"Organization\",\"@id\":\"https:\\\/\\\/darkamazi.info\\\/#organization\",\"name\":\"Darka Maz\u00ee\",\"url\":\"https:\\\/\\\/darkamazi.info\\\/\",\"logo\":{\"@type\":\"ImageObject\",\"inLanguage\":\"en-US\",\"@id\":\"https:\\\/\\\/darkamazi.info\\\/#\\\/schema\\\/logo\\\/image\\\/\",\"url\":\"https:\\\/\\\/darkamazi.info\\\/darka-content\\\/uploads\\\/2017\\\/12\\\/darka-mazi-logo.png\",\"contentUrl\":\"https:\\\/\\\/darkamazi.info\\\/darka-content\\\/uploads\\\/2017\\\/12\\\/darka-mazi-logo.png\",\"width\":151,\"height\":75,\"caption\":\"Darka Maz\u00ee\"},\"image\":{\"@id\":\"https:\\\/\\\/darkamazi.info\\\/#\\\/schema\\\/logo\\\/image\\\/\"},\"sameAs\":[\"https:\\\/\\\/www.facebook.com\\\/DarMaziKurmanci\",\"https:\\\/\\\/x.com\\\/DarkaMaziLatini\",\"https:\\\/\\\/www.instagram.com\\\/darkamazi.kurmanci\\\/\",\"https:\\\/\\\/www.youtube.com\\\/channel\\\/UCa5HkTdmI8U1qCUFuTw8B2g\"]},{\"@type\":\"Person\",\"@id\":\"https:\\\/\\\/darkamazi.info\\\/#\\\/schema\\\/person\\\/5ad3e24553a0567993fa8ed4bd0a776c\",\"name\":\"darka mazi\",\"sameAs\":[\"https:\\\/\\\/darkamazi.info\\\/\"],\"url\":\"https:\\\/\\\/darkamazi.info\\\/archives\\\/author\\\/kurdi\"}]}<\/script>\n<!-- \/ Yoast SEO plugin. -->","seo_head_json":{"title":"T\u00ea \u00eediakirin ku Abdullah Ocalan nexwe\u015fiya pence\u015f\u00ear\u00ea heye - Darka Maz\u00ee","robots":{"index":"index","follow":"follow","max-snippet":"max-snippet:-1","max-image-preview":"max-image-preview:large","max-video-preview":"max-video-preview:-1"},"canonical":"https:\/\/darkamazi.info\/archives\/1048276","og_locale":"en_US","og_type":"article","og_title":"T\u00ea \u00eediakirin ku Abdullah Ocalan nexwe\u015fiya pence\u015f\u00ear\u00ea heye - Darka Maz\u00ee","og_description":"Pi\u015ft\u00ee kongreya hilwe\u015fandina PKK\u00ea, hate \u00eediakirin ku Abdullah Ocalan nexwe\u015fiya pen\u00e7e\u015f\u00eara pankreas\u00ea heye. \u00c7avkaniy\u00ean Tirk\u00ee gotin ku Abdullah Ocalan li Nexwe\u015fxaneya Le\u015fker\u00ee ya Enqer\u00ea emeliyata \u00e7av\u00ea w\u00ee hatiye kirin. Hin \u00e7avkaniy\u00ean n\u00eaz\u00eek\u00ee PKK\u00ea dib\u00eajin ku Abdullah Ocalan nexwe\u015fiya pen\u00e7e\u015f\u00eara pankreas\u00ea heye \u00fb dewleta Tirkiy\u00ea ji ber v\u00ea sedem\u00ea dixwest ku PKKe z\u00fb biryarek\u00ea ji bo [&hellip;]","og_url":"https:\/\/darkamazi.info\/archives\/1048276","og_site_name":"Darka Maz\u00ee","article_publisher":"https:\/\/www.facebook.com\/DarMaziKurmanci","article_published_time":"2025-05-13T07:17:32+00:00","og_image":[{"width":900,"height":500,"url":"https:\/\/darkamazi.info\/file\/2025\/05\/Ocalan-Canser-info.jpg","type":"image\/jpeg"}],"author":"darka mazi","twitter_card":"summary_large_image","twitter_creator":"@DarkaMaziLatini","twitter_site":"@DarkaMaziLatini","twitter_misc":{"Written by":"darka mazi","Est. reading time":"1 minute"},"schema":{"@context":"https:\/\/schema.org","@graph":[{"@type":"Article","@id":"https:\/\/darkamazi.info\/archives\/1048276#article","isPartOf":{"@id":"https:\/\/darkamazi.info\/archives\/1048276"},"author":{"name":"darka mazi","@id":"https:\/\/darkamazi.info\/#\/schema\/person\/5ad3e24553a0567993fa8ed4bd0a776c"},"headline":"T\u00ea \u00eediakirin ku Abdullah Ocalan nexwe\u015fiya pence\u015f\u00ear\u00ea heye","datePublished":"2025-05-13T07:17:32+00:00","mainEntityOfPage":{"@id":"https:\/\/darkamazi.info\/archives\/1048276"},"wordCount":83,"publisher":{"@id":"https:\/\/darkamazi.info\/#organization"},"image":{"@id":"https:\/\/darkamazi.info\/archives\/1048276#primaryimage"},"thumbnailUrl":"https:\/\/darkamazi.info\/file\/2025\/05\/Ocalan-Canser-info.jpg","keywords":["sereke"],"articleSection":["Kurdistan"],"inLanguage":"en-US"},{"@type":"WebPage","@id":"https:\/\/darkamazi.info\/archives\/1048276","url":"https:\/\/darkamazi.info\/archives\/1048276","name":"T\u00ea \u00eediakirin ku Abdullah Ocalan nexwe\u015fiya pence\u015f\u00ear\u00ea heye - Darka Maz\u00ee","isPartOf":{"@id":"https:\/\/darkamazi.info\/#website"},"primaryImageOfPage":{"@id":"https:\/\/darkamazi.info\/archives\/1048276#primaryimage"},"image":{"@id":"https:\/\/darkamazi.info\/archives\/1048276#primaryimage"},"thumbnailUrl":"https:\/\/darkamazi.info\/file\/2025\/05\/Ocalan-Canser-info.jpg","datePublished":"2025-05-13T07:17:32+00:00","breadcrumb":{"@id":"https:\/\/darkamazi.info\/archives\/1048276#breadcrumb"},"inLanguage":"en-US","potentialAction":[{"@type":"ReadAction","target":["https:\/\/darkamazi.info\/archives\/1048276"]}]},{"@type":"ImageObject","inLanguage":"en-US","@id":"https:\/\/darkamazi.info\/archives\/1048276#primaryimage","url":"https:\/\/darkamazi.info\/file\/2025\/05\/Ocalan-Canser-info.jpg","contentUrl":"https:\/\/darkamazi.info\/file\/2025\/05\/Ocalan-Canser-info.jpg","width":900,"height":500,"caption":"Ocalan Canser-info"},{"@type":"BreadcrumbList","@id":"https:\/\/darkamazi.info\/archives\/1048276#breadcrumb","itemListElement":[{"@type":"ListItem","position":1,"name":"Home","item":"https:\/\/darkamazi.info\/"},{"@type":"ListItem","position":2,"name":"T\u00ea \u00eediakirin ku Abdullah Ocalan nexwe\u015fiya pence\u015f\u00ear\u00ea heye"}]},{"@type":"WebSite","@id":"https:\/\/darkamazi.info\/#website","url":"https:\/\/darkamazi.info\/","name":"Darka Maz\u00ee","description":"P\u00eageha Zanyariy\u00ean Nebih\u00eest\u00ee","publisher":{"@id":"https:\/\/darkamazi.info\/#organization"},"potentialAction":[{"@type":"SearchAction","target":{"@type":"EntryPoint","urlTemplate":"https:\/\/darkamazi.info\/?s={search_term_string}"},"query-input":{"@type":"PropertyValueSpecification","valueRequired":true,"valueName":"search_term_string"}}],"inLanguage":"en-US"},{"@type":"Organization","@id":"https:\/\/darkamazi.info\/#organization","name":"Darka Maz\u00ee","url":"https:\/\/darkamazi.info\/","logo":{"@type":"ImageObject","inLanguage":"en-US","@id":"https:\/\/darkamazi.info\/#\/schema\/logo\/image\/","url":"https:\/\/darkamazi.info\/file\/2017\/12\/darka-mazi-logo.png","contentUrl":"https:\/\/darkamazi.info\/file\/2017\/12\/darka-mazi-logo.png","width":151,"height":75,"caption":"Darka Maz\u00ee"},"image":{"@id":"https:\/\/darkamazi.info\/#\/schema\/logo\/image\/"},"sameAs":["https:\/\/www.facebook.com\/DarMaziKurmanci","https:\/\/x.com\/DarkaMaziLatini","https:\/\/www.instagram.com\/darkamazi.kurmanci\/","https:\/\/www.youtube.com\/channel\/UCa5HkTdmI8U1qCUFuTw8B2g"]},{"@type":"Person","@id":"https:\/\/darkamazi.info\/#\/schema\/person\/5ad3e24553a0567993fa8ed4bd0a776c","name":"darka mazi","sameAs":["https:\/\/darkamazi.info\/"],"url":"https:\/\/darkamazi.info\/archives\/author\/kurdi"}]}},"_links":{"self":[{"href":"https:\/\/darkamazi.info\/funavuv\/wp\/v2\/posts\/1048276","targetHints":{"allow":["GET"]}}],"collection":[{"href":"https:\/\/darkamazi.info\/funavuv\/wp\/v2\/posts"}],"about":[{"href":"https:\/\/darkamazi.info\/funavuv\/wp\/v2\/types\/post"}],"author":[{"embeddable":true,"href":"https:\/\/darkamazi.info\/funavuv\/wp\/v2\/users\/2"}],"replies":[{"embeddable":true,"href":"https:\/\/darkamazi.info\/funavuv\/wp\/v2\/comments?post=1048276"}],"version-history":[{"count":0,"href":"https:\/\/darkamazi.info\/funavuv\/wp\/v2\/posts\/1048276\/revisions"}],"wp:featuredmedia":[{"embeddable":true,"href":"https:\/\/darkamazi.info\/funavuv\/wp\/v2\/media\/1048277"}],"wp:attachment":[{"href":"https:\/\/darkamazi.info\/funavuv\/wp\/v2\/media?parent=1048276"}],"wp:term":[{"taxonomy":"category","embeddable":true,"href":"https:\/\/darkamazi.info\/funavuv\/wp\/v2\/categories?post=1048276"},{"taxonomy":"post_tag","embeddable":true,"href":"https:\/\/darkamazi.info\/funavuv\/wp\/v2\/tags?post=1048276"}],"curies":[{"name":"wp","href":"https:\/\/api.w.org\/{rel}","templated":true}]}}