{"id":1048548,"date":"2025-06-04T12:46:23","date_gmt":"2025-06-04T09:46:23","guid":{"rendered":"https:\/\/darkamazi.info\/?p=1048548"},"modified":"2025-06-04T12:46:23","modified_gmt":"2025-06-04T09:46:23","slug":"seroke-parlementoya-tirkiyeye-em-pevajoya-tirkiyeya-be-teror-bi-reya-parlementoye-bi-ser-dixin","status":"publish","type":"post","link":"https:\/\/darkamazi.info\/archives\/1048548","title":{"rendered":"Serok\u00ea Parlementoya Tirkiyey\u00ea: Em p\u00eavajoya &#8216;Tirkiyeya B\u00ea Teror&#8217; bi r\u00eaya parlementoy\u00ea bi ser dixin"},"content":{"rendered":"<h3 style=\"text-align: justify\"><span style=\"font-family: 'arial black', sans-serif\"><strong>Serok\u00ea Parlementoya Tirkiyey\u00ea tekez dike ku, ew bi r\u00eaya parlementoy\u00ea ji bo biserxistina p\u00eavajoya n\u00fb ya a\u015ftiy\u00ea kar dikin.<\/strong><\/span><\/h3>\n<h3 style=\"text-align: justify\"><span style=\"font-family: arial, helvetica, sans-serif\">Pi\u015ft\u00ee dubare hilbijartina w\u00ee wek\u00ee Serok\u00ea Parlementoya Tirkiyey\u00ea, Numan Kurtulmu\u015f duh\u00ee (S\u00ea\u015fem, 03\u00ea Hez\u00eerana 2025\u00ea) gotarek p\u00ea\u015fk\u00ea\u015f kir \u00fb bal ki\u015fand ser p\u00eavajoya n\u00fb ya a\u015ftiy\u00ea li Tirkiye \u00fb Bakur\u00ea Kurdistan\u00ea.<\/span><\/h3>\n<h3 style=\"text-align: justify\"><span style=\"font-family: arial, helvetica, sans-serif\">Serok\u00ea Parlementoya Tirkiyey\u00ea amaje j\u00ee da, &#8220;Teror\u00eezm \u00ead\u00ee ji rojeva welat\u00ea me t\u00ea derxistin \u00fb berpirsiyariya her kes\u00ee ye ku p\u00eever\u00ean demokrasiy\u00ea \u00fb p\u00eavajoya Tirkiyeyeke b\u00ea teror bilind bike.&#8221;<\/span><\/h3>\n<h3 style=\"text-align: justify\"><span style=\"font-family: arial, helvetica, sans-serif\">Wek\u00ee ku Kurtulmu\u015f got, ew w\u00ea p\u00eavajoy\u00ea bi r\u00eaya kom\u00eesyoneke parlementoy\u00ea bi ser dixin \u00fb berpirsiyariya hevpar a hem\u00ee partiy\u00ean siyas\u00ee ye ku, li parlementoy\u00ea li ser mijar\u00ean t\u00eakildar\u00ee p\u00eavajoy\u00ea genge\u015fe bikin \u00fb \u00e7areseriyan j\u00ea re bib\u00eenin.<\/span><\/h3>\n<h3 style=\"text-align: justify\"><span style=\"font-family: arial, helvetica, sans-serif\">Ev di demek\u00ea de ye ku, duh\u00ee (S\u00ea\u015fem, 03\u00ea Hez\u00eerana 2025\u00ea) pak\u00eata deh\u00ea ya dadweriy\u00ea, ku gir\u00eaday\u00ee edilandina qan\u00fbna cezakirin\u00ea \u00fb he\u015ft qan\u00fbn\u00ean din e \u00fb ji h\u00eala fraksiyona AKP\u00ea ve p\u00ea\u015fk\u00ea\u015f\u00ee serokatiy\u00ea hat kirin; ji h\u00eala Parlementoy\u00ea ve hat pejirandin.<\/span><\/h3>\n<h3 style=\"text-align: justify\"><span style=\"font-family: arial, helvetica, sans-serif\">Bi v\u00ea peyrew\u00ea re, der\u00ee ji bo berdana 19 hezar \u00fb 800 zindaniyan hat vekirin, ku di nav wan de hin zindaniy\u00ean nexwe\u015f \u00fb p\u00eer j\u00ee hene. Di eyn\u00ee dem\u00ea de, reng\u00ean cezay\u00ea ji bo hin tawanan hatin z\u00eadekirin. P\u00ea\u015ftir Dem Partiy\u00ea pak\u00eata dadweriy\u00ea wek\u00ee yek ji \u015fert\u00ean p\u00eavajoya a\u015ftiy\u00ea tekez dikir, l\u00ea pi\u015ft\u00ee ku ew p\u00ea\u015fk\u00ea\u015f\u00ee parlementoy\u00ea hat kirin, piraniya aliyan neraz\u00eeb\u00fbn n\u00ee\u015fan dan \u00fb ragihand ku, ew li gor\u00ee daxwaz \u00fb h\u00eaviy\u00ean wan n\u00eene.<\/span><\/h3>\n","protected":false},"excerpt":{"rendered":"<p>Serok\u00ea Parlementoya Tirkiyey\u00ea tekez dike ku, ew bi r\u00eaya parlementoy\u00ea ji bo biserxistina p\u00eavajoya n\u00fb ya a\u015ftiy\u00ea kar dikin. Pi\u015ft\u00ee dubare hilbijartina w\u00ee wek\u00ee Serok\u00ea Parlementoya Tirkiyey\u00ea, Numan Kurtulmu\u015f duh\u00ee (S\u00ea\u015fem, 03\u00ea Hez\u00eerana 2025\u00ea) gotarek p\u00ea\u015fk\u00ea\u015f kir \u00fb bal ki\u015fand ser p\u00eavajoya n\u00fb ya a\u015ftiy\u00ea li Tirkiye \u00fb Bakur\u00ea Kurdistan\u00ea. Serok\u00ea Parlementoya Tirkiyey\u00ea amaje j\u00ee [&hellip;]<\/p>\n","protected":false},"author":2,"featured_media":1048549,"comment_status":"closed","ping_status":"closed","sticky":false,"template":"","format":"standard","meta":{"footnotes":""},"categories":[31],"tags":[37],"class_list":["post-1048548","post","type-post","status-publish","format-standard","has-post-thumbnail","hentry","category-rojhelata-navin","tag-sereke"],"blocksy_meta":[],"seo_head":"<!-- This site is optimized with the Yoast SEO plugin v27.5 - https:\/\/yoast.com\/product\/yoast-seo-wordpress\/ -->\n<title>Serok\u00ea Parlementoya Tirkiyey\u00ea: Em p\u00eavajoya &#039;Tirkiyeya B\u00ea Teror&#039; bi r\u00eaya parlementoy\u00ea bi ser dixin - Darka Maz\u00ee<\/title>\n<meta name=\"robots\" content=\"index, follow, max-snippet:-1, max-image-preview:large, max-video-preview:-1\" \/>\n<link rel=\"canonical\" href=\"https:\/\/darkamazi.info\/archives\/1048548\" \/>\n<meta property=\"og:locale\" content=\"en_US\" \/>\n<meta property=\"og:type\" content=\"article\" \/>\n<meta property=\"og:title\" content=\"Serok\u00ea Parlementoya Tirkiyey\u00ea: Em p\u00eavajoya &#039;Tirkiyeya B\u00ea Teror&#039; bi r\u00eaya parlementoy\u00ea bi ser dixin - Darka Maz\u00ee\" \/>\n<meta property=\"og:description\" content=\"Serok\u00ea Parlementoya Tirkiyey\u00ea tekez dike ku, ew bi r\u00eaya parlementoy\u00ea ji bo biserxistina p\u00eavajoya n\u00fb ya a\u015ftiy\u00ea kar dikin. Pi\u015ft\u00ee dubare hilbijartina w\u00ee wek\u00ee Serok\u00ea Parlementoya Tirkiyey\u00ea, Numan Kurtulmu\u015f duh\u00ee (S\u00ea\u015fem, 03\u00ea Hez\u00eerana 2025\u00ea) gotarek p\u00ea\u015fk\u00ea\u015f kir \u00fb bal ki\u015fand ser p\u00eavajoya n\u00fb ya a\u015ftiy\u00ea li Tirkiye \u00fb Bakur\u00ea Kurdistan\u00ea. Serok\u00ea Parlementoya Tirkiyey\u00ea amaje j\u00ee [&hellip;]\" \/>\n<meta property=\"og:url\" content=\"https:\/\/darkamazi.info\/archives\/1048548\" \/>\n<meta property=\"og:site_name\" content=\"Darka Maz\u00ee\" \/>\n<meta property=\"article:publisher\" content=\"https:\/\/www.facebook.com\/DarMaziKurmanci\" \/>\n<meta property=\"article:published_time\" content=\"2025-06-04T09:46:23+00:00\" \/>\n<meta property=\"og:image\" content=\"https:\/\/darkamazi.info\/file\/2025\/06\/Numan-Kurtulosh.jpg\" \/>\n\t<meta property=\"og:image:width\" content=\"900\" \/>\n\t<meta property=\"og:image:height\" content=\"500\" \/>\n\t<meta property=\"og:image:type\" content=\"image\/jpeg\" \/>\n<meta name=\"author\" content=\"darka mazi\" \/>\n<meta name=\"twitter:card\" content=\"summary_large_image\" \/>\n<meta name=\"twitter:creator\" content=\"@DarkaMaziLatini\" \/>\n<meta name=\"twitter:site\" content=\"@DarkaMaziLatini\" \/>\n<meta name=\"twitter:label1\" content=\"Written by\" \/>\n\t<meta name=\"twitter:data1\" content=\"darka mazi\" \/>\n\t<meta name=\"twitter:label2\" content=\"Est. reading time\" \/>\n\t<meta name=\"twitter:data2\" content=\"2 minutes\" \/>\n<script type=\"application\/ld+json\" class=\"seo-schema-graph\">{\"@context\":\"https:\\\/\\\/schema.org\",\"@graph\":[{\"@type\":\"Article\",\"@id\":\"https:\\\/\\\/darkamazi.info\\\/archives\\\/1048548#article\",\"isPartOf\":{\"@id\":\"https:\\\/\\\/darkamazi.info\\\/archives\\\/1048548\"},\"author\":{\"name\":\"darka mazi\",\"@id\":\"https:\\\/\\\/darkamazi.info\\\/#\\\/schema\\\/person\\\/5ad3e24553a0567993fa8ed4bd0a776c\"},\"headline\":\"Serok\u00ea Parlementoya Tirkiyey\u00ea: Em p\u00eavajoya &#8216;Tirkiyeya B\u00ea Teror&#8217; bi r\u00eaya parlementoy\u00ea bi ser dixin\",\"datePublished\":\"2025-06-04T09:46:23+00:00\",\"mainEntityOfPage\":{\"@id\":\"https:\\\/\\\/darkamazi.info\\\/archives\\\/1048548\"},\"wordCount\":282,\"publisher\":{\"@id\":\"https:\\\/\\\/darkamazi.info\\\/#organization\"},\"image\":{\"@id\":\"https:\\\/\\\/darkamazi.info\\\/archives\\\/1048548#primaryimage\"},\"thumbnailUrl\":\"https:\\\/\\\/darkamazi.info\\\/darka-content\\\/uploads\\\/2025\\\/06\\\/Numan-Kurtulosh.jpg\",\"keywords\":[\"sereke\"],\"articleSection\":[\"Rojhelata nav\u00een\"],\"inLanguage\":\"en-US\"},{\"@type\":\"WebPage\",\"@id\":\"https:\\\/\\\/darkamazi.info\\\/archives\\\/1048548\",\"url\":\"https:\\\/\\\/darkamazi.info\\\/archives\\\/1048548\",\"name\":\"Serok\u00ea Parlementoya Tirkiyey\u00ea: Em p\u00eavajoya 'Tirkiyeya B\u00ea Teror' bi r\u00eaya parlementoy\u00ea bi ser dixin - Darka Maz\u00ee\",\"isPartOf\":{\"@id\":\"https:\\\/\\\/darkamazi.info\\\/#website\"},\"primaryImageOfPage\":{\"@id\":\"https:\\\/\\\/darkamazi.info\\\/archives\\\/1048548#primaryimage\"},\"image\":{\"@id\":\"https:\\\/\\\/darkamazi.info\\\/archives\\\/1048548#primaryimage\"},\"thumbnailUrl\":\"https:\\\/\\\/darkamazi.info\\\/darka-content\\\/uploads\\\/2025\\\/06\\\/Numan-Kurtulosh.jpg\",\"datePublished\":\"2025-06-04T09:46:23+00:00\",\"breadcrumb\":{\"@id\":\"https:\\\/\\\/darkamazi.info\\\/archives\\\/1048548#breadcrumb\"},\"inLanguage\":\"en-US\",\"potentialAction\":[{\"@type\":\"ReadAction\",\"target\":[\"https:\\\/\\\/darkamazi.info\\\/archives\\\/1048548\"]}]},{\"@type\":\"ImageObject\",\"inLanguage\":\"en-US\",\"@id\":\"https:\\\/\\\/darkamazi.info\\\/archives\\\/1048548#primaryimage\",\"url\":\"https:\\\/\\\/darkamazi.info\\\/darka-content\\\/uploads\\\/2025\\\/06\\\/Numan-Kurtulosh.jpg\",\"contentUrl\":\"https:\\\/\\\/darkamazi.info\\\/darka-content\\\/uploads\\\/2025\\\/06\\\/Numan-Kurtulosh.jpg\",\"width\":900,\"height\":500,\"caption\":\"Numan-Kurtulosh\"},{\"@type\":\"BreadcrumbList\",\"@id\":\"https:\\\/\\\/darkamazi.info\\\/archives\\\/1048548#breadcrumb\",\"itemListElement\":[{\"@type\":\"ListItem\",\"position\":1,\"name\":\"Home\",\"item\":\"https:\\\/\\\/darkamazi.info\\\/\"},{\"@type\":\"ListItem\",\"position\":2,\"name\":\"Serok\u00ea Parlementoya Tirkiyey\u00ea: Em p\u00eavajoya &#8216;Tirkiyeya B\u00ea Teror&#8217; bi r\u00eaya parlementoy\u00ea bi ser dixin\"}]},{\"@type\":\"WebSite\",\"@id\":\"https:\\\/\\\/darkamazi.info\\\/#website\",\"url\":\"https:\\\/\\\/darkamazi.info\\\/\",\"name\":\"Darka Maz\u00ee\",\"description\":\"P\u00eageha Zanyariy\u00ean Nebih\u00eest\u00ee\",\"publisher\":{\"@id\":\"https:\\\/\\\/darkamazi.info\\\/#organization\"},\"potentialAction\":[{\"@type\":\"SearchAction\",\"target\":{\"@type\":\"EntryPoint\",\"urlTemplate\":\"https:\\\/\\\/darkamazi.info\\\/?s={search_term_string}\"},\"query-input\":{\"@type\":\"PropertyValueSpecification\",\"valueRequired\":true,\"valueName\":\"search_term_string\"}}],\"inLanguage\":\"en-US\"},{\"@type\":\"Organization\",\"@id\":\"https:\\\/\\\/darkamazi.info\\\/#organization\",\"name\":\"Darka Maz\u00ee\",\"url\":\"https:\\\/\\\/darkamazi.info\\\/\",\"logo\":{\"@type\":\"ImageObject\",\"inLanguage\":\"en-US\",\"@id\":\"https:\\\/\\\/darkamazi.info\\\/#\\\/schema\\\/logo\\\/image\\\/\",\"url\":\"https:\\\/\\\/darkamazi.info\\\/darka-content\\\/uploads\\\/2017\\\/12\\\/darka-mazi-logo.png\",\"contentUrl\":\"https:\\\/\\\/darkamazi.info\\\/darka-content\\\/uploads\\\/2017\\\/12\\\/darka-mazi-logo.png\",\"width\":151,\"height\":75,\"caption\":\"Darka Maz\u00ee\"},\"image\":{\"@id\":\"https:\\\/\\\/darkamazi.info\\\/#\\\/schema\\\/logo\\\/image\\\/\"},\"sameAs\":[\"https:\\\/\\\/www.facebook.com\\\/DarMaziKurmanci\",\"https:\\\/\\\/x.com\\\/DarkaMaziLatini\",\"https:\\\/\\\/www.instagram.com\\\/darkamazi.kurmanci\\\/\",\"https:\\\/\\\/www.youtube.com\\\/channel\\\/UCa5HkTdmI8U1qCUFuTw8B2g\"]},{\"@type\":\"Person\",\"@id\":\"https:\\\/\\\/darkamazi.info\\\/#\\\/schema\\\/person\\\/5ad3e24553a0567993fa8ed4bd0a776c\",\"name\":\"darka mazi\",\"sameAs\":[\"https:\\\/\\\/darkamazi.info\\\/\"],\"url\":\"https:\\\/\\\/darkamazi.info\\\/archives\\\/author\\\/kurdi\"}]}<\/script>\n<!-- \/ Yoast SEO plugin. -->","seo_head_json":{"title":"Serok\u00ea Parlementoya Tirkiyey\u00ea: Em p\u00eavajoya 'Tirkiyeya B\u00ea Teror' bi r\u00eaya parlementoy\u00ea bi ser dixin - Darka Maz\u00ee","robots":{"index":"index","follow":"follow","max-snippet":"max-snippet:-1","max-image-preview":"max-image-preview:large","max-video-preview":"max-video-preview:-1"},"canonical":"https:\/\/darkamazi.info\/archives\/1048548","og_locale":"en_US","og_type":"article","og_title":"Serok\u00ea Parlementoya Tirkiyey\u00ea: Em p\u00eavajoya 'Tirkiyeya B\u00ea Teror' bi r\u00eaya parlementoy\u00ea bi ser dixin - Darka Maz\u00ee","og_description":"Serok\u00ea Parlementoya Tirkiyey\u00ea tekez dike ku, ew bi r\u00eaya parlementoy\u00ea ji bo biserxistina p\u00eavajoya n\u00fb ya a\u015ftiy\u00ea kar dikin. Pi\u015ft\u00ee dubare hilbijartina w\u00ee wek\u00ee Serok\u00ea Parlementoya Tirkiyey\u00ea, Numan Kurtulmu\u015f duh\u00ee (S\u00ea\u015fem, 03\u00ea Hez\u00eerana 2025\u00ea) gotarek p\u00ea\u015fk\u00ea\u015f kir \u00fb bal ki\u015fand ser p\u00eavajoya n\u00fb ya a\u015ftiy\u00ea li Tirkiye \u00fb Bakur\u00ea Kurdistan\u00ea. Serok\u00ea Parlementoya Tirkiyey\u00ea amaje j\u00ee [&hellip;]","og_url":"https:\/\/darkamazi.info\/archives\/1048548","og_site_name":"Darka Maz\u00ee","article_publisher":"https:\/\/www.facebook.com\/DarMaziKurmanci","article_published_time":"2025-06-04T09:46:23+00:00","og_image":[{"width":900,"height":500,"url":"https:\/\/darkamazi.info\/file\/2025\/06\/Numan-Kurtulosh.jpg","type":"image\/jpeg"}],"author":"darka mazi","twitter_card":"summary_large_image","twitter_creator":"@DarkaMaziLatini","twitter_site":"@DarkaMaziLatini","twitter_misc":{"Written by":"darka mazi","Est. reading time":"2 minutes"},"schema":{"@context":"https:\/\/schema.org","@graph":[{"@type":"Article","@id":"https:\/\/darkamazi.info\/archives\/1048548#article","isPartOf":{"@id":"https:\/\/darkamazi.info\/archives\/1048548"},"author":{"name":"darka mazi","@id":"https:\/\/darkamazi.info\/#\/schema\/person\/5ad3e24553a0567993fa8ed4bd0a776c"},"headline":"Serok\u00ea Parlementoya Tirkiyey\u00ea: Em p\u00eavajoya &#8216;Tirkiyeya B\u00ea Teror&#8217; bi r\u00eaya parlementoy\u00ea bi ser dixin","datePublished":"2025-06-04T09:46:23+00:00","mainEntityOfPage":{"@id":"https:\/\/darkamazi.info\/archives\/1048548"},"wordCount":282,"publisher":{"@id":"https:\/\/darkamazi.info\/#organization"},"image":{"@id":"https:\/\/darkamazi.info\/archives\/1048548#primaryimage"},"thumbnailUrl":"https:\/\/darkamazi.info\/file\/2025\/06\/Numan-Kurtulosh.jpg","keywords":["sereke"],"articleSection":["Rojhelata nav\u00een"],"inLanguage":"en-US"},{"@type":"WebPage","@id":"https:\/\/darkamazi.info\/archives\/1048548","url":"https:\/\/darkamazi.info\/archives\/1048548","name":"Serok\u00ea Parlementoya Tirkiyey\u00ea: Em p\u00eavajoya 'Tirkiyeya B\u00ea Teror' bi r\u00eaya parlementoy\u00ea bi ser dixin - Darka Maz\u00ee","isPartOf":{"@id":"https:\/\/darkamazi.info\/#website"},"primaryImageOfPage":{"@id":"https:\/\/darkamazi.info\/archives\/1048548#primaryimage"},"image":{"@id":"https:\/\/darkamazi.info\/archives\/1048548#primaryimage"},"thumbnailUrl":"https:\/\/darkamazi.info\/file\/2025\/06\/Numan-Kurtulosh.jpg","datePublished":"2025-06-04T09:46:23+00:00","breadcrumb":{"@id":"https:\/\/darkamazi.info\/archives\/1048548#breadcrumb"},"inLanguage":"en-US","potentialAction":[{"@type":"ReadAction","target":["https:\/\/darkamazi.info\/archives\/1048548"]}]},{"@type":"ImageObject","inLanguage":"en-US","@id":"https:\/\/darkamazi.info\/archives\/1048548#primaryimage","url":"https:\/\/darkamazi.info\/file\/2025\/06\/Numan-Kurtulosh.jpg","contentUrl":"https:\/\/darkamazi.info\/file\/2025\/06\/Numan-Kurtulosh.jpg","width":900,"height":500,"caption":"Numan-Kurtulosh"},{"@type":"BreadcrumbList","@id":"https:\/\/darkamazi.info\/archives\/1048548#breadcrumb","itemListElement":[{"@type":"ListItem","position":1,"name":"Home","item":"https:\/\/darkamazi.info\/"},{"@type":"ListItem","position":2,"name":"Serok\u00ea Parlementoya Tirkiyey\u00ea: Em p\u00eavajoya &#8216;Tirkiyeya B\u00ea Teror&#8217; bi r\u00eaya parlementoy\u00ea bi ser dixin"}]},{"@type":"WebSite","@id":"https:\/\/darkamazi.info\/#website","url":"https:\/\/darkamazi.info\/","name":"Darka Maz\u00ee","description":"P\u00eageha Zanyariy\u00ean Nebih\u00eest\u00ee","publisher":{"@id":"https:\/\/darkamazi.info\/#organization"},"potentialAction":[{"@type":"SearchAction","target":{"@type":"EntryPoint","urlTemplate":"https:\/\/darkamazi.info\/?s={search_term_string}"},"query-input":{"@type":"PropertyValueSpecification","valueRequired":true,"valueName":"search_term_string"}}],"inLanguage":"en-US"},{"@type":"Organization","@id":"https:\/\/darkamazi.info\/#organization","name":"Darka Maz\u00ee","url":"https:\/\/darkamazi.info\/","logo":{"@type":"ImageObject","inLanguage":"en-US","@id":"https:\/\/darkamazi.info\/#\/schema\/logo\/image\/","url":"https:\/\/darkamazi.info\/file\/2017\/12\/darka-mazi-logo.png","contentUrl":"https:\/\/darkamazi.info\/file\/2017\/12\/darka-mazi-logo.png","width":151,"height":75,"caption":"Darka Maz\u00ee"},"image":{"@id":"https:\/\/darkamazi.info\/#\/schema\/logo\/image\/"},"sameAs":["https:\/\/www.facebook.com\/DarMaziKurmanci","https:\/\/x.com\/DarkaMaziLatini","https:\/\/www.instagram.com\/darkamazi.kurmanci\/","https:\/\/www.youtube.com\/channel\/UCa5HkTdmI8U1qCUFuTw8B2g"]},{"@type":"Person","@id":"https:\/\/darkamazi.info\/#\/schema\/person\/5ad3e24553a0567993fa8ed4bd0a776c","name":"darka mazi","sameAs":["https:\/\/darkamazi.info\/"],"url":"https:\/\/darkamazi.info\/archives\/author\/kurdi"}]}},"_links":{"self":[{"href":"https:\/\/darkamazi.info\/funavuv\/wp\/v2\/posts\/1048548","targetHints":{"allow":["GET"]}}],"collection":[{"href":"https:\/\/darkamazi.info\/funavuv\/wp\/v2\/posts"}],"about":[{"href":"https:\/\/darkamazi.info\/funavuv\/wp\/v2\/types\/post"}],"author":[{"embeddable":true,"href":"https:\/\/darkamazi.info\/funavuv\/wp\/v2\/users\/2"}],"replies":[{"embeddable":true,"href":"https:\/\/darkamazi.info\/funavuv\/wp\/v2\/comments?post=1048548"}],"version-history":[{"count":0,"href":"https:\/\/darkamazi.info\/funavuv\/wp\/v2\/posts\/1048548\/revisions"}],"wp:featuredmedia":[{"embeddable":true,"href":"https:\/\/darkamazi.info\/funavuv\/wp\/v2\/media\/1048549"}],"wp:attachment":[{"href":"https:\/\/darkamazi.info\/funavuv\/wp\/v2\/media?parent=1048548"}],"wp:term":[{"taxonomy":"category","embeddable":true,"href":"https:\/\/darkamazi.info\/funavuv\/wp\/v2\/categories?post=1048548"},{"taxonomy":"post_tag","embeddable":true,"href":"https:\/\/darkamazi.info\/funavuv\/wp\/v2\/tags?post=1048548"}],"curies":[{"name":"wp","href":"https:\/\/api.w.org\/{rel}","templated":true}]}}