{"id":1048658,"date":"2025-06-14T11:28:58","date_gmt":"2025-06-14T08:28:58","guid":{"rendered":"https:\/\/darkamazi.info\/?p=1048658"},"modified":"2025-06-14T11:28:58","modified_gmt":"2025-06-14T08:28:58","slug":"wezire-derve-ye-irane-daxwaza-aramiye-bewate-ye","status":"publish","type":"post","link":"https:\/\/darkamazi.info\/archives\/1048658","title":{"rendered":"Wez\u00eer\u00ea Derve y\u00ea \u00ceran\u00ea: Daxwaza aramiy\u00ea b\u00eawate ye"},"content":{"rendered":"<h3 style=\"text-align: justify\"><span style=\"font-family: 'arial black', sans-serif\">Wez\u00eer\u00ea Derve y\u00ea \u00ceran\u00ea, Ebbas Araq\u00e7\u00ee di peywendiyeke telefon\u00ee de bi hevtay\u00ea xwe y\u00ea Br\u00eetan\u00ee, David Lammy re, got: &#8220;Daxwaza xweragirtin\u00ea, b\u00ea wate ye.&#8221;<\/span><\/h3>\n<h3 style=\"text-align: justify\">Di peywendiyeke telefon\u00ee de, Wez\u00eer\u00ea Ka\u00ean Derve y\u00ea \u00ceran\u00ea Ebbas Araq\u00e7\u00ee\u00a0 \u00fb Wez\u00eer\u00ea Derve y\u00ea Br\u00eetanyay\u00ea David Lammy, rew\u015fa daw\u00ee \u00fb \u00eari\u015f\u00ean \u00cesra\u00eel\u00ea y\u00ean li ser axa \u00ceran\u00ea got\u00fbb\u00eaj kirin. Araq\u00e7\u00ee ji hevtay\u00ea xwe y\u00ea Br\u00eetan\u00ee re ragihand ku \u00ceran\u00ea dest bi bersivdana \u00eari\u015f\u00ean \u00cesra\u00eel\u00ea y\u00ean li dij\u00ee reaktor\u00ean atom\u00ee \u00fb saz\u00ee \u00fb dezgeh\u00ean xwe y\u00ean le\u015fker\u00ee kiriye.<\/h3>\n<h3 style=\"text-align: justify\">Operasyona &#8220;\u015e\u00ear\u00ea Raper\u00ee&#8221; \u00fb armanc\u00ean w\u00ea<\/h3>\n<h3 style=\"text-align: justify\">Di berbanga roja \u00cen\u00ea, 13\u00ea Hez\u00eerana 2025an de, aloziya di navbera Tehran \u00fb Tel Av\u00eev\u00ea de derbas\u00ee qonaxeke n\u00fb \u00fb xeternak b\u00fb. Di v\u00ea \u00e7ar\u00e7ovey\u00ea de, \u00cesra\u00eel\u00ea bi z\u00eadetir\u00ee 200 firokey\u00ean \u015fer, di operasyoneke bi nav\u00ea &#8220;\u015e\u00ear\u00ea Raper\u00ee&#8221; de, \u00eari\u015f\u00ee z\u00eadetir\u00ee 200 armanc\u00ean stratej\u00eek \u00ean di nav axa \u00ceran\u00ea de kir.<\/h3>\n<h3 style=\"text-align: justify\">Di \u00eari\u015f\u00ean xwe y\u00ean asman\u00ee de, \u00cesra\u00eel\u00ea navend\u00ean atom\u00ee y\u00ean Natanz, Fordo \u00fb \u00cesfehan\u00ea kirin armanc. Li gor\u00ee Ajansa Navnetewey\u00ee ya Enerjiya Atom\u00ea (IAEA), ziyan gih\u00ee\u015ftiye van navendan. Medyaya \u00ceran\u00ea j\u00ee ragihand ku di encama \u00eari\u015fan de \u015fe\u015f zanyar\u00ean atom\u00ee y\u00ean \u00ceran\u00ee hatine ku\u015ftin.<\/h3>\n<h3 style=\"text-align: justify\">Fermandar\u00ean payebilind \u00ean Supaya Pasdaran hatin ku\u015ftin<\/h3>\n<h3 style=\"text-align: justify\">Her li gor\u00ee medyaya \u00ceran\u00ea, di heman \u00eari\u015fan de, \u00cesra\u00eel\u00ea hejmarek ji fermandar\u00ean her\u00ee payebilind \u00ean Supaya Pasdaran ku\u015ftine. Di nav ku\u015ftiyan de Serfermandar\u00ea H\u00eaz\u00ean \u00c7ekdar Mihemed Baqir\u00ee, Fermandar\u00ea Gi\u015ft\u00ee y\u00ea Supaya Pasdaran Hus\u00ean Selam\u00ee \u00fb herwiha Fermandar\u00ea H\u00eaza Esman\u00ee ya Supaya Pasdaran j\u00ee hene.<\/h3>\n<h3 style=\"text-align: justify\">Balyoz\u00ea \u00ceran\u00ea y\u00ea li Netewey\u00ean Yekgirt\u00ee j\u00ee ragihand, di encama \u00eari\u015f\u00ean \u00cesra\u00eel\u00ea de bi gi\u015ft\u00ee 78 kes hatine ku\u015ftin \u00fb 320 kes\u00ean din j\u00ee bir\u00eendar b\u00fbne.<\/h3>\n","protected":false},"excerpt":{"rendered":"<p>Wez\u00eer\u00ea Derve y\u00ea \u00ceran\u00ea, Ebbas Araq\u00e7\u00ee di peywendiyeke telefon\u00ee de bi hevtay\u00ea xwe y\u00ea Br\u00eetan\u00ee, David Lammy re, got: &#8220;Daxwaza xweragirtin\u00ea, b\u00ea wate ye.&#8221; Di peywendiyeke telefon\u00ee de, Wez\u00eer\u00ea Ka\u00ean Derve y\u00ea \u00ceran\u00ea Ebbas Araq\u00e7\u00ee\u00a0 \u00fb Wez\u00eer\u00ea Derve y\u00ea Br\u00eetanyay\u00ea David Lammy, rew\u015fa daw\u00ee \u00fb \u00eari\u015f\u00ean \u00cesra\u00eel\u00ea y\u00ean li ser axa \u00ceran\u00ea got\u00fbb\u00eaj kirin. Araq\u00e7\u00ee [&hellip;]<\/p>\n","protected":false},"author":2,"featured_media":1048659,"comment_status":"closed","ping_status":"closed","sticky":false,"template":"","format":"standard","meta":{"footnotes":""},"categories":[31],"tags":[37],"class_list":["post-1048658","post","type-post","status-publish","format-standard","has-post-thumbnail","hentry","category-rojhelata-navin","tag-sereke"],"blocksy_meta":[],"seo_head":"<!-- This site is optimized with the Yoast SEO plugin v27.5 - https:\/\/yoast.com\/product\/yoast-seo-wordpress\/ -->\n<title>Wez\u00eer\u00ea Derve y\u00ea \u00ceran\u00ea: Daxwaza aramiy\u00ea b\u00eawate ye - Darka Maz\u00ee<\/title>\n<meta name=\"robots\" content=\"index, follow, max-snippet:-1, max-image-preview:large, max-video-preview:-1\" \/>\n<link rel=\"canonical\" href=\"https:\/\/darkamazi.info\/archives\/1048658\" \/>\n<meta property=\"og:locale\" content=\"en_US\" \/>\n<meta property=\"og:type\" content=\"article\" \/>\n<meta property=\"og:title\" content=\"Wez\u00eer\u00ea Derve y\u00ea \u00ceran\u00ea: Daxwaza aramiy\u00ea b\u00eawate ye - Darka Maz\u00ee\" \/>\n<meta property=\"og:description\" content=\"Wez\u00eer\u00ea Derve y\u00ea \u00ceran\u00ea, Ebbas Araq\u00e7\u00ee di peywendiyeke telefon\u00ee de bi hevtay\u00ea xwe y\u00ea Br\u00eetan\u00ee, David Lammy re, got: &#8220;Daxwaza xweragirtin\u00ea, b\u00ea wate ye.&#8221; Di peywendiyeke telefon\u00ee de, Wez\u00eer\u00ea Ka\u00ean Derve y\u00ea \u00ceran\u00ea Ebbas Araq\u00e7\u00ee\u00a0 \u00fb Wez\u00eer\u00ea Derve y\u00ea Br\u00eetanyay\u00ea David Lammy, rew\u015fa daw\u00ee \u00fb \u00eari\u015f\u00ean \u00cesra\u00eel\u00ea y\u00ean li ser axa \u00ceran\u00ea got\u00fbb\u00eaj kirin. Araq\u00e7\u00ee [&hellip;]\" \/>\n<meta property=\"og:url\" content=\"https:\/\/darkamazi.info\/archives\/1048658\" \/>\n<meta property=\"og:site_name\" content=\"Darka Maz\u00ee\" \/>\n<meta property=\"article:publisher\" content=\"https:\/\/www.facebook.com\/DarMaziKurmanci\" \/>\n<meta property=\"article:published_time\" content=\"2025-06-14T08:28:58+00:00\" \/>\n<meta property=\"og:image\" content=\"https:\/\/darkamazi.info\/file\/2025\/06\/abbas-iraqci.jpg\" \/>\n\t<meta property=\"og:image:width\" content=\"900\" \/>\n\t<meta property=\"og:image:height\" content=\"497\" \/>\n\t<meta property=\"og:image:type\" content=\"image\/jpeg\" \/>\n<meta name=\"author\" content=\"darka mazi\" \/>\n<meta name=\"twitter:card\" content=\"summary_large_image\" \/>\n<meta name=\"twitter:creator\" content=\"@DarkaMaziLatini\" \/>\n<meta name=\"twitter:site\" content=\"@DarkaMaziLatini\" \/>\n<meta name=\"twitter:label1\" content=\"Written by\" \/>\n\t<meta name=\"twitter:data1\" content=\"darka mazi\" \/>\n\t<meta name=\"twitter:label2\" content=\"Est. reading time\" \/>\n\t<meta name=\"twitter:data2\" content=\"2 minutes\" \/>\n<script type=\"application\/ld+json\" class=\"seo-schema-graph\">{\"@context\":\"https:\\\/\\\/schema.org\",\"@graph\":[{\"@type\":\"Article\",\"@id\":\"https:\\\/\\\/darkamazi.info\\\/archives\\\/1048658#article\",\"isPartOf\":{\"@id\":\"https:\\\/\\\/darkamazi.info\\\/archives\\\/1048658\"},\"author\":{\"name\":\"darka mazi\",\"@id\":\"https:\\\/\\\/darkamazi.info\\\/#\\\/schema\\\/person\\\/5ad3e24553a0567993fa8ed4bd0a776c\"},\"headline\":\"Wez\u00eer\u00ea Derve y\u00ea \u00ceran\u00ea: Daxwaza aramiy\u00ea b\u00eawate ye\",\"datePublished\":\"2025-06-14T08:28:58+00:00\",\"mainEntityOfPage\":{\"@id\":\"https:\\\/\\\/darkamazi.info\\\/archives\\\/1048658\"},\"wordCount\":316,\"publisher\":{\"@id\":\"https:\\\/\\\/darkamazi.info\\\/#organization\"},\"image\":{\"@id\":\"https:\\\/\\\/darkamazi.info\\\/archives\\\/1048658#primaryimage\"},\"thumbnailUrl\":\"https:\\\/\\\/darkamazi.info\\\/darka-content\\\/uploads\\\/2025\\\/06\\\/abbas-iraqci.jpg\",\"keywords\":[\"sereke\"],\"articleSection\":[\"Rojhelata nav\u00een\"],\"inLanguage\":\"en-US\"},{\"@type\":\"WebPage\",\"@id\":\"https:\\\/\\\/darkamazi.info\\\/archives\\\/1048658\",\"url\":\"https:\\\/\\\/darkamazi.info\\\/archives\\\/1048658\",\"name\":\"Wez\u00eer\u00ea Derve y\u00ea \u00ceran\u00ea: Daxwaza aramiy\u00ea b\u00eawate ye - Darka Maz\u00ee\",\"isPartOf\":{\"@id\":\"https:\\\/\\\/darkamazi.info\\\/#website\"},\"primaryImageOfPage\":{\"@id\":\"https:\\\/\\\/darkamazi.info\\\/archives\\\/1048658#primaryimage\"},\"image\":{\"@id\":\"https:\\\/\\\/darkamazi.info\\\/archives\\\/1048658#primaryimage\"},\"thumbnailUrl\":\"https:\\\/\\\/darkamazi.info\\\/darka-content\\\/uploads\\\/2025\\\/06\\\/abbas-iraqci.jpg\",\"datePublished\":\"2025-06-14T08:28:58+00:00\",\"breadcrumb\":{\"@id\":\"https:\\\/\\\/darkamazi.info\\\/archives\\\/1048658#breadcrumb\"},\"inLanguage\":\"en-US\",\"potentialAction\":[{\"@type\":\"ReadAction\",\"target\":[\"https:\\\/\\\/darkamazi.info\\\/archives\\\/1048658\"]}]},{\"@type\":\"ImageObject\",\"inLanguage\":\"en-US\",\"@id\":\"https:\\\/\\\/darkamazi.info\\\/archives\\\/1048658#primaryimage\",\"url\":\"https:\\\/\\\/darkamazi.info\\\/darka-content\\\/uploads\\\/2025\\\/06\\\/abbas-iraqci.jpg\",\"contentUrl\":\"https:\\\/\\\/darkamazi.info\\\/darka-content\\\/uploads\\\/2025\\\/06\\\/abbas-iraqci.jpg\",\"width\":900,\"height\":497,\"caption\":\"Wez\u00eer\u00ea Derve y\u00ea \u00ceran\u00ea: Daxwaza aramiy\u00ea b\u00eawate ye\"},{\"@type\":\"BreadcrumbList\",\"@id\":\"https:\\\/\\\/darkamazi.info\\\/archives\\\/1048658#breadcrumb\",\"itemListElement\":[{\"@type\":\"ListItem\",\"position\":1,\"name\":\"Home\",\"item\":\"https:\\\/\\\/darkamazi.info\\\/\"},{\"@type\":\"ListItem\",\"position\":2,\"name\":\"Wez\u00eer\u00ea Derve y\u00ea \u00ceran\u00ea: Daxwaza aramiy\u00ea b\u00eawate ye\"}]},{\"@type\":\"WebSite\",\"@id\":\"https:\\\/\\\/darkamazi.info\\\/#website\",\"url\":\"https:\\\/\\\/darkamazi.info\\\/\",\"name\":\"Darka Maz\u00ee\",\"description\":\"P\u00eageha Zanyariy\u00ean Nebih\u00eest\u00ee\",\"publisher\":{\"@id\":\"https:\\\/\\\/darkamazi.info\\\/#organization\"},\"potentialAction\":[{\"@type\":\"SearchAction\",\"target\":{\"@type\":\"EntryPoint\",\"urlTemplate\":\"https:\\\/\\\/darkamazi.info\\\/?s={search_term_string}\"},\"query-input\":{\"@type\":\"PropertyValueSpecification\",\"valueRequired\":true,\"valueName\":\"search_term_string\"}}],\"inLanguage\":\"en-US\"},{\"@type\":\"Organization\",\"@id\":\"https:\\\/\\\/darkamazi.info\\\/#organization\",\"name\":\"Darka Maz\u00ee\",\"url\":\"https:\\\/\\\/darkamazi.info\\\/\",\"logo\":{\"@type\":\"ImageObject\",\"inLanguage\":\"en-US\",\"@id\":\"https:\\\/\\\/darkamazi.info\\\/#\\\/schema\\\/logo\\\/image\\\/\",\"url\":\"https:\\\/\\\/darkamazi.info\\\/darka-content\\\/uploads\\\/2017\\\/12\\\/darka-mazi-logo.png\",\"contentUrl\":\"https:\\\/\\\/darkamazi.info\\\/darka-content\\\/uploads\\\/2017\\\/12\\\/darka-mazi-logo.png\",\"width\":151,\"height\":75,\"caption\":\"Darka Maz\u00ee\"},\"image\":{\"@id\":\"https:\\\/\\\/darkamazi.info\\\/#\\\/schema\\\/logo\\\/image\\\/\"},\"sameAs\":[\"https:\\\/\\\/www.facebook.com\\\/DarMaziKurmanci\",\"https:\\\/\\\/x.com\\\/DarkaMaziLatini\",\"https:\\\/\\\/www.instagram.com\\\/darkamazi.kurmanci\\\/\",\"https:\\\/\\\/www.youtube.com\\\/channel\\\/UCa5HkTdmI8U1qCUFuTw8B2g\"]},{\"@type\":\"Person\",\"@id\":\"https:\\\/\\\/darkamazi.info\\\/#\\\/schema\\\/person\\\/5ad3e24553a0567993fa8ed4bd0a776c\",\"name\":\"darka mazi\",\"sameAs\":[\"https:\\\/\\\/darkamazi.info\\\/\"],\"url\":\"https:\\\/\\\/darkamazi.info\\\/archives\\\/author\\\/kurdi\"}]}<\/script>\n<!-- \/ Yoast SEO plugin. -->","seo_head_json":{"title":"Wez\u00eer\u00ea Derve y\u00ea \u00ceran\u00ea: Daxwaza aramiy\u00ea b\u00eawate ye - Darka Maz\u00ee","robots":{"index":"index","follow":"follow","max-snippet":"max-snippet:-1","max-image-preview":"max-image-preview:large","max-video-preview":"max-video-preview:-1"},"canonical":"https:\/\/darkamazi.info\/archives\/1048658","og_locale":"en_US","og_type":"article","og_title":"Wez\u00eer\u00ea Derve y\u00ea \u00ceran\u00ea: Daxwaza aramiy\u00ea b\u00eawate ye - Darka Maz\u00ee","og_description":"Wez\u00eer\u00ea Derve y\u00ea \u00ceran\u00ea, Ebbas Araq\u00e7\u00ee di peywendiyeke telefon\u00ee de bi hevtay\u00ea xwe y\u00ea Br\u00eetan\u00ee, David Lammy re, got: &#8220;Daxwaza xweragirtin\u00ea, b\u00ea wate ye.&#8221; Di peywendiyeke telefon\u00ee de, Wez\u00eer\u00ea Ka\u00ean Derve y\u00ea \u00ceran\u00ea Ebbas Araq\u00e7\u00ee\u00a0 \u00fb Wez\u00eer\u00ea Derve y\u00ea Br\u00eetanyay\u00ea David Lammy, rew\u015fa daw\u00ee \u00fb \u00eari\u015f\u00ean \u00cesra\u00eel\u00ea y\u00ean li ser axa \u00ceran\u00ea got\u00fbb\u00eaj kirin. Araq\u00e7\u00ee [&hellip;]","og_url":"https:\/\/darkamazi.info\/archives\/1048658","og_site_name":"Darka Maz\u00ee","article_publisher":"https:\/\/www.facebook.com\/DarMaziKurmanci","article_published_time":"2025-06-14T08:28:58+00:00","og_image":[{"width":900,"height":497,"url":"https:\/\/darkamazi.info\/file\/2025\/06\/abbas-iraqci.jpg","type":"image\/jpeg"}],"author":"darka mazi","twitter_card":"summary_large_image","twitter_creator":"@DarkaMaziLatini","twitter_site":"@DarkaMaziLatini","twitter_misc":{"Written by":"darka mazi","Est. reading time":"2 minutes"},"schema":{"@context":"https:\/\/schema.org","@graph":[{"@type":"Article","@id":"https:\/\/darkamazi.info\/archives\/1048658#article","isPartOf":{"@id":"https:\/\/darkamazi.info\/archives\/1048658"},"author":{"name":"darka mazi","@id":"https:\/\/darkamazi.info\/#\/schema\/person\/5ad3e24553a0567993fa8ed4bd0a776c"},"headline":"Wez\u00eer\u00ea Derve y\u00ea \u00ceran\u00ea: Daxwaza aramiy\u00ea b\u00eawate ye","datePublished":"2025-06-14T08:28:58+00:00","mainEntityOfPage":{"@id":"https:\/\/darkamazi.info\/archives\/1048658"},"wordCount":316,"publisher":{"@id":"https:\/\/darkamazi.info\/#organization"},"image":{"@id":"https:\/\/darkamazi.info\/archives\/1048658#primaryimage"},"thumbnailUrl":"https:\/\/darkamazi.info\/file\/2025\/06\/abbas-iraqci.jpg","keywords":["sereke"],"articleSection":["Rojhelata nav\u00een"],"inLanguage":"en-US"},{"@type":"WebPage","@id":"https:\/\/darkamazi.info\/archives\/1048658","url":"https:\/\/darkamazi.info\/archives\/1048658","name":"Wez\u00eer\u00ea Derve y\u00ea \u00ceran\u00ea: Daxwaza aramiy\u00ea b\u00eawate ye - Darka Maz\u00ee","isPartOf":{"@id":"https:\/\/darkamazi.info\/#website"},"primaryImageOfPage":{"@id":"https:\/\/darkamazi.info\/archives\/1048658#primaryimage"},"image":{"@id":"https:\/\/darkamazi.info\/archives\/1048658#primaryimage"},"thumbnailUrl":"https:\/\/darkamazi.info\/file\/2025\/06\/abbas-iraqci.jpg","datePublished":"2025-06-14T08:28:58+00:00","breadcrumb":{"@id":"https:\/\/darkamazi.info\/archives\/1048658#breadcrumb"},"inLanguage":"en-US","potentialAction":[{"@type":"ReadAction","target":["https:\/\/darkamazi.info\/archives\/1048658"]}]},{"@type":"ImageObject","inLanguage":"en-US","@id":"https:\/\/darkamazi.info\/archives\/1048658#primaryimage","url":"https:\/\/darkamazi.info\/file\/2025\/06\/abbas-iraqci.jpg","contentUrl":"https:\/\/darkamazi.info\/file\/2025\/06\/abbas-iraqci.jpg","width":900,"height":497,"caption":"Wez\u00eer\u00ea Derve y\u00ea \u00ceran\u00ea: Daxwaza aramiy\u00ea b\u00eawate ye"},{"@type":"BreadcrumbList","@id":"https:\/\/darkamazi.info\/archives\/1048658#breadcrumb","itemListElement":[{"@type":"ListItem","position":1,"name":"Home","item":"https:\/\/darkamazi.info\/"},{"@type":"ListItem","position":2,"name":"Wez\u00eer\u00ea Derve y\u00ea \u00ceran\u00ea: Daxwaza aramiy\u00ea b\u00eawate ye"}]},{"@type":"WebSite","@id":"https:\/\/darkamazi.info\/#website","url":"https:\/\/darkamazi.info\/","name":"Darka Maz\u00ee","description":"P\u00eageha Zanyariy\u00ean Nebih\u00eest\u00ee","publisher":{"@id":"https:\/\/darkamazi.info\/#organization"},"potentialAction":[{"@type":"SearchAction","target":{"@type":"EntryPoint","urlTemplate":"https:\/\/darkamazi.info\/?s={search_term_string}"},"query-input":{"@type":"PropertyValueSpecification","valueRequired":true,"valueName":"search_term_string"}}],"inLanguage":"en-US"},{"@type":"Organization","@id":"https:\/\/darkamazi.info\/#organization","name":"Darka Maz\u00ee","url":"https:\/\/darkamazi.info\/","logo":{"@type":"ImageObject","inLanguage":"en-US","@id":"https:\/\/darkamazi.info\/#\/schema\/logo\/image\/","url":"https:\/\/darkamazi.info\/file\/2017\/12\/darka-mazi-logo.png","contentUrl":"https:\/\/darkamazi.info\/file\/2017\/12\/darka-mazi-logo.png","width":151,"height":75,"caption":"Darka Maz\u00ee"},"image":{"@id":"https:\/\/darkamazi.info\/#\/schema\/logo\/image\/"},"sameAs":["https:\/\/www.facebook.com\/DarMaziKurmanci","https:\/\/x.com\/DarkaMaziLatini","https:\/\/www.instagram.com\/darkamazi.kurmanci\/","https:\/\/www.youtube.com\/channel\/UCa5HkTdmI8U1qCUFuTw8B2g"]},{"@type":"Person","@id":"https:\/\/darkamazi.info\/#\/schema\/person\/5ad3e24553a0567993fa8ed4bd0a776c","name":"darka mazi","sameAs":["https:\/\/darkamazi.info\/"],"url":"https:\/\/darkamazi.info\/archives\/author\/kurdi"}]}},"_links":{"self":[{"href":"https:\/\/darkamazi.info\/funavuv\/wp\/v2\/posts\/1048658","targetHints":{"allow":["GET"]}}],"collection":[{"href":"https:\/\/darkamazi.info\/funavuv\/wp\/v2\/posts"}],"about":[{"href":"https:\/\/darkamazi.info\/funavuv\/wp\/v2\/types\/post"}],"author":[{"embeddable":true,"href":"https:\/\/darkamazi.info\/funavuv\/wp\/v2\/users\/2"}],"replies":[{"embeddable":true,"href":"https:\/\/darkamazi.info\/funavuv\/wp\/v2\/comments?post=1048658"}],"version-history":[{"count":0,"href":"https:\/\/darkamazi.info\/funavuv\/wp\/v2\/posts\/1048658\/revisions"}],"wp:featuredmedia":[{"embeddable":true,"href":"https:\/\/darkamazi.info\/funavuv\/wp\/v2\/media\/1048659"}],"wp:attachment":[{"href":"https:\/\/darkamazi.info\/funavuv\/wp\/v2\/media?parent=1048658"}],"wp:term":[{"taxonomy":"category","embeddable":true,"href":"https:\/\/darkamazi.info\/funavuv\/wp\/v2\/categories?post=1048658"},{"taxonomy":"post_tag","embeddable":true,"href":"https:\/\/darkamazi.info\/funavuv\/wp\/v2\/tags?post=1048658"}],"curies":[{"name":"wp","href":"https:\/\/api.w.org\/{rel}","templated":true}]}}