{"id":1049406,"date":"2025-08-12T09:21:06","date_gmt":"2025-08-12T06:21:06","guid":{"rendered":"https:\/\/darkamazi.info\/?p=1049406"},"modified":"2025-08-12T09:21:06","modified_gmt":"2025-08-12T06:21:06","slug":"hewalgiriya-ypge-mafyayeka-lesfirosiye-damezrandi-ye","status":"publish","type":"post","link":"https:\/\/darkamazi.info\/archives\/1049406","title":{"rendered":"Hewalg\u00eer\u00eeya YPG\u00ea mafyayeka le\u015ffiro\u015fiy\u00ea damezrand\u00ee ye"},"content":{"rendered":"<h3 style=\"text-align: justify\"><span style=\"font-family: 'arial black', sans-serif\">Gr\u00fbpek\u00ee le\u015ffiro\u015f li bajar\u00ea D\u00eark\u00ea a\u015fkere b\u00fb, \u00eestixbarata YPG\u00ea ew ji boy xapandina ke\u00e7 \u00fb ciwanan erikdar kiriye \u00fb bi r\u00eeya girtina d\u00eemen\u00ean wan y\u00ean v\u00eedyo, wan ne\u00e7ar\u00ee kar\u00ea le\u015ffiro\u015fiy\u00ea dike.<\/span><\/h3>\n<h3 style=\"text-align: justify\"><span style=\"font-family: arial, helvetica, sans-serif\">\u00c7avkaniy\u00ean taybet y\u00ean \u201cDarka Maz\u00ee\u201d li Rojava Kurdistan\u00ea a\u015fkere kirin, gir\u00fbpeke le\u015ffiro\u015fan ku ji hin ke\u00e7\u00ean bi regez ereb \u00fb ciwanan p\u00eakhatiye li bajar\u00ea D\u00eark\u00ea a\u015fkere b\u00fb, ev gir\u00fbp gir\u00eaday\u00ee \u00eestixbarata YPG\u00ea, bask\u00ea le\u015fker\u00ee y\u00ea PKK\u00ea ye \u00fb bi tel\u00eemat\u00ean w\u00ea kar dike.<\/span><\/h3>\n<h3 style=\"text-align: justify\"><span style=\"font-family: arial, helvetica, sans-serif\">Destn\u00ee\u015fan kir, y\u00eak ji ke\u00e7\u00ean v\u00ea gir\u00fbp\u00ea bi nav\u00ea \u201cMeha\u201d t\u00ea naskirin, ji \u015f\u00eaniy\u00ean gund\u00ea Til Elo y\u00ea \u00c7il Axa ye \u00fb weke berpirsa gir\u00fbpa le\u015ffiro\u015fan t\u00ea naskirin, ew li s\u00eenor\u00ea Rim\u00ealan\u00ea kar\u00ea xapandina ke\u00e7an \u00fb ne\u00e7arkirina wan bo le\u015ffiro\u015fy\u00ea dike.<\/span><\/h3>\n<h3 style=\"text-align: justify\"><span style=\"font-family: arial, helvetica, sans-serif\">\u00c7avkaniy\u00ean me diyar kirine, du biray\u00ean \u201cMeha\u201d y\u00ea endam\u00ean asay\u00ee\u015fa PYD\u00ea ne \u00fb hewalg\u00eer\u00eeya YPG\u00ea xaniyek li D\u00eark\u00ea ji boy w\u00ea dab\u00eenkiriye.<\/span><\/h3>\n<h3 style=\"text-align: justify\"><span style=\"font-family: arial, helvetica, sans-serif\">Li gor\u00ee agahiy\u00ean dest\u00ea me, y\u00eak ji ke\u00e7\u00ean din y\u00ean w\u00ea gir\u00fbp\u00ea bi nav\u00ea \u201cMuna\u201d t\u00ea naskirin, ew ji ereb\u00ean D\u00eark\u00ea ye, w\u00ea diyar kir ku Meha ya serperi\u015fta gir\u00fbp\u00ea ji h\u00eala \u00eestixbarata YPG\u00ea ve bo xapandina ke\u00e7an hatiye erikdar kirin \u00fb got: \u201cHin ciwan\u00ean ji r\u00eaxistn\u00ean \u00eestixbarat\u00ea ji bo gir\u00eadana p\u00eawend\u00eeyan bi ke\u00e7an re t\u00ean araste kirin \u00fb ev ciwan ke\u00e7an w\u00eane dikin \u00fb pi\u015ftre bi wan w\u00eane \u00fb d\u00eemenan ke\u00e7 t\u00ean tehd\u00eed kirin \u00fb bo kar\u00ea le\u015ffiro\u015fy\u00ea t\u00ean ne\u00e7ar kirin\u201d.<\/span><\/h3>\n<h3 style=\"text-align: justify\"><span style=\"font-family: arial, helvetica, sans-serif\">Her wiha a\u015fkere kir, li roj\u00ean rab\u00fbr\u00ee ke\u00e7eka bi nav\u00ea \u201cMandil\u00eena\u201d ku ji \u015f\u00eaniy\u00ean gund\u00ea Girkendal y\u00ea D\u00eark\u00ea ye, b\u00fbye qurban\u00eeya v\u00ea yar\u00eeya qir\u00eaj, pi\u015ft\u00ee ku Mehay\u00ea ciwanek\u00ee ereb ji boy gir\u00eadana p\u00eawend\u00eeyan \u00fb ki\u015fandina d\u00eemen\u00ean w\u00ea y\u00ean v\u00eedyo erikdar kir\u00ee \u00fb got ku niha Meha bi r\u00eeya wan d\u00eemenan gefan li Mandil\u00eenay\u00ea dixwe ku tevl\u00ee kar\u00ea b\u00ea rewi\u015ftiy\u00ea bibe.<\/span><\/h3>\n<h3 style=\"text-align: justify\"><span style=\"font-family: arial, helvetica, sans-serif\">Agahiy\u00ean me tekez kirine ku tev ke\u00e7\u00ean ku b\u00fbne qurbaniy\u00ean v\u00ea gir\u00fbp\u00ea, bi heman away\u00ee ji boy xapandina ciwanan t\u00ean araste kirin \u00fb ev ciwan \u00fb zilam dikevin bin kontrola \u00eestixbarata YPG\u00ea.<\/span><\/h3>\n","protected":false},"excerpt":{"rendered":"<p>Gr\u00fbpek\u00ee le\u015ffiro\u015f li bajar\u00ea D\u00eark\u00ea a\u015fkere b\u00fb, \u00eestixbarata YPG\u00ea ew ji boy xapandina ke\u00e7 \u00fb ciwanan erikdar kiriye \u00fb bi r\u00eeya girtina d\u00eemen\u00ean wan y\u00ean v\u00eedyo, wan ne\u00e7ar\u00ee kar\u00ea le\u015ffiro\u015fiy\u00ea dike. \u00c7avkaniy\u00ean taybet y\u00ean \u201cDarka Maz\u00ee\u201d li Rojava Kurdistan\u00ea a\u015fkere kirin, gir\u00fbpeke le\u015ffiro\u015fan ku ji hin ke\u00e7\u00ean bi regez ereb \u00fb ciwanan p\u00eakhatiye li bajar\u00ea [&hellip;]<\/p>\n","protected":false},"author":2,"featured_media":1049407,"comment_status":"closed","ping_status":"closed","sticky":false,"template":"","format":"standard","meta":{"footnotes":""},"categories":[40],"tags":[37],"class_list":["post-1049406","post","type-post","status-publish","format-standard","has-post-thumbnail","hentry","category-niheni","tag-sereke"],"blocksy_meta":[],"seo_head":"<!-- This site is optimized with the Yoast SEO plugin v27.5 - https:\/\/yoast.com\/product\/yoast-seo-wordpress\/ -->\n<title>Hewalg\u00eer\u00eeya YPG\u00ea mafyayeka le\u015ffiro\u015fiy\u00ea damezrand\u00ee ye - Darka Maz\u00ee<\/title>\n<meta name=\"robots\" content=\"index, follow, max-snippet:-1, max-image-preview:large, max-video-preview:-1\" \/>\n<link rel=\"canonical\" href=\"https:\/\/darkamazi.info\/archives\/1049406\" \/>\n<meta property=\"og:locale\" content=\"en_US\" \/>\n<meta property=\"og:type\" content=\"article\" \/>\n<meta property=\"og:title\" content=\"Hewalg\u00eer\u00eeya YPG\u00ea mafyayeka le\u015ffiro\u015fiy\u00ea damezrand\u00ee ye - Darka Maz\u00ee\" \/>\n<meta property=\"og:description\" content=\"Gr\u00fbpek\u00ee le\u015ffiro\u015f li bajar\u00ea D\u00eark\u00ea a\u015fkere b\u00fb, \u00eestixbarata YPG\u00ea ew ji boy xapandina ke\u00e7 \u00fb ciwanan erikdar kiriye \u00fb bi r\u00eeya girtina d\u00eemen\u00ean wan y\u00ean v\u00eedyo, wan ne\u00e7ar\u00ee kar\u00ea le\u015ffiro\u015fiy\u00ea dike. \u00c7avkaniy\u00ean taybet y\u00ean \u201cDarka Maz\u00ee\u201d li Rojava Kurdistan\u00ea a\u015fkere kirin, gir\u00fbpeke le\u015ffiro\u015fan ku ji hin ke\u00e7\u00ean bi regez ereb \u00fb ciwanan p\u00eakhatiye li bajar\u00ea [&hellip;]\" \/>\n<meta property=\"og:url\" content=\"https:\/\/darkamazi.info\/archives\/1049406\" \/>\n<meta property=\"og:site_name\" content=\"Darka Maz\u00ee\" \/>\n<meta property=\"article:publisher\" content=\"https:\/\/www.facebook.com\/DarMaziKurmanci\" \/>\n<meta property=\"article:published_time\" content=\"2025-08-12T06:21:06+00:00\" \/>\n<meta property=\"og:image\" content=\"https:\/\/darkamazi.info\/file\/2025\/08\/YPG-Hewalgiri-Leshfirosh-Info.jpg\" \/>\n\t<meta property=\"og:image:width\" content=\"900\" \/>\n\t<meta property=\"og:image:height\" content=\"500\" \/>\n\t<meta property=\"og:image:type\" content=\"image\/jpeg\" \/>\n<meta name=\"author\" content=\"darka mazi\" \/>\n<meta name=\"twitter:card\" content=\"summary_large_image\" \/>\n<meta name=\"twitter:creator\" content=\"@DarkaMaziLatini\" \/>\n<meta name=\"twitter:site\" content=\"@DarkaMaziLatini\" \/>\n<meta name=\"twitter:label1\" content=\"Written by\" \/>\n\t<meta name=\"twitter:data1\" content=\"darka mazi\" \/>\n\t<meta name=\"twitter:label2\" content=\"Est. reading time\" \/>\n\t<meta name=\"twitter:data2\" content=\"2 minutes\" \/>\n<script type=\"application\/ld+json\" class=\"seo-schema-graph\">{\"@context\":\"https:\\\/\\\/schema.org\",\"@graph\":[{\"@type\":\"Article\",\"@id\":\"https:\\\/\\\/darkamazi.info\\\/archives\\\/1049406#article\",\"isPartOf\":{\"@id\":\"https:\\\/\\\/darkamazi.info\\\/archives\\\/1049406\"},\"author\":{\"name\":\"darka mazi\",\"@id\":\"https:\\\/\\\/darkamazi.info\\\/#\\\/schema\\\/person\\\/5ad3e24553a0567993fa8ed4bd0a776c\"},\"headline\":\"Hewalg\u00eer\u00eeya YPG\u00ea mafyayeka le\u015ffiro\u015fiy\u00ea damezrand\u00ee ye\",\"datePublished\":\"2025-08-12T06:21:06+00:00\",\"mainEntityOfPage\":{\"@id\":\"https:\\\/\\\/darkamazi.info\\\/archives\\\/1049406\"},\"wordCount\":414,\"publisher\":{\"@id\":\"https:\\\/\\\/darkamazi.info\\\/#organization\"},\"image\":{\"@id\":\"https:\\\/\\\/darkamazi.info\\\/archives\\\/1049406#primaryimage\"},\"thumbnailUrl\":\"https:\\\/\\\/darkamazi.info\\\/darka-content\\\/uploads\\\/2025\\\/08\\\/YPG-Hewalgiri-Leshfirosh-Info.jpg\",\"keywords\":[\"sereke\"],\"articleSection\":[\"Nih\u00ean\u00ee\"],\"inLanguage\":\"en-US\"},{\"@type\":\"WebPage\",\"@id\":\"https:\\\/\\\/darkamazi.info\\\/archives\\\/1049406\",\"url\":\"https:\\\/\\\/darkamazi.info\\\/archives\\\/1049406\",\"name\":\"Hewalg\u00eer\u00eeya YPG\u00ea mafyayeka le\u015ffiro\u015fiy\u00ea damezrand\u00ee ye - Darka Maz\u00ee\",\"isPartOf\":{\"@id\":\"https:\\\/\\\/darkamazi.info\\\/#website\"},\"primaryImageOfPage\":{\"@id\":\"https:\\\/\\\/darkamazi.info\\\/archives\\\/1049406#primaryimage\"},\"image\":{\"@id\":\"https:\\\/\\\/darkamazi.info\\\/archives\\\/1049406#primaryimage\"},\"thumbnailUrl\":\"https:\\\/\\\/darkamazi.info\\\/darka-content\\\/uploads\\\/2025\\\/08\\\/YPG-Hewalgiri-Leshfirosh-Info.jpg\",\"datePublished\":\"2025-08-12T06:21:06+00:00\",\"breadcrumb\":{\"@id\":\"https:\\\/\\\/darkamazi.info\\\/archives\\\/1049406#breadcrumb\"},\"inLanguage\":\"en-US\",\"potentialAction\":[{\"@type\":\"ReadAction\",\"target\":[\"https:\\\/\\\/darkamazi.info\\\/archives\\\/1049406\"]}]},{\"@type\":\"ImageObject\",\"inLanguage\":\"en-US\",\"@id\":\"https:\\\/\\\/darkamazi.info\\\/archives\\\/1049406#primaryimage\",\"url\":\"https:\\\/\\\/darkamazi.info\\\/darka-content\\\/uploads\\\/2025\\\/08\\\/YPG-Hewalgiri-Leshfirosh-Info.jpg\",\"contentUrl\":\"https:\\\/\\\/darkamazi.info\\\/darka-content\\\/uploads\\\/2025\\\/08\\\/YPG-Hewalgiri-Leshfirosh-Info.jpg\",\"width\":900,\"height\":500,\"caption\":\"YPG-Hewalgiri-Leshfirosh-Net\"},{\"@type\":\"BreadcrumbList\",\"@id\":\"https:\\\/\\\/darkamazi.info\\\/archives\\\/1049406#breadcrumb\",\"itemListElement\":[{\"@type\":\"ListItem\",\"position\":1,\"name\":\"Home\",\"item\":\"https:\\\/\\\/darkamazi.info\\\/\"},{\"@type\":\"ListItem\",\"position\":2,\"name\":\"Hewalg\u00eer\u00eeya YPG\u00ea mafyayeka le\u015ffiro\u015fiy\u00ea damezrand\u00ee ye\"}]},{\"@type\":\"WebSite\",\"@id\":\"https:\\\/\\\/darkamazi.info\\\/#website\",\"url\":\"https:\\\/\\\/darkamazi.info\\\/\",\"name\":\"Darka Maz\u00ee\",\"description\":\"P\u00eageha Zanyariy\u00ean Nebih\u00eest\u00ee\",\"publisher\":{\"@id\":\"https:\\\/\\\/darkamazi.info\\\/#organization\"},\"potentialAction\":[{\"@type\":\"SearchAction\",\"target\":{\"@type\":\"EntryPoint\",\"urlTemplate\":\"https:\\\/\\\/darkamazi.info\\\/?s={search_term_string}\"},\"query-input\":{\"@type\":\"PropertyValueSpecification\",\"valueRequired\":true,\"valueName\":\"search_term_string\"}}],\"inLanguage\":\"en-US\"},{\"@type\":\"Organization\",\"@id\":\"https:\\\/\\\/darkamazi.info\\\/#organization\",\"name\":\"Darka Maz\u00ee\",\"url\":\"https:\\\/\\\/darkamazi.info\\\/\",\"logo\":{\"@type\":\"ImageObject\",\"inLanguage\":\"en-US\",\"@id\":\"https:\\\/\\\/darkamazi.info\\\/#\\\/schema\\\/logo\\\/image\\\/\",\"url\":\"https:\\\/\\\/darkamazi.info\\\/darka-content\\\/uploads\\\/2017\\\/12\\\/darka-mazi-logo.png\",\"contentUrl\":\"https:\\\/\\\/darkamazi.info\\\/darka-content\\\/uploads\\\/2017\\\/12\\\/darka-mazi-logo.png\",\"width\":151,\"height\":75,\"caption\":\"Darka Maz\u00ee\"},\"image\":{\"@id\":\"https:\\\/\\\/darkamazi.info\\\/#\\\/schema\\\/logo\\\/image\\\/\"},\"sameAs\":[\"https:\\\/\\\/www.facebook.com\\\/DarMaziKurmanci\",\"https:\\\/\\\/x.com\\\/DarkaMaziLatini\",\"https:\\\/\\\/www.instagram.com\\\/darkamazi.kurmanci\\\/\",\"https:\\\/\\\/www.youtube.com\\\/channel\\\/UCa5HkTdmI8U1qCUFuTw8B2g\"]},{\"@type\":\"Person\",\"@id\":\"https:\\\/\\\/darkamazi.info\\\/#\\\/schema\\\/person\\\/5ad3e24553a0567993fa8ed4bd0a776c\",\"name\":\"darka mazi\",\"sameAs\":[\"https:\\\/\\\/darkamazi.info\\\/\"],\"url\":\"https:\\\/\\\/darkamazi.info\\\/archives\\\/author\\\/kurdi\"}]}<\/script>\n<!-- \/ Yoast SEO plugin. -->","seo_head_json":{"title":"Hewalg\u00eer\u00eeya YPG\u00ea mafyayeka le\u015ffiro\u015fiy\u00ea damezrand\u00ee ye - Darka Maz\u00ee","robots":{"index":"index","follow":"follow","max-snippet":"max-snippet:-1","max-image-preview":"max-image-preview:large","max-video-preview":"max-video-preview:-1"},"canonical":"https:\/\/darkamazi.info\/archives\/1049406","og_locale":"en_US","og_type":"article","og_title":"Hewalg\u00eer\u00eeya YPG\u00ea mafyayeka le\u015ffiro\u015fiy\u00ea damezrand\u00ee ye - Darka Maz\u00ee","og_description":"Gr\u00fbpek\u00ee le\u015ffiro\u015f li bajar\u00ea D\u00eark\u00ea a\u015fkere b\u00fb, \u00eestixbarata YPG\u00ea ew ji boy xapandina ke\u00e7 \u00fb ciwanan erikdar kiriye \u00fb bi r\u00eeya girtina d\u00eemen\u00ean wan y\u00ean v\u00eedyo, wan ne\u00e7ar\u00ee kar\u00ea le\u015ffiro\u015fiy\u00ea dike. \u00c7avkaniy\u00ean taybet y\u00ean \u201cDarka Maz\u00ee\u201d li Rojava Kurdistan\u00ea a\u015fkere kirin, gir\u00fbpeke le\u015ffiro\u015fan ku ji hin ke\u00e7\u00ean bi regez ereb \u00fb ciwanan p\u00eakhatiye li bajar\u00ea [&hellip;]","og_url":"https:\/\/darkamazi.info\/archives\/1049406","og_site_name":"Darka Maz\u00ee","article_publisher":"https:\/\/www.facebook.com\/DarMaziKurmanci","article_published_time":"2025-08-12T06:21:06+00:00","og_image":[{"width":900,"height":500,"url":"https:\/\/darkamazi.info\/file\/2025\/08\/YPG-Hewalgiri-Leshfirosh-Info.jpg","type":"image\/jpeg"}],"author":"darka mazi","twitter_card":"summary_large_image","twitter_creator":"@DarkaMaziLatini","twitter_site":"@DarkaMaziLatini","twitter_misc":{"Written by":"darka mazi","Est. reading time":"2 minutes"},"schema":{"@context":"https:\/\/schema.org","@graph":[{"@type":"Article","@id":"https:\/\/darkamazi.info\/archives\/1049406#article","isPartOf":{"@id":"https:\/\/darkamazi.info\/archives\/1049406"},"author":{"name":"darka mazi","@id":"https:\/\/darkamazi.info\/#\/schema\/person\/5ad3e24553a0567993fa8ed4bd0a776c"},"headline":"Hewalg\u00eer\u00eeya YPG\u00ea mafyayeka le\u015ffiro\u015fiy\u00ea damezrand\u00ee ye","datePublished":"2025-08-12T06:21:06+00:00","mainEntityOfPage":{"@id":"https:\/\/darkamazi.info\/archives\/1049406"},"wordCount":414,"publisher":{"@id":"https:\/\/darkamazi.info\/#organization"},"image":{"@id":"https:\/\/darkamazi.info\/archives\/1049406#primaryimage"},"thumbnailUrl":"https:\/\/darkamazi.info\/file\/2025\/08\/YPG-Hewalgiri-Leshfirosh-Info.jpg","keywords":["sereke"],"articleSection":["Nih\u00ean\u00ee"],"inLanguage":"en-US"},{"@type":"WebPage","@id":"https:\/\/darkamazi.info\/archives\/1049406","url":"https:\/\/darkamazi.info\/archives\/1049406","name":"Hewalg\u00eer\u00eeya YPG\u00ea mafyayeka le\u015ffiro\u015fiy\u00ea damezrand\u00ee ye - Darka Maz\u00ee","isPartOf":{"@id":"https:\/\/darkamazi.info\/#website"},"primaryImageOfPage":{"@id":"https:\/\/darkamazi.info\/archives\/1049406#primaryimage"},"image":{"@id":"https:\/\/darkamazi.info\/archives\/1049406#primaryimage"},"thumbnailUrl":"https:\/\/darkamazi.info\/file\/2025\/08\/YPG-Hewalgiri-Leshfirosh-Info.jpg","datePublished":"2025-08-12T06:21:06+00:00","breadcrumb":{"@id":"https:\/\/darkamazi.info\/archives\/1049406#breadcrumb"},"inLanguage":"en-US","potentialAction":[{"@type":"ReadAction","target":["https:\/\/darkamazi.info\/archives\/1049406"]}]},{"@type":"ImageObject","inLanguage":"en-US","@id":"https:\/\/darkamazi.info\/archives\/1049406#primaryimage","url":"https:\/\/darkamazi.info\/file\/2025\/08\/YPG-Hewalgiri-Leshfirosh-Info.jpg","contentUrl":"https:\/\/darkamazi.info\/file\/2025\/08\/YPG-Hewalgiri-Leshfirosh-Info.jpg","width":900,"height":500,"caption":"YPG-Hewalgiri-Leshfirosh-Net"},{"@type":"BreadcrumbList","@id":"https:\/\/darkamazi.info\/archives\/1049406#breadcrumb","itemListElement":[{"@type":"ListItem","position":1,"name":"Home","item":"https:\/\/darkamazi.info\/"},{"@type":"ListItem","position":2,"name":"Hewalg\u00eer\u00eeya YPG\u00ea mafyayeka le\u015ffiro\u015fiy\u00ea damezrand\u00ee ye"}]},{"@type":"WebSite","@id":"https:\/\/darkamazi.info\/#website","url":"https:\/\/darkamazi.info\/","name":"Darka Maz\u00ee","description":"P\u00eageha Zanyariy\u00ean Nebih\u00eest\u00ee","publisher":{"@id":"https:\/\/darkamazi.info\/#organization"},"potentialAction":[{"@type":"SearchAction","target":{"@type":"EntryPoint","urlTemplate":"https:\/\/darkamazi.info\/?s={search_term_string}"},"query-input":{"@type":"PropertyValueSpecification","valueRequired":true,"valueName":"search_term_string"}}],"inLanguage":"en-US"},{"@type":"Organization","@id":"https:\/\/darkamazi.info\/#organization","name":"Darka Maz\u00ee","url":"https:\/\/darkamazi.info\/","logo":{"@type":"ImageObject","inLanguage":"en-US","@id":"https:\/\/darkamazi.info\/#\/schema\/logo\/image\/","url":"https:\/\/darkamazi.info\/file\/2017\/12\/darka-mazi-logo.png","contentUrl":"https:\/\/darkamazi.info\/file\/2017\/12\/darka-mazi-logo.png","width":151,"height":75,"caption":"Darka Maz\u00ee"},"image":{"@id":"https:\/\/darkamazi.info\/#\/schema\/logo\/image\/"},"sameAs":["https:\/\/www.facebook.com\/DarMaziKurmanci","https:\/\/x.com\/DarkaMaziLatini","https:\/\/www.instagram.com\/darkamazi.kurmanci\/","https:\/\/www.youtube.com\/channel\/UCa5HkTdmI8U1qCUFuTw8B2g"]},{"@type":"Person","@id":"https:\/\/darkamazi.info\/#\/schema\/person\/5ad3e24553a0567993fa8ed4bd0a776c","name":"darka mazi","sameAs":["https:\/\/darkamazi.info\/"],"url":"https:\/\/darkamazi.info\/archives\/author\/kurdi"}]}},"_links":{"self":[{"href":"https:\/\/darkamazi.info\/funavuv\/wp\/v2\/posts\/1049406","targetHints":{"allow":["GET"]}}],"collection":[{"href":"https:\/\/darkamazi.info\/funavuv\/wp\/v2\/posts"}],"about":[{"href":"https:\/\/darkamazi.info\/funavuv\/wp\/v2\/types\/post"}],"author":[{"embeddable":true,"href":"https:\/\/darkamazi.info\/funavuv\/wp\/v2\/users\/2"}],"replies":[{"embeddable":true,"href":"https:\/\/darkamazi.info\/funavuv\/wp\/v2\/comments?post=1049406"}],"version-history":[{"count":0,"href":"https:\/\/darkamazi.info\/funavuv\/wp\/v2\/posts\/1049406\/revisions"}],"wp:featuredmedia":[{"embeddable":true,"href":"https:\/\/darkamazi.info\/funavuv\/wp\/v2\/media\/1049407"}],"wp:attachment":[{"href":"https:\/\/darkamazi.info\/funavuv\/wp\/v2\/media?parent=1049406"}],"wp:term":[{"taxonomy":"category","embeddable":true,"href":"https:\/\/darkamazi.info\/funavuv\/wp\/v2\/categories?post=1049406"},{"taxonomy":"post_tag","embeddable":true,"href":"https:\/\/darkamazi.info\/funavuv\/wp\/v2\/tags?post=1049406"}],"curies":[{"name":"wp","href":"https:\/\/api.w.org\/{rel}","templated":true}]}}