{"id":1049465,"date":"2025-08-16T12:23:31","date_gmt":"2025-08-16T09:23:31","guid":{"rendered":"https:\/\/darkamazi.info\/?p=1049465"},"modified":"2025-08-16T12:23:31","modified_gmt":"2025-08-16T09:23:31","slug":"mustafa-ozcelik-em-79emin-salvegera-damezrandina-pdkye-piroz-dikin","status":"publish","type":"post","link":"https:\/\/darkamazi.info\/archives\/1049465","title":{"rendered":"Mustafa Oz\u00e7el\u00eek: Em 79em\u00een salvegera damezrandina PDKy\u00ea p\u00eeroz dikin"},"content":{"rendered":"<h3 style=\"text-align: justify\"><span style=\"font-family: 'arial black', sans-serif\">Serok\u00ea Gi\u015ft\u00ee y\u00ea Partiya Welatpar\u00eaz\u00ean Kurdistan\u00ea (PWK) Mustafa Oz\u00e7el\u00eek bi boneya 79em\u00een salvegera damezrandina Partiya Demokrat a Kurdistan\u00ea (PDK) peyameke p\u00eerozbahiy\u00ea belav kir. Oz\u00e7el\u00eek di peyama xwe de PDK weke &#8220;h\u00eemeke esas\u00ee&#8221; di avakirina hi\u015fmendiya netewey\u00ee de p\u00eanase kir \u00fb tekez\u00ee li ser rola w\u00ea ya d\u00eerok\u00ee ya di t\u00eako\u015f\u00eena azadiya Kurdistan\u00ea de kir.<\/span><\/h3>\n<h3 style=\"text-align: justify\"><span style=\"font-family: 'arial black', sans-serif\">Peyama Serok\u00ea PWK\u00ea Mustafa Oz\u00e7el\u00eek:<\/span><\/h3>\n<h3 style=\"text-align: justify\">PDK di 16y\u00ea Tebaxa 1946\u00ea de hate ava kirin \u00fb \u00eero 79em\u00een salvegera damezrandina PDKy\u00ea (Part\u00eeya Demokrat a Kurdistan\u00ea) ye.<\/h3>\n<h3 style=\"text-align: justify\">Gava ku em behsa PDKy\u00ea dikin, di esl\u00ea xwe de em behsa organ\u00eezasyoneke zind\u00ee, berdewam, t\u00eako\u015fer dikin. PDK bi ketin \u00fb rab\u00fbn\u00ean xwe, b\u00eay\u00ee westan, bi sebir, bi hi\u015fmend\u00eeyeke netew\u00ee heta \u00eero hat\u00eeye.<\/h3>\n<h3 style=\"text-align: justify\">PDK, berdewam\u00ee \u00fb be\u015feke t\u00eako\u015f\u00eena azad\u00eeya Kurdistan\u00ea ya 200 sal\u00ee ye.<\/h3>\n<h3 style=\"text-align: justify\">PDK, di avakirin \u00fb h\u00fbnandin \u00fb p\u00ea\u015fedebirina hi\u015fmend\u00ee, hest \u00fb b\u00eer \u00fb bawer\u00eeya netew\u00ee, ni\u015ftiman\u00ee ya Kurdistan\u00ee de h\u00eemeke esas\u00ee ye.<\/h3>\n<h3 style=\"text-align: justify\">PDK aktor\u00ea Peymana Otonom\u00eey\u00ea ya 1970y\u00ee ye.<\/h3>\n<h3 style=\"text-align: justify\">Dewleta Federe ya li Ba\u015f\u00fbr\u00ea Kurdistan\u00ea ku \u00eero r\u00fbmeta me hem\u00fb Kurd \u00fb Kurdistan\u00eey\u00ean c\u00eehan\u00ea ye.<\/h3>\n<h3 style=\"text-align: justify\">PDK yek ji damezraner\u00ean esas\u00ee y\u00ea v\u00ea destkeftina netewey\u00ee, ni\u015ftiman\u00ee ye.<\/h3>\n<h3 style=\"text-align: justify\">PDK, hurmetkar \u00fb bar hilgirek\u00ee w\u00ea Alaya P\u00eeroz ya ku P\u00ea\u015fewa Qaz\u00ee Mihemed tesl\u00eem\u00ee Mele Mistefa Barzan\u00eey\u00ea nemir kirib\u00fb ye.<\/h3>\n<h3 style=\"text-align: justify\">Xebata PDKy\u00ea ne bes li Ba\u015f\u00fbr\u00ea Kurdistan\u00ea , herweha li her s\u00ea per\u00e7ey\u00ean din \u00ean Kurdistan\u00ea j\u00ee, di ge\u015f kirin, vej\u00een \u00fb di xwe n\u00fbkirina doza azad\u00eeya Kurdistan\u00ea de roleke d\u00eerok\u00ee lih\u00eest\u00eeye.<\/h3>\n<h3 style=\"text-align: justify\">Em di w\u00ea bawer\u00eey\u00ea de ne, ji bo ku li her s\u00ea per\u00e7ey\u00ean din \u00ean Kurdistan\u00ea j\u00ee pirsa Kurd \u00fb Kurdistan\u00ea bi r\u00eay\u00ean s\u00eeyas\u00ee, demokrat\u00eek, siv\u00eel \u00fb a\u015ft\u00eeyane b\u00ea \u00e7areser kirin; jibo ku gel\u00ea me bikaribe azad\u00eeya xwe, maf\u00ean xwe y\u00ean netew\u00ee, demokrat\u00eek bidest bixe, d\u00ea PDK rola xwe ya maq\u00fbl, netew\u00ee \u00fb d\u00eerok\u00ee bileh\u00eeze.<\/h3>\n<h3 style=\"text-align: justify\">Em di w\u00ea bawer\u00eey\u00ea de ne ku, PDK ji \u00eero p\u00ea ve j\u00ee, ji bo yekit\u00eeya navxwey\u00ee ya li Ba\u015f\u00fbr\u00ea Kurdistan\u00ea, ji bo l\u00eaxwed\u00eederketin \u00fb p\u00ea\u015fdebirina hem\u00fb destkeft\u00eey\u00ean li Her\u00eama Kurdistan\u00ea, bi fedekar\u00ee, bi hestyar\u00ee \u00fb bi hesas\u00eeyeteke netew\u00ee \u00fb ni\u015ftiman\u00ee, bi awayek\u00ee berpirsyarane helwest \u00fb rola xwe ya hey\u00ee d\u00ea berdewam bike.<\/h3>\n<h3 style=\"text-align: justify\">Bi van hest\u00ean xwe y\u00ean netew\u00ee , ni\u015ftiman\u00ee em 79 sal\u00eeya damezrandina PDKy\u00ea p\u00eeroz dikin.<\/h3>\n<h3 style=\"text-align: justify\">Em di 79em\u00een salvegera damezrandina PDKy\u00ea de, r\u00eaber\u00ea gel\u00ea Kurdistan\u00ea Mele Mistefa Barzan\u00eey\u00ea nemir \u00fb hem\u00fb \u015feh\u00eed\u00ean Kurdistan\u00ea bi giram\u00ee bib\u00eer t\u00eenin.<\/h3>\n<h3 style=\"text-align: justify\">Li gel r\u00eaz \u00fb silav\u00ean xwe y\u00ean birayane.<\/h3>\n<h3 style=\"text-align: justify\">16.08.2025<\/h3>\n<h3 style=\"text-align: justify\">Mustafa Oz\u00e7el\u00eek<\/h3>\n<h3 style=\"text-align: justify\">Serok\u00ea Gi\u015ft\u00ee y\u00ea Part\u00eeya Welatpar\u00eaz\u00ean Kurdistan\u00ea (PWK)<\/h3>\n","protected":false},"excerpt":{"rendered":"<p>Serok\u00ea Gi\u015ft\u00ee y\u00ea Partiya Welatpar\u00eaz\u00ean Kurdistan\u00ea (PWK) Mustafa Oz\u00e7el\u00eek bi boneya 79em\u00een salvegera damezrandina Partiya Demokrat a Kurdistan\u00ea (PDK) peyameke p\u00eerozbahiy\u00ea belav kir. Oz\u00e7el\u00eek di peyama xwe de PDK weke &#8220;h\u00eemeke esas\u00ee&#8221; di avakirina hi\u015fmendiya netewey\u00ee de p\u00eanase kir \u00fb tekez\u00ee li ser rola w\u00ea ya d\u00eerok\u00ee ya di t\u00eako\u015f\u00eena azadiya Kurdistan\u00ea de kir. Peyama [&hellip;]<\/p>\n","protected":false},"author":2,"featured_media":1049466,"comment_status":"closed","ping_status":"closed","sticky":false,"template":"","format":"standard","meta":{"footnotes":""},"categories":[29],"tags":[37],"class_list":["post-1049465","post","type-post","status-publish","format-standard","has-post-thumbnail","hentry","category-kurdistan","tag-sereke"],"blocksy_meta":[],"seo_head":"<!-- This site is optimized with the Yoast SEO plugin v27.5 - https:\/\/yoast.com\/product\/yoast-seo-wordpress\/ -->\n<title>Mustafa Oz\u00e7el\u00eek: Em 79em\u00een salvegera damezrandina PDKy\u00ea p\u00eeroz dikin - Darka Maz\u00ee<\/title>\n<meta name=\"robots\" content=\"index, follow, max-snippet:-1, max-image-preview:large, max-video-preview:-1\" \/>\n<link rel=\"canonical\" href=\"https:\/\/darkamazi.info\/archives\/1049465\" \/>\n<meta property=\"og:locale\" content=\"en_US\" \/>\n<meta property=\"og:type\" content=\"article\" \/>\n<meta property=\"og:title\" content=\"Mustafa Oz\u00e7el\u00eek: Em 79em\u00een salvegera damezrandina PDKy\u00ea p\u00eeroz dikin - Darka Maz\u00ee\" \/>\n<meta property=\"og:description\" content=\"Serok\u00ea Gi\u015ft\u00ee y\u00ea Partiya Welatpar\u00eaz\u00ean Kurdistan\u00ea (PWK) Mustafa Oz\u00e7el\u00eek bi boneya 79em\u00een salvegera damezrandina Partiya Demokrat a Kurdistan\u00ea (PDK) peyameke p\u00eerozbahiy\u00ea belav kir. Oz\u00e7el\u00eek di peyama xwe de PDK weke &#8220;h\u00eemeke esas\u00ee&#8221; di avakirina hi\u015fmendiya netewey\u00ee de p\u00eanase kir \u00fb tekez\u00ee li ser rola w\u00ea ya d\u00eerok\u00ee ya di t\u00eako\u015f\u00eena azadiya Kurdistan\u00ea de kir. Peyama [&hellip;]\" \/>\n<meta property=\"og:url\" content=\"https:\/\/darkamazi.info\/archives\/1049465\" \/>\n<meta property=\"og:site_name\" content=\"Darka Maz\u00ee\" \/>\n<meta property=\"article:publisher\" content=\"https:\/\/www.facebook.com\/DarMaziKurmanci\" \/>\n<meta property=\"article:published_time\" content=\"2025-08-16T09:23:31+00:00\" \/>\n<meta property=\"og:image\" content=\"https:\/\/darkamazi.info\/file\/2025\/08\/mustafa-uzcelik-pdk-pwk.jpg\" \/>\n\t<meta property=\"og:image:width\" content=\"900\" \/>\n\t<meta property=\"og:image:height\" content=\"497\" \/>\n\t<meta property=\"og:image:type\" content=\"image\/jpeg\" \/>\n<meta name=\"author\" content=\"darka mazi\" \/>\n<meta name=\"twitter:card\" content=\"summary_large_image\" \/>\n<meta name=\"twitter:creator\" content=\"@DarkaMaziLatini\" \/>\n<meta name=\"twitter:site\" content=\"@DarkaMaziLatini\" \/>\n<meta name=\"twitter:label1\" content=\"Written by\" \/>\n\t<meta name=\"twitter:data1\" content=\"darka mazi\" \/>\n\t<meta name=\"twitter:label2\" content=\"Est. reading time\" \/>\n\t<meta name=\"twitter:data2\" content=\"2 minutes\" \/>\n<script type=\"application\/ld+json\" class=\"seo-schema-graph\">{\"@context\":\"https:\\\/\\\/schema.org\",\"@graph\":[{\"@type\":\"Article\",\"@id\":\"https:\\\/\\\/darkamazi.info\\\/archives\\\/1049465#article\",\"isPartOf\":{\"@id\":\"https:\\\/\\\/darkamazi.info\\\/archives\\\/1049465\"},\"author\":{\"name\":\"darka mazi\",\"@id\":\"https:\\\/\\\/darkamazi.info\\\/#\\\/schema\\\/person\\\/5ad3e24553a0567993fa8ed4bd0a776c\"},\"headline\":\"Mustafa Oz\u00e7el\u00eek: Em 79em\u00een salvegera damezrandina PDKy\u00ea p\u00eeroz dikin\",\"datePublished\":\"2025-08-16T09:23:31+00:00\",\"mainEntityOfPage\":{\"@id\":\"https:\\\/\\\/darkamazi.info\\\/archives\\\/1049465\"},\"wordCount\":489,\"publisher\":{\"@id\":\"https:\\\/\\\/darkamazi.info\\\/#organization\"},\"image\":{\"@id\":\"https:\\\/\\\/darkamazi.info\\\/archives\\\/1049465#primaryimage\"},\"thumbnailUrl\":\"https:\\\/\\\/darkamazi.info\\\/darka-content\\\/uploads\\\/2025\\\/08\\\/mustafa-uzcelik-pdk-pwk.jpg\",\"keywords\":[\"sereke\"],\"articleSection\":[\"Kurdistan\"],\"inLanguage\":\"en-US\"},{\"@type\":\"WebPage\",\"@id\":\"https:\\\/\\\/darkamazi.info\\\/archives\\\/1049465\",\"url\":\"https:\\\/\\\/darkamazi.info\\\/archives\\\/1049465\",\"name\":\"Mustafa Oz\u00e7el\u00eek: Em 79em\u00een salvegera damezrandina PDKy\u00ea p\u00eeroz dikin - Darka Maz\u00ee\",\"isPartOf\":{\"@id\":\"https:\\\/\\\/darkamazi.info\\\/#website\"},\"primaryImageOfPage\":{\"@id\":\"https:\\\/\\\/darkamazi.info\\\/archives\\\/1049465#primaryimage\"},\"image\":{\"@id\":\"https:\\\/\\\/darkamazi.info\\\/archives\\\/1049465#primaryimage\"},\"thumbnailUrl\":\"https:\\\/\\\/darkamazi.info\\\/darka-content\\\/uploads\\\/2025\\\/08\\\/mustafa-uzcelik-pdk-pwk.jpg\",\"datePublished\":\"2025-08-16T09:23:31+00:00\",\"breadcrumb\":{\"@id\":\"https:\\\/\\\/darkamazi.info\\\/archives\\\/1049465#breadcrumb\"},\"inLanguage\":\"en-US\",\"potentialAction\":[{\"@type\":\"ReadAction\",\"target\":[\"https:\\\/\\\/darkamazi.info\\\/archives\\\/1049465\"]}]},{\"@type\":\"ImageObject\",\"inLanguage\":\"en-US\",\"@id\":\"https:\\\/\\\/darkamazi.info\\\/archives\\\/1049465#primaryimage\",\"url\":\"https:\\\/\\\/darkamazi.info\\\/darka-content\\\/uploads\\\/2025\\\/08\\\/mustafa-uzcelik-pdk-pwk.jpg\",\"contentUrl\":\"https:\\\/\\\/darkamazi.info\\\/darka-content\\\/uploads\\\/2025\\\/08\\\/mustafa-uzcelik-pdk-pwk.jpg\",\"width\":900,\"height\":497,\"caption\":\"Mustafa Oz\u00e7el\u00eek: Em 79em\u00een salvegera damezrandina PDKy\u00ea p\u00eeroz dikin\"},{\"@type\":\"BreadcrumbList\",\"@id\":\"https:\\\/\\\/darkamazi.info\\\/archives\\\/1049465#breadcrumb\",\"itemListElement\":[{\"@type\":\"ListItem\",\"position\":1,\"name\":\"Home\",\"item\":\"https:\\\/\\\/darkamazi.info\\\/\"},{\"@type\":\"ListItem\",\"position\":2,\"name\":\"Mustafa Oz\u00e7el\u00eek: Em 79em\u00een salvegera damezrandina PDKy\u00ea p\u00eeroz dikin\"}]},{\"@type\":\"WebSite\",\"@id\":\"https:\\\/\\\/darkamazi.info\\\/#website\",\"url\":\"https:\\\/\\\/darkamazi.info\\\/\",\"name\":\"Darka Maz\u00ee\",\"description\":\"P\u00eageha Zanyariy\u00ean Nebih\u00eest\u00ee\",\"publisher\":{\"@id\":\"https:\\\/\\\/darkamazi.info\\\/#organization\"},\"potentialAction\":[{\"@type\":\"SearchAction\",\"target\":{\"@type\":\"EntryPoint\",\"urlTemplate\":\"https:\\\/\\\/darkamazi.info\\\/?s={search_term_string}\"},\"query-input\":{\"@type\":\"PropertyValueSpecification\",\"valueRequired\":true,\"valueName\":\"search_term_string\"}}],\"inLanguage\":\"en-US\"},{\"@type\":\"Organization\",\"@id\":\"https:\\\/\\\/darkamazi.info\\\/#organization\",\"name\":\"Darka Maz\u00ee\",\"url\":\"https:\\\/\\\/darkamazi.info\\\/\",\"logo\":{\"@type\":\"ImageObject\",\"inLanguage\":\"en-US\",\"@id\":\"https:\\\/\\\/darkamazi.info\\\/#\\\/schema\\\/logo\\\/image\\\/\",\"url\":\"https:\\\/\\\/darkamazi.info\\\/darka-content\\\/uploads\\\/2017\\\/12\\\/darka-mazi-logo.png\",\"contentUrl\":\"https:\\\/\\\/darkamazi.info\\\/darka-content\\\/uploads\\\/2017\\\/12\\\/darka-mazi-logo.png\",\"width\":151,\"height\":75,\"caption\":\"Darka Maz\u00ee\"},\"image\":{\"@id\":\"https:\\\/\\\/darkamazi.info\\\/#\\\/schema\\\/logo\\\/image\\\/\"},\"sameAs\":[\"https:\\\/\\\/www.facebook.com\\\/DarMaziKurmanci\",\"https:\\\/\\\/x.com\\\/DarkaMaziLatini\",\"https:\\\/\\\/www.instagram.com\\\/darkamazi.kurmanci\\\/\",\"https:\\\/\\\/www.youtube.com\\\/channel\\\/UCa5HkTdmI8U1qCUFuTw8B2g\"]},{\"@type\":\"Person\",\"@id\":\"https:\\\/\\\/darkamazi.info\\\/#\\\/schema\\\/person\\\/5ad3e24553a0567993fa8ed4bd0a776c\",\"name\":\"darka mazi\",\"sameAs\":[\"https:\\\/\\\/darkamazi.info\\\/\"],\"url\":\"https:\\\/\\\/darkamazi.info\\\/archives\\\/author\\\/kurdi\"}]}<\/script>\n<!-- \/ Yoast SEO plugin. -->","seo_head_json":{"title":"Mustafa Oz\u00e7el\u00eek: Em 79em\u00een salvegera damezrandina PDKy\u00ea p\u00eeroz dikin - Darka Maz\u00ee","robots":{"index":"index","follow":"follow","max-snippet":"max-snippet:-1","max-image-preview":"max-image-preview:large","max-video-preview":"max-video-preview:-1"},"canonical":"https:\/\/darkamazi.info\/archives\/1049465","og_locale":"en_US","og_type":"article","og_title":"Mustafa Oz\u00e7el\u00eek: Em 79em\u00een salvegera damezrandina PDKy\u00ea p\u00eeroz dikin - Darka Maz\u00ee","og_description":"Serok\u00ea Gi\u015ft\u00ee y\u00ea Partiya Welatpar\u00eaz\u00ean Kurdistan\u00ea (PWK) Mustafa Oz\u00e7el\u00eek bi boneya 79em\u00een salvegera damezrandina Partiya Demokrat a Kurdistan\u00ea (PDK) peyameke p\u00eerozbahiy\u00ea belav kir. Oz\u00e7el\u00eek di peyama xwe de PDK weke &#8220;h\u00eemeke esas\u00ee&#8221; di avakirina hi\u015fmendiya netewey\u00ee de p\u00eanase kir \u00fb tekez\u00ee li ser rola w\u00ea ya d\u00eerok\u00ee ya di t\u00eako\u015f\u00eena azadiya Kurdistan\u00ea de kir. Peyama [&hellip;]","og_url":"https:\/\/darkamazi.info\/archives\/1049465","og_site_name":"Darka Maz\u00ee","article_publisher":"https:\/\/www.facebook.com\/DarMaziKurmanci","article_published_time":"2025-08-16T09:23:31+00:00","og_image":[{"width":900,"height":497,"url":"https:\/\/darkamazi.info\/file\/2025\/08\/mustafa-uzcelik-pdk-pwk.jpg","type":"image\/jpeg"}],"author":"darka mazi","twitter_card":"summary_large_image","twitter_creator":"@DarkaMaziLatini","twitter_site":"@DarkaMaziLatini","twitter_misc":{"Written by":"darka mazi","Est. reading time":"2 minutes"},"schema":{"@context":"https:\/\/schema.org","@graph":[{"@type":"Article","@id":"https:\/\/darkamazi.info\/archives\/1049465#article","isPartOf":{"@id":"https:\/\/darkamazi.info\/archives\/1049465"},"author":{"name":"darka mazi","@id":"https:\/\/darkamazi.info\/#\/schema\/person\/5ad3e24553a0567993fa8ed4bd0a776c"},"headline":"Mustafa Oz\u00e7el\u00eek: Em 79em\u00een salvegera damezrandina PDKy\u00ea p\u00eeroz dikin","datePublished":"2025-08-16T09:23:31+00:00","mainEntityOfPage":{"@id":"https:\/\/darkamazi.info\/archives\/1049465"},"wordCount":489,"publisher":{"@id":"https:\/\/darkamazi.info\/#organization"},"image":{"@id":"https:\/\/darkamazi.info\/archives\/1049465#primaryimage"},"thumbnailUrl":"https:\/\/darkamazi.info\/file\/2025\/08\/mustafa-uzcelik-pdk-pwk.jpg","keywords":["sereke"],"articleSection":["Kurdistan"],"inLanguage":"en-US"},{"@type":"WebPage","@id":"https:\/\/darkamazi.info\/archives\/1049465","url":"https:\/\/darkamazi.info\/archives\/1049465","name":"Mustafa Oz\u00e7el\u00eek: Em 79em\u00een salvegera damezrandina PDKy\u00ea p\u00eeroz dikin - Darka Maz\u00ee","isPartOf":{"@id":"https:\/\/darkamazi.info\/#website"},"primaryImageOfPage":{"@id":"https:\/\/darkamazi.info\/archives\/1049465#primaryimage"},"image":{"@id":"https:\/\/darkamazi.info\/archives\/1049465#primaryimage"},"thumbnailUrl":"https:\/\/darkamazi.info\/file\/2025\/08\/mustafa-uzcelik-pdk-pwk.jpg","datePublished":"2025-08-16T09:23:31+00:00","breadcrumb":{"@id":"https:\/\/darkamazi.info\/archives\/1049465#breadcrumb"},"inLanguage":"en-US","potentialAction":[{"@type":"ReadAction","target":["https:\/\/darkamazi.info\/archives\/1049465"]}]},{"@type":"ImageObject","inLanguage":"en-US","@id":"https:\/\/darkamazi.info\/archives\/1049465#primaryimage","url":"https:\/\/darkamazi.info\/file\/2025\/08\/mustafa-uzcelik-pdk-pwk.jpg","contentUrl":"https:\/\/darkamazi.info\/file\/2025\/08\/mustafa-uzcelik-pdk-pwk.jpg","width":900,"height":497,"caption":"Mustafa Oz\u00e7el\u00eek: Em 79em\u00een salvegera damezrandina PDKy\u00ea p\u00eeroz dikin"},{"@type":"BreadcrumbList","@id":"https:\/\/darkamazi.info\/archives\/1049465#breadcrumb","itemListElement":[{"@type":"ListItem","position":1,"name":"Home","item":"https:\/\/darkamazi.info\/"},{"@type":"ListItem","position":2,"name":"Mustafa Oz\u00e7el\u00eek: Em 79em\u00een salvegera damezrandina PDKy\u00ea p\u00eeroz dikin"}]},{"@type":"WebSite","@id":"https:\/\/darkamazi.info\/#website","url":"https:\/\/darkamazi.info\/","name":"Darka Maz\u00ee","description":"P\u00eageha Zanyariy\u00ean Nebih\u00eest\u00ee","publisher":{"@id":"https:\/\/darkamazi.info\/#organization"},"potentialAction":[{"@type":"SearchAction","target":{"@type":"EntryPoint","urlTemplate":"https:\/\/darkamazi.info\/?s={search_term_string}"},"query-input":{"@type":"PropertyValueSpecification","valueRequired":true,"valueName":"search_term_string"}}],"inLanguage":"en-US"},{"@type":"Organization","@id":"https:\/\/darkamazi.info\/#organization","name":"Darka Maz\u00ee","url":"https:\/\/darkamazi.info\/","logo":{"@type":"ImageObject","inLanguage":"en-US","@id":"https:\/\/darkamazi.info\/#\/schema\/logo\/image\/","url":"https:\/\/darkamazi.info\/file\/2017\/12\/darka-mazi-logo.png","contentUrl":"https:\/\/darkamazi.info\/file\/2017\/12\/darka-mazi-logo.png","width":151,"height":75,"caption":"Darka Maz\u00ee"},"image":{"@id":"https:\/\/darkamazi.info\/#\/schema\/logo\/image\/"},"sameAs":["https:\/\/www.facebook.com\/DarMaziKurmanci","https:\/\/x.com\/DarkaMaziLatini","https:\/\/www.instagram.com\/darkamazi.kurmanci\/","https:\/\/www.youtube.com\/channel\/UCa5HkTdmI8U1qCUFuTw8B2g"]},{"@type":"Person","@id":"https:\/\/darkamazi.info\/#\/schema\/person\/5ad3e24553a0567993fa8ed4bd0a776c","name":"darka mazi","sameAs":["https:\/\/darkamazi.info\/"],"url":"https:\/\/darkamazi.info\/archives\/author\/kurdi"}]}},"_links":{"self":[{"href":"https:\/\/darkamazi.info\/funavuv\/wp\/v2\/posts\/1049465","targetHints":{"allow":["GET"]}}],"collection":[{"href":"https:\/\/darkamazi.info\/funavuv\/wp\/v2\/posts"}],"about":[{"href":"https:\/\/darkamazi.info\/funavuv\/wp\/v2\/types\/post"}],"author":[{"embeddable":true,"href":"https:\/\/darkamazi.info\/funavuv\/wp\/v2\/users\/2"}],"replies":[{"embeddable":true,"href":"https:\/\/darkamazi.info\/funavuv\/wp\/v2\/comments?post=1049465"}],"version-history":[{"count":0,"href":"https:\/\/darkamazi.info\/funavuv\/wp\/v2\/posts\/1049465\/revisions"}],"wp:featuredmedia":[{"embeddable":true,"href":"https:\/\/darkamazi.info\/funavuv\/wp\/v2\/media\/1049466"}],"wp:attachment":[{"href":"https:\/\/darkamazi.info\/funavuv\/wp\/v2\/media?parent=1049465"}],"wp:term":[{"taxonomy":"category","embeddable":true,"href":"https:\/\/darkamazi.info\/funavuv\/wp\/v2\/categories?post=1049465"},{"taxonomy":"post_tag","embeddable":true,"href":"https:\/\/darkamazi.info\/funavuv\/wp\/v2\/tags?post=1049465"}],"curies":[{"name":"wp","href":"https:\/\/api.w.org\/{rel}","templated":true}]}}