{"id":1049479,"date":"2025-08-17T18:13:13","date_gmt":"2025-08-17T15:13:13","guid":{"rendered":"https:\/\/darkamazi.info\/?p=1049479"},"modified":"2025-08-17T18:13:13","modified_gmt":"2025-08-17T15:13:13","slug":"murad-qarayilan-ki-ye","status":"publish","type":"post","link":"https:\/\/darkamazi.info\/archives\/1049479","title":{"rendered":"Murad Qarayilan k\u00ee ye?"},"content":{"rendered":"<div class=\"wpb-content-wrapper\"><p>[darkamazi_row][darkamazi_column][darkamazi_video link=&#8221;https:\/\/www.youtube.com\/watch?v=JxBBR6DdAXo&#8221; align=&#8221;center&#8221; css=&#8221;&#8221;][darkamazi_column_text]<\/p>\n<h3 style=\"text-align: justify;\"><span style=\"font-family: 'arial black', sans-serif;\">Pi\u015ft\u00ee \u00e7ar endam\u00ean koma PKK \u00ea ya Enqer\u00ea (Cem\u00eel Bayik, Mustafa Qaras\u00fb, El\u00ee Heydar Qaytan \u00fb Duran Kalkan), ew kesayetiya her\u00ee bi bandor di nav PKK \u00ea de ye.<\/span><\/h3>\n<h3 style=\"text-align: justify;\"><span style=\"font-family: arial, helvetica, sans-serif;\">Qarayilan di 5 \u00ea Hez\u00eerana 1955an de li nav\u00e7eya Bilecik a Rihay\u00ea ji dayik b\u00fb. Ew ji peymangeha Endezyariya Mekan\u00eek\u00ea ya Rihay\u00ea mez\u00fbn b\u00fbye. Ber\u00ee ku tevl\u00ee PKK \u00ea bibe, di navbera Koban\u00ee \u00fb Pirs\u00fbs\u00ea de bi qa\u00e7ax\u00e7\u00eetiy\u00ea mij\u00fbl b\u00fb. Ji ber v\u00ee kar\u00ea qa\u00e7ac\u00eet\u00eey\u00ea, di babet\u00ea erdn\u00eegar\u00ee \u00fb ewlehiy\u00ea de j\u00eahat\u00ee b\u00fb. Di sala 1979an de tevl\u00ee PKK \u00ea b\u00fb \u00fb di sala 1980an de derbas\u00ee saha L\u00fbbnan\u00ea b\u00fb. Ji ber ku w\u00ee qa\u00e7ax\u00e7\u00eetiya li ser s\u00eenor kirib\u00fb, ew li Kobaniy\u00ea ma \u00fb di bin r\u00eaveberiya Evdila Ocalan de li ser s\u00eenor xebat me\u015fand.<\/span><\/h3>\n<h3 style=\"text-align: justify;\"><span style=\"font-family: 'arial black', sans-serif; color: #808080;\">Qarayilan hem z\u00eerek b\u00fb \u00fb hem j\u00ee hevbajar\u00eey\u00ea Ocalan b\u00fb. Ev yek b\u00fb sedem ku ew derkeve p\u00ea\u015f \u00fb baweriya Ocalan bi dest bixe. W\u00ee li S\u00fbriye \u00fb Ewropay\u00ea erk\u00ean gir\u00eenk me\u015fandin.<\/span><\/h3>\n<h3 style=\"text-align: justify;\"><span style=\"font-family: arial, helvetica, sans-serif;\">L\u00ea ti\u015ft\u00ea ku qarayilan kir Qarayilan, erkdarkirina w\u00ee ji aliy\u00ea Ocalan ve wek\u00ee serok\u00ea ARGK di bihara 1992an de \u00fb may\u00eena w\u00ee li her\u00eama Heftan\u00een\u00ea b\u00fb. Di \u015fer\u00ea PKK \u00ea y\u00ea li dij\u00ee PDK \u00ea di sala 1992an de ji eniy\u00ean din b\u00eatir bi bandor b\u00fb. Ji w\u00ea dem\u00ea ve, ew 33 salan di kar\u00fbbar\u00ean le\u015fker\u00ee de kes\u00ea yekem y\u00ea PKK \u00ea ye.<\/span><\/h3>\n<h3 style=\"text-align: justify;\"><span style=\"font-family: 'arial black', sans-serif; font-size: 18pt; color: #8c0707;\">Koma Enqer\u00ea B\u00fb Dijmin\u00ea Qarayilan<\/span><\/h3>\n<h3 style=\"text-align: justify;\"><span style=\"font-family: arial, helvetica, sans-serif;\">\u00c7ar \u00eandam\u00ean gr\u00fbpa Enqer\u00ea ji \u015f\u00eeyan\u00ean me\u015fandina \u015fer d\u00fbr b\u00fbn \u00fb qed tevl\u00ee \u015fer nebib\u00fbn. Ji ber ku Qarayilan xwe gehandib\u00fb asta wan, ew ji w\u00ee aciz b\u00fbn.<\/span><\/h3>\n<h3 style=\"text-align: justify;\"><span style=\"font-family: arial, helvetica, sans-serif;\">Dijminatiya wan di sala 2004a n de z\u00eade b\u00fb. Ocalan l\u00eapirs\u00eenek li ser Gr\u00fbpa Enqer\u00ea da destp\u00eakirin \u00fb Murad Qarayilan wek\u00ee serok\u00ea KCK \u00ea erkdar kir. Endam\u00ean PKK \u00ea b\u00fbn du be\u015f al\u00eegir\u00ean Cemal \u00fb y\u00ean Cem\u00eel. Kesayet\u00ean wek\u00ee Bes\u00ea Hozat, Riza Alt\u00fbn \u00fb Sabr\u00ee Ok di v\u00ea pev\u00e7\u00fbn\u00ea de li k\u00ealeka Cem\u00eel Bayik b\u00fbn.<\/span><\/h3>\n<h3 style=\"text-align: justify;\"><span style=\"font-family: arial, helvetica, sans-serif;\">Tev\u00ee berxwedana berbi\u00e7av a Qarayilan di v\u00ea pev\u00e7\u00fbna navxwey\u00ee de, ew di dawiy\u00ea de t\u00eak \u00e7\u00fb. Di sala 2013an de, Ocalan Qarayilan ji kar d\u00fbr xist \u00fb Cem\u00eel Bayik li \u015f\u00fbna w\u00ee dan\u00ee.<\/span><\/h3>\n<h3 style=\"text-align: justify;\"><span style=\"font-family: arial, helvetica, sans-serif;\">Qarayilan careke din ji bo erk\u00ean le\u015fker\u00ee hate \u015fandin \u00fb ji siyaset\u00ea hate d\u00fbrxistin. Bi v\u00ea p\u00eangav\u00ea Cem\u00eel Bayik, pi\u015ft\u00ee Ocalan b\u00fb mirov\u00ea duyem di nava PKK \u00ea de.<\/span><\/h3>\n<h3 style=\"text-align: justify;\"><span style=\"font-family: 'arial black', sans-serif; font-size: 18pt; color: #8c0707;\">Fermandar\u00ea T\u00eak\u00e7\u00fby\u00ee y\u00ea \u00c7iya: Murad Qarayilan<\/span><\/h3>\n<h3 style=\"text-align: justify;\"><span style=\"font-family: arial, helvetica, sans-serif;\">Ji h\u00eala le\u015fker\u00ee ve, Qarayilan fermandarek\u00ee t\u00eak\u00e7\u00fby\u00ee ye. Di 33 sal\u00ean fermandar\u00eeya xwe de, PKK di p\u00eakan\u00eena tu stratejiyeke le\u015fker\u00ee de bi ser neket.<\/span><\/h3>\n<h3 style=\"text-align: justify;\"><span style=\"font-family: arial, helvetica, sans-serif;\">Qarayilan ji sala 1992 heta 1998an berpirs\u00ea Botan\u00ea b\u00fb. Di bin fermandariya w\u00ee de, z\u00eadetir\u00ee hezar gund\u00ean Botan\u00ea hatin valakirin \u00fb bi sed hezaran kesan j\u00ee cih \u00fb war\u00ean xwe \u00e7ol kirin. Botan vala b\u00fb. Ger\u00eela di \u00ear\u00ee\u015f\u00ean li ser qereqol\u00ean dijmin de windahiy\u00ean giran xwarin. Qarayilan di sala 1998an de wek\u00ee fermandarek\u00ee t\u00eak\u00e7\u00fby\u00ee ne\u00e7ar ma ku Botan\u00ea biterik\u00eene.<\/span><\/h3>\n<h3 style=\"text-align: justify;\"><span style=\"font-family: arial, helvetica, sans-serif;\">Di sala 2004an de, dema ku Ocalan dixwest \u015fer ji n\u00fb ve bide destp\u00eakirin, Qarayilan bi israr biryara Ocalan parast. W\u00ee di Kongreya 2yem\u00een a li Gel de biryara \u015fer a 1 \u00ea Hez\u00eeran\u00ea misoger kir. Her \u00e7end ew serok\u00ea KCK b\u00fb j\u00ee, w\u00ee d\u00eesa j\u00ee HPG roj bi roj kontrol dikir.<\/span><\/h3>\n<h3 style=\"text-align: justify;\"><span style=\"font-family: arial, helvetica, sans-serif;\">Bi zan\u00eena ku ew \u00ea bibin qurban\u00ea takt\u00eeka H\u00eaz\u00ean \u00c7ekdar \u00ean Tirkiy\u00ea, w\u00ee bi hezaran ger\u00eela \u015fandin \u00e7iyay\u00ean Bakur \u00fb hem\u00fbyan jiyana xwe ji dest dan. Ger\u00eelay\u00ean wek\u00ee Adil Biliki, Ape H\u00fbs, Atakan Mahir \u00fb bi hezar\u00ean din ten\u00ea ku bib\u00eajin \u015fer berdewam e av\u00eatin nav agir\u00ea dijmin\u00ee de.<\/span><\/h3>\n<h3 style=\"text-align: justify;\"><span style=\"font-family: arial, helvetica, sans-serif;\">Di sala 2015an de, dema ku \u015eer\u00ea Xendekan Bakur\u00ea Kurdistan\u00ea w\u00earan dikir \u00fb gel xist nav belengaziyeke mezin da, d\u00eesa Murad Qarayilan fermandar\u00ea HPG b\u00fb. Ew fikra w\u00ee b\u00fb ku r\u00eaxistinek bi nav\u00ea YPS ava bike, ku \u015fer\u00ea xendekan bime\u015f\u00eene. Xendekan bakur\u00ea Kurdistan\u00ea w\u00earan kir.<\/span><\/h3>\n<h3 style=\"text-align: justify;\"><span style=\"font-family: arial, helvetica, sans-serif;\">Ew gelek caran li ser TV y\u00ea, propagande dikir \u00fb digot, &#8220;Me takt\u00eek\u00ean n\u00fb p\u00ea\u015f xistin, me tunel\u00ean \u015fer ava kirin,&#8221; l\u00ea di dawiy\u00ea de, Ocalan di nameyek bi d\u00eeroka 27 \u00ea Sibat\u00ea de t\u00eak\u00e7\u00fbna PKK \u00ea di war\u00ea le\u015fker\u00ee qeb\u00fbl kir. Qarayilan fermandar\u00ea t\u00eak\u00e7\u00fby\u00ee y\u00ea hem &#8220;stratejiya \u015fer\u00ea gel y\u00ea demdir\u00eaj \u00fb hem j\u00ee stratejiya parastina rewa&#8221; ya PKK \u00ea ye.<\/span><\/h3>\n<h3 style=\"text-align: justify;\"><span style=\"font-family: 'arial black', sans-serif; font-size: 18pt; color: #8c0707;\">Qarayilan berpirsiyar\u00ea hem\u00fb wendah\u00eeya ne<\/span><\/h3>\n<h3 style=\"text-align: justify;\"><span style=\"font-family: arial, helvetica, sans-serif;\">Her \u00e7end w\u00ee hezkirinek mezin bi dest xist ji ber ku ew yekane kesayetiya di nav koma Enqer\u00ea de b\u00fb, ku bi Kurd\u00ee diaxiv\u00ee \u00fb gel nas dikir. L\u00ea bel\u00ea ew n\u00ea\u00e7\u00eervan\u00ea xebatkar\u00ean PKK \u00ea b\u00fb. W\u00ee b\u00ea dudil\u00ee mirov di \u00e7alakiy\u00ean ku w\u00ee organ\u00eeze kirib\u00fbn de dan ku\u015ftin da ku h\u00eaza xwe n\u00ee\u015fan bide. Bi hezaran ger\u00eela bi ferman\u00ean w\u00ee jiyana xwe ji dest dan.<\/span><\/h3>\n<h3 style=\"text-align: justify;\"><span style=\"font-family: arial, helvetica, sans-serif;\">Heman dem de ew kujer\u00ea \u00eenfaz\u00ean nav PKK \u00ea de b\u00fb. Kesayet\u00ean m\u00eena Mehmet \u015eener \u00fb Nasir (Faruk Bozkurt) bi ferman \u00fb organ\u00eeza w\u00ee hatin ku\u015ftin.<\/span><\/h3>\n<h3 style=\"text-align: justify;\"><span style=\"font-family: 'arial black', sans-serif; font-size: 18pt; color: #8c0707;\">Qarayilan dostaniya Barzaniyan \u00eestismar kir<\/span><\/h3>\n<h3 style=\"text-align: justify;\"><span style=\"font-family: arial, helvetica, sans-serif;\">Di sal\u00ean 2000an de, Qarayilan d\u00eet ku Bayik ji h\u00eala \u00ceran\u00ea ve t\u00ea pi\u015ftgir\u00ee kirin. Ji bo ku li dij\u00ee Bayik bandor\u00ea bi dest bixe, w\u00ee xwe n\u00eaz\u00eek\u00ee tevgera Barzaniyan kir. W\u00ee hewl da ku xwe bi gel\u00ea Ba\u015f\u00fbr re weke mirovek\u00ee Kurdperwer destn\u00ee\u015fan bike. L\u00ea w\u00ee bi awayek\u00ee ve\u015fart\u00ee li dij\u00ee Ba\u015f\u00fbr\u00ea Kurdistan\u00ea j\u00ee plan \u00e7\u00eakir \u00fb dostaniya tevgera Barzaniyan \u00eestismar kir. \u00db pi\u015ft\u00ee 2015an, w\u00ee ber\u00ea \u00e7ek\u00ea ger\u00eela ber bi P\u00ea\u015fmergeyan ve zivirand. W\u00ee dijber\u00eeya xwe gihan astek\u00ee wisa \u00fb got &#8220;Ez \u00ea bi endam\u00ean APOc\u00ee y\u00ean li her der\u00ea c\u00eehan\u00ea \u00ear\u00ee\u015f\u00ee Barzaniyan bikim.&#8221; Qarayilan bi xwe ferman da ger\u00eelayan ku 12 P\u00ea\u015fmerge, di nav wan de Xaz\u00ee Salih El\u00eexan \u00fb Muhammed M\u00eeraza Sind\u00ee j\u00ee heb\u00fbn, \u015feh\u00eed bikin.<\/span><\/h3>\n<h3 style=\"text-align: justify;\"><span style=\"font-family: arial, helvetica, sans-serif;\">Be\u015fdarb\u00fbna \u00e7alak a Qarayilan di v\u00ea dijminatiya li dij\u00ee PDK \u00ea de ew li hember Cem\u00eel Bayik j\u00ee lewaz kir.<\/span><\/h3>\n<h3 style=\"text-align: justify;\"><span style=\"font-family: arial, helvetica, sans-serif;\">Qarayilan di nav PKK \u00ea de h\u00ea j\u00ee kesayetiyek gir\u00eeng e. Ji niha \u00fb p\u00ea ve, \u00e7aren\u00fbsa w\u00ee d\u00ea careke din ji h\u00eala Ocalan ve were destn\u00ee\u015fankirin.<\/span><\/h3>\n<p>[\/darkamazi_column_text][\/darkamazi_column][\/darkamazi_row]<\/p>\n<\/div>","protected":false},"excerpt":{"rendered":"<p>[darkamazi_row][darkamazi_column][darkamazi_video link=&#8221;https:\/\/www.youtube.com\/watch?v=JxBBR6DdAXo&#8221; align=&#8221;center&#8221; css=&#8221;&#8221;][darkamazi_column_text] Pi\u015ft\u00ee \u00e7ar endam\u00ean koma PKK \u00ea ya Enqer\u00ea (Cem\u00eel Bayik, Mustafa Qaras\u00fb, El\u00ee Heydar Qaytan \u00fb Duran Kalkan), ew kesayetiya her\u00ee bi bandor di nav PKK \u00ea de ye. Qarayilan di 5 \u00ea Hez\u00eerana 1955an de li nav\u00e7eya Bilecik a Rihay\u00ea ji dayik b\u00fb. Ew ji peymangeha Endezyariya Mekan\u00eek\u00ea ya Rihay\u00ea [&hellip;]<\/p>\n","protected":false},"author":2,"featured_media":1049488,"comment_status":"closed","ping_status":"closed","sticky":false,"template":"epic_custom_post_template-1006382","format":"video","meta":{"footnotes":""},"categories":[68,65],"tags":[51,37],"class_list":["post-1049479","post","type-post","status-publish","format-video","has-post-thumbnail","hentry","category-analiz","category-vidiyo","tag-karayilan","tag-sereke","post_format-post-format-video"],"blocksy_meta":[],"seo_head":"<!-- This site is optimized with the Yoast SEO plugin v27.5 - https:\/\/yoast.com\/product\/yoast-seo-wordpress\/ -->\n<title>Murad Qarayilan k\u00ee ye? - Darka Maz\u00ee<\/title>\n<meta name=\"robots\" content=\"index, follow, max-snippet:-1, max-image-preview:large, max-video-preview:-1\" \/>\n<link rel=\"canonical\" href=\"https:\/\/darkamazi.info\/archives\/1049479\" \/>\n<meta property=\"og:locale\" content=\"en_US\" \/>\n<meta property=\"og:type\" content=\"article\" \/>\n<meta property=\"og:title\" content=\"Murad Qarayilan k\u00ee ye? - Darka Maz\u00ee\" \/>\n<meta property=\"og:description\" content=\"[darkamazi_row][darkamazi_column][darkamazi_video link=&#8221;https:\/\/www.youtube.com\/watch?v=JxBBR6DdAXo&#8221; align=&#8221;center&#8221; css=&#8221;&#8221;][darkamazi_column_text] Pi\u015ft\u00ee \u00e7ar endam\u00ean koma PKK \u00ea ya Enqer\u00ea (Cem\u00eel Bayik, Mustafa Qaras\u00fb, El\u00ee Heydar Qaytan \u00fb Duran Kalkan), ew kesayetiya her\u00ee bi bandor di nav PKK \u00ea de ye. Qarayilan di 5 \u00ea Hez\u00eerana 1955an de li nav\u00e7eya Bilecik a Rihay\u00ea ji dayik b\u00fb. Ew ji peymangeha Endezyariya Mekan\u00eek\u00ea ya Rihay\u00ea [&hellip;]\" \/>\n<meta property=\"og:url\" content=\"https:\/\/darkamazi.info\/archives\/1049479\" \/>\n<meta property=\"og:site_name\" content=\"Darka Maz\u00ee\" \/>\n<meta property=\"article:publisher\" content=\"https:\/\/www.facebook.com\/DarMaziKurmanci\" \/>\n<meta property=\"article:published_time\" content=\"2025-08-17T15:13:13+00:00\" \/>\n<meta property=\"og:image\" content=\"https:\/\/darkamazi.info\/file\/2025\/08\/KARAYLAN.jpg\" \/>\n\t<meta property=\"og:image:width\" content=\"900\" \/>\n\t<meta property=\"og:image:height\" content=\"497\" \/>\n\t<meta property=\"og:image:type\" content=\"image\/jpeg\" \/>\n<meta name=\"author\" content=\"darka mazi\" \/>\n<meta name=\"twitter:card\" content=\"summary_large_image\" \/>\n<meta name=\"twitter:creator\" content=\"@DarkaMaziLatini\" \/>\n<meta name=\"twitter:site\" content=\"@DarkaMaziLatini\" \/>\n<meta name=\"twitter:label1\" content=\"Written by\" \/>\n\t<meta name=\"twitter:data1\" content=\"darka mazi\" \/>\n\t<meta name=\"twitter:label2\" content=\"Est. reading time\" \/>\n\t<meta name=\"twitter:data2\" content=\"5 minutes\" \/>\n<script type=\"application\/ld+json\" class=\"seo-schema-graph\">{\"@context\":\"https:\\\/\\\/schema.org\",\"@graph\":[{\"@type\":\"Article\",\"@id\":\"https:\\\/\\\/darkamazi.info\\\/archives\\\/1049479#article\",\"isPartOf\":{\"@id\":\"https:\\\/\\\/darkamazi.info\\\/archives\\\/1049479\"},\"author\":{\"name\":\"darka mazi\",\"@id\":\"https:\\\/\\\/darkamazi.info\\\/#\\\/schema\\\/person\\\/5ad3e24553a0567993fa8ed4bd0a776c\"},\"headline\":\"Murad Qarayilan k\u00ee ye?\",\"datePublished\":\"2025-08-17T15:13:13+00:00\",\"mainEntityOfPage\":{\"@id\":\"https:\\\/\\\/darkamazi.info\\\/archives\\\/1049479\"},\"wordCount\":1084,\"publisher\":{\"@id\":\"https:\\\/\\\/darkamazi.info\\\/#organization\"},\"image\":{\"@id\":\"https:\\\/\\\/darkamazi.info\\\/archives\\\/1049479#primaryimage\"},\"thumbnailUrl\":\"https:\\\/\\\/darkamazi.info\\\/darka-content\\\/uploads\\\/2025\\\/08\\\/KARAYLAN.jpg\",\"keywords\":[\"Karayilan\",\"sereke\"],\"articleSection\":[\"Anal\u00eez\",\"V\u00eed\u00eeyo\"],\"inLanguage\":\"en-US\"},{\"@type\":\"WebPage\",\"@id\":\"https:\\\/\\\/darkamazi.info\\\/archives\\\/1049479\",\"url\":\"https:\\\/\\\/darkamazi.info\\\/archives\\\/1049479\",\"name\":\"Murad Qarayilan k\u00ee ye? - Darka Maz\u00ee\",\"isPartOf\":{\"@id\":\"https:\\\/\\\/darkamazi.info\\\/#website\"},\"primaryImageOfPage\":{\"@id\":\"https:\\\/\\\/darkamazi.info\\\/archives\\\/1049479#primaryimage\"},\"image\":{\"@id\":\"https:\\\/\\\/darkamazi.info\\\/archives\\\/1049479#primaryimage\"},\"thumbnailUrl\":\"https:\\\/\\\/darkamazi.info\\\/darka-content\\\/uploads\\\/2025\\\/08\\\/KARAYLAN.jpg\",\"datePublished\":\"2025-08-17T15:13:13+00:00\",\"breadcrumb\":{\"@id\":\"https:\\\/\\\/darkamazi.info\\\/archives\\\/1049479#breadcrumb\"},\"inLanguage\":\"en-US\",\"potentialAction\":[{\"@type\":\"ReadAction\",\"target\":[\"https:\\\/\\\/darkamazi.info\\\/archives\\\/1049479\"]}]},{\"@type\":\"ImageObject\",\"inLanguage\":\"en-US\",\"@id\":\"https:\\\/\\\/darkamazi.info\\\/archives\\\/1049479#primaryimage\",\"url\":\"https:\\\/\\\/darkamazi.info\\\/darka-content\\\/uploads\\\/2025\\\/08\\\/KARAYLAN.jpg\",\"contentUrl\":\"https:\\\/\\\/darkamazi.info\\\/darka-content\\\/uploads\\\/2025\\\/08\\\/KARAYLAN.jpg\",\"width\":900,\"height\":497},{\"@type\":\"BreadcrumbList\",\"@id\":\"https:\\\/\\\/darkamazi.info\\\/archives\\\/1049479#breadcrumb\",\"itemListElement\":[{\"@type\":\"ListItem\",\"position\":1,\"name\":\"Home\",\"item\":\"https:\\\/\\\/darkamazi.info\\\/\"},{\"@type\":\"ListItem\",\"position\":2,\"name\":\"Murad Qarayilan k\u00ee ye?\"}]},{\"@type\":\"WebSite\",\"@id\":\"https:\\\/\\\/darkamazi.info\\\/#website\",\"url\":\"https:\\\/\\\/darkamazi.info\\\/\",\"name\":\"Darka Maz\u00ee\",\"description\":\"P\u00eageha Zanyariy\u00ean Nebih\u00eest\u00ee\",\"publisher\":{\"@id\":\"https:\\\/\\\/darkamazi.info\\\/#organization\"},\"potentialAction\":[{\"@type\":\"SearchAction\",\"target\":{\"@type\":\"EntryPoint\",\"urlTemplate\":\"https:\\\/\\\/darkamazi.info\\\/?s={search_term_string}\"},\"query-input\":{\"@type\":\"PropertyValueSpecification\",\"valueRequired\":true,\"valueName\":\"search_term_string\"}}],\"inLanguage\":\"en-US\"},{\"@type\":\"Organization\",\"@id\":\"https:\\\/\\\/darkamazi.info\\\/#organization\",\"name\":\"Darka Maz\u00ee\",\"url\":\"https:\\\/\\\/darkamazi.info\\\/\",\"logo\":{\"@type\":\"ImageObject\",\"inLanguage\":\"en-US\",\"@id\":\"https:\\\/\\\/darkamazi.info\\\/#\\\/schema\\\/logo\\\/image\\\/\",\"url\":\"https:\\\/\\\/darkamazi.info\\\/darka-content\\\/uploads\\\/2017\\\/12\\\/darka-mazi-logo.png\",\"contentUrl\":\"https:\\\/\\\/darkamazi.info\\\/darka-content\\\/uploads\\\/2017\\\/12\\\/darka-mazi-logo.png\",\"width\":151,\"height\":75,\"caption\":\"Darka Maz\u00ee\"},\"image\":{\"@id\":\"https:\\\/\\\/darkamazi.info\\\/#\\\/schema\\\/logo\\\/image\\\/\"},\"sameAs\":[\"https:\\\/\\\/www.facebook.com\\\/DarMaziKurmanci\",\"https:\\\/\\\/x.com\\\/DarkaMaziLatini\",\"https:\\\/\\\/www.instagram.com\\\/darkamazi.kurmanci\\\/\",\"https:\\\/\\\/www.youtube.com\\\/channel\\\/UCa5HkTdmI8U1qCUFuTw8B2g\"]},{\"@type\":\"Person\",\"@id\":\"https:\\\/\\\/darkamazi.info\\\/#\\\/schema\\\/person\\\/5ad3e24553a0567993fa8ed4bd0a776c\",\"name\":\"darka mazi\",\"sameAs\":[\"https:\\\/\\\/darkamazi.info\\\/\"],\"url\":\"https:\\\/\\\/darkamazi.info\\\/archives\\\/author\\\/kurdi\"}]}<\/script>\n<!-- \/ Yoast SEO plugin. -->","seo_head_json":{"title":"Murad Qarayilan k\u00ee ye? - Darka Maz\u00ee","robots":{"index":"index","follow":"follow","max-snippet":"max-snippet:-1","max-image-preview":"max-image-preview:large","max-video-preview":"max-video-preview:-1"},"canonical":"https:\/\/darkamazi.info\/archives\/1049479","og_locale":"en_US","og_type":"article","og_title":"Murad Qarayilan k\u00ee ye? - Darka Maz\u00ee","og_description":"[darkamazi_row][darkamazi_column][darkamazi_video link=&#8221;https:\/\/www.youtube.com\/watch?v=JxBBR6DdAXo&#8221; align=&#8221;center&#8221; css=&#8221;&#8221;][darkamazi_column_text] Pi\u015ft\u00ee \u00e7ar endam\u00ean koma PKK \u00ea ya Enqer\u00ea (Cem\u00eel Bayik, Mustafa Qaras\u00fb, El\u00ee Heydar Qaytan \u00fb Duran Kalkan), ew kesayetiya her\u00ee bi bandor di nav PKK \u00ea de ye. Qarayilan di 5 \u00ea Hez\u00eerana 1955an de li nav\u00e7eya Bilecik a Rihay\u00ea ji dayik b\u00fb. Ew ji peymangeha Endezyariya Mekan\u00eek\u00ea ya Rihay\u00ea [&hellip;]","og_url":"https:\/\/darkamazi.info\/archives\/1049479","og_site_name":"Darka Maz\u00ee","article_publisher":"https:\/\/www.facebook.com\/DarMaziKurmanci","article_published_time":"2025-08-17T15:13:13+00:00","og_image":[{"width":900,"height":497,"url":"https:\/\/darkamazi.info\/file\/2025\/08\/KARAYLAN.jpg","type":"image\/jpeg"}],"author":"darka mazi","twitter_card":"summary_large_image","twitter_creator":"@DarkaMaziLatini","twitter_site":"@DarkaMaziLatini","twitter_misc":{"Written by":"darka mazi","Est. reading time":"5 minutes"},"schema":{"@context":"https:\/\/schema.org","@graph":[{"@type":"Article","@id":"https:\/\/darkamazi.info\/archives\/1049479#article","isPartOf":{"@id":"https:\/\/darkamazi.info\/archives\/1049479"},"author":{"name":"darka mazi","@id":"https:\/\/darkamazi.info\/#\/schema\/person\/5ad3e24553a0567993fa8ed4bd0a776c"},"headline":"Murad Qarayilan k\u00ee ye?","datePublished":"2025-08-17T15:13:13+00:00","mainEntityOfPage":{"@id":"https:\/\/darkamazi.info\/archives\/1049479"},"wordCount":1084,"publisher":{"@id":"https:\/\/darkamazi.info\/#organization"},"image":{"@id":"https:\/\/darkamazi.info\/archives\/1049479#primaryimage"},"thumbnailUrl":"https:\/\/darkamazi.info\/file\/2025\/08\/KARAYLAN.jpg","keywords":["Karayilan","sereke"],"articleSection":["Anal\u00eez","V\u00eed\u00eeyo"],"inLanguage":"en-US"},{"@type":"WebPage","@id":"https:\/\/darkamazi.info\/archives\/1049479","url":"https:\/\/darkamazi.info\/archives\/1049479","name":"Murad Qarayilan k\u00ee ye? - Darka Maz\u00ee","isPartOf":{"@id":"https:\/\/darkamazi.info\/#website"},"primaryImageOfPage":{"@id":"https:\/\/darkamazi.info\/archives\/1049479#primaryimage"},"image":{"@id":"https:\/\/darkamazi.info\/archives\/1049479#primaryimage"},"thumbnailUrl":"https:\/\/darkamazi.info\/file\/2025\/08\/KARAYLAN.jpg","datePublished":"2025-08-17T15:13:13+00:00","breadcrumb":{"@id":"https:\/\/darkamazi.info\/archives\/1049479#breadcrumb"},"inLanguage":"en-US","potentialAction":[{"@type":"ReadAction","target":["https:\/\/darkamazi.info\/archives\/1049479"]}]},{"@type":"ImageObject","inLanguage":"en-US","@id":"https:\/\/darkamazi.info\/archives\/1049479#primaryimage","url":"https:\/\/darkamazi.info\/file\/2025\/08\/KARAYLAN.jpg","contentUrl":"https:\/\/darkamazi.info\/file\/2025\/08\/KARAYLAN.jpg","width":900,"height":497},{"@type":"BreadcrumbList","@id":"https:\/\/darkamazi.info\/archives\/1049479#breadcrumb","itemListElement":[{"@type":"ListItem","position":1,"name":"Home","item":"https:\/\/darkamazi.info\/"},{"@type":"ListItem","position":2,"name":"Murad Qarayilan k\u00ee ye?"}]},{"@type":"WebSite","@id":"https:\/\/darkamazi.info\/#website","url":"https:\/\/darkamazi.info\/","name":"Darka Maz\u00ee","description":"P\u00eageha Zanyariy\u00ean Nebih\u00eest\u00ee","publisher":{"@id":"https:\/\/darkamazi.info\/#organization"},"potentialAction":[{"@type":"SearchAction","target":{"@type":"EntryPoint","urlTemplate":"https:\/\/darkamazi.info\/?s={search_term_string}"},"query-input":{"@type":"PropertyValueSpecification","valueRequired":true,"valueName":"search_term_string"}}],"inLanguage":"en-US"},{"@type":"Organization","@id":"https:\/\/darkamazi.info\/#organization","name":"Darka Maz\u00ee","url":"https:\/\/darkamazi.info\/","logo":{"@type":"ImageObject","inLanguage":"en-US","@id":"https:\/\/darkamazi.info\/#\/schema\/logo\/image\/","url":"https:\/\/darkamazi.info\/file\/2017\/12\/darka-mazi-logo.png","contentUrl":"https:\/\/darkamazi.info\/file\/2017\/12\/darka-mazi-logo.png","width":151,"height":75,"caption":"Darka Maz\u00ee"},"image":{"@id":"https:\/\/darkamazi.info\/#\/schema\/logo\/image\/"},"sameAs":["https:\/\/www.facebook.com\/DarMaziKurmanci","https:\/\/x.com\/DarkaMaziLatini","https:\/\/www.instagram.com\/darkamazi.kurmanci\/","https:\/\/www.youtube.com\/channel\/UCa5HkTdmI8U1qCUFuTw8B2g"]},{"@type":"Person","@id":"https:\/\/darkamazi.info\/#\/schema\/person\/5ad3e24553a0567993fa8ed4bd0a776c","name":"darka mazi","sameAs":["https:\/\/darkamazi.info\/"],"url":"https:\/\/darkamazi.info\/archives\/author\/kurdi"}]}},"_links":{"self":[{"href":"https:\/\/darkamazi.info\/funavuv\/wp\/v2\/posts\/1049479","targetHints":{"allow":["GET"]}}],"collection":[{"href":"https:\/\/darkamazi.info\/funavuv\/wp\/v2\/posts"}],"about":[{"href":"https:\/\/darkamazi.info\/funavuv\/wp\/v2\/types\/post"}],"author":[{"embeddable":true,"href":"https:\/\/darkamazi.info\/funavuv\/wp\/v2\/users\/2"}],"replies":[{"embeddable":true,"href":"https:\/\/darkamazi.info\/funavuv\/wp\/v2\/comments?post=1049479"}],"version-history":[{"count":0,"href":"https:\/\/darkamazi.info\/funavuv\/wp\/v2\/posts\/1049479\/revisions"}],"wp:featuredmedia":[{"embeddable":true,"href":"https:\/\/darkamazi.info\/funavuv\/wp\/v2\/media\/1049488"}],"wp:attachment":[{"href":"https:\/\/darkamazi.info\/funavuv\/wp\/v2\/media?parent=1049479"}],"wp:term":[{"taxonomy":"category","embeddable":true,"href":"https:\/\/darkamazi.info\/funavuv\/wp\/v2\/categories?post=1049479"},{"taxonomy":"post_tag","embeddable":true,"href":"https:\/\/darkamazi.info\/funavuv\/wp\/v2\/tags?post=1049479"}],"curies":[{"name":"wp","href":"https:\/\/api.w.org\/{rel}","templated":true}]}}