{"id":1049493,"date":"2025-08-18T14:05:45","date_gmt":"2025-08-18T11:05:45","guid":{"rendered":"https:\/\/darkamazi.info\/?p=1049493"},"modified":"2025-08-18T14:05:45","modified_gmt":"2025-08-18T11:05:45","slug":"babacan-em-ve-pevajoye-geleki-giring-dibinin","status":"publish","type":"post","link":"https:\/\/darkamazi.info\/archives\/1049493","title":{"rendered":"Babacan: Em v\u00ea p\u00eavajoy\u00ea gelek\u00ee gir\u00eeng dib\u00eenin"},"content":{"rendered":"<h3 style=\"text-align: justify\"><span style=\"font-family: 'arial black', sans-serif\">Al\u00ee Babacan serok\u00ea Partiya DEVA, li M\u00eard\u00een\u00ea be\u015fdar\u00ee bernameya \u201cHevd\u00eetina li gel Saziy\u00ean Civaka Siv\u00eel, Karsaz \u00fb R\u00fbspiy\u00ean Civak\u00ea\u201d b\u00fb ku ji partiya w\u00ee r\u00eaxistina \u015faxa Merd\u00een\u00ea ve hatib\u00fb li darxistin.<\/span><\/h3>\n<h3 style=\"text-align: justify\">Babacan di derbar\u00ea \u201cp\u00eavajoya Tirkiya b\u00ea teror\u201d de axiv\u00ee \u00fb got: \u201cEm v\u00ea p\u00eavajoy\u00ea gelek\u00ee gir\u00eeng dib\u00eenin. Em f\u00eam dikin ku amadehiya li pi\u015ft v\u00ea p\u00eavajoy\u00ea, amadehiyeke plankir\u00ee \u00fb bi h\u00fbrgil\u00ee hatiye kirin.<\/h3>\n<h3 style=\"text-align: justify\">Ji ber ku me ev yek f\u00eam kir \u00fb d\u00eet, me ji roja yekem ve got ku em d\u00ea v\u00ea p\u00eavajoy\u00ea bi ge\u015fb\u00eeniyeke bi tedb\u00eer bi\u015fop\u00eenin. Em d\u00ea \u015fa\u015fiy\u00ean ku di p\u00eavajoy\u00ea de bib\u00eenin b\u00eenin ziman. Em d\u00ea p\u00ea\u015fniyar\u00ean xwe j\u00ee b\u00eajin. Heke \u00eehtimala serketina v\u00ea p\u00eavajoy\u00ea ji sed\u00ee 5 be j\u00ee em d\u00ea pi\u015ftgiriy\u00ea bidin w\u00ea egera ji sed\u00ee 5.\u201d<\/h3>\n<h3 style=\"text-align: justify\">Babacan daxuyand ku li Tirkiyey\u00ea bidaw\u00eekirina tundiy\u00ea mijareke pir gir\u00eeng \u00fb d\u00eerok\u00ee ye \u00fb got:<\/h3>\n<h3 style=\"text-align: justify\">\u201cEm partiyeke mixalefet\u00ea ne l\u00ea me ji roja destp\u00eak\u00ea ve ev berpirsiyariya d\u00eerok\u00ee li ser mil\u00ean xwe h\u00ees kir.<\/h3>\n<h3 style=\"text-align: justify\">Me ji roja destp\u00eak\u00ea ve dest bi hevkariy\u00ean xwe y\u00ean ji bo p\u00eavajoy\u00ea kir.\u201d<\/h3>\n<h3 style=\"text-align: justify\">Babacan bal ki\u015fand ser xebat\u00ean Kom\u00eesyona Hevgirtina Netew\u00ee, Birat\u00ee \u00fb Demokrasiy\u00ea \u00fb got: \u201cDiv\u00ea ne ten\u00ea parlamenter, her wiha pispor, akadem\u00eesyen \u00fb n\u00fbner\u00ean saziy\u00ean civaka siv\u00eel j\u00ee tevl\u00ee Kom\u00eesyona Hevgirtina Netew\u00ee, Birat\u00ee \u00fb Demokrasiy\u00ea bibin. Mekan\u00eezmayeke siyas\u00ee ya ku ji ner\u00een\u00ean derve re vekir\u00ee be, dikare encam\u00ean ba\u015ftir bi dest bixe.\u201d<\/h3>\n<h3 style=\"text-align: justify\">Babacan li ser daxwaza ku Kom\u00eesyon guh\u00ea xwe bide ner\u00een\u00ean Abdullah Ocalan j\u00ee got:<\/h3>\n<h3 style=\"text-align: justify\">\u201cGir\u00eeng e Kom\u00eesyon ner\u00een\u00ean Ocalan bi awayek\u00ee li ber \u00e7avan bigire \u00fb binirx\u00eene. Kom\u00eesyon d\u00ea r\u00eabaza v\u00ea yek\u00ea diyar bike \u00fb binirx\u00eene.\u201d<\/h3>\n","protected":false},"excerpt":{"rendered":"<p>Al\u00ee Babacan serok\u00ea Partiya DEVA, li M\u00eard\u00een\u00ea be\u015fdar\u00ee bernameya \u201cHevd\u00eetina li gel Saziy\u00ean Civaka Siv\u00eel, Karsaz \u00fb R\u00fbspiy\u00ean Civak\u00ea\u201d b\u00fb ku ji partiya w\u00ee r\u00eaxistina \u015faxa Merd\u00een\u00ea ve hatib\u00fb li darxistin. Babacan di derbar\u00ea \u201cp\u00eavajoya Tirkiya b\u00ea teror\u201d de axiv\u00ee \u00fb got: \u201cEm v\u00ea p\u00eavajoy\u00ea gelek\u00ee gir\u00eeng dib\u00eenin. Em f\u00eam dikin ku amadehiya li pi\u015ft [&hellip;]<\/p>\n","protected":false},"author":2,"featured_media":1049494,"comment_status":"closed","ping_status":"closed","sticky":false,"template":"","format":"standard","meta":{"footnotes":""},"categories":[31],"tags":[37],"class_list":["post-1049493","post","type-post","status-publish","format-standard","has-post-thumbnail","hentry","category-rojhelata-navin","tag-sereke"],"blocksy_meta":[],"seo_head":"<!-- This site is optimized with the Yoast SEO plugin v27.5 - https:\/\/yoast.com\/product\/yoast-seo-wordpress\/ -->\n<title>Babacan: Em v\u00ea p\u00eavajoy\u00ea gelek\u00ee gir\u00eeng dib\u00eenin - Darka Maz\u00ee<\/title>\n<meta name=\"robots\" content=\"index, follow, max-snippet:-1, max-image-preview:large, max-video-preview:-1\" \/>\n<link rel=\"canonical\" href=\"https:\/\/darkamazi.info\/archives\/1049493\" \/>\n<meta property=\"og:locale\" content=\"en_US\" \/>\n<meta property=\"og:type\" content=\"article\" \/>\n<meta property=\"og:title\" content=\"Babacan: Em v\u00ea p\u00eavajoy\u00ea gelek\u00ee gir\u00eeng dib\u00eenin - Darka Maz\u00ee\" \/>\n<meta property=\"og:description\" content=\"Al\u00ee Babacan serok\u00ea Partiya DEVA, li M\u00eard\u00een\u00ea be\u015fdar\u00ee bernameya \u201cHevd\u00eetina li gel Saziy\u00ean Civaka Siv\u00eel, Karsaz \u00fb R\u00fbspiy\u00ean Civak\u00ea\u201d b\u00fb ku ji partiya w\u00ee r\u00eaxistina \u015faxa Merd\u00een\u00ea ve hatib\u00fb li darxistin. Babacan di derbar\u00ea \u201cp\u00eavajoya Tirkiya b\u00ea teror\u201d de axiv\u00ee \u00fb got: \u201cEm v\u00ea p\u00eavajoy\u00ea gelek\u00ee gir\u00eeng dib\u00eenin. Em f\u00eam dikin ku amadehiya li pi\u015ft [&hellip;]\" \/>\n<meta property=\"og:url\" content=\"https:\/\/darkamazi.info\/archives\/1049493\" \/>\n<meta property=\"og:site_name\" content=\"Darka Maz\u00ee\" \/>\n<meta property=\"article:publisher\" content=\"https:\/\/www.facebook.com\/DarMaziKurmanci\" \/>\n<meta property=\"article:published_time\" content=\"2025-08-18T11:05:45+00:00\" \/>\n<meta property=\"og:image\" content=\"https:\/\/darkamazi.info\/file\/2025\/08\/ali-babacan.jpg\" \/>\n\t<meta property=\"og:image:width\" content=\"900\" \/>\n\t<meta property=\"og:image:height\" content=\"497\" \/>\n\t<meta property=\"og:image:type\" content=\"image\/jpeg\" \/>\n<meta name=\"author\" content=\"darka mazi\" \/>\n<meta name=\"twitter:card\" content=\"summary_large_image\" \/>\n<meta name=\"twitter:creator\" content=\"@DarkaMaziLatini\" \/>\n<meta name=\"twitter:site\" content=\"@DarkaMaziLatini\" \/>\n<meta name=\"twitter:label1\" content=\"Written by\" \/>\n\t<meta name=\"twitter:data1\" content=\"darka mazi\" \/>\n\t<meta name=\"twitter:label2\" content=\"Est. reading time\" \/>\n\t<meta name=\"twitter:data2\" content=\"2 minutes\" \/>\n<script type=\"application\/ld+json\" class=\"seo-schema-graph\">{\"@context\":\"https:\\\/\\\/schema.org\",\"@graph\":[{\"@type\":\"Article\",\"@id\":\"https:\\\/\\\/darkamazi.info\\\/archives\\\/1049493#article\",\"isPartOf\":{\"@id\":\"https:\\\/\\\/darkamazi.info\\\/archives\\\/1049493\"},\"author\":{\"name\":\"darka mazi\",\"@id\":\"https:\\\/\\\/darkamazi.info\\\/#\\\/schema\\\/person\\\/5ad3e24553a0567993fa8ed4bd0a776c\"},\"headline\":\"Babacan: Em v\u00ea p\u00eavajoy\u00ea gelek\u00ee gir\u00eeng dib\u00eenin\",\"datePublished\":\"2025-08-18T11:05:45+00:00\",\"mainEntityOfPage\":{\"@id\":\"https:\\\/\\\/darkamazi.info\\\/archives\\\/1049493\"},\"wordCount\":328,\"publisher\":{\"@id\":\"https:\\\/\\\/darkamazi.info\\\/#organization\"},\"image\":{\"@id\":\"https:\\\/\\\/darkamazi.info\\\/archives\\\/1049493#primaryimage\"},\"thumbnailUrl\":\"https:\\\/\\\/darkamazi.info\\\/darka-content\\\/uploads\\\/2025\\\/08\\\/ali-babacan.jpg\",\"keywords\":[\"sereke\"],\"articleSection\":[\"Rojhelata nav\u00een\"],\"inLanguage\":\"en-US\"},{\"@type\":\"WebPage\",\"@id\":\"https:\\\/\\\/darkamazi.info\\\/archives\\\/1049493\",\"url\":\"https:\\\/\\\/darkamazi.info\\\/archives\\\/1049493\",\"name\":\"Babacan: Em v\u00ea p\u00eavajoy\u00ea gelek\u00ee gir\u00eeng dib\u00eenin - Darka Maz\u00ee\",\"isPartOf\":{\"@id\":\"https:\\\/\\\/darkamazi.info\\\/#website\"},\"primaryImageOfPage\":{\"@id\":\"https:\\\/\\\/darkamazi.info\\\/archives\\\/1049493#primaryimage\"},\"image\":{\"@id\":\"https:\\\/\\\/darkamazi.info\\\/archives\\\/1049493#primaryimage\"},\"thumbnailUrl\":\"https:\\\/\\\/darkamazi.info\\\/darka-content\\\/uploads\\\/2025\\\/08\\\/ali-babacan.jpg\",\"datePublished\":\"2025-08-18T11:05:45+00:00\",\"breadcrumb\":{\"@id\":\"https:\\\/\\\/darkamazi.info\\\/archives\\\/1049493#breadcrumb\"},\"inLanguage\":\"en-US\",\"potentialAction\":[{\"@type\":\"ReadAction\",\"target\":[\"https:\\\/\\\/darkamazi.info\\\/archives\\\/1049493\"]}]},{\"@type\":\"ImageObject\",\"inLanguage\":\"en-US\",\"@id\":\"https:\\\/\\\/darkamazi.info\\\/archives\\\/1049493#primaryimage\",\"url\":\"https:\\\/\\\/darkamazi.info\\\/darka-content\\\/uploads\\\/2025\\\/08\\\/ali-babacan.jpg\",\"contentUrl\":\"https:\\\/\\\/darkamazi.info\\\/darka-content\\\/uploads\\\/2025\\\/08\\\/ali-babacan.jpg\",\"width\":900,\"height\":497,\"caption\":\"Babacan: Em v\u00ea p\u00eavajoy\u00ea gelek\u00ee gir\u00eeng dib\u00eenin\"},{\"@type\":\"BreadcrumbList\",\"@id\":\"https:\\\/\\\/darkamazi.info\\\/archives\\\/1049493#breadcrumb\",\"itemListElement\":[{\"@type\":\"ListItem\",\"position\":1,\"name\":\"Home\",\"item\":\"https:\\\/\\\/darkamazi.info\\\/\"},{\"@type\":\"ListItem\",\"position\":2,\"name\":\"Babacan: Em v\u00ea p\u00eavajoy\u00ea gelek\u00ee gir\u00eeng dib\u00eenin\"}]},{\"@type\":\"WebSite\",\"@id\":\"https:\\\/\\\/darkamazi.info\\\/#website\",\"url\":\"https:\\\/\\\/darkamazi.info\\\/\",\"name\":\"Darka Maz\u00ee\",\"description\":\"P\u00eageha Zanyariy\u00ean Nebih\u00eest\u00ee\",\"publisher\":{\"@id\":\"https:\\\/\\\/darkamazi.info\\\/#organization\"},\"potentialAction\":[{\"@type\":\"SearchAction\",\"target\":{\"@type\":\"EntryPoint\",\"urlTemplate\":\"https:\\\/\\\/darkamazi.info\\\/?s={search_term_string}\"},\"query-input\":{\"@type\":\"PropertyValueSpecification\",\"valueRequired\":true,\"valueName\":\"search_term_string\"}}],\"inLanguage\":\"en-US\"},{\"@type\":\"Organization\",\"@id\":\"https:\\\/\\\/darkamazi.info\\\/#organization\",\"name\":\"Darka Maz\u00ee\",\"url\":\"https:\\\/\\\/darkamazi.info\\\/\",\"logo\":{\"@type\":\"ImageObject\",\"inLanguage\":\"en-US\",\"@id\":\"https:\\\/\\\/darkamazi.info\\\/#\\\/schema\\\/logo\\\/image\\\/\",\"url\":\"https:\\\/\\\/darkamazi.info\\\/darka-content\\\/uploads\\\/2017\\\/12\\\/darka-mazi-logo.png\",\"contentUrl\":\"https:\\\/\\\/darkamazi.info\\\/darka-content\\\/uploads\\\/2017\\\/12\\\/darka-mazi-logo.png\",\"width\":151,\"height\":75,\"caption\":\"Darka Maz\u00ee\"},\"image\":{\"@id\":\"https:\\\/\\\/darkamazi.info\\\/#\\\/schema\\\/logo\\\/image\\\/\"},\"sameAs\":[\"https:\\\/\\\/www.facebook.com\\\/DarMaziKurmanci\",\"https:\\\/\\\/x.com\\\/DarkaMaziLatini\",\"https:\\\/\\\/www.instagram.com\\\/darkamazi.kurmanci\\\/\",\"https:\\\/\\\/www.youtube.com\\\/channel\\\/UCa5HkTdmI8U1qCUFuTw8B2g\"]},{\"@type\":\"Person\",\"@id\":\"https:\\\/\\\/darkamazi.info\\\/#\\\/schema\\\/person\\\/5ad3e24553a0567993fa8ed4bd0a776c\",\"name\":\"darka mazi\",\"sameAs\":[\"https:\\\/\\\/darkamazi.info\\\/\"],\"url\":\"https:\\\/\\\/darkamazi.info\\\/archives\\\/author\\\/kurdi\"}]}<\/script>\n<!-- \/ Yoast SEO plugin. -->","seo_head_json":{"title":"Babacan: Em v\u00ea p\u00eavajoy\u00ea gelek\u00ee gir\u00eeng dib\u00eenin - Darka Maz\u00ee","robots":{"index":"index","follow":"follow","max-snippet":"max-snippet:-1","max-image-preview":"max-image-preview:large","max-video-preview":"max-video-preview:-1"},"canonical":"https:\/\/darkamazi.info\/archives\/1049493","og_locale":"en_US","og_type":"article","og_title":"Babacan: Em v\u00ea p\u00eavajoy\u00ea gelek\u00ee gir\u00eeng dib\u00eenin - Darka Maz\u00ee","og_description":"Al\u00ee Babacan serok\u00ea Partiya DEVA, li M\u00eard\u00een\u00ea be\u015fdar\u00ee bernameya \u201cHevd\u00eetina li gel Saziy\u00ean Civaka Siv\u00eel, Karsaz \u00fb R\u00fbspiy\u00ean Civak\u00ea\u201d b\u00fb ku ji partiya w\u00ee r\u00eaxistina \u015faxa Merd\u00een\u00ea ve hatib\u00fb li darxistin. Babacan di derbar\u00ea \u201cp\u00eavajoya Tirkiya b\u00ea teror\u201d de axiv\u00ee \u00fb got: \u201cEm v\u00ea p\u00eavajoy\u00ea gelek\u00ee gir\u00eeng dib\u00eenin. Em f\u00eam dikin ku amadehiya li pi\u015ft [&hellip;]","og_url":"https:\/\/darkamazi.info\/archives\/1049493","og_site_name":"Darka Maz\u00ee","article_publisher":"https:\/\/www.facebook.com\/DarMaziKurmanci","article_published_time":"2025-08-18T11:05:45+00:00","og_image":[{"width":900,"height":497,"url":"https:\/\/darkamazi.info\/file\/2025\/08\/ali-babacan.jpg","type":"image\/jpeg"}],"author":"darka mazi","twitter_card":"summary_large_image","twitter_creator":"@DarkaMaziLatini","twitter_site":"@DarkaMaziLatini","twitter_misc":{"Written by":"darka mazi","Est. reading time":"2 minutes"},"schema":{"@context":"https:\/\/schema.org","@graph":[{"@type":"Article","@id":"https:\/\/darkamazi.info\/archives\/1049493#article","isPartOf":{"@id":"https:\/\/darkamazi.info\/archives\/1049493"},"author":{"name":"darka mazi","@id":"https:\/\/darkamazi.info\/#\/schema\/person\/5ad3e24553a0567993fa8ed4bd0a776c"},"headline":"Babacan: Em v\u00ea p\u00eavajoy\u00ea gelek\u00ee gir\u00eeng dib\u00eenin","datePublished":"2025-08-18T11:05:45+00:00","mainEntityOfPage":{"@id":"https:\/\/darkamazi.info\/archives\/1049493"},"wordCount":328,"publisher":{"@id":"https:\/\/darkamazi.info\/#organization"},"image":{"@id":"https:\/\/darkamazi.info\/archives\/1049493#primaryimage"},"thumbnailUrl":"https:\/\/darkamazi.info\/file\/2025\/08\/ali-babacan.jpg","keywords":["sereke"],"articleSection":["Rojhelata nav\u00een"],"inLanguage":"en-US"},{"@type":"WebPage","@id":"https:\/\/darkamazi.info\/archives\/1049493","url":"https:\/\/darkamazi.info\/archives\/1049493","name":"Babacan: Em v\u00ea p\u00eavajoy\u00ea gelek\u00ee gir\u00eeng dib\u00eenin - Darka Maz\u00ee","isPartOf":{"@id":"https:\/\/darkamazi.info\/#website"},"primaryImageOfPage":{"@id":"https:\/\/darkamazi.info\/archives\/1049493#primaryimage"},"image":{"@id":"https:\/\/darkamazi.info\/archives\/1049493#primaryimage"},"thumbnailUrl":"https:\/\/darkamazi.info\/file\/2025\/08\/ali-babacan.jpg","datePublished":"2025-08-18T11:05:45+00:00","breadcrumb":{"@id":"https:\/\/darkamazi.info\/archives\/1049493#breadcrumb"},"inLanguage":"en-US","potentialAction":[{"@type":"ReadAction","target":["https:\/\/darkamazi.info\/archives\/1049493"]}]},{"@type":"ImageObject","inLanguage":"en-US","@id":"https:\/\/darkamazi.info\/archives\/1049493#primaryimage","url":"https:\/\/darkamazi.info\/file\/2025\/08\/ali-babacan.jpg","contentUrl":"https:\/\/darkamazi.info\/file\/2025\/08\/ali-babacan.jpg","width":900,"height":497,"caption":"Babacan: Em v\u00ea p\u00eavajoy\u00ea gelek\u00ee gir\u00eeng dib\u00eenin"},{"@type":"BreadcrumbList","@id":"https:\/\/darkamazi.info\/archives\/1049493#breadcrumb","itemListElement":[{"@type":"ListItem","position":1,"name":"Home","item":"https:\/\/darkamazi.info\/"},{"@type":"ListItem","position":2,"name":"Babacan: Em v\u00ea p\u00eavajoy\u00ea gelek\u00ee gir\u00eeng dib\u00eenin"}]},{"@type":"WebSite","@id":"https:\/\/darkamazi.info\/#website","url":"https:\/\/darkamazi.info\/","name":"Darka Maz\u00ee","description":"P\u00eageha Zanyariy\u00ean Nebih\u00eest\u00ee","publisher":{"@id":"https:\/\/darkamazi.info\/#organization"},"potentialAction":[{"@type":"SearchAction","target":{"@type":"EntryPoint","urlTemplate":"https:\/\/darkamazi.info\/?s={search_term_string}"},"query-input":{"@type":"PropertyValueSpecification","valueRequired":true,"valueName":"search_term_string"}}],"inLanguage":"en-US"},{"@type":"Organization","@id":"https:\/\/darkamazi.info\/#organization","name":"Darka Maz\u00ee","url":"https:\/\/darkamazi.info\/","logo":{"@type":"ImageObject","inLanguage":"en-US","@id":"https:\/\/darkamazi.info\/#\/schema\/logo\/image\/","url":"https:\/\/darkamazi.info\/file\/2017\/12\/darka-mazi-logo.png","contentUrl":"https:\/\/darkamazi.info\/file\/2017\/12\/darka-mazi-logo.png","width":151,"height":75,"caption":"Darka Maz\u00ee"},"image":{"@id":"https:\/\/darkamazi.info\/#\/schema\/logo\/image\/"},"sameAs":["https:\/\/www.facebook.com\/DarMaziKurmanci","https:\/\/x.com\/DarkaMaziLatini","https:\/\/www.instagram.com\/darkamazi.kurmanci\/","https:\/\/www.youtube.com\/channel\/UCa5HkTdmI8U1qCUFuTw8B2g"]},{"@type":"Person","@id":"https:\/\/darkamazi.info\/#\/schema\/person\/5ad3e24553a0567993fa8ed4bd0a776c","name":"darka mazi","sameAs":["https:\/\/darkamazi.info\/"],"url":"https:\/\/darkamazi.info\/archives\/author\/kurdi"}]}},"_links":{"self":[{"href":"https:\/\/darkamazi.info\/funavuv\/wp\/v2\/posts\/1049493","targetHints":{"allow":["GET"]}}],"collection":[{"href":"https:\/\/darkamazi.info\/funavuv\/wp\/v2\/posts"}],"about":[{"href":"https:\/\/darkamazi.info\/funavuv\/wp\/v2\/types\/post"}],"author":[{"embeddable":true,"href":"https:\/\/darkamazi.info\/funavuv\/wp\/v2\/users\/2"}],"replies":[{"embeddable":true,"href":"https:\/\/darkamazi.info\/funavuv\/wp\/v2\/comments?post=1049493"}],"version-history":[{"count":0,"href":"https:\/\/darkamazi.info\/funavuv\/wp\/v2\/posts\/1049493\/revisions"}],"wp:featuredmedia":[{"embeddable":true,"href":"https:\/\/darkamazi.info\/funavuv\/wp\/v2\/media\/1049494"}],"wp:attachment":[{"href":"https:\/\/darkamazi.info\/funavuv\/wp\/v2\/media?parent=1049493"}],"wp:term":[{"taxonomy":"category","embeddable":true,"href":"https:\/\/darkamazi.info\/funavuv\/wp\/v2\/categories?post=1049493"},{"taxonomy":"post_tag","embeddable":true,"href":"https:\/\/darkamazi.info\/funavuv\/wp\/v2\/tags?post=1049493"}],"curies":[{"name":"wp","href":"https:\/\/api.w.org\/{rel}","templated":true}]}}