{"id":1049500,"date":"2025-08-19T10:54:31","date_gmt":"2025-08-19T07:54:31","guid":{"rendered":"https:\/\/darkamazi.info\/?p=1049500"},"modified":"2025-08-19T10:54:31","modified_gmt":"2025-08-19T07:54:31","slug":"dayiken-astiye-diyarbekire-u-semiye-dicin-komisyona-astiye-ya-parlementoya-tirkiyeye","status":"publish","type":"post","link":"https:\/\/darkamazi.info\/archives\/1049500","title":{"rendered":"Dayik\u00ean A\u015ftiy\u00ea, Diyarbekir\u00ea \u00fb \u015eemiy\u00ea di\u00e7in Kom\u00eesyona A\u015ftiy\u00ea ya Parlementoya Tirkiyey\u00ea"},"content":{"rendered":"<h3 style=\"text-align: justify\"><span style=\"font-family: 'arial black', sans-serif\">Kom\u00eesyona A\u015ftiy\u00ea \u00eero d\u00ea p\u00ea\u015fwaziya Dayik\u00ean Diyarbekir\u00ea bike \u00fb sibe j\u00ee d\u00ea p\u00ea\u015fwaziya Dayik\u00ean A\u015ftiy\u00ea \u00fb \u015eemiy\u00ea bike.<\/span><\/h3>\n<h3 style=\"text-align: justify\"><span style=\"font-family: arial, helvetica, sans-serif\">Li gor\u00ee medyaya Tirkiyey\u00ea, Kom\u00eesyon A\u015ftiy\u00ea d\u00ea \u00eero di du r\u00fbni\u015ftinan de xebata xwe bidom\u00eene, r\u00fbni\u015ftina yek\u00ea d\u00ea bi p\u00ea\u015fk\u00ea\u015fkirina gotarek\u00ea ji aliy\u00ea Wez\u00eer Mahinur \u00d6zdemir G\u00f6kta\u015f ve b\u00ea destp\u00eakirin \u00fb di r\u00fbni\u015ftina duy\u00ea de j\u00ee d\u00ea guhdariya dayik\u00ean D\u00eeyarbekir\u00ea b\u00ea kirin.<\/span><\/h3>\n<h3 style=\"text-align: justify\"><span style=\"font-family: arial, helvetica, sans-serif\">Dayik\u00ean A\u015ftiy\u00ea, Dayik\u00ean \u015eemiy\u00ea \u00fb Dayik\u00ean Diyarbekir\u00ea ji wan jinan re t\u00ea gotin \u00ean ku zarok\u00ean xwe di \u015fer\u00ea di navbera PKK \u00fb Tirkiyey\u00ea de winda kirine.<\/span><\/h3>\n<h3 style=\"text-align: justify\"><span style=\"font-family: arial, helvetica, sans-serif\">Yek ji Dayik\u00ean A\u015ftiy\u00ea ji bo bidaw\u00eean\u00eena \u015fer daxwaza w\u00ea yek\u00ea dike ku hem\u00ee al\u00ee dest\u00ean xwe bidin hev. W\u00ea dayik\u00ea daxwaz ji dewleta Tirkiyey\u00ea j\u00ee kir ku, ew kom\u00eesyon ne ten\u00ea ji bo \u00e7ekdan\u00eena PKK\u00ea bixebite, l\u00ea it\u00eeraf\u00ea bi maf \u00fb daxwaz\u00ee \u00fb doza Kurdan j\u00ee bike.\u201d<\/span><\/h3>\n<h3 style=\"text-align: justify\"><span style=\"font-family: arial, helvetica, sans-serif\">Yeka din ji Dayik\u00ean A\u015ftiy\u00ea \u00e7areniv\u00eesa kur\u00ean xwe dixwaze \u00fb daxwaz\u00ea ji dewleta Tirkiyey\u00ea dike ku, ji bo e\u015fkerekirina \u00e7areniv\u00eesa kur\u00ean w\u00ea y\u00ean ku h\u00een j\u00ee nizane mane an j\u00ee hatine ku\u015ftin bixebite, herwesa daxwaza berdana hem\u00ee zindaniyan j\u00ee dike.<\/span><\/h3>\n<h3 style=\"text-align: justify\"><span style=\"font-family: arial, helvetica, sans-serif\">Dayik\u00ean A\u015ftiy\u00ea herwesa daxwaz dikin ku, di demeke n\u00eaz\u00eek de serdana R\u00eaber\u00ea PKK\u00ea y\u00ea zindan\u00eekir\u00ee Abdullah Ocalan bikin.<\/span><\/h3>\n","protected":false},"excerpt":{"rendered":"<p>Kom\u00eesyona A\u015ftiy\u00ea \u00eero d\u00ea p\u00ea\u015fwaziya Dayik\u00ean Diyarbekir\u00ea bike \u00fb sibe j\u00ee d\u00ea p\u00ea\u015fwaziya Dayik\u00ean A\u015ftiy\u00ea \u00fb \u015eemiy\u00ea bike. Li gor\u00ee medyaya Tirkiyey\u00ea, Kom\u00eesyon A\u015ftiy\u00ea d\u00ea \u00eero di du r\u00fbni\u015ftinan de xebata xwe bidom\u00eene, r\u00fbni\u015ftina yek\u00ea d\u00ea bi p\u00ea\u015fk\u00ea\u015fkirina gotarek\u00ea ji aliy\u00ea Wez\u00eer Mahinur \u00d6zdemir G\u00f6kta\u015f ve b\u00ea destp\u00eakirin \u00fb di r\u00fbni\u015ftina duy\u00ea de j\u00ee d\u00ea [&hellip;]<\/p>\n","protected":false},"author":2,"featured_media":1049338,"comment_status":"closed","ping_status":"closed","sticky":false,"template":"","format":"standard","meta":{"footnotes":""},"categories":[29],"tags":[37],"class_list":["post-1049500","post","type-post","status-publish","format-standard","has-post-thumbnail","hentry","category-kurdistan","tag-sereke"],"blocksy_meta":[],"seo_head":"<!-- This site is optimized with the Yoast SEO plugin v27.5 - https:\/\/yoast.com\/product\/yoast-seo-wordpress\/ -->\n<title>Dayik\u00ean A\u015ftiy\u00ea, Diyarbekir\u00ea \u00fb \u015eemiy\u00ea di\u00e7in Kom\u00eesyona A\u015ftiy\u00ea ya Parlementoya Tirkiyey\u00ea - Darka Maz\u00ee<\/title>\n<meta name=\"robots\" content=\"index, follow, max-snippet:-1, max-image-preview:large, max-video-preview:-1\" \/>\n<link rel=\"canonical\" href=\"https:\/\/darkamazi.info\/archives\/1049500\" \/>\n<meta property=\"og:locale\" content=\"en_US\" \/>\n<meta property=\"og:type\" content=\"article\" \/>\n<meta property=\"og:title\" content=\"Dayik\u00ean A\u015ftiy\u00ea, Diyarbekir\u00ea \u00fb \u015eemiy\u00ea di\u00e7in Kom\u00eesyona A\u015ftiy\u00ea ya Parlementoya Tirkiyey\u00ea - Darka Maz\u00ee\" \/>\n<meta property=\"og:description\" content=\"Kom\u00eesyona A\u015ftiy\u00ea \u00eero d\u00ea p\u00ea\u015fwaziya Dayik\u00ean Diyarbekir\u00ea bike \u00fb sibe j\u00ee d\u00ea p\u00ea\u015fwaziya Dayik\u00ean A\u015ftiy\u00ea \u00fb \u015eemiy\u00ea bike. Li gor\u00ee medyaya Tirkiyey\u00ea, Kom\u00eesyon A\u015ftiy\u00ea d\u00ea \u00eero di du r\u00fbni\u015ftinan de xebata xwe bidom\u00eene, r\u00fbni\u015ftina yek\u00ea d\u00ea bi p\u00ea\u015fk\u00ea\u015fkirina gotarek\u00ea ji aliy\u00ea Wez\u00eer Mahinur \u00d6zdemir G\u00f6kta\u015f ve b\u00ea destp\u00eakirin \u00fb di r\u00fbni\u015ftina duy\u00ea de j\u00ee d\u00ea [&hellip;]\" \/>\n<meta property=\"og:url\" content=\"https:\/\/darkamazi.info\/archives\/1049500\" \/>\n<meta property=\"og:site_name\" content=\"Darka Maz\u00ee\" \/>\n<meta property=\"article:publisher\" content=\"https:\/\/www.facebook.com\/DarMaziKurmanci\" \/>\n<meta property=\"article:published_time\" content=\"2025-08-19T07:54:31+00:00\" \/>\n<meta property=\"og:image\" content=\"https:\/\/darkamazi.info\/file\/2025\/08\/Komisyona-Pevajoya-Astiye.jpg\" \/>\n\t<meta property=\"og:image:width\" content=\"900\" \/>\n\t<meta property=\"og:image:height\" content=\"497\" \/>\n\t<meta property=\"og:image:type\" content=\"image\/jpeg\" \/>\n<meta name=\"author\" content=\"darka mazi\" \/>\n<meta name=\"twitter:card\" content=\"summary_large_image\" \/>\n<meta name=\"twitter:creator\" content=\"@DarkaMaziLatini\" \/>\n<meta name=\"twitter:site\" content=\"@DarkaMaziLatini\" \/>\n<meta name=\"twitter:label1\" content=\"Written by\" \/>\n\t<meta name=\"twitter:data1\" content=\"darka mazi\" \/>\n\t<meta name=\"twitter:label2\" content=\"Est. reading time\" \/>\n\t<meta name=\"twitter:data2\" content=\"2 minutes\" \/>\n<script type=\"application\/ld+json\" class=\"seo-schema-graph\">{\"@context\":\"https:\\\/\\\/schema.org\",\"@graph\":[{\"@type\":\"Article\",\"@id\":\"https:\\\/\\\/darkamazi.info\\\/archives\\\/1049500#article\",\"isPartOf\":{\"@id\":\"https:\\\/\\\/darkamazi.info\\\/archives\\\/1049500\"},\"author\":{\"name\":\"darka mazi\",\"@id\":\"https:\\\/\\\/darkamazi.info\\\/#\\\/schema\\\/person\\\/5ad3e24553a0567993fa8ed4bd0a776c\"},\"headline\":\"Dayik\u00ean A\u015ftiy\u00ea, Diyarbekir\u00ea \u00fb \u015eemiy\u00ea di\u00e7in Kom\u00eesyona A\u015ftiy\u00ea ya Parlementoya Tirkiyey\u00ea\",\"datePublished\":\"2025-08-19T07:54:31+00:00\",\"mainEntityOfPage\":{\"@id\":\"https:\\\/\\\/darkamazi.info\\\/archives\\\/1049500\"},\"wordCount\":252,\"publisher\":{\"@id\":\"https:\\\/\\\/darkamazi.info\\\/#organization\"},\"image\":{\"@id\":\"https:\\\/\\\/darkamazi.info\\\/archives\\\/1049500#primaryimage\"},\"thumbnailUrl\":\"https:\\\/\\\/darkamazi.info\\\/darka-content\\\/uploads\\\/2025\\\/08\\\/Komisyona-Pevajoya-Astiye.jpg\",\"keywords\":[\"sereke\"],\"articleSection\":[\"Kurdistan\"],\"inLanguage\":\"en-US\"},{\"@type\":\"WebPage\",\"@id\":\"https:\\\/\\\/darkamazi.info\\\/archives\\\/1049500\",\"url\":\"https:\\\/\\\/darkamazi.info\\\/archives\\\/1049500\",\"name\":\"Dayik\u00ean A\u015ftiy\u00ea, Diyarbekir\u00ea \u00fb \u015eemiy\u00ea di\u00e7in Kom\u00eesyona A\u015ftiy\u00ea ya Parlementoya Tirkiyey\u00ea - Darka Maz\u00ee\",\"isPartOf\":{\"@id\":\"https:\\\/\\\/darkamazi.info\\\/#website\"},\"primaryImageOfPage\":{\"@id\":\"https:\\\/\\\/darkamazi.info\\\/archives\\\/1049500#primaryimage\"},\"image\":{\"@id\":\"https:\\\/\\\/darkamazi.info\\\/archives\\\/1049500#primaryimage\"},\"thumbnailUrl\":\"https:\\\/\\\/darkamazi.info\\\/darka-content\\\/uploads\\\/2025\\\/08\\\/Komisyona-Pevajoya-Astiye.jpg\",\"datePublished\":\"2025-08-19T07:54:31+00:00\",\"breadcrumb\":{\"@id\":\"https:\\\/\\\/darkamazi.info\\\/archives\\\/1049500#breadcrumb\"},\"inLanguage\":\"en-US\",\"potentialAction\":[{\"@type\":\"ReadAction\",\"target\":[\"https:\\\/\\\/darkamazi.info\\\/archives\\\/1049500\"]}]},{\"@type\":\"ImageObject\",\"inLanguage\":\"en-US\",\"@id\":\"https:\\\/\\\/darkamazi.info\\\/archives\\\/1049500#primaryimage\",\"url\":\"https:\\\/\\\/darkamazi.info\\\/darka-content\\\/uploads\\\/2025\\\/08\\\/Komisyona-Pevajoya-Astiye.jpg\",\"contentUrl\":\"https:\\\/\\\/darkamazi.info\\\/darka-content\\\/uploads\\\/2025\\\/08\\\/Komisyona-Pevajoya-Astiye.jpg\",\"width\":900,\"height\":497,\"caption\":\"Dayik\u00ean A\u015ftiy\u00ea, Diyarbekir\u00ea \u00fb \u015eemiy\u00ea di\u00e7in Kom\u00eesyona A\u015ftiy\u00ea ya Parlementoya Tirkiyey\u00ea\"},{\"@type\":\"BreadcrumbList\",\"@id\":\"https:\\\/\\\/darkamazi.info\\\/archives\\\/1049500#breadcrumb\",\"itemListElement\":[{\"@type\":\"ListItem\",\"position\":1,\"name\":\"Home\",\"item\":\"https:\\\/\\\/darkamazi.info\\\/\"},{\"@type\":\"ListItem\",\"position\":2,\"name\":\"Dayik\u00ean A\u015ftiy\u00ea, Diyarbekir\u00ea \u00fb \u015eemiy\u00ea di\u00e7in Kom\u00eesyona A\u015ftiy\u00ea ya Parlementoya Tirkiyey\u00ea\"}]},{\"@type\":\"WebSite\",\"@id\":\"https:\\\/\\\/darkamazi.info\\\/#website\",\"url\":\"https:\\\/\\\/darkamazi.info\\\/\",\"name\":\"Darka Maz\u00ee\",\"description\":\"P\u00eageha Zanyariy\u00ean Nebih\u00eest\u00ee\",\"publisher\":{\"@id\":\"https:\\\/\\\/darkamazi.info\\\/#organization\"},\"potentialAction\":[{\"@type\":\"SearchAction\",\"target\":{\"@type\":\"EntryPoint\",\"urlTemplate\":\"https:\\\/\\\/darkamazi.info\\\/?s={search_term_string}\"},\"query-input\":{\"@type\":\"PropertyValueSpecification\",\"valueRequired\":true,\"valueName\":\"search_term_string\"}}],\"inLanguage\":\"en-US\"},{\"@type\":\"Organization\",\"@id\":\"https:\\\/\\\/darkamazi.info\\\/#organization\",\"name\":\"Darka Maz\u00ee\",\"url\":\"https:\\\/\\\/darkamazi.info\\\/\",\"logo\":{\"@type\":\"ImageObject\",\"inLanguage\":\"en-US\",\"@id\":\"https:\\\/\\\/darkamazi.info\\\/#\\\/schema\\\/logo\\\/image\\\/\",\"url\":\"https:\\\/\\\/darkamazi.info\\\/darka-content\\\/uploads\\\/2017\\\/12\\\/darka-mazi-logo.png\",\"contentUrl\":\"https:\\\/\\\/darkamazi.info\\\/darka-content\\\/uploads\\\/2017\\\/12\\\/darka-mazi-logo.png\",\"width\":151,\"height\":75,\"caption\":\"Darka Maz\u00ee\"},\"image\":{\"@id\":\"https:\\\/\\\/darkamazi.info\\\/#\\\/schema\\\/logo\\\/image\\\/\"},\"sameAs\":[\"https:\\\/\\\/www.facebook.com\\\/DarMaziKurmanci\",\"https:\\\/\\\/x.com\\\/DarkaMaziLatini\",\"https:\\\/\\\/www.instagram.com\\\/darkamazi.kurmanci\\\/\",\"https:\\\/\\\/www.youtube.com\\\/channel\\\/UCa5HkTdmI8U1qCUFuTw8B2g\"]},{\"@type\":\"Person\",\"@id\":\"https:\\\/\\\/darkamazi.info\\\/#\\\/schema\\\/person\\\/5ad3e24553a0567993fa8ed4bd0a776c\",\"name\":\"darka mazi\",\"sameAs\":[\"https:\\\/\\\/darkamazi.info\\\/\"],\"url\":\"https:\\\/\\\/darkamazi.info\\\/archives\\\/author\\\/kurdi\"}]}<\/script>\n<!-- \/ Yoast SEO plugin. -->","seo_head_json":{"title":"Dayik\u00ean A\u015ftiy\u00ea, Diyarbekir\u00ea \u00fb \u015eemiy\u00ea di\u00e7in Kom\u00eesyona A\u015ftiy\u00ea ya Parlementoya Tirkiyey\u00ea - Darka Maz\u00ee","robots":{"index":"index","follow":"follow","max-snippet":"max-snippet:-1","max-image-preview":"max-image-preview:large","max-video-preview":"max-video-preview:-1"},"canonical":"https:\/\/darkamazi.info\/archives\/1049500","og_locale":"en_US","og_type":"article","og_title":"Dayik\u00ean A\u015ftiy\u00ea, Diyarbekir\u00ea \u00fb \u015eemiy\u00ea di\u00e7in Kom\u00eesyona A\u015ftiy\u00ea ya Parlementoya Tirkiyey\u00ea - Darka Maz\u00ee","og_description":"Kom\u00eesyona A\u015ftiy\u00ea \u00eero d\u00ea p\u00ea\u015fwaziya Dayik\u00ean Diyarbekir\u00ea bike \u00fb sibe j\u00ee d\u00ea p\u00ea\u015fwaziya Dayik\u00ean A\u015ftiy\u00ea \u00fb \u015eemiy\u00ea bike. Li gor\u00ee medyaya Tirkiyey\u00ea, Kom\u00eesyon A\u015ftiy\u00ea d\u00ea \u00eero di du r\u00fbni\u015ftinan de xebata xwe bidom\u00eene, r\u00fbni\u015ftina yek\u00ea d\u00ea bi p\u00ea\u015fk\u00ea\u015fkirina gotarek\u00ea ji aliy\u00ea Wez\u00eer Mahinur \u00d6zdemir G\u00f6kta\u015f ve b\u00ea destp\u00eakirin \u00fb di r\u00fbni\u015ftina duy\u00ea de j\u00ee d\u00ea [&hellip;]","og_url":"https:\/\/darkamazi.info\/archives\/1049500","og_site_name":"Darka Maz\u00ee","article_publisher":"https:\/\/www.facebook.com\/DarMaziKurmanci","article_published_time":"2025-08-19T07:54:31+00:00","og_image":[{"width":900,"height":497,"url":"https:\/\/darkamazi.info\/file\/2025\/08\/Komisyona-Pevajoya-Astiye.jpg","type":"image\/jpeg"}],"author":"darka mazi","twitter_card":"summary_large_image","twitter_creator":"@DarkaMaziLatini","twitter_site":"@DarkaMaziLatini","twitter_misc":{"Written by":"darka mazi","Est. reading time":"2 minutes"},"schema":{"@context":"https:\/\/schema.org","@graph":[{"@type":"Article","@id":"https:\/\/darkamazi.info\/archives\/1049500#article","isPartOf":{"@id":"https:\/\/darkamazi.info\/archives\/1049500"},"author":{"name":"darka mazi","@id":"https:\/\/darkamazi.info\/#\/schema\/person\/5ad3e24553a0567993fa8ed4bd0a776c"},"headline":"Dayik\u00ean A\u015ftiy\u00ea, Diyarbekir\u00ea \u00fb \u015eemiy\u00ea di\u00e7in Kom\u00eesyona A\u015ftiy\u00ea ya Parlementoya Tirkiyey\u00ea","datePublished":"2025-08-19T07:54:31+00:00","mainEntityOfPage":{"@id":"https:\/\/darkamazi.info\/archives\/1049500"},"wordCount":252,"publisher":{"@id":"https:\/\/darkamazi.info\/#organization"},"image":{"@id":"https:\/\/darkamazi.info\/archives\/1049500#primaryimage"},"thumbnailUrl":"https:\/\/darkamazi.info\/file\/2025\/08\/Komisyona-Pevajoya-Astiye.jpg","keywords":["sereke"],"articleSection":["Kurdistan"],"inLanguage":"en-US"},{"@type":"WebPage","@id":"https:\/\/darkamazi.info\/archives\/1049500","url":"https:\/\/darkamazi.info\/archives\/1049500","name":"Dayik\u00ean A\u015ftiy\u00ea, Diyarbekir\u00ea \u00fb \u015eemiy\u00ea di\u00e7in Kom\u00eesyona A\u015ftiy\u00ea ya Parlementoya Tirkiyey\u00ea - Darka Maz\u00ee","isPartOf":{"@id":"https:\/\/darkamazi.info\/#website"},"primaryImageOfPage":{"@id":"https:\/\/darkamazi.info\/archives\/1049500#primaryimage"},"image":{"@id":"https:\/\/darkamazi.info\/archives\/1049500#primaryimage"},"thumbnailUrl":"https:\/\/darkamazi.info\/file\/2025\/08\/Komisyona-Pevajoya-Astiye.jpg","datePublished":"2025-08-19T07:54:31+00:00","breadcrumb":{"@id":"https:\/\/darkamazi.info\/archives\/1049500#breadcrumb"},"inLanguage":"en-US","potentialAction":[{"@type":"ReadAction","target":["https:\/\/darkamazi.info\/archives\/1049500"]}]},{"@type":"ImageObject","inLanguage":"en-US","@id":"https:\/\/darkamazi.info\/archives\/1049500#primaryimage","url":"https:\/\/darkamazi.info\/file\/2025\/08\/Komisyona-Pevajoya-Astiye.jpg","contentUrl":"https:\/\/darkamazi.info\/file\/2025\/08\/Komisyona-Pevajoya-Astiye.jpg","width":900,"height":497,"caption":"Dayik\u00ean A\u015ftiy\u00ea, Diyarbekir\u00ea \u00fb \u015eemiy\u00ea di\u00e7in Kom\u00eesyona A\u015ftiy\u00ea ya Parlementoya Tirkiyey\u00ea"},{"@type":"BreadcrumbList","@id":"https:\/\/darkamazi.info\/archives\/1049500#breadcrumb","itemListElement":[{"@type":"ListItem","position":1,"name":"Home","item":"https:\/\/darkamazi.info\/"},{"@type":"ListItem","position":2,"name":"Dayik\u00ean A\u015ftiy\u00ea, Diyarbekir\u00ea \u00fb \u015eemiy\u00ea di\u00e7in Kom\u00eesyona A\u015ftiy\u00ea ya Parlementoya Tirkiyey\u00ea"}]},{"@type":"WebSite","@id":"https:\/\/darkamazi.info\/#website","url":"https:\/\/darkamazi.info\/","name":"Darka Maz\u00ee","description":"P\u00eageha Zanyariy\u00ean Nebih\u00eest\u00ee","publisher":{"@id":"https:\/\/darkamazi.info\/#organization"},"potentialAction":[{"@type":"SearchAction","target":{"@type":"EntryPoint","urlTemplate":"https:\/\/darkamazi.info\/?s={search_term_string}"},"query-input":{"@type":"PropertyValueSpecification","valueRequired":true,"valueName":"search_term_string"}}],"inLanguage":"en-US"},{"@type":"Organization","@id":"https:\/\/darkamazi.info\/#organization","name":"Darka Maz\u00ee","url":"https:\/\/darkamazi.info\/","logo":{"@type":"ImageObject","inLanguage":"en-US","@id":"https:\/\/darkamazi.info\/#\/schema\/logo\/image\/","url":"https:\/\/darkamazi.info\/file\/2017\/12\/darka-mazi-logo.png","contentUrl":"https:\/\/darkamazi.info\/file\/2017\/12\/darka-mazi-logo.png","width":151,"height":75,"caption":"Darka Maz\u00ee"},"image":{"@id":"https:\/\/darkamazi.info\/#\/schema\/logo\/image\/"},"sameAs":["https:\/\/www.facebook.com\/DarMaziKurmanci","https:\/\/x.com\/DarkaMaziLatini","https:\/\/www.instagram.com\/darkamazi.kurmanci\/","https:\/\/www.youtube.com\/channel\/UCa5HkTdmI8U1qCUFuTw8B2g"]},{"@type":"Person","@id":"https:\/\/darkamazi.info\/#\/schema\/person\/5ad3e24553a0567993fa8ed4bd0a776c","name":"darka mazi","sameAs":["https:\/\/darkamazi.info\/"],"url":"https:\/\/darkamazi.info\/archives\/author\/kurdi"}]}},"_links":{"self":[{"href":"https:\/\/darkamazi.info\/funavuv\/wp\/v2\/posts\/1049500","targetHints":{"allow":["GET"]}}],"collection":[{"href":"https:\/\/darkamazi.info\/funavuv\/wp\/v2\/posts"}],"about":[{"href":"https:\/\/darkamazi.info\/funavuv\/wp\/v2\/types\/post"}],"author":[{"embeddable":true,"href":"https:\/\/darkamazi.info\/funavuv\/wp\/v2\/users\/2"}],"replies":[{"embeddable":true,"href":"https:\/\/darkamazi.info\/funavuv\/wp\/v2\/comments?post=1049500"}],"version-history":[{"count":0,"href":"https:\/\/darkamazi.info\/funavuv\/wp\/v2\/posts\/1049500\/revisions"}],"wp:featuredmedia":[{"embeddable":true,"href":"https:\/\/darkamazi.info\/funavuv\/wp\/v2\/media\/1049338"}],"wp:attachment":[{"href":"https:\/\/darkamazi.info\/funavuv\/wp\/v2\/media?parent=1049500"}],"wp:term":[{"taxonomy":"category","embeddable":true,"href":"https:\/\/darkamazi.info\/funavuv\/wp\/v2\/categories?post=1049500"},{"taxonomy":"post_tag","embeddable":true,"href":"https:\/\/darkamazi.info\/funavuv\/wp\/v2\/tags?post=1049500"}],"curies":[{"name":"wp","href":"https:\/\/api.w.org\/{rel}","templated":true}]}}