{"id":1049505,"date":"2025-08-19T13:06:32","date_gmt":"2025-08-19T10:06:32","guid":{"rendered":"https:\/\/darkamazi.info\/?p=1049505"},"modified":"2025-08-19T13:06:32","modified_gmt":"2025-08-19T10:06:32","slug":"irane-isal-116-kurd-idam-kirine","status":"publish","type":"post","link":"https:\/\/darkamazi.info\/archives\/1049505","title":{"rendered":"\u00ceran\u00ea \u00eesal 116 Kurd \u00eedam kirine"},"content":{"rendered":"<h3 style=\"text-align: justify\"><span style=\"font-family: 'arial black', sans-serif\">Li gor\u00ee amar\u00ean ku li Navenda Amar \u00fb Belgeyan a R\u00eaxistina Maf\u00ean Mirovan a Hengaw\u00ea hatine tomarkirin, Komara \u00ceslam\u00ee ya \u00ceran\u00ea ji destp\u00eaka \u00eesal ve heta niha 800 kes bi dar ve kirine.<\/span><\/h3>\n<h3 style=\"text-align: justify\"><span style=\"font-family: arial, helvetica, sans-serif\">Di nava 8 meh\u00ean bor\u00ee de her\u00ee k\u00eam 30 girtiy\u00ean siyas\u00ee \u00fb mezheb\u00ee hatine bidarvekirin.<\/span><\/h3>\n<h3 style=\"text-align: justify\"><span style=\"font-family: arial, helvetica, sans-serif\">Di heman dem\u00ea de, her\u00ee k\u00eam 22 jin \u00fb zarokek j\u00ee li girt\u00eegeh\u00ean \u00ceran\u00ea hatine daleqandin.<\/span><\/h3>\n<h3 style=\"text-align: justify\"><span style=\"font-family: arial, helvetica, sans-serif\">Ji wan 800 girtiy\u00ean ku hatine bidarvekirin, 116 kes Kurd b\u00fbn, 107 kes Lor b\u00fbn, 92 kes Bel\u00fb\u00e7 b\u00fbn \u00fb 82 kes j\u00ee Tirk b\u00fbn.<\/span><\/h3>\n<h3 style=\"text-align: justify\"><span style=\"font-family: arial, helvetica, sans-serif\">Her wiha li gor\u00ee amar\u00ean Hengaw\u00ea, di heman dem\u00ea de her\u00ee k\u00eam 46 welatiy\u00ean Efxanistan\u00ea li girt\u00eegeh\u00ean \u00ceran\u00ea hatine bidarvekirin.<\/span><\/h3>\n<h3 style=\"text-align: justify\"><span style=\"font-family: arial, helvetica, sans-serif\">R\u00eaxistina Maf\u00ean Mirovan a Hengaw\u00ea derbar\u00ea z\u00eadeb\u00fbna hejmara bidarvekirin\u00ean li \u00ceran\u00ea hi\u015fyar\u00ee da \u00fb bang\u00ee hem\u00fb r\u00eaxistin\u00ean siv\u00eel \u00fb maf\u00ean mirovan \u00ean \u00ceran \u00fb c\u00eehan\u00ea kir ku li hember\u00ee van kiryar\u00ean Komara \u00ceslam\u00ee ya \u00ceran\u00ea helwesteke bibiryar n\u00ee\u015fan bidin.<\/span><\/h3>\n","protected":false},"excerpt":{"rendered":"<p>Li gor\u00ee amar\u00ean ku li Navenda Amar \u00fb Belgeyan a R\u00eaxistina Maf\u00ean Mirovan a Hengaw\u00ea hatine tomarkirin, Komara \u00ceslam\u00ee ya \u00ceran\u00ea ji destp\u00eaka \u00eesal ve heta niha 800 kes bi dar ve kirine. Di nava 8 meh\u00ean bor\u00ee de her\u00ee k\u00eam 30 girtiy\u00ean siyas\u00ee \u00fb mezheb\u00ee hatine bidarvekirin. Di heman dem\u00ea de, her\u00ee k\u00eam 22 [&hellip;]<\/p>\n","protected":false},"author":2,"featured_media":1049506,"comment_status":"closed","ping_status":"closed","sticky":false,"template":"","format":"standard","meta":{"footnotes":""},"categories":[31],"tags":[37],"class_list":["post-1049505","post","type-post","status-publish","format-standard","has-post-thumbnail","hentry","category-rojhelata-navin","tag-sereke"],"blocksy_meta":[],"seo_head":"<!-- This site is optimized with the Yoast SEO plugin v27.5 - https:\/\/yoast.com\/product\/yoast-seo-wordpress\/ -->\n<title>\u00ceran\u00ea \u00eesal 116 Kurd \u00eedam kirine - Darka Maz\u00ee<\/title>\n<meta name=\"robots\" content=\"index, follow, max-snippet:-1, max-image-preview:large, max-video-preview:-1\" \/>\n<link rel=\"canonical\" href=\"https:\/\/darkamazi.info\/archives\/1049505\" \/>\n<meta property=\"og:locale\" content=\"en_US\" \/>\n<meta property=\"og:type\" content=\"article\" \/>\n<meta property=\"og:title\" content=\"\u00ceran\u00ea \u00eesal 116 Kurd \u00eedam kirine - Darka Maz\u00ee\" \/>\n<meta property=\"og:description\" content=\"Li gor\u00ee amar\u00ean ku li Navenda Amar \u00fb Belgeyan a R\u00eaxistina Maf\u00ean Mirovan a Hengaw\u00ea hatine tomarkirin, Komara \u00ceslam\u00ee ya \u00ceran\u00ea ji destp\u00eaka \u00eesal ve heta niha 800 kes bi dar ve kirine. Di nava 8 meh\u00ean bor\u00ee de her\u00ee k\u00eam 30 girtiy\u00ean siyas\u00ee \u00fb mezheb\u00ee hatine bidarvekirin. Di heman dem\u00ea de, her\u00ee k\u00eam 22 [&hellip;]\" \/>\n<meta property=\"og:url\" content=\"https:\/\/darkamazi.info\/archives\/1049505\" \/>\n<meta property=\"og:site_name\" content=\"Darka Maz\u00ee\" \/>\n<meta property=\"article:publisher\" content=\"https:\/\/www.facebook.com\/DarMaziKurmanci\" \/>\n<meta property=\"article:published_time\" content=\"2025-08-19T10:06:32+00:00\" \/>\n<meta property=\"og:image\" content=\"https:\/\/darkamazi.info\/file\/2025\/08\/iran-kurd-execution-darka-mazi-Info.jpg\" \/>\n\t<meta property=\"og:image:width\" content=\"900\" \/>\n\t<meta property=\"og:image:height\" content=\"500\" \/>\n\t<meta property=\"og:image:type\" content=\"image\/jpeg\" \/>\n<meta name=\"author\" content=\"darka mazi\" \/>\n<meta name=\"twitter:card\" content=\"summary_large_image\" \/>\n<meta name=\"twitter:creator\" content=\"@DarkaMaziLatini\" \/>\n<meta name=\"twitter:site\" content=\"@DarkaMaziLatini\" \/>\n<meta name=\"twitter:label1\" content=\"Written by\" \/>\n\t<meta name=\"twitter:data1\" content=\"darka mazi\" \/>\n\t<meta name=\"twitter:label2\" content=\"Est. reading time\" \/>\n\t<meta name=\"twitter:data2\" content=\"1 minute\" \/>\n<script type=\"application\/ld+json\" class=\"seo-schema-graph\">{\"@context\":\"https:\\\/\\\/schema.org\",\"@graph\":[{\"@type\":\"Article\",\"@id\":\"https:\\\/\\\/darkamazi.info\\\/archives\\\/1049505#article\",\"isPartOf\":{\"@id\":\"https:\\\/\\\/darkamazi.info\\\/archives\\\/1049505\"},\"author\":{\"name\":\"darka mazi\",\"@id\":\"https:\\\/\\\/darkamazi.info\\\/#\\\/schema\\\/person\\\/5ad3e24553a0567993fa8ed4bd0a776c\"},\"headline\":\"\u00ceran\u00ea \u00eesal 116 Kurd \u00eedam kirine\",\"datePublished\":\"2025-08-19T10:06:32+00:00\",\"mainEntityOfPage\":{\"@id\":\"https:\\\/\\\/darkamazi.info\\\/archives\\\/1049505\"},\"wordCount\":169,\"publisher\":{\"@id\":\"https:\\\/\\\/darkamazi.info\\\/#organization\"},\"image\":{\"@id\":\"https:\\\/\\\/darkamazi.info\\\/archives\\\/1049505#primaryimage\"},\"thumbnailUrl\":\"https:\\\/\\\/darkamazi.info\\\/darka-content\\\/uploads\\\/2025\\\/08\\\/iran-kurd-execution-darka-mazi-Info.jpg\",\"keywords\":[\"sereke\"],\"articleSection\":[\"Rojhelata nav\u00een\"],\"inLanguage\":\"en-US\"},{\"@type\":\"WebPage\",\"@id\":\"https:\\\/\\\/darkamazi.info\\\/archives\\\/1049505\",\"url\":\"https:\\\/\\\/darkamazi.info\\\/archives\\\/1049505\",\"name\":\"\u00ceran\u00ea \u00eesal 116 Kurd \u00eedam kirine - Darka Maz\u00ee\",\"isPartOf\":{\"@id\":\"https:\\\/\\\/darkamazi.info\\\/#website\"},\"primaryImageOfPage\":{\"@id\":\"https:\\\/\\\/darkamazi.info\\\/archives\\\/1049505#primaryimage\"},\"image\":{\"@id\":\"https:\\\/\\\/darkamazi.info\\\/archives\\\/1049505#primaryimage\"},\"thumbnailUrl\":\"https:\\\/\\\/darkamazi.info\\\/darka-content\\\/uploads\\\/2025\\\/08\\\/iran-kurd-execution-darka-mazi-Info.jpg\",\"datePublished\":\"2025-08-19T10:06:32+00:00\",\"breadcrumb\":{\"@id\":\"https:\\\/\\\/darkamazi.info\\\/archives\\\/1049505#breadcrumb\"},\"inLanguage\":\"en-US\",\"potentialAction\":[{\"@type\":\"ReadAction\",\"target\":[\"https:\\\/\\\/darkamazi.info\\\/archives\\\/1049505\"]}]},{\"@type\":\"ImageObject\",\"inLanguage\":\"en-US\",\"@id\":\"https:\\\/\\\/darkamazi.info\\\/archives\\\/1049505#primaryimage\",\"url\":\"https:\\\/\\\/darkamazi.info\\\/darka-content\\\/uploads\\\/2025\\\/08\\\/iran-kurd-execution-darka-mazi-Info.jpg\",\"contentUrl\":\"https:\\\/\\\/darkamazi.info\\\/darka-content\\\/uploads\\\/2025\\\/08\\\/iran-kurd-execution-darka-mazi-Info.jpg\",\"width\":900,\"height\":500,\"caption\":\"iran-kurd-execution-darka-mazi-Net\"},{\"@type\":\"BreadcrumbList\",\"@id\":\"https:\\\/\\\/darkamazi.info\\\/archives\\\/1049505#breadcrumb\",\"itemListElement\":[{\"@type\":\"ListItem\",\"position\":1,\"name\":\"Home\",\"item\":\"https:\\\/\\\/darkamazi.info\\\/\"},{\"@type\":\"ListItem\",\"position\":2,\"name\":\"\u00ceran\u00ea \u00eesal 116 Kurd \u00eedam kirine\"}]},{\"@type\":\"WebSite\",\"@id\":\"https:\\\/\\\/darkamazi.info\\\/#website\",\"url\":\"https:\\\/\\\/darkamazi.info\\\/\",\"name\":\"Darka Maz\u00ee\",\"description\":\"P\u00eageha Zanyariy\u00ean Nebih\u00eest\u00ee\",\"publisher\":{\"@id\":\"https:\\\/\\\/darkamazi.info\\\/#organization\"},\"potentialAction\":[{\"@type\":\"SearchAction\",\"target\":{\"@type\":\"EntryPoint\",\"urlTemplate\":\"https:\\\/\\\/darkamazi.info\\\/?s={search_term_string}\"},\"query-input\":{\"@type\":\"PropertyValueSpecification\",\"valueRequired\":true,\"valueName\":\"search_term_string\"}}],\"inLanguage\":\"en-US\"},{\"@type\":\"Organization\",\"@id\":\"https:\\\/\\\/darkamazi.info\\\/#organization\",\"name\":\"Darka Maz\u00ee\",\"url\":\"https:\\\/\\\/darkamazi.info\\\/\",\"logo\":{\"@type\":\"ImageObject\",\"inLanguage\":\"en-US\",\"@id\":\"https:\\\/\\\/darkamazi.info\\\/#\\\/schema\\\/logo\\\/image\\\/\",\"url\":\"https:\\\/\\\/darkamazi.info\\\/darka-content\\\/uploads\\\/2017\\\/12\\\/darka-mazi-logo.png\",\"contentUrl\":\"https:\\\/\\\/darkamazi.info\\\/darka-content\\\/uploads\\\/2017\\\/12\\\/darka-mazi-logo.png\",\"width\":151,\"height\":75,\"caption\":\"Darka Maz\u00ee\"},\"image\":{\"@id\":\"https:\\\/\\\/darkamazi.info\\\/#\\\/schema\\\/logo\\\/image\\\/\"},\"sameAs\":[\"https:\\\/\\\/www.facebook.com\\\/DarMaziKurmanci\",\"https:\\\/\\\/x.com\\\/DarkaMaziLatini\",\"https:\\\/\\\/www.instagram.com\\\/darkamazi.kurmanci\\\/\",\"https:\\\/\\\/www.youtube.com\\\/channel\\\/UCa5HkTdmI8U1qCUFuTw8B2g\"]},{\"@type\":\"Person\",\"@id\":\"https:\\\/\\\/darkamazi.info\\\/#\\\/schema\\\/person\\\/5ad3e24553a0567993fa8ed4bd0a776c\",\"name\":\"darka mazi\",\"sameAs\":[\"https:\\\/\\\/darkamazi.info\\\/\"],\"url\":\"https:\\\/\\\/darkamazi.info\\\/archives\\\/author\\\/kurdi\"}]}<\/script>\n<!-- \/ Yoast SEO plugin. -->","seo_head_json":{"title":"\u00ceran\u00ea \u00eesal 116 Kurd \u00eedam kirine - Darka Maz\u00ee","robots":{"index":"index","follow":"follow","max-snippet":"max-snippet:-1","max-image-preview":"max-image-preview:large","max-video-preview":"max-video-preview:-1"},"canonical":"https:\/\/darkamazi.info\/archives\/1049505","og_locale":"en_US","og_type":"article","og_title":"\u00ceran\u00ea \u00eesal 116 Kurd \u00eedam kirine - Darka Maz\u00ee","og_description":"Li gor\u00ee amar\u00ean ku li Navenda Amar \u00fb Belgeyan a R\u00eaxistina Maf\u00ean Mirovan a Hengaw\u00ea hatine tomarkirin, Komara \u00ceslam\u00ee ya \u00ceran\u00ea ji destp\u00eaka \u00eesal ve heta niha 800 kes bi dar ve kirine. Di nava 8 meh\u00ean bor\u00ee de her\u00ee k\u00eam 30 girtiy\u00ean siyas\u00ee \u00fb mezheb\u00ee hatine bidarvekirin. Di heman dem\u00ea de, her\u00ee k\u00eam 22 [&hellip;]","og_url":"https:\/\/darkamazi.info\/archives\/1049505","og_site_name":"Darka Maz\u00ee","article_publisher":"https:\/\/www.facebook.com\/DarMaziKurmanci","article_published_time":"2025-08-19T10:06:32+00:00","og_image":[{"width":900,"height":500,"url":"https:\/\/darkamazi.info\/file\/2025\/08\/iran-kurd-execution-darka-mazi-Info.jpg","type":"image\/jpeg"}],"author":"darka mazi","twitter_card":"summary_large_image","twitter_creator":"@DarkaMaziLatini","twitter_site":"@DarkaMaziLatini","twitter_misc":{"Written by":"darka mazi","Est. reading time":"1 minute"},"schema":{"@context":"https:\/\/schema.org","@graph":[{"@type":"Article","@id":"https:\/\/darkamazi.info\/archives\/1049505#article","isPartOf":{"@id":"https:\/\/darkamazi.info\/archives\/1049505"},"author":{"name":"darka mazi","@id":"https:\/\/darkamazi.info\/#\/schema\/person\/5ad3e24553a0567993fa8ed4bd0a776c"},"headline":"\u00ceran\u00ea \u00eesal 116 Kurd \u00eedam kirine","datePublished":"2025-08-19T10:06:32+00:00","mainEntityOfPage":{"@id":"https:\/\/darkamazi.info\/archives\/1049505"},"wordCount":169,"publisher":{"@id":"https:\/\/darkamazi.info\/#organization"},"image":{"@id":"https:\/\/darkamazi.info\/archives\/1049505#primaryimage"},"thumbnailUrl":"https:\/\/darkamazi.info\/file\/2025\/08\/iran-kurd-execution-darka-mazi-Info.jpg","keywords":["sereke"],"articleSection":["Rojhelata nav\u00een"],"inLanguage":"en-US"},{"@type":"WebPage","@id":"https:\/\/darkamazi.info\/archives\/1049505","url":"https:\/\/darkamazi.info\/archives\/1049505","name":"\u00ceran\u00ea \u00eesal 116 Kurd \u00eedam kirine - Darka Maz\u00ee","isPartOf":{"@id":"https:\/\/darkamazi.info\/#website"},"primaryImageOfPage":{"@id":"https:\/\/darkamazi.info\/archives\/1049505#primaryimage"},"image":{"@id":"https:\/\/darkamazi.info\/archives\/1049505#primaryimage"},"thumbnailUrl":"https:\/\/darkamazi.info\/file\/2025\/08\/iran-kurd-execution-darka-mazi-Info.jpg","datePublished":"2025-08-19T10:06:32+00:00","breadcrumb":{"@id":"https:\/\/darkamazi.info\/archives\/1049505#breadcrumb"},"inLanguage":"en-US","potentialAction":[{"@type":"ReadAction","target":["https:\/\/darkamazi.info\/archives\/1049505"]}]},{"@type":"ImageObject","inLanguage":"en-US","@id":"https:\/\/darkamazi.info\/archives\/1049505#primaryimage","url":"https:\/\/darkamazi.info\/file\/2025\/08\/iran-kurd-execution-darka-mazi-Info.jpg","contentUrl":"https:\/\/darkamazi.info\/file\/2025\/08\/iran-kurd-execution-darka-mazi-Info.jpg","width":900,"height":500,"caption":"iran-kurd-execution-darka-mazi-Net"},{"@type":"BreadcrumbList","@id":"https:\/\/darkamazi.info\/archives\/1049505#breadcrumb","itemListElement":[{"@type":"ListItem","position":1,"name":"Home","item":"https:\/\/darkamazi.info\/"},{"@type":"ListItem","position":2,"name":"\u00ceran\u00ea \u00eesal 116 Kurd \u00eedam kirine"}]},{"@type":"WebSite","@id":"https:\/\/darkamazi.info\/#website","url":"https:\/\/darkamazi.info\/","name":"Darka Maz\u00ee","description":"P\u00eageha Zanyariy\u00ean Nebih\u00eest\u00ee","publisher":{"@id":"https:\/\/darkamazi.info\/#organization"},"potentialAction":[{"@type":"SearchAction","target":{"@type":"EntryPoint","urlTemplate":"https:\/\/darkamazi.info\/?s={search_term_string}"},"query-input":{"@type":"PropertyValueSpecification","valueRequired":true,"valueName":"search_term_string"}}],"inLanguage":"en-US"},{"@type":"Organization","@id":"https:\/\/darkamazi.info\/#organization","name":"Darka Maz\u00ee","url":"https:\/\/darkamazi.info\/","logo":{"@type":"ImageObject","inLanguage":"en-US","@id":"https:\/\/darkamazi.info\/#\/schema\/logo\/image\/","url":"https:\/\/darkamazi.info\/file\/2017\/12\/darka-mazi-logo.png","contentUrl":"https:\/\/darkamazi.info\/file\/2017\/12\/darka-mazi-logo.png","width":151,"height":75,"caption":"Darka Maz\u00ee"},"image":{"@id":"https:\/\/darkamazi.info\/#\/schema\/logo\/image\/"},"sameAs":["https:\/\/www.facebook.com\/DarMaziKurmanci","https:\/\/x.com\/DarkaMaziLatini","https:\/\/www.instagram.com\/darkamazi.kurmanci\/","https:\/\/www.youtube.com\/channel\/UCa5HkTdmI8U1qCUFuTw8B2g"]},{"@type":"Person","@id":"https:\/\/darkamazi.info\/#\/schema\/person\/5ad3e24553a0567993fa8ed4bd0a776c","name":"darka mazi","sameAs":["https:\/\/darkamazi.info\/"],"url":"https:\/\/darkamazi.info\/archives\/author\/kurdi"}]}},"_links":{"self":[{"href":"https:\/\/darkamazi.info\/funavuv\/wp\/v2\/posts\/1049505","targetHints":{"allow":["GET"]}}],"collection":[{"href":"https:\/\/darkamazi.info\/funavuv\/wp\/v2\/posts"}],"about":[{"href":"https:\/\/darkamazi.info\/funavuv\/wp\/v2\/types\/post"}],"author":[{"embeddable":true,"href":"https:\/\/darkamazi.info\/funavuv\/wp\/v2\/users\/2"}],"replies":[{"embeddable":true,"href":"https:\/\/darkamazi.info\/funavuv\/wp\/v2\/comments?post=1049505"}],"version-history":[{"count":0,"href":"https:\/\/darkamazi.info\/funavuv\/wp\/v2\/posts\/1049505\/revisions"}],"wp:featuredmedia":[{"embeddable":true,"href":"https:\/\/darkamazi.info\/funavuv\/wp\/v2\/media\/1049506"}],"wp:attachment":[{"href":"https:\/\/darkamazi.info\/funavuv\/wp\/v2\/media?parent=1049505"}],"wp:term":[{"taxonomy":"category","embeddable":true,"href":"https:\/\/darkamazi.info\/funavuv\/wp\/v2\/categories?post=1049505"},{"taxonomy":"post_tag","embeddable":true,"href":"https:\/\/darkamazi.info\/funavuv\/wp\/v2\/tags?post=1049505"}],"curies":[{"name":"wp","href":"https:\/\/api.w.org\/{rel}","templated":true}]}}