{"id":1049508,"date":"2025-08-19T17:44:06","date_gmt":"2025-08-19T14:44:06","guid":{"rendered":"https:\/\/darkamazi.info\/?p=1049508"},"modified":"2025-08-19T17:44:06","modified_gmt":"2025-08-19T14:44:06","slug":"kurtulmus-em-e-pevajoya-biratiye-biser-bixinin","status":"publish","type":"post","link":"https:\/\/darkamazi.info\/archives\/1049508","title":{"rendered":"Kurtulmu\u015f: Em \u00ea p\u00eavajoya biratiy\u00ea biser bix\u00eenin"},"content":{"rendered":"<h3 style=\"text-align: justify\"><span style=\"font-family: 'arial black', sans-serif\">Serok\u00ea Parlamentoya Tirkiyey\u00ea Numan Kurtulmu\u015f ragihand, parlamentoya wan d\u00ea ji bo temamkirina &#8220;p\u00eavajoya biratiy\u00ea&#8221; b\u00eay\u00ee ku ti gavek\u00ea pa\u015fve biav\u00eaje d\u00ea berpirsiyariya xwe bicih b\u00eene. Kurtulmu\u015f herwiha hi\u015fyar\u00ee da ku &#8220;hinek kes li hundir \u00fb derve dixwazin r\u00ea li ber a\u015ft\u00ee \u00fb biratiy\u00ea bigirin&#8221; \u00fb tekez kir ku div\u00ea r\u00ea li ber wan were girtin.<\/span><\/h3>\n<h3 style=\"text-align: justify\">Numan Kurtulmu\u015f \u00eero 19\u00ea Tebax\u00ea di destp\u00eaka civ\u00eena \u00e7arem\u00een a &#8220;Kom\u00eesyona Lihevkirina Ni\u015ftiman\u00ee, Birat\u00ee \u00fb Demokrasiy\u00ea&#8221; de axiv\u00ee \u00fb got: &#8220;Parlamentoya Tirkiyey\u00ea d\u00ea b\u00eay\u00ee ku gavek\u00ea pa\u015fve biav\u00eaje, erk\u00ea xwe bicih b\u00eene, da ku ev p\u00eavajo di z\u00fbtir\u00een dem de bi daw\u00ee bibe \u00fb biratiya me ya herhey\u00ee were misogerkirin.&#8221;<\/h3>\n<h3 style=\"text-align: justify\">Serok\u00ea Parlamentoy\u00ea bal ki\u015fand ser gir\u00eengiya pi\u015ftgiriya civak\u00ee \u00fb wiha domand: &#8220;Yek ji erk\u00ean me y\u00ean her\u00ee gir\u00eeng ew e ku em raz\u00eeb\u00fbna civak\u00ee z\u00eade bikin \u00fb pi\u015ftrast bin ku pi\u015ftgiriya be\u015f\u00ean cuda y\u00ean civaka me ji bo v\u00ea p\u00eavajoya biratiy\u00ea z\u00eadetir dibe. Em di navenda p\u00eavajoyek\u00ea de ne \u00fb div\u00ea em bi kelecaneke mezin bixebitin.&#8221;<\/h3>\n<h3 style=\"text-align: justify\">Kurtulmu\u015f da zan\u00een, ew \u00ea di kom\u00eesyon\u00ea de guh bidin hem\u00fb saz\u00ee \u00fb p\u00eakhatey\u00ean ku dikarin be\u015fdar\u00ee p\u00eavajoy\u00ea bibin \u00fb di dawiy\u00ea de ji gel\u00ea Tirkiyey\u00ea re n\u00ee\u015fan bidin ka p\u00eavajo \u00e7awa dikare bi awayek\u00ee serkeft\u00ee bi daw\u00ee bibe.<\/h3>\n<h3 style=\"text-align: justify\">erwiha, Kurtulmu\u015f hi\u015fyar\u00ee da \u00fb got: &#8220;Yek ji xal\u00ean gir\u00eeng \u00ean ku div\u00ea em di v\u00ea p\u00eavajoy\u00ea de bala xwe bidin\u00ea ew e ku li hundir \u00fb derve kes\u00ean ku dixwazin r\u00ea li ber a\u015ft\u00ee \u00fb biratiy\u00ea li Tirkiyey\u00ea bigirin hene. P\u00eaw\u00eest e em r\u00ea li ber wan bigirin.&#8221;<\/h3>\n","protected":false},"excerpt":{"rendered":"<p>Serok\u00ea Parlamentoya Tirkiyey\u00ea Numan Kurtulmu\u015f ragihand, parlamentoya wan d\u00ea ji bo temamkirina &#8220;p\u00eavajoya biratiy\u00ea&#8221; b\u00eay\u00ee ku ti gavek\u00ea pa\u015fve biav\u00eaje d\u00ea berpirsiyariya xwe bicih b\u00eene. Kurtulmu\u015f herwiha hi\u015fyar\u00ee da ku &#8220;hinek kes li hundir \u00fb derve dixwazin r\u00ea li ber a\u015ft\u00ee \u00fb biratiy\u00ea bigirin&#8221; \u00fb tekez kir ku div\u00ea r\u00ea li ber wan were girtin. [&hellip;]<\/p>\n","protected":false},"author":2,"featured_media":1049509,"comment_status":"closed","ping_status":"closed","sticky":false,"template":"","format":"standard","meta":{"footnotes":""},"categories":[29],"tags":[37],"class_list":["post-1049508","post","type-post","status-publish","format-standard","has-post-thumbnail","hentry","category-kurdistan","tag-sereke"],"blocksy_meta":[],"seo_head":"<!-- This site is optimized with the Yoast SEO plugin v27.5 - https:\/\/yoast.com\/product\/yoast-seo-wordpress\/ -->\n<title>Kurtulmu\u015f: Em \u00ea p\u00eavajoya biratiy\u00ea biser bix\u00eenin - Darka Maz\u00ee<\/title>\n<meta name=\"robots\" content=\"index, follow, max-snippet:-1, max-image-preview:large, max-video-preview:-1\" \/>\n<link rel=\"canonical\" href=\"https:\/\/darkamazi.info\/archives\/1049508\" \/>\n<meta property=\"og:locale\" content=\"en_US\" \/>\n<meta property=\"og:type\" content=\"article\" \/>\n<meta property=\"og:title\" content=\"Kurtulmu\u015f: Em \u00ea p\u00eavajoya biratiy\u00ea biser bix\u00eenin - Darka Maz\u00ee\" \/>\n<meta property=\"og:description\" content=\"Serok\u00ea Parlamentoya Tirkiyey\u00ea Numan Kurtulmu\u015f ragihand, parlamentoya wan d\u00ea ji bo temamkirina &#8220;p\u00eavajoya biratiy\u00ea&#8221; b\u00eay\u00ee ku ti gavek\u00ea pa\u015fve biav\u00eaje d\u00ea berpirsiyariya xwe bicih b\u00eene. Kurtulmu\u015f herwiha hi\u015fyar\u00ee da ku &#8220;hinek kes li hundir \u00fb derve dixwazin r\u00ea li ber a\u015ft\u00ee \u00fb biratiy\u00ea bigirin&#8221; \u00fb tekez kir ku div\u00ea r\u00ea li ber wan were girtin. [&hellip;]\" \/>\n<meta property=\"og:url\" content=\"https:\/\/darkamazi.info\/archives\/1049508\" \/>\n<meta property=\"og:site_name\" content=\"Darka Maz\u00ee\" \/>\n<meta property=\"article:publisher\" content=\"https:\/\/www.facebook.com\/DarMaziKurmanci\" \/>\n<meta property=\"article:published_time\" content=\"2025-08-19T14:44:06+00:00\" \/>\n<meta property=\"og:image\" content=\"https:\/\/darkamazi.info\/file\/2025\/08\/Numan-Kurtulmus.jpg\" \/>\n\t<meta property=\"og:image:width\" content=\"900\" \/>\n\t<meta property=\"og:image:height\" content=\"497\" \/>\n\t<meta property=\"og:image:type\" content=\"image\/jpeg\" \/>\n<meta name=\"author\" content=\"darka mazi\" \/>\n<meta name=\"twitter:card\" content=\"summary_large_image\" \/>\n<meta name=\"twitter:creator\" content=\"@DarkaMaziLatini\" \/>\n<meta name=\"twitter:site\" content=\"@DarkaMaziLatini\" \/>\n<meta name=\"twitter:label1\" content=\"Written by\" \/>\n\t<meta name=\"twitter:data1\" content=\"darka mazi\" \/>\n\t<meta name=\"twitter:label2\" content=\"Est. reading time\" \/>\n\t<meta name=\"twitter:data2\" content=\"2 minutes\" \/>\n<script type=\"application\/ld+json\" class=\"seo-schema-graph\">{\"@context\":\"https:\\\/\\\/schema.org\",\"@graph\":[{\"@type\":\"Article\",\"@id\":\"https:\\\/\\\/darkamazi.info\\\/archives\\\/1049508#article\",\"isPartOf\":{\"@id\":\"https:\\\/\\\/darkamazi.info\\\/archives\\\/1049508\"},\"author\":{\"name\":\"darka mazi\",\"@id\":\"https:\\\/\\\/darkamazi.info\\\/#\\\/schema\\\/person\\\/5ad3e24553a0567993fa8ed4bd0a776c\"},\"headline\":\"Kurtulmu\u015f: Em \u00ea p\u00eavajoya biratiy\u00ea biser bix\u00eenin\",\"datePublished\":\"2025-08-19T14:44:06+00:00\",\"mainEntityOfPage\":{\"@id\":\"https:\\\/\\\/darkamazi.info\\\/archives\\\/1049508\"},\"wordCount\":292,\"publisher\":{\"@id\":\"https:\\\/\\\/darkamazi.info\\\/#organization\"},\"image\":{\"@id\":\"https:\\\/\\\/darkamazi.info\\\/archives\\\/1049508#primaryimage\"},\"thumbnailUrl\":\"https:\\\/\\\/darkamazi.info\\\/darka-content\\\/uploads\\\/2025\\\/08\\\/Numan-Kurtulmus.jpg\",\"keywords\":[\"sereke\"],\"articleSection\":[\"Kurdistan\"],\"inLanguage\":\"en-US\"},{\"@type\":\"WebPage\",\"@id\":\"https:\\\/\\\/darkamazi.info\\\/archives\\\/1049508\",\"url\":\"https:\\\/\\\/darkamazi.info\\\/archives\\\/1049508\",\"name\":\"Kurtulmu\u015f: Em \u00ea p\u00eavajoya biratiy\u00ea biser bix\u00eenin - Darka Maz\u00ee\",\"isPartOf\":{\"@id\":\"https:\\\/\\\/darkamazi.info\\\/#website\"},\"primaryImageOfPage\":{\"@id\":\"https:\\\/\\\/darkamazi.info\\\/archives\\\/1049508#primaryimage\"},\"image\":{\"@id\":\"https:\\\/\\\/darkamazi.info\\\/archives\\\/1049508#primaryimage\"},\"thumbnailUrl\":\"https:\\\/\\\/darkamazi.info\\\/darka-content\\\/uploads\\\/2025\\\/08\\\/Numan-Kurtulmus.jpg\",\"datePublished\":\"2025-08-19T14:44:06+00:00\",\"breadcrumb\":{\"@id\":\"https:\\\/\\\/darkamazi.info\\\/archives\\\/1049508#breadcrumb\"},\"inLanguage\":\"en-US\",\"potentialAction\":[{\"@type\":\"ReadAction\",\"target\":[\"https:\\\/\\\/darkamazi.info\\\/archives\\\/1049508\"]}]},{\"@type\":\"ImageObject\",\"inLanguage\":\"en-US\",\"@id\":\"https:\\\/\\\/darkamazi.info\\\/archives\\\/1049508#primaryimage\",\"url\":\"https:\\\/\\\/darkamazi.info\\\/darka-content\\\/uploads\\\/2025\\\/08\\\/Numan-Kurtulmus.jpg\",\"contentUrl\":\"https:\\\/\\\/darkamazi.info\\\/darka-content\\\/uploads\\\/2025\\\/08\\\/Numan-Kurtulmus.jpg\",\"width\":900,\"height\":497,\"caption\":\"Kurtulmu\u015f: Em \u00ea p\u00eavajoya biratiy\u00ea biser bix\u00eenin\"},{\"@type\":\"BreadcrumbList\",\"@id\":\"https:\\\/\\\/darkamazi.info\\\/archives\\\/1049508#breadcrumb\",\"itemListElement\":[{\"@type\":\"ListItem\",\"position\":1,\"name\":\"Home\",\"item\":\"https:\\\/\\\/darkamazi.info\\\/\"},{\"@type\":\"ListItem\",\"position\":2,\"name\":\"Kurtulmu\u015f: Em \u00ea p\u00eavajoya biratiy\u00ea biser bix\u00eenin\"}]},{\"@type\":\"WebSite\",\"@id\":\"https:\\\/\\\/darkamazi.info\\\/#website\",\"url\":\"https:\\\/\\\/darkamazi.info\\\/\",\"name\":\"Darka Maz\u00ee\",\"description\":\"P\u00eageha Zanyariy\u00ean Nebih\u00eest\u00ee\",\"publisher\":{\"@id\":\"https:\\\/\\\/darkamazi.info\\\/#organization\"},\"potentialAction\":[{\"@type\":\"SearchAction\",\"target\":{\"@type\":\"EntryPoint\",\"urlTemplate\":\"https:\\\/\\\/darkamazi.info\\\/?s={search_term_string}\"},\"query-input\":{\"@type\":\"PropertyValueSpecification\",\"valueRequired\":true,\"valueName\":\"search_term_string\"}}],\"inLanguage\":\"en-US\"},{\"@type\":\"Organization\",\"@id\":\"https:\\\/\\\/darkamazi.info\\\/#organization\",\"name\":\"Darka Maz\u00ee\",\"url\":\"https:\\\/\\\/darkamazi.info\\\/\",\"logo\":{\"@type\":\"ImageObject\",\"inLanguage\":\"en-US\",\"@id\":\"https:\\\/\\\/darkamazi.info\\\/#\\\/schema\\\/logo\\\/image\\\/\",\"url\":\"https:\\\/\\\/darkamazi.info\\\/darka-content\\\/uploads\\\/2017\\\/12\\\/darka-mazi-logo.png\",\"contentUrl\":\"https:\\\/\\\/darkamazi.info\\\/darka-content\\\/uploads\\\/2017\\\/12\\\/darka-mazi-logo.png\",\"width\":151,\"height\":75,\"caption\":\"Darka Maz\u00ee\"},\"image\":{\"@id\":\"https:\\\/\\\/darkamazi.info\\\/#\\\/schema\\\/logo\\\/image\\\/\"},\"sameAs\":[\"https:\\\/\\\/www.facebook.com\\\/DarMaziKurmanci\",\"https:\\\/\\\/x.com\\\/DarkaMaziLatini\",\"https:\\\/\\\/www.instagram.com\\\/darkamazi.kurmanci\\\/\",\"https:\\\/\\\/www.youtube.com\\\/channel\\\/UCa5HkTdmI8U1qCUFuTw8B2g\"]},{\"@type\":\"Person\",\"@id\":\"https:\\\/\\\/darkamazi.info\\\/#\\\/schema\\\/person\\\/5ad3e24553a0567993fa8ed4bd0a776c\",\"name\":\"darka mazi\",\"sameAs\":[\"https:\\\/\\\/darkamazi.info\\\/\"],\"url\":\"https:\\\/\\\/darkamazi.info\\\/archives\\\/author\\\/kurdi\"}]}<\/script>\n<!-- \/ Yoast SEO plugin. -->","seo_head_json":{"title":"Kurtulmu\u015f: Em \u00ea p\u00eavajoya biratiy\u00ea biser bix\u00eenin - Darka Maz\u00ee","robots":{"index":"index","follow":"follow","max-snippet":"max-snippet:-1","max-image-preview":"max-image-preview:large","max-video-preview":"max-video-preview:-1"},"canonical":"https:\/\/darkamazi.info\/archives\/1049508","og_locale":"en_US","og_type":"article","og_title":"Kurtulmu\u015f: Em \u00ea p\u00eavajoya biratiy\u00ea biser bix\u00eenin - Darka Maz\u00ee","og_description":"Serok\u00ea Parlamentoya Tirkiyey\u00ea Numan Kurtulmu\u015f ragihand, parlamentoya wan d\u00ea ji bo temamkirina &#8220;p\u00eavajoya biratiy\u00ea&#8221; b\u00eay\u00ee ku ti gavek\u00ea pa\u015fve biav\u00eaje d\u00ea berpirsiyariya xwe bicih b\u00eene. Kurtulmu\u015f herwiha hi\u015fyar\u00ee da ku &#8220;hinek kes li hundir \u00fb derve dixwazin r\u00ea li ber a\u015ft\u00ee \u00fb biratiy\u00ea bigirin&#8221; \u00fb tekez kir ku div\u00ea r\u00ea li ber wan were girtin. [&hellip;]","og_url":"https:\/\/darkamazi.info\/archives\/1049508","og_site_name":"Darka Maz\u00ee","article_publisher":"https:\/\/www.facebook.com\/DarMaziKurmanci","article_published_time":"2025-08-19T14:44:06+00:00","og_image":[{"width":900,"height":497,"url":"https:\/\/darkamazi.info\/file\/2025\/08\/Numan-Kurtulmus.jpg","type":"image\/jpeg"}],"author":"darka mazi","twitter_card":"summary_large_image","twitter_creator":"@DarkaMaziLatini","twitter_site":"@DarkaMaziLatini","twitter_misc":{"Written by":"darka mazi","Est. reading time":"2 minutes"},"schema":{"@context":"https:\/\/schema.org","@graph":[{"@type":"Article","@id":"https:\/\/darkamazi.info\/archives\/1049508#article","isPartOf":{"@id":"https:\/\/darkamazi.info\/archives\/1049508"},"author":{"name":"darka mazi","@id":"https:\/\/darkamazi.info\/#\/schema\/person\/5ad3e24553a0567993fa8ed4bd0a776c"},"headline":"Kurtulmu\u015f: Em \u00ea p\u00eavajoya biratiy\u00ea biser bix\u00eenin","datePublished":"2025-08-19T14:44:06+00:00","mainEntityOfPage":{"@id":"https:\/\/darkamazi.info\/archives\/1049508"},"wordCount":292,"publisher":{"@id":"https:\/\/darkamazi.info\/#organization"},"image":{"@id":"https:\/\/darkamazi.info\/archives\/1049508#primaryimage"},"thumbnailUrl":"https:\/\/darkamazi.info\/file\/2025\/08\/Numan-Kurtulmus.jpg","keywords":["sereke"],"articleSection":["Kurdistan"],"inLanguage":"en-US"},{"@type":"WebPage","@id":"https:\/\/darkamazi.info\/archives\/1049508","url":"https:\/\/darkamazi.info\/archives\/1049508","name":"Kurtulmu\u015f: Em \u00ea p\u00eavajoya biratiy\u00ea biser bix\u00eenin - Darka Maz\u00ee","isPartOf":{"@id":"https:\/\/darkamazi.info\/#website"},"primaryImageOfPage":{"@id":"https:\/\/darkamazi.info\/archives\/1049508#primaryimage"},"image":{"@id":"https:\/\/darkamazi.info\/archives\/1049508#primaryimage"},"thumbnailUrl":"https:\/\/darkamazi.info\/file\/2025\/08\/Numan-Kurtulmus.jpg","datePublished":"2025-08-19T14:44:06+00:00","breadcrumb":{"@id":"https:\/\/darkamazi.info\/archives\/1049508#breadcrumb"},"inLanguage":"en-US","potentialAction":[{"@type":"ReadAction","target":["https:\/\/darkamazi.info\/archives\/1049508"]}]},{"@type":"ImageObject","inLanguage":"en-US","@id":"https:\/\/darkamazi.info\/archives\/1049508#primaryimage","url":"https:\/\/darkamazi.info\/file\/2025\/08\/Numan-Kurtulmus.jpg","contentUrl":"https:\/\/darkamazi.info\/file\/2025\/08\/Numan-Kurtulmus.jpg","width":900,"height":497,"caption":"Kurtulmu\u015f: Em \u00ea p\u00eavajoya biratiy\u00ea biser bix\u00eenin"},{"@type":"BreadcrumbList","@id":"https:\/\/darkamazi.info\/archives\/1049508#breadcrumb","itemListElement":[{"@type":"ListItem","position":1,"name":"Home","item":"https:\/\/darkamazi.info\/"},{"@type":"ListItem","position":2,"name":"Kurtulmu\u015f: Em \u00ea p\u00eavajoya biratiy\u00ea biser bix\u00eenin"}]},{"@type":"WebSite","@id":"https:\/\/darkamazi.info\/#website","url":"https:\/\/darkamazi.info\/","name":"Darka Maz\u00ee","description":"P\u00eageha Zanyariy\u00ean Nebih\u00eest\u00ee","publisher":{"@id":"https:\/\/darkamazi.info\/#organization"},"potentialAction":[{"@type":"SearchAction","target":{"@type":"EntryPoint","urlTemplate":"https:\/\/darkamazi.info\/?s={search_term_string}"},"query-input":{"@type":"PropertyValueSpecification","valueRequired":true,"valueName":"search_term_string"}}],"inLanguage":"en-US"},{"@type":"Organization","@id":"https:\/\/darkamazi.info\/#organization","name":"Darka Maz\u00ee","url":"https:\/\/darkamazi.info\/","logo":{"@type":"ImageObject","inLanguage":"en-US","@id":"https:\/\/darkamazi.info\/#\/schema\/logo\/image\/","url":"https:\/\/darkamazi.info\/file\/2017\/12\/darka-mazi-logo.png","contentUrl":"https:\/\/darkamazi.info\/file\/2017\/12\/darka-mazi-logo.png","width":151,"height":75,"caption":"Darka Maz\u00ee"},"image":{"@id":"https:\/\/darkamazi.info\/#\/schema\/logo\/image\/"},"sameAs":["https:\/\/www.facebook.com\/DarMaziKurmanci","https:\/\/x.com\/DarkaMaziLatini","https:\/\/www.instagram.com\/darkamazi.kurmanci\/","https:\/\/www.youtube.com\/channel\/UCa5HkTdmI8U1qCUFuTw8B2g"]},{"@type":"Person","@id":"https:\/\/darkamazi.info\/#\/schema\/person\/5ad3e24553a0567993fa8ed4bd0a776c","name":"darka mazi","sameAs":["https:\/\/darkamazi.info\/"],"url":"https:\/\/darkamazi.info\/archives\/author\/kurdi"}]}},"_links":{"self":[{"href":"https:\/\/darkamazi.info\/funavuv\/wp\/v2\/posts\/1049508","targetHints":{"allow":["GET"]}}],"collection":[{"href":"https:\/\/darkamazi.info\/funavuv\/wp\/v2\/posts"}],"about":[{"href":"https:\/\/darkamazi.info\/funavuv\/wp\/v2\/types\/post"}],"author":[{"embeddable":true,"href":"https:\/\/darkamazi.info\/funavuv\/wp\/v2\/users\/2"}],"replies":[{"embeddable":true,"href":"https:\/\/darkamazi.info\/funavuv\/wp\/v2\/comments?post=1049508"}],"version-history":[{"count":0,"href":"https:\/\/darkamazi.info\/funavuv\/wp\/v2\/posts\/1049508\/revisions"}],"wp:featuredmedia":[{"embeddable":true,"href":"https:\/\/darkamazi.info\/funavuv\/wp\/v2\/media\/1049509"}],"wp:attachment":[{"href":"https:\/\/darkamazi.info\/funavuv\/wp\/v2\/media?parent=1049508"}],"wp:term":[{"taxonomy":"category","embeddable":true,"href":"https:\/\/darkamazi.info\/funavuv\/wp\/v2\/categories?post=1049508"},{"taxonomy":"post_tag","embeddable":true,"href":"https:\/\/darkamazi.info\/funavuv\/wp\/v2\/tags?post=1049508"}],"curies":[{"name":"wp","href":"https:\/\/api.w.org\/{rel}","templated":true}]}}