{"id":1049514,"date":"2025-08-20T09:40:07","date_gmt":"2025-08-20T06:40:07","guid":{"rendered":"https:\/\/darkamazi.info\/?p=1049514"},"modified":"2025-08-20T09:40:07","modified_gmt":"2025-08-20T06:40:07","slug":"li-idlibe-operasyoneke-asmani-hevpeymaniye-serkirdeyeki-daise-kir-armanc","status":"publish","type":"post","link":"https:\/\/darkamazi.info\/archives\/1049514","title":{"rendered":"Li Idlib\u00ea operasyoneke asman\u00ee: Hevpeymaniy\u00ea serkirdeyek\u00ee DAI\u015e\u00ea kir armanc"},"content":{"rendered":"<h3 style=\"text-align: justify\"><span style=\"font-family: 'arial black', sans-serif\">H\u00eaz\u00ean Hevpeymaniya Navdewlet\u00ee li devera Etm\u00ea ya ser bi gundewar\u00ea Idlib\u00ea ve, operasyoneke asman\u00ee p\u00eak an\u00een. Li gor\u00ee zanyariy\u00ean destp\u00eak\u00ea, di operasyon\u00ea de serkirdeyek\u00ee payebilind \u00ea DAI\u015e\u00ea hatiye armanckirin.<\/span><\/h3>\n<h3 style=\"text-align: justify\"><span style=\"font-family: arial, helvetica, sans-serif\">Li gor\u00ee medya navxwey\u00ee ya Siweyday\u00ea, operasyon bi hejmarek hel\u00eekopteran \u00fb bi pi\u015ftgiriya dronan hatiye lidarxistin \u00fb di dema operasyon\u00ea de deng\u00ea teq\u00een \u00fb gulebaran\u00ea hatiye bih\u00eestin.<\/span><\/h3>\n<h3 style=\"text-align: justify\"><span style=\"font-family: arial, helvetica, sans-serif\">\u00c7avkaniy\u00ean her\u00eam\u00ee j\u00ee diyar kirin, armanca operasyon\u00ea serkirdeyek\u00ee DAI\u015e\u00ea y\u00ea bi nav\u00ea Eb\u00fb Hefis El-Qure\u015f\u00ee b\u00fb, ku bi esl\u00ea xwe Iraq\u00ee ye.<\/span><\/h3>\n<h3 style=\"text-align: justify\"><span style=\"font-family: arial, helvetica, sans-serif\">Tev\u00ee van raporan, heta niha Hevpeymaniya Navdewlet\u00ee derbar\u00ea operasyon\u00ea de ti daxuyaniyeke ferm\u00ee belav nekiriye.<\/span><\/h3>\n<h3 style=\"text-align: justify\"><span style=\"font-family: arial, helvetica, sans-serif\">Ev operasyon di demek\u00ea de t\u00ea ku di meha T\u00eermeha bor\u00ee de j\u00ee, Fermandariya Navend\u00ee ya Amer\u00eekay\u00ea (CENTCOM) operasyoneke bi heman reng\u00ee li bajar\u00ea Bab\u00ea y\u00ea Heleb\u00ea p\u00eak an\u00eeb\u00fb \u00fb di encam\u00ea de serkirdeyek\u00ee DAI\u015e\u00ea tev\u00ee du kur\u00ean xwe hatib\u00fb ku\u015ftin.<\/span><\/h3>\n","protected":false},"excerpt":{"rendered":"<p>H\u00eaz\u00ean Hevpeymaniya Navdewlet\u00ee li devera Etm\u00ea ya ser bi gundewar\u00ea Idlib\u00ea ve, operasyoneke asman\u00ee p\u00eak an\u00een. Li gor\u00ee zanyariy\u00ean destp\u00eak\u00ea, di operasyon\u00ea de serkirdeyek\u00ee payebilind \u00ea DAI\u015e\u00ea hatiye armanckirin. Li gor\u00ee medya navxwey\u00ee ya Siweyday\u00ea, operasyon bi hejmarek hel\u00eekopteran \u00fb bi pi\u015ftgiriya dronan hatiye lidarxistin \u00fb di dema operasyon\u00ea de deng\u00ea teq\u00een \u00fb gulebaran\u00ea hatiye [&hellip;]<\/p>\n","protected":false},"author":2,"featured_media":1049515,"comment_status":"closed","ping_status":"closed","sticky":false,"template":"","format":"standard","meta":{"footnotes":""},"categories":[31],"tags":[37],"class_list":["post-1049514","post","type-post","status-publish","format-standard","has-post-thumbnail","hentry","category-rojhelata-navin","tag-sereke"],"blocksy_meta":[],"seo_head":"<!-- This site is optimized with the Yoast SEO plugin v27.5 - https:\/\/yoast.com\/product\/yoast-seo-wordpress\/ -->\n<title>Li Idlib\u00ea operasyoneke asman\u00ee: Hevpeymaniy\u00ea serkirdeyek\u00ee DAI\u015e\u00ea kir armanc - Darka Maz\u00ee<\/title>\n<meta name=\"robots\" content=\"index, follow, max-snippet:-1, max-image-preview:large, max-video-preview:-1\" \/>\n<link rel=\"canonical\" href=\"https:\/\/darkamazi.info\/archives\/1049514\" \/>\n<meta property=\"og:locale\" content=\"en_US\" \/>\n<meta property=\"og:type\" content=\"article\" \/>\n<meta property=\"og:title\" content=\"Li Idlib\u00ea operasyoneke asman\u00ee: Hevpeymaniy\u00ea serkirdeyek\u00ee DAI\u015e\u00ea kir armanc - Darka Maz\u00ee\" \/>\n<meta property=\"og:description\" content=\"H\u00eaz\u00ean Hevpeymaniya Navdewlet\u00ee li devera Etm\u00ea ya ser bi gundewar\u00ea Idlib\u00ea ve, operasyoneke asman\u00ee p\u00eak an\u00een. Li gor\u00ee zanyariy\u00ean destp\u00eak\u00ea, di operasyon\u00ea de serkirdeyek\u00ee payebilind \u00ea DAI\u015e\u00ea hatiye armanckirin. Li gor\u00ee medya navxwey\u00ee ya Siweyday\u00ea, operasyon bi hejmarek hel\u00eekopteran \u00fb bi pi\u015ftgiriya dronan hatiye lidarxistin \u00fb di dema operasyon\u00ea de deng\u00ea teq\u00een \u00fb gulebaran\u00ea hatiye [&hellip;]\" \/>\n<meta property=\"og:url\" content=\"https:\/\/darkamazi.info\/archives\/1049514\" \/>\n<meta property=\"og:site_name\" content=\"Darka Maz\u00ee\" \/>\n<meta property=\"article:publisher\" content=\"https:\/\/www.facebook.com\/DarMaziKurmanci\" \/>\n<meta property=\"article:published_time\" content=\"2025-08-20T06:40:07+00:00\" \/>\n<meta property=\"og:image\" content=\"https:\/\/darkamazi.info\/file\/2025\/08\/Idlib-isis.jpg\" \/>\n\t<meta property=\"og:image:width\" content=\"900\" \/>\n\t<meta property=\"og:image:height\" content=\"500\" \/>\n\t<meta property=\"og:image:type\" content=\"image\/jpeg\" \/>\n<meta name=\"author\" content=\"darka mazi\" \/>\n<meta name=\"twitter:card\" content=\"summary_large_image\" \/>\n<meta name=\"twitter:creator\" content=\"@DarkaMaziLatini\" \/>\n<meta name=\"twitter:site\" content=\"@DarkaMaziLatini\" \/>\n<meta name=\"twitter:label1\" content=\"Written by\" \/>\n\t<meta name=\"twitter:data1\" content=\"darka mazi\" \/>\n\t<meta name=\"twitter:label2\" content=\"Est. reading time\" \/>\n\t<meta name=\"twitter:data2\" content=\"1 minute\" \/>\n<script type=\"application\/ld+json\" class=\"seo-schema-graph\">{\"@context\":\"https:\\\/\\\/schema.org\",\"@graph\":[{\"@type\":\"Article\",\"@id\":\"https:\\\/\\\/darkamazi.info\\\/archives\\\/1049514#article\",\"isPartOf\":{\"@id\":\"https:\\\/\\\/darkamazi.info\\\/archives\\\/1049514\"},\"author\":{\"name\":\"darka mazi\",\"@id\":\"https:\\\/\\\/darkamazi.info\\\/#\\\/schema\\\/person\\\/5ad3e24553a0567993fa8ed4bd0a776c\"},\"headline\":\"Li Idlib\u00ea operasyoneke asman\u00ee: Hevpeymaniy\u00ea serkirdeyek\u00ee DAI\u015e\u00ea kir armanc\",\"datePublished\":\"2025-08-20T06:40:07+00:00\",\"mainEntityOfPage\":{\"@id\":\"https:\\\/\\\/darkamazi.info\\\/archives\\\/1049514\"},\"wordCount\":156,\"publisher\":{\"@id\":\"https:\\\/\\\/darkamazi.info\\\/#organization\"},\"image\":{\"@id\":\"https:\\\/\\\/darkamazi.info\\\/archives\\\/1049514#primaryimage\"},\"thumbnailUrl\":\"https:\\\/\\\/darkamazi.info\\\/darka-content\\\/uploads\\\/2025\\\/08\\\/Idlib-isis.jpg\",\"keywords\":[\"sereke\"],\"articleSection\":[\"Rojhelata nav\u00een\"],\"inLanguage\":\"en-US\"},{\"@type\":\"WebPage\",\"@id\":\"https:\\\/\\\/darkamazi.info\\\/archives\\\/1049514\",\"url\":\"https:\\\/\\\/darkamazi.info\\\/archives\\\/1049514\",\"name\":\"Li Idlib\u00ea operasyoneke asman\u00ee: Hevpeymaniy\u00ea serkirdeyek\u00ee DAI\u015e\u00ea kir armanc - Darka Maz\u00ee\",\"isPartOf\":{\"@id\":\"https:\\\/\\\/darkamazi.info\\\/#website\"},\"primaryImageOfPage\":{\"@id\":\"https:\\\/\\\/darkamazi.info\\\/archives\\\/1049514#primaryimage\"},\"image\":{\"@id\":\"https:\\\/\\\/darkamazi.info\\\/archives\\\/1049514#primaryimage\"},\"thumbnailUrl\":\"https:\\\/\\\/darkamazi.info\\\/darka-content\\\/uploads\\\/2025\\\/08\\\/Idlib-isis.jpg\",\"datePublished\":\"2025-08-20T06:40:07+00:00\",\"breadcrumb\":{\"@id\":\"https:\\\/\\\/darkamazi.info\\\/archives\\\/1049514#breadcrumb\"},\"inLanguage\":\"en-US\",\"potentialAction\":[{\"@type\":\"ReadAction\",\"target\":[\"https:\\\/\\\/darkamazi.info\\\/archives\\\/1049514\"]}]},{\"@type\":\"ImageObject\",\"inLanguage\":\"en-US\",\"@id\":\"https:\\\/\\\/darkamazi.info\\\/archives\\\/1049514#primaryimage\",\"url\":\"https:\\\/\\\/darkamazi.info\\\/darka-content\\\/uploads\\\/2025\\\/08\\\/Idlib-isis.jpg\",\"contentUrl\":\"https:\\\/\\\/darkamazi.info\\\/darka-content\\\/uploads\\\/2025\\\/08\\\/Idlib-isis.jpg\",\"width\":900,\"height\":500,\"caption\":\"Idlib-isis\"},{\"@type\":\"BreadcrumbList\",\"@id\":\"https:\\\/\\\/darkamazi.info\\\/archives\\\/1049514#breadcrumb\",\"itemListElement\":[{\"@type\":\"ListItem\",\"position\":1,\"name\":\"Home\",\"item\":\"https:\\\/\\\/darkamazi.info\\\/\"},{\"@type\":\"ListItem\",\"position\":2,\"name\":\"Li Idlib\u00ea operasyoneke asman\u00ee: Hevpeymaniy\u00ea serkirdeyek\u00ee DAI\u015e\u00ea kir armanc\"}]},{\"@type\":\"WebSite\",\"@id\":\"https:\\\/\\\/darkamazi.info\\\/#website\",\"url\":\"https:\\\/\\\/darkamazi.info\\\/\",\"name\":\"Darka Maz\u00ee\",\"description\":\"P\u00eageha Zanyariy\u00ean Nebih\u00eest\u00ee\",\"publisher\":{\"@id\":\"https:\\\/\\\/darkamazi.info\\\/#organization\"},\"potentialAction\":[{\"@type\":\"SearchAction\",\"target\":{\"@type\":\"EntryPoint\",\"urlTemplate\":\"https:\\\/\\\/darkamazi.info\\\/?s={search_term_string}\"},\"query-input\":{\"@type\":\"PropertyValueSpecification\",\"valueRequired\":true,\"valueName\":\"search_term_string\"}}],\"inLanguage\":\"en-US\"},{\"@type\":\"Organization\",\"@id\":\"https:\\\/\\\/darkamazi.info\\\/#organization\",\"name\":\"Darka Maz\u00ee\",\"url\":\"https:\\\/\\\/darkamazi.info\\\/\",\"logo\":{\"@type\":\"ImageObject\",\"inLanguage\":\"en-US\",\"@id\":\"https:\\\/\\\/darkamazi.info\\\/#\\\/schema\\\/logo\\\/image\\\/\",\"url\":\"https:\\\/\\\/darkamazi.info\\\/darka-content\\\/uploads\\\/2017\\\/12\\\/darka-mazi-logo.png\",\"contentUrl\":\"https:\\\/\\\/darkamazi.info\\\/darka-content\\\/uploads\\\/2017\\\/12\\\/darka-mazi-logo.png\",\"width\":151,\"height\":75,\"caption\":\"Darka Maz\u00ee\"},\"image\":{\"@id\":\"https:\\\/\\\/darkamazi.info\\\/#\\\/schema\\\/logo\\\/image\\\/\"},\"sameAs\":[\"https:\\\/\\\/www.facebook.com\\\/DarMaziKurmanci\",\"https:\\\/\\\/x.com\\\/DarkaMaziLatini\",\"https:\\\/\\\/www.instagram.com\\\/darkamazi.kurmanci\\\/\",\"https:\\\/\\\/www.youtube.com\\\/channel\\\/UCa5HkTdmI8U1qCUFuTw8B2g\"]},{\"@type\":\"Person\",\"@id\":\"https:\\\/\\\/darkamazi.info\\\/#\\\/schema\\\/person\\\/5ad3e24553a0567993fa8ed4bd0a776c\",\"name\":\"darka mazi\",\"sameAs\":[\"https:\\\/\\\/darkamazi.info\\\/\"],\"url\":\"https:\\\/\\\/darkamazi.info\\\/archives\\\/author\\\/kurdi\"}]}<\/script>\n<!-- \/ Yoast SEO plugin. -->","seo_head_json":{"title":"Li Idlib\u00ea operasyoneke asman\u00ee: Hevpeymaniy\u00ea serkirdeyek\u00ee DAI\u015e\u00ea kir armanc - Darka Maz\u00ee","robots":{"index":"index","follow":"follow","max-snippet":"max-snippet:-1","max-image-preview":"max-image-preview:large","max-video-preview":"max-video-preview:-1"},"canonical":"https:\/\/darkamazi.info\/archives\/1049514","og_locale":"en_US","og_type":"article","og_title":"Li Idlib\u00ea operasyoneke asman\u00ee: Hevpeymaniy\u00ea serkirdeyek\u00ee DAI\u015e\u00ea kir armanc - Darka Maz\u00ee","og_description":"H\u00eaz\u00ean Hevpeymaniya Navdewlet\u00ee li devera Etm\u00ea ya ser bi gundewar\u00ea Idlib\u00ea ve, operasyoneke asman\u00ee p\u00eak an\u00een. Li gor\u00ee zanyariy\u00ean destp\u00eak\u00ea, di operasyon\u00ea de serkirdeyek\u00ee payebilind \u00ea DAI\u015e\u00ea hatiye armanckirin. Li gor\u00ee medya navxwey\u00ee ya Siweyday\u00ea, operasyon bi hejmarek hel\u00eekopteran \u00fb bi pi\u015ftgiriya dronan hatiye lidarxistin \u00fb di dema operasyon\u00ea de deng\u00ea teq\u00een \u00fb gulebaran\u00ea hatiye [&hellip;]","og_url":"https:\/\/darkamazi.info\/archives\/1049514","og_site_name":"Darka Maz\u00ee","article_publisher":"https:\/\/www.facebook.com\/DarMaziKurmanci","article_published_time":"2025-08-20T06:40:07+00:00","og_image":[{"width":900,"height":500,"url":"https:\/\/darkamazi.info\/file\/2025\/08\/Idlib-isis.jpg","type":"image\/jpeg"}],"author":"darka mazi","twitter_card":"summary_large_image","twitter_creator":"@DarkaMaziLatini","twitter_site":"@DarkaMaziLatini","twitter_misc":{"Written by":"darka mazi","Est. reading time":"1 minute"},"schema":{"@context":"https:\/\/schema.org","@graph":[{"@type":"Article","@id":"https:\/\/darkamazi.info\/archives\/1049514#article","isPartOf":{"@id":"https:\/\/darkamazi.info\/archives\/1049514"},"author":{"name":"darka mazi","@id":"https:\/\/darkamazi.info\/#\/schema\/person\/5ad3e24553a0567993fa8ed4bd0a776c"},"headline":"Li Idlib\u00ea operasyoneke asman\u00ee: Hevpeymaniy\u00ea serkirdeyek\u00ee DAI\u015e\u00ea kir armanc","datePublished":"2025-08-20T06:40:07+00:00","mainEntityOfPage":{"@id":"https:\/\/darkamazi.info\/archives\/1049514"},"wordCount":156,"publisher":{"@id":"https:\/\/darkamazi.info\/#organization"},"image":{"@id":"https:\/\/darkamazi.info\/archives\/1049514#primaryimage"},"thumbnailUrl":"https:\/\/darkamazi.info\/file\/2025\/08\/Idlib-isis.jpg","keywords":["sereke"],"articleSection":["Rojhelata nav\u00een"],"inLanguage":"en-US"},{"@type":"WebPage","@id":"https:\/\/darkamazi.info\/archives\/1049514","url":"https:\/\/darkamazi.info\/archives\/1049514","name":"Li Idlib\u00ea operasyoneke asman\u00ee: Hevpeymaniy\u00ea serkirdeyek\u00ee DAI\u015e\u00ea kir armanc - Darka Maz\u00ee","isPartOf":{"@id":"https:\/\/darkamazi.info\/#website"},"primaryImageOfPage":{"@id":"https:\/\/darkamazi.info\/archives\/1049514#primaryimage"},"image":{"@id":"https:\/\/darkamazi.info\/archives\/1049514#primaryimage"},"thumbnailUrl":"https:\/\/darkamazi.info\/file\/2025\/08\/Idlib-isis.jpg","datePublished":"2025-08-20T06:40:07+00:00","breadcrumb":{"@id":"https:\/\/darkamazi.info\/archives\/1049514#breadcrumb"},"inLanguage":"en-US","potentialAction":[{"@type":"ReadAction","target":["https:\/\/darkamazi.info\/archives\/1049514"]}]},{"@type":"ImageObject","inLanguage":"en-US","@id":"https:\/\/darkamazi.info\/archives\/1049514#primaryimage","url":"https:\/\/darkamazi.info\/file\/2025\/08\/Idlib-isis.jpg","contentUrl":"https:\/\/darkamazi.info\/file\/2025\/08\/Idlib-isis.jpg","width":900,"height":500,"caption":"Idlib-isis"},{"@type":"BreadcrumbList","@id":"https:\/\/darkamazi.info\/archives\/1049514#breadcrumb","itemListElement":[{"@type":"ListItem","position":1,"name":"Home","item":"https:\/\/darkamazi.info\/"},{"@type":"ListItem","position":2,"name":"Li Idlib\u00ea operasyoneke asman\u00ee: Hevpeymaniy\u00ea serkirdeyek\u00ee DAI\u015e\u00ea kir armanc"}]},{"@type":"WebSite","@id":"https:\/\/darkamazi.info\/#website","url":"https:\/\/darkamazi.info\/","name":"Darka Maz\u00ee","description":"P\u00eageha Zanyariy\u00ean Nebih\u00eest\u00ee","publisher":{"@id":"https:\/\/darkamazi.info\/#organization"},"potentialAction":[{"@type":"SearchAction","target":{"@type":"EntryPoint","urlTemplate":"https:\/\/darkamazi.info\/?s={search_term_string}"},"query-input":{"@type":"PropertyValueSpecification","valueRequired":true,"valueName":"search_term_string"}}],"inLanguage":"en-US"},{"@type":"Organization","@id":"https:\/\/darkamazi.info\/#organization","name":"Darka Maz\u00ee","url":"https:\/\/darkamazi.info\/","logo":{"@type":"ImageObject","inLanguage":"en-US","@id":"https:\/\/darkamazi.info\/#\/schema\/logo\/image\/","url":"https:\/\/darkamazi.info\/file\/2017\/12\/darka-mazi-logo.png","contentUrl":"https:\/\/darkamazi.info\/file\/2017\/12\/darka-mazi-logo.png","width":151,"height":75,"caption":"Darka Maz\u00ee"},"image":{"@id":"https:\/\/darkamazi.info\/#\/schema\/logo\/image\/"},"sameAs":["https:\/\/www.facebook.com\/DarMaziKurmanci","https:\/\/x.com\/DarkaMaziLatini","https:\/\/www.instagram.com\/darkamazi.kurmanci\/","https:\/\/www.youtube.com\/channel\/UCa5HkTdmI8U1qCUFuTw8B2g"]},{"@type":"Person","@id":"https:\/\/darkamazi.info\/#\/schema\/person\/5ad3e24553a0567993fa8ed4bd0a776c","name":"darka mazi","sameAs":["https:\/\/darkamazi.info\/"],"url":"https:\/\/darkamazi.info\/archives\/author\/kurdi"}]}},"_links":{"self":[{"href":"https:\/\/darkamazi.info\/funavuv\/wp\/v2\/posts\/1049514","targetHints":{"allow":["GET"]}}],"collection":[{"href":"https:\/\/darkamazi.info\/funavuv\/wp\/v2\/posts"}],"about":[{"href":"https:\/\/darkamazi.info\/funavuv\/wp\/v2\/types\/post"}],"author":[{"embeddable":true,"href":"https:\/\/darkamazi.info\/funavuv\/wp\/v2\/users\/2"}],"replies":[{"embeddable":true,"href":"https:\/\/darkamazi.info\/funavuv\/wp\/v2\/comments?post=1049514"}],"version-history":[{"count":0,"href":"https:\/\/darkamazi.info\/funavuv\/wp\/v2\/posts\/1049514\/revisions"}],"wp:featuredmedia":[{"embeddable":true,"href":"https:\/\/darkamazi.info\/funavuv\/wp\/v2\/media\/1049515"}],"wp:attachment":[{"href":"https:\/\/darkamazi.info\/funavuv\/wp\/v2\/media?parent=1049514"}],"wp:term":[{"taxonomy":"category","embeddable":true,"href":"https:\/\/darkamazi.info\/funavuv\/wp\/v2\/categories?post=1049514"},{"taxonomy":"post_tag","embeddable":true,"href":"https:\/\/darkamazi.info\/funavuv\/wp\/v2\/tags?post=1049514"}],"curies":[{"name":"wp","href":"https:\/\/api.w.org\/{rel}","templated":true}]}}