{"id":1049519,"date":"2025-08-20T11:56:10","date_gmt":"2025-08-20T08:56:10","guid":{"rendered":"https:\/\/darkamazi.info\/?p=1049519"},"modified":"2025-08-20T11:56:10","modified_gmt":"2025-08-20T08:56:10","slug":"komisyona-astiye-iro-guh-dide-denge-dayiken-semiye-u-dayiken-astiye","status":"publish","type":"post","link":"https:\/\/darkamazi.info\/archives\/1049519","title":{"rendered":"Kom\u00eesyona A\u015ftiy\u00ea \u00eero guh dide deng\u00ea Dayik\u00ean \u015eemiy\u00ea \u00fb Dayik\u00ean A\u015ftiy\u00ea"},"content":{"rendered":"<h3 style=\"text-align: justify\"><span style=\"font-family: 'arial black', sans-serif\"><strong>Kom\u00eesyona Hevr\u00eaziya Ni\u015ftiman\u00ee, Birat\u00ee \u00fb Demokrasiy\u00ea, di \u00e7ar\u00e7oveya hewldan\u00ean ji bo p\u00eavajoya a\u015ftiy\u00ea de, \u00eero di civ\u00eena xwe de guhdar\u00ee n\u00fbner\u00ean Dayik\u00ean A\u015ftiy\u00ea, Dayik\u00ean \u015eemiy\u00ea \u00fb hin r\u00eaxistin\u00ean maf\u00ean mirovan dike.<\/strong><\/span><\/h3>\n<h3 style=\"text-align: justify\"><span style=\"font-family: arial, helvetica, sans-serif\">Kom\u00eesyon \u00eero \u00c7ar\u015fem\u00ea, 20\u00ea Tebaxa 2025an, d\u00ea di du r\u00fbni\u015ftinan de p\u00ea\u015fwaziya m\u00eavan\u00ean xwe bike. Di r\u00fbni\u015ftina yekem de, d\u00ea n\u00fbner\u00ean Dayik\u00ean \u015eemiy\u00ea \u00fb Dayik\u00ean A\u015ftiy\u00ea b\u00ean guhdarkirin.\u00a0<\/span><\/h3>\n<h3 style=\"text-align: justify\"><span style=\"font-family: arial, helvetica, sans-serif\">Di r\u00fbni\u015ftina duyem\u00een de j\u00ee d\u00ea n\u00fbner\u00ean Weqfa Al\u00eekariya Mirov\u00ee, Maf \u00fb Azadiyan (IHH), Komeleya Maf\u00ean Mirovan (IHD), Komeleya Pi\u015ftevaniya ji bo Mazl\u00fbman (MAZLUMDER) \u00fb Weqfa Maf\u00ean Mirovan a Tahir El\u00e7\u00ee daxwaz \u00fb n\u00ear\u00een\u00ean xwe p\u00ea\u015fk\u00ea\u015f bikin.<\/span><\/h3>\n<h3 style=\"text-align: justify\"><span style=\"font-family: arial, helvetica, sans-serif\">Ev civ\u00een di demek\u00ea de t\u00ea ku kom\u00eesyon\u00ea duh j\u00ee di civ\u00eena xwe ya \u00e7arem\u00een de guh dab\u00fb aliy\u00ean din. Di w\u00ea civ\u00een\u00ea de, malbat\u00ean le\u015fker\u00ean Tirk \u00ean ku di \u015fer de hatine ku\u015ftin \u00fb n\u00fbner\u00ean &#8220;Dayik\u00ean Diyarbekir\u00ea&#8221; be\u015fdar b\u00fbb\u00fbn \u00fb derbar\u00ea p\u00eavajoya n\u00fb ya a\u015ftiy\u00ea de daxwaz\u00ean xwe an\u00eeb\u00fbn ziman.<\/span><\/h3>\n<h3 style=\"text-align: justify\"><span style=\"font-family: arial, helvetica, sans-serif\">Nav\u00ean wek\u00ee &#8220;Dayik\u00ean A\u015ftiy\u00ea&#8221;, &#8220;Dayik\u00ean Diyarbekir\u00ea&#8221; \u00fb &#8220;Dayik\u00ean \u015eemiy\u00ea&#8221; li Tirkiyey\u00ea ji bo wan dayikan t\u00ean bikaran\u00een ku zarok\u00ean xwe ji ber \u015fer\u00ea di navbera PKK\u00ea \u00fb art\u00ea\u015fa Tirk de winda kirine an j\u00ee \u00e7areniv\u00eesa wan nediyar e.<\/span><\/h3>\n","protected":false},"excerpt":{"rendered":"<p>Kom\u00eesyona Hevr\u00eaziya Ni\u015ftiman\u00ee, Birat\u00ee \u00fb Demokrasiy\u00ea, di \u00e7ar\u00e7oveya hewldan\u00ean ji bo p\u00eavajoya a\u015ftiy\u00ea de, \u00eero di civ\u00eena xwe de guhdar\u00ee n\u00fbner\u00ean Dayik\u00ean A\u015ftiy\u00ea, Dayik\u00ean \u015eemiy\u00ea \u00fb hin r\u00eaxistin\u00ean maf\u00ean mirovan dike. Kom\u00eesyon \u00eero \u00c7ar\u015fem\u00ea, 20\u00ea Tebaxa 2025an, d\u00ea di du r\u00fbni\u015ftinan de p\u00ea\u015fwaziya m\u00eavan\u00ean xwe bike. Di r\u00fbni\u015ftina yekem de, d\u00ea n\u00fbner\u00ean Dayik\u00ean \u015eemiy\u00ea \u00fb [&hellip;]<\/p>\n","protected":false},"author":2,"featured_media":1049432,"comment_status":"closed","ping_status":"closed","sticky":false,"template":"","format":"standard","meta":{"footnotes":""},"categories":[29],"tags":[37],"class_list":["post-1049519","post","type-post","status-publish","format-standard","has-post-thumbnail","hentry","category-kurdistan","tag-sereke"],"blocksy_meta":[],"seo_head":"<!-- This site is optimized with the Yoast SEO plugin v27.5 - https:\/\/yoast.com\/product\/yoast-seo-wordpress\/ -->\n<title>Kom\u00eesyona A\u015ftiy\u00ea \u00eero guh dide deng\u00ea Dayik\u00ean \u015eemiy\u00ea \u00fb Dayik\u00ean A\u015ftiy\u00ea - Darka Maz\u00ee<\/title>\n<meta name=\"robots\" content=\"index, follow, max-snippet:-1, max-image-preview:large, max-video-preview:-1\" \/>\n<link rel=\"canonical\" href=\"https:\/\/darkamazi.info\/archives\/1049519\" \/>\n<meta property=\"og:locale\" content=\"en_US\" \/>\n<meta property=\"og:type\" content=\"article\" \/>\n<meta property=\"og:title\" content=\"Kom\u00eesyona A\u015ftiy\u00ea \u00eero guh dide deng\u00ea Dayik\u00ean \u015eemiy\u00ea \u00fb Dayik\u00ean A\u015ftiy\u00ea - Darka Maz\u00ee\" \/>\n<meta property=\"og:description\" content=\"Kom\u00eesyona Hevr\u00eaziya Ni\u015ftiman\u00ee, Birat\u00ee \u00fb Demokrasiy\u00ea, di \u00e7ar\u00e7oveya hewldan\u00ean ji bo p\u00eavajoya a\u015ftiy\u00ea de, \u00eero di civ\u00eena xwe de guhdar\u00ee n\u00fbner\u00ean Dayik\u00ean A\u015ftiy\u00ea, Dayik\u00ean \u015eemiy\u00ea \u00fb hin r\u00eaxistin\u00ean maf\u00ean mirovan dike. Kom\u00eesyon \u00eero \u00c7ar\u015fem\u00ea, 20\u00ea Tebaxa 2025an, d\u00ea di du r\u00fbni\u015ftinan de p\u00ea\u015fwaziya m\u00eavan\u00ean xwe bike. Di r\u00fbni\u015ftina yekem de, d\u00ea n\u00fbner\u00ean Dayik\u00ean \u015eemiy\u00ea \u00fb [&hellip;]\" \/>\n<meta property=\"og:url\" content=\"https:\/\/darkamazi.info\/archives\/1049519\" \/>\n<meta property=\"og:site_name\" content=\"Darka Maz\u00ee\" \/>\n<meta property=\"article:publisher\" content=\"https:\/\/www.facebook.com\/DarMaziKurmanci\" \/>\n<meta property=\"article:published_time\" content=\"2025-08-20T08:56:10+00:00\" \/>\n<meta property=\"og:image\" content=\"https:\/\/darkamazi.info\/file\/2025\/08\/Komisyona-Parlamentoye.jpg\" \/>\n\t<meta property=\"og:image:width\" content=\"900\" \/>\n\t<meta property=\"og:image:height\" content=\"500\" \/>\n\t<meta property=\"og:image:type\" content=\"image\/jpeg\" \/>\n<meta name=\"author\" content=\"darka mazi\" \/>\n<meta name=\"twitter:card\" content=\"summary_large_image\" \/>\n<meta name=\"twitter:creator\" content=\"@DarkaMaziLatini\" \/>\n<meta name=\"twitter:site\" content=\"@DarkaMaziLatini\" \/>\n<meta name=\"twitter:label1\" content=\"Written by\" \/>\n\t<meta name=\"twitter:data1\" content=\"darka mazi\" \/>\n\t<meta name=\"twitter:label2\" content=\"Est. reading time\" \/>\n\t<meta name=\"twitter:data2\" content=\"2 minutes\" \/>\n<script type=\"application\/ld+json\" class=\"seo-schema-graph\">{\"@context\":\"https:\\\/\\\/schema.org\",\"@graph\":[{\"@type\":\"Article\",\"@id\":\"https:\\\/\\\/darkamazi.info\\\/archives\\\/1049519#article\",\"isPartOf\":{\"@id\":\"https:\\\/\\\/darkamazi.info\\\/archives\\\/1049519\"},\"author\":{\"name\":\"darka mazi\",\"@id\":\"https:\\\/\\\/darkamazi.info\\\/#\\\/schema\\\/person\\\/5ad3e24553a0567993fa8ed4bd0a776c\"},\"headline\":\"Kom\u00eesyona A\u015ftiy\u00ea \u00eero guh dide deng\u00ea Dayik\u00ean \u015eemiy\u00ea \u00fb Dayik\u00ean A\u015ftiy\u00ea\",\"datePublished\":\"2025-08-20T08:56:10+00:00\",\"mainEntityOfPage\":{\"@id\":\"https:\\\/\\\/darkamazi.info\\\/archives\\\/1049519\"},\"wordCount\":265,\"publisher\":{\"@id\":\"https:\\\/\\\/darkamazi.info\\\/#organization\"},\"image\":{\"@id\":\"https:\\\/\\\/darkamazi.info\\\/archives\\\/1049519#primaryimage\"},\"thumbnailUrl\":\"https:\\\/\\\/darkamazi.info\\\/darka-content\\\/uploads\\\/2025\\\/08\\\/Komisyona-Parlamentoye.jpg\",\"keywords\":[\"sereke\"],\"articleSection\":[\"Kurdistan\"],\"inLanguage\":\"en-US\"},{\"@type\":\"WebPage\",\"@id\":\"https:\\\/\\\/darkamazi.info\\\/archives\\\/1049519\",\"url\":\"https:\\\/\\\/darkamazi.info\\\/archives\\\/1049519\",\"name\":\"Kom\u00eesyona A\u015ftiy\u00ea \u00eero guh dide deng\u00ea Dayik\u00ean \u015eemiy\u00ea \u00fb Dayik\u00ean A\u015ftiy\u00ea - Darka Maz\u00ee\",\"isPartOf\":{\"@id\":\"https:\\\/\\\/darkamazi.info\\\/#website\"},\"primaryImageOfPage\":{\"@id\":\"https:\\\/\\\/darkamazi.info\\\/archives\\\/1049519#primaryimage\"},\"image\":{\"@id\":\"https:\\\/\\\/darkamazi.info\\\/archives\\\/1049519#primaryimage\"},\"thumbnailUrl\":\"https:\\\/\\\/darkamazi.info\\\/darka-content\\\/uploads\\\/2025\\\/08\\\/Komisyona-Parlamentoye.jpg\",\"datePublished\":\"2025-08-20T08:56:10+00:00\",\"breadcrumb\":{\"@id\":\"https:\\\/\\\/darkamazi.info\\\/archives\\\/1049519#breadcrumb\"},\"inLanguage\":\"en-US\",\"potentialAction\":[{\"@type\":\"ReadAction\",\"target\":[\"https:\\\/\\\/darkamazi.info\\\/archives\\\/1049519\"]}]},{\"@type\":\"ImageObject\",\"inLanguage\":\"en-US\",\"@id\":\"https:\\\/\\\/darkamazi.info\\\/archives\\\/1049519#primaryimage\",\"url\":\"https:\\\/\\\/darkamazi.info\\\/darka-content\\\/uploads\\\/2025\\\/08\\\/Komisyona-Parlamentoye.jpg\",\"contentUrl\":\"https:\\\/\\\/darkamazi.info\\\/darka-content\\\/uploads\\\/2025\\\/08\\\/Komisyona-Parlamentoye.jpg\",\"width\":900,\"height\":500,\"caption\":\"Kom\u00eesyona Parlamentoy\u00ea\"},{\"@type\":\"BreadcrumbList\",\"@id\":\"https:\\\/\\\/darkamazi.info\\\/archives\\\/1049519#breadcrumb\",\"itemListElement\":[{\"@type\":\"ListItem\",\"position\":1,\"name\":\"Home\",\"item\":\"https:\\\/\\\/darkamazi.info\\\/\"},{\"@type\":\"ListItem\",\"position\":2,\"name\":\"Kom\u00eesyona A\u015ftiy\u00ea \u00eero guh dide deng\u00ea Dayik\u00ean \u015eemiy\u00ea \u00fb Dayik\u00ean A\u015ftiy\u00ea\"}]},{\"@type\":\"WebSite\",\"@id\":\"https:\\\/\\\/darkamazi.info\\\/#website\",\"url\":\"https:\\\/\\\/darkamazi.info\\\/\",\"name\":\"Darka Maz\u00ee\",\"description\":\"P\u00eageha Zanyariy\u00ean Nebih\u00eest\u00ee\",\"publisher\":{\"@id\":\"https:\\\/\\\/darkamazi.info\\\/#organization\"},\"potentialAction\":[{\"@type\":\"SearchAction\",\"target\":{\"@type\":\"EntryPoint\",\"urlTemplate\":\"https:\\\/\\\/darkamazi.info\\\/?s={search_term_string}\"},\"query-input\":{\"@type\":\"PropertyValueSpecification\",\"valueRequired\":true,\"valueName\":\"search_term_string\"}}],\"inLanguage\":\"en-US\"},{\"@type\":\"Organization\",\"@id\":\"https:\\\/\\\/darkamazi.info\\\/#organization\",\"name\":\"Darka Maz\u00ee\",\"url\":\"https:\\\/\\\/darkamazi.info\\\/\",\"logo\":{\"@type\":\"ImageObject\",\"inLanguage\":\"en-US\",\"@id\":\"https:\\\/\\\/darkamazi.info\\\/#\\\/schema\\\/logo\\\/image\\\/\",\"url\":\"https:\\\/\\\/darkamazi.info\\\/darka-content\\\/uploads\\\/2017\\\/12\\\/darka-mazi-logo.png\",\"contentUrl\":\"https:\\\/\\\/darkamazi.info\\\/darka-content\\\/uploads\\\/2017\\\/12\\\/darka-mazi-logo.png\",\"width\":151,\"height\":75,\"caption\":\"Darka Maz\u00ee\"},\"image\":{\"@id\":\"https:\\\/\\\/darkamazi.info\\\/#\\\/schema\\\/logo\\\/image\\\/\"},\"sameAs\":[\"https:\\\/\\\/www.facebook.com\\\/DarMaziKurmanci\",\"https:\\\/\\\/x.com\\\/DarkaMaziLatini\",\"https:\\\/\\\/www.instagram.com\\\/darkamazi.kurmanci\\\/\",\"https:\\\/\\\/www.youtube.com\\\/channel\\\/UCa5HkTdmI8U1qCUFuTw8B2g\"]},{\"@type\":\"Person\",\"@id\":\"https:\\\/\\\/darkamazi.info\\\/#\\\/schema\\\/person\\\/5ad3e24553a0567993fa8ed4bd0a776c\",\"name\":\"darka mazi\",\"sameAs\":[\"https:\\\/\\\/darkamazi.info\\\/\"],\"url\":\"https:\\\/\\\/darkamazi.info\\\/archives\\\/author\\\/kurdi\"}]}<\/script>\n<!-- \/ Yoast SEO plugin. -->","seo_head_json":{"title":"Kom\u00eesyona A\u015ftiy\u00ea \u00eero guh dide deng\u00ea Dayik\u00ean \u015eemiy\u00ea \u00fb Dayik\u00ean A\u015ftiy\u00ea - Darka Maz\u00ee","robots":{"index":"index","follow":"follow","max-snippet":"max-snippet:-1","max-image-preview":"max-image-preview:large","max-video-preview":"max-video-preview:-1"},"canonical":"https:\/\/darkamazi.info\/archives\/1049519","og_locale":"en_US","og_type":"article","og_title":"Kom\u00eesyona A\u015ftiy\u00ea \u00eero guh dide deng\u00ea Dayik\u00ean \u015eemiy\u00ea \u00fb Dayik\u00ean A\u015ftiy\u00ea - Darka Maz\u00ee","og_description":"Kom\u00eesyona Hevr\u00eaziya Ni\u015ftiman\u00ee, Birat\u00ee \u00fb Demokrasiy\u00ea, di \u00e7ar\u00e7oveya hewldan\u00ean ji bo p\u00eavajoya a\u015ftiy\u00ea de, \u00eero di civ\u00eena xwe de guhdar\u00ee n\u00fbner\u00ean Dayik\u00ean A\u015ftiy\u00ea, Dayik\u00ean \u015eemiy\u00ea \u00fb hin r\u00eaxistin\u00ean maf\u00ean mirovan dike. Kom\u00eesyon \u00eero \u00c7ar\u015fem\u00ea, 20\u00ea Tebaxa 2025an, d\u00ea di du r\u00fbni\u015ftinan de p\u00ea\u015fwaziya m\u00eavan\u00ean xwe bike. Di r\u00fbni\u015ftina yekem de, d\u00ea n\u00fbner\u00ean Dayik\u00ean \u015eemiy\u00ea \u00fb [&hellip;]","og_url":"https:\/\/darkamazi.info\/archives\/1049519","og_site_name":"Darka Maz\u00ee","article_publisher":"https:\/\/www.facebook.com\/DarMaziKurmanci","article_published_time":"2025-08-20T08:56:10+00:00","og_image":[{"width":900,"height":500,"url":"https:\/\/darkamazi.info\/file\/2025\/08\/Komisyona-Parlamentoye.jpg","type":"image\/jpeg"}],"author":"darka mazi","twitter_card":"summary_large_image","twitter_creator":"@DarkaMaziLatini","twitter_site":"@DarkaMaziLatini","twitter_misc":{"Written by":"darka mazi","Est. reading time":"2 minutes"},"schema":{"@context":"https:\/\/schema.org","@graph":[{"@type":"Article","@id":"https:\/\/darkamazi.info\/archives\/1049519#article","isPartOf":{"@id":"https:\/\/darkamazi.info\/archives\/1049519"},"author":{"name":"darka mazi","@id":"https:\/\/darkamazi.info\/#\/schema\/person\/5ad3e24553a0567993fa8ed4bd0a776c"},"headline":"Kom\u00eesyona A\u015ftiy\u00ea \u00eero guh dide deng\u00ea Dayik\u00ean \u015eemiy\u00ea \u00fb Dayik\u00ean A\u015ftiy\u00ea","datePublished":"2025-08-20T08:56:10+00:00","mainEntityOfPage":{"@id":"https:\/\/darkamazi.info\/archives\/1049519"},"wordCount":265,"publisher":{"@id":"https:\/\/darkamazi.info\/#organization"},"image":{"@id":"https:\/\/darkamazi.info\/archives\/1049519#primaryimage"},"thumbnailUrl":"https:\/\/darkamazi.info\/file\/2025\/08\/Komisyona-Parlamentoye.jpg","keywords":["sereke"],"articleSection":["Kurdistan"],"inLanguage":"en-US"},{"@type":"WebPage","@id":"https:\/\/darkamazi.info\/archives\/1049519","url":"https:\/\/darkamazi.info\/archives\/1049519","name":"Kom\u00eesyona A\u015ftiy\u00ea \u00eero guh dide deng\u00ea Dayik\u00ean \u015eemiy\u00ea \u00fb Dayik\u00ean A\u015ftiy\u00ea - Darka Maz\u00ee","isPartOf":{"@id":"https:\/\/darkamazi.info\/#website"},"primaryImageOfPage":{"@id":"https:\/\/darkamazi.info\/archives\/1049519#primaryimage"},"image":{"@id":"https:\/\/darkamazi.info\/archives\/1049519#primaryimage"},"thumbnailUrl":"https:\/\/darkamazi.info\/file\/2025\/08\/Komisyona-Parlamentoye.jpg","datePublished":"2025-08-20T08:56:10+00:00","breadcrumb":{"@id":"https:\/\/darkamazi.info\/archives\/1049519#breadcrumb"},"inLanguage":"en-US","potentialAction":[{"@type":"ReadAction","target":["https:\/\/darkamazi.info\/archives\/1049519"]}]},{"@type":"ImageObject","inLanguage":"en-US","@id":"https:\/\/darkamazi.info\/archives\/1049519#primaryimage","url":"https:\/\/darkamazi.info\/file\/2025\/08\/Komisyona-Parlamentoye.jpg","contentUrl":"https:\/\/darkamazi.info\/file\/2025\/08\/Komisyona-Parlamentoye.jpg","width":900,"height":500,"caption":"Kom\u00eesyona Parlamentoy\u00ea"},{"@type":"BreadcrumbList","@id":"https:\/\/darkamazi.info\/archives\/1049519#breadcrumb","itemListElement":[{"@type":"ListItem","position":1,"name":"Home","item":"https:\/\/darkamazi.info\/"},{"@type":"ListItem","position":2,"name":"Kom\u00eesyona A\u015ftiy\u00ea \u00eero guh dide deng\u00ea Dayik\u00ean \u015eemiy\u00ea \u00fb Dayik\u00ean A\u015ftiy\u00ea"}]},{"@type":"WebSite","@id":"https:\/\/darkamazi.info\/#website","url":"https:\/\/darkamazi.info\/","name":"Darka Maz\u00ee","description":"P\u00eageha Zanyariy\u00ean Nebih\u00eest\u00ee","publisher":{"@id":"https:\/\/darkamazi.info\/#organization"},"potentialAction":[{"@type":"SearchAction","target":{"@type":"EntryPoint","urlTemplate":"https:\/\/darkamazi.info\/?s={search_term_string}"},"query-input":{"@type":"PropertyValueSpecification","valueRequired":true,"valueName":"search_term_string"}}],"inLanguage":"en-US"},{"@type":"Organization","@id":"https:\/\/darkamazi.info\/#organization","name":"Darka Maz\u00ee","url":"https:\/\/darkamazi.info\/","logo":{"@type":"ImageObject","inLanguage":"en-US","@id":"https:\/\/darkamazi.info\/#\/schema\/logo\/image\/","url":"https:\/\/darkamazi.info\/file\/2017\/12\/darka-mazi-logo.png","contentUrl":"https:\/\/darkamazi.info\/file\/2017\/12\/darka-mazi-logo.png","width":151,"height":75,"caption":"Darka Maz\u00ee"},"image":{"@id":"https:\/\/darkamazi.info\/#\/schema\/logo\/image\/"},"sameAs":["https:\/\/www.facebook.com\/DarMaziKurmanci","https:\/\/x.com\/DarkaMaziLatini","https:\/\/www.instagram.com\/darkamazi.kurmanci\/","https:\/\/www.youtube.com\/channel\/UCa5HkTdmI8U1qCUFuTw8B2g"]},{"@type":"Person","@id":"https:\/\/darkamazi.info\/#\/schema\/person\/5ad3e24553a0567993fa8ed4bd0a776c","name":"darka mazi","sameAs":["https:\/\/darkamazi.info\/"],"url":"https:\/\/darkamazi.info\/archives\/author\/kurdi"}]}},"_links":{"self":[{"href":"https:\/\/darkamazi.info\/funavuv\/wp\/v2\/posts\/1049519","targetHints":{"allow":["GET"]}}],"collection":[{"href":"https:\/\/darkamazi.info\/funavuv\/wp\/v2\/posts"}],"about":[{"href":"https:\/\/darkamazi.info\/funavuv\/wp\/v2\/types\/post"}],"author":[{"embeddable":true,"href":"https:\/\/darkamazi.info\/funavuv\/wp\/v2\/users\/2"}],"replies":[{"embeddable":true,"href":"https:\/\/darkamazi.info\/funavuv\/wp\/v2\/comments?post=1049519"}],"version-history":[{"count":0,"href":"https:\/\/darkamazi.info\/funavuv\/wp\/v2\/posts\/1049519\/revisions"}],"wp:featuredmedia":[{"embeddable":true,"href":"https:\/\/darkamazi.info\/funavuv\/wp\/v2\/media\/1049432"}],"wp:attachment":[{"href":"https:\/\/darkamazi.info\/funavuv\/wp\/v2\/media?parent=1049519"}],"wp:term":[{"taxonomy":"category","embeddable":true,"href":"https:\/\/darkamazi.info\/funavuv\/wp\/v2\/categories?post=1049519"},{"taxonomy":"post_tag","embeddable":true,"href":"https:\/\/darkamazi.info\/funavuv\/wp\/v2\/tags?post=1049519"}],"curies":[{"name":"wp","href":"https:\/\/api.w.org\/{rel}","templated":true}]}}