{"id":1049527,"date":"2025-08-21T11:36:06","date_gmt":"2025-08-21T08:36:06","guid":{"rendered":"https:\/\/darkamazi.info\/?p=1049527"},"modified":"2025-08-21T11:36:06","modified_gmt":"2025-08-21T08:36:06","slug":"tirkiye-razi-bu-ku-dest-bi-hinartina-petrola-herema-kurdistane-be-kirin","status":"publish","type":"post","link":"https:\/\/darkamazi.info\/archives\/1049527","title":{"rendered":"Tirkiye raz\u00ee b\u00fb ku dest bi hinartina petrola Her\u00eama Kurdistan\u00ea b\u00ea kirin"},"content":{"rendered":"<h3 style=\"text-align: justify\"><span style=\"font-family: 'arial black', sans-serif\">\u00c7avkaniyek ji Wezareta Petrol\u00ea ya \u00ceraq\u00ea ragihand, civ\u00een\u00ean t\u00eem\u00ean tekn\u00eek\u00ee y\u00ean \u00ceraq \u00fb Tirkiyey\u00ea y\u00ean li bendera Ceyhan\u00ea bi daw\u00ee b\u00fbne \u00fb Tirkiye raz\u00ee b\u00fbye ku careke din dest bi hinartina petrola Her\u00eama Kurdistan\u00ea bike.<\/span><\/h3>\n<h3 style=\"text-align: justify\"><span style=\"font-family: arial, helvetica, sans-serif\">Heman \u00e7avkaniy\u00ea her wiha da zan\u00een, \u201cNiha li benda Her\u00eama Kurdistan\u00ea ne ku petrol\u00ea radest bike \u00fb bi r\u00eaya Kompanyaya SOMOy\u00ea dest bi firotin\u00ea b\u00ea kirin.\u201d<\/span><\/h3>\n<h3 style=\"text-align: justify\"><span style=\"font-family: arial, helvetica, sans-serif\">Li gor\u00ee gotina w\u00ee \u00e7avkaniy\u00ee, t\u00eem d\u00ea heta dawiya v\u00ea meh\u00ea li Tirkiyey\u00ea bim\u00eenin, l\u00ea ti civ\u00een\u00ean din nakin \u00e7imk\u00ee aliy\u00ea Tirk\u00ee raz\u00eeb\u00fbna xwe ya daw\u00ee n\u00ee\u015fan daye \u00fb p\u00eadiv\u00ee bi civ\u00een\u00ean din n\u00eene.<\/span><\/h3>\n<h3 style=\"text-align: justify\"><span style=\"font-family: arial, helvetica, sans-serif\">\u00c7avkaniy\u00ea ji Wezareta Petrol\u00ea ya \u00ceraq\u00ea got j\u00ee, \u201cEger \u00eero petrol b\u00ea radestkirin, her \u00eero dikare dest bi hinartina w\u00ea b\u00ea kirin \u00fb hem\u00fb r\u00eakar\u00ean p\u00eaw\u00eest hatine temamkirin.\u201d<\/span><\/h3>\n<h3 style=\"text-align: justify\"><span style=\"font-family: arial, helvetica, sans-serif\">Hinartina petrola Her\u00eama Kurdistan\u00ea ji Adara 2023yan ve pi\u015ft\u00ee biryara Dadgeha Bazirganiy\u00ea ya Navnetewey\u00ee ya Par\u00ees\u00ea hatib\u00fb rawestandin.<\/span><\/h3>\n<h3 style=\"text-align: justify\"><span style=\"font-family: arial, helvetica, sans-serif\">Wezareta \u00c7avkaniy\u00ean Xwezay\u00ee ya Her\u00eama Kurdistan\u00ea hefteya bor\u00ee ragihandib\u00fb ku wan li ser mekan\u00eezmaya hinartina petrol\u00ea bi Wezareta Petrol\u00ea ya \u00ceraq\u00ea re li hev kiriye \u00fb ten\u00ea maye ku hik\u00fbmeta federal bi Tirkiyey\u00ea re li ser v\u00ea mijar\u00ea biaxive.<\/span><\/h3>\n<h3 style=\"text-align: justify\">\u00a0<\/h3>\n<h3 style=\"text-align: justify\"><span style=\"font-family: 'arial black', sans-serif;color: #8c0707\">\u00c7avkan\u00ee: R\u00fbdaw\u00ea<\/span><\/h3>\n","protected":false},"excerpt":{"rendered":"<p>\u00c7avkaniyek ji Wezareta Petrol\u00ea ya \u00ceraq\u00ea ragihand, civ\u00een\u00ean t\u00eem\u00ean tekn\u00eek\u00ee y\u00ean \u00ceraq \u00fb Tirkiyey\u00ea y\u00ean li bendera Ceyhan\u00ea bi daw\u00ee b\u00fbne \u00fb Tirkiye raz\u00ee b\u00fbye ku careke din dest bi hinartina petrola Her\u00eama Kurdistan\u00ea bike. Heman \u00e7avkaniy\u00ea her wiha da zan\u00een, \u201cNiha li benda Her\u00eama Kurdistan\u00ea ne ku petrol\u00ea radest bike \u00fb bi r\u00eaya Kompanyaya [&hellip;]<\/p>\n","protected":false},"author":2,"featured_media":1049528,"comment_status":"closed","ping_status":"closed","sticky":false,"template":"","format":"standard","meta":{"footnotes":""},"categories":[29],"tags":[37],"class_list":["post-1049527","post","type-post","status-publish","format-standard","has-post-thumbnail","hentry","category-kurdistan","tag-sereke"],"blocksy_meta":[],"seo_head":"<!-- This site is optimized with the Yoast SEO plugin v27.5 - https:\/\/yoast.com\/product\/yoast-seo-wordpress\/ -->\n<title>Tirkiye raz\u00ee b\u00fb ku dest bi hinartina petrola Her\u00eama Kurdistan\u00ea b\u00ea kirin - Darka Maz\u00ee<\/title>\n<meta name=\"robots\" content=\"index, follow, max-snippet:-1, max-image-preview:large, max-video-preview:-1\" \/>\n<link rel=\"canonical\" href=\"https:\/\/darkamazi.info\/archives\/1049527\" \/>\n<meta property=\"og:locale\" content=\"en_US\" \/>\n<meta property=\"og:type\" content=\"article\" \/>\n<meta property=\"og:title\" content=\"Tirkiye raz\u00ee b\u00fb ku dest bi hinartina petrola Her\u00eama Kurdistan\u00ea b\u00ea kirin - Darka Maz\u00ee\" \/>\n<meta property=\"og:description\" content=\"\u00c7avkaniyek ji Wezareta Petrol\u00ea ya \u00ceraq\u00ea ragihand, civ\u00een\u00ean t\u00eem\u00ean tekn\u00eek\u00ee y\u00ean \u00ceraq \u00fb Tirkiyey\u00ea y\u00ean li bendera Ceyhan\u00ea bi daw\u00ee b\u00fbne \u00fb Tirkiye raz\u00ee b\u00fbye ku careke din dest bi hinartina petrola Her\u00eama Kurdistan\u00ea bike. Heman \u00e7avkaniy\u00ea her wiha da zan\u00een, \u201cNiha li benda Her\u00eama Kurdistan\u00ea ne ku petrol\u00ea radest bike \u00fb bi r\u00eaya Kompanyaya [&hellip;]\" \/>\n<meta property=\"og:url\" content=\"https:\/\/darkamazi.info\/archives\/1049527\" \/>\n<meta property=\"og:site_name\" content=\"Darka Maz\u00ee\" \/>\n<meta property=\"article:publisher\" content=\"https:\/\/www.facebook.com\/DarMaziKurmanci\" \/>\n<meta property=\"article:published_time\" content=\"2025-08-21T08:36:06+00:00\" \/>\n<meta property=\"og:image\" content=\"https:\/\/darkamazi.info\/file\/2025\/08\/turkey-Kurdistan-petrol-info.jpg\" \/>\n\t<meta property=\"og:image:width\" content=\"900\" \/>\n\t<meta property=\"og:image:height\" content=\"497\" \/>\n\t<meta property=\"og:image:type\" content=\"image\/jpeg\" \/>\n<meta name=\"author\" content=\"darka mazi\" \/>\n<meta name=\"twitter:card\" content=\"summary_large_image\" \/>\n<meta name=\"twitter:creator\" content=\"@DarkaMaziLatini\" \/>\n<meta name=\"twitter:site\" content=\"@DarkaMaziLatini\" \/>\n<meta name=\"twitter:label1\" content=\"Written by\" \/>\n\t<meta name=\"twitter:data1\" content=\"darka mazi\" \/>\n\t<meta name=\"twitter:label2\" content=\"Est. reading time\" \/>\n\t<meta name=\"twitter:data2\" content=\"1 minute\" \/>\n<script type=\"application\/ld+json\" class=\"seo-schema-graph\">{\"@context\":\"https:\\\/\\\/schema.org\",\"@graph\":[{\"@type\":\"Article\",\"@id\":\"https:\\\/\\\/darkamazi.info\\\/archives\\\/1049527#article\",\"isPartOf\":{\"@id\":\"https:\\\/\\\/darkamazi.info\\\/archives\\\/1049527\"},\"author\":{\"name\":\"darka mazi\",\"@id\":\"https:\\\/\\\/darkamazi.info\\\/#\\\/schema\\\/person\\\/5ad3e24553a0567993fa8ed4bd0a776c\"},\"headline\":\"Tirkiye raz\u00ee b\u00fb ku dest bi hinartina petrola Her\u00eama Kurdistan\u00ea b\u00ea kirin\",\"datePublished\":\"2025-08-21T08:36:06+00:00\",\"mainEntityOfPage\":{\"@id\":\"https:\\\/\\\/darkamazi.info\\\/archives\\\/1049527\"},\"wordCount\":225,\"publisher\":{\"@id\":\"https:\\\/\\\/darkamazi.info\\\/#organization\"},\"image\":{\"@id\":\"https:\\\/\\\/darkamazi.info\\\/archives\\\/1049527#primaryimage\"},\"thumbnailUrl\":\"https:\\\/\\\/darkamazi.info\\\/darka-content\\\/uploads\\\/2025\\\/08\\\/turkey-Kurdistan-petrol-info.jpg\",\"keywords\":[\"sereke\"],\"articleSection\":[\"Kurdistan\"],\"inLanguage\":\"en-US\"},{\"@type\":\"WebPage\",\"@id\":\"https:\\\/\\\/darkamazi.info\\\/archives\\\/1049527\",\"url\":\"https:\\\/\\\/darkamazi.info\\\/archives\\\/1049527\",\"name\":\"Tirkiye raz\u00ee b\u00fb ku dest bi hinartina petrola Her\u00eama Kurdistan\u00ea b\u00ea kirin - Darka Maz\u00ee\",\"isPartOf\":{\"@id\":\"https:\\\/\\\/darkamazi.info\\\/#website\"},\"primaryImageOfPage\":{\"@id\":\"https:\\\/\\\/darkamazi.info\\\/archives\\\/1049527#primaryimage\"},\"image\":{\"@id\":\"https:\\\/\\\/darkamazi.info\\\/archives\\\/1049527#primaryimage\"},\"thumbnailUrl\":\"https:\\\/\\\/darkamazi.info\\\/darka-content\\\/uploads\\\/2025\\\/08\\\/turkey-Kurdistan-petrol-info.jpg\",\"datePublished\":\"2025-08-21T08:36:06+00:00\",\"breadcrumb\":{\"@id\":\"https:\\\/\\\/darkamazi.info\\\/archives\\\/1049527#breadcrumb\"},\"inLanguage\":\"en-US\",\"potentialAction\":[{\"@type\":\"ReadAction\",\"target\":[\"https:\\\/\\\/darkamazi.info\\\/archives\\\/1049527\"]}]},{\"@type\":\"ImageObject\",\"inLanguage\":\"en-US\",\"@id\":\"https:\\\/\\\/darkamazi.info\\\/archives\\\/1049527#primaryimage\",\"url\":\"https:\\\/\\\/darkamazi.info\\\/darka-content\\\/uploads\\\/2025\\\/08\\\/turkey-Kurdistan-petrol-info.jpg\",\"contentUrl\":\"https:\\\/\\\/darkamazi.info\\\/darka-content\\\/uploads\\\/2025\\\/08\\\/turkey-Kurdistan-petrol-info.jpg\",\"width\":900,\"height\":497,\"caption\":\"turkey-Kurdistan-petrol-info\"},{\"@type\":\"BreadcrumbList\",\"@id\":\"https:\\\/\\\/darkamazi.info\\\/archives\\\/1049527#breadcrumb\",\"itemListElement\":[{\"@type\":\"ListItem\",\"position\":1,\"name\":\"Home\",\"item\":\"https:\\\/\\\/darkamazi.info\\\/\"},{\"@type\":\"ListItem\",\"position\":2,\"name\":\"Tirkiye raz\u00ee b\u00fb ku dest bi hinartina petrola Her\u00eama Kurdistan\u00ea b\u00ea kirin\"}]},{\"@type\":\"WebSite\",\"@id\":\"https:\\\/\\\/darkamazi.info\\\/#website\",\"url\":\"https:\\\/\\\/darkamazi.info\\\/\",\"name\":\"Darka Maz\u00ee\",\"description\":\"P\u00eageha Zanyariy\u00ean Nebih\u00eest\u00ee\",\"publisher\":{\"@id\":\"https:\\\/\\\/darkamazi.info\\\/#organization\"},\"potentialAction\":[{\"@type\":\"SearchAction\",\"target\":{\"@type\":\"EntryPoint\",\"urlTemplate\":\"https:\\\/\\\/darkamazi.info\\\/?s={search_term_string}\"},\"query-input\":{\"@type\":\"PropertyValueSpecification\",\"valueRequired\":true,\"valueName\":\"search_term_string\"}}],\"inLanguage\":\"en-US\"},{\"@type\":\"Organization\",\"@id\":\"https:\\\/\\\/darkamazi.info\\\/#organization\",\"name\":\"Darka Maz\u00ee\",\"url\":\"https:\\\/\\\/darkamazi.info\\\/\",\"logo\":{\"@type\":\"ImageObject\",\"inLanguage\":\"en-US\",\"@id\":\"https:\\\/\\\/darkamazi.info\\\/#\\\/schema\\\/logo\\\/image\\\/\",\"url\":\"https:\\\/\\\/darkamazi.info\\\/darka-content\\\/uploads\\\/2017\\\/12\\\/darka-mazi-logo.png\",\"contentUrl\":\"https:\\\/\\\/darkamazi.info\\\/darka-content\\\/uploads\\\/2017\\\/12\\\/darka-mazi-logo.png\",\"width\":151,\"height\":75,\"caption\":\"Darka Maz\u00ee\"},\"image\":{\"@id\":\"https:\\\/\\\/darkamazi.info\\\/#\\\/schema\\\/logo\\\/image\\\/\"},\"sameAs\":[\"https:\\\/\\\/www.facebook.com\\\/DarMaziKurmanci\",\"https:\\\/\\\/x.com\\\/DarkaMaziLatini\",\"https:\\\/\\\/www.instagram.com\\\/darkamazi.kurmanci\\\/\",\"https:\\\/\\\/www.youtube.com\\\/channel\\\/UCa5HkTdmI8U1qCUFuTw8B2g\"]},{\"@type\":\"Person\",\"@id\":\"https:\\\/\\\/darkamazi.info\\\/#\\\/schema\\\/person\\\/5ad3e24553a0567993fa8ed4bd0a776c\",\"name\":\"darka mazi\",\"sameAs\":[\"https:\\\/\\\/darkamazi.info\\\/\"],\"url\":\"https:\\\/\\\/darkamazi.info\\\/archives\\\/author\\\/kurdi\"}]}<\/script>\n<!-- \/ Yoast SEO plugin. -->","seo_head_json":{"title":"Tirkiye raz\u00ee b\u00fb ku dest bi hinartina petrola Her\u00eama Kurdistan\u00ea b\u00ea kirin - Darka Maz\u00ee","robots":{"index":"index","follow":"follow","max-snippet":"max-snippet:-1","max-image-preview":"max-image-preview:large","max-video-preview":"max-video-preview:-1"},"canonical":"https:\/\/darkamazi.info\/archives\/1049527","og_locale":"en_US","og_type":"article","og_title":"Tirkiye raz\u00ee b\u00fb ku dest bi hinartina petrola Her\u00eama Kurdistan\u00ea b\u00ea kirin - Darka Maz\u00ee","og_description":"\u00c7avkaniyek ji Wezareta Petrol\u00ea ya \u00ceraq\u00ea ragihand, civ\u00een\u00ean t\u00eem\u00ean tekn\u00eek\u00ee y\u00ean \u00ceraq \u00fb Tirkiyey\u00ea y\u00ean li bendera Ceyhan\u00ea bi daw\u00ee b\u00fbne \u00fb Tirkiye raz\u00ee b\u00fbye ku careke din dest bi hinartina petrola Her\u00eama Kurdistan\u00ea bike. Heman \u00e7avkaniy\u00ea her wiha da zan\u00een, \u201cNiha li benda Her\u00eama Kurdistan\u00ea ne ku petrol\u00ea radest bike \u00fb bi r\u00eaya Kompanyaya [&hellip;]","og_url":"https:\/\/darkamazi.info\/archives\/1049527","og_site_name":"Darka Maz\u00ee","article_publisher":"https:\/\/www.facebook.com\/DarMaziKurmanci","article_published_time":"2025-08-21T08:36:06+00:00","og_image":[{"width":900,"height":497,"url":"https:\/\/darkamazi.info\/file\/2025\/08\/turkey-Kurdistan-petrol-info.jpg","type":"image\/jpeg"}],"author":"darka mazi","twitter_card":"summary_large_image","twitter_creator":"@DarkaMaziLatini","twitter_site":"@DarkaMaziLatini","twitter_misc":{"Written by":"darka mazi","Est. reading time":"1 minute"},"schema":{"@context":"https:\/\/schema.org","@graph":[{"@type":"Article","@id":"https:\/\/darkamazi.info\/archives\/1049527#article","isPartOf":{"@id":"https:\/\/darkamazi.info\/archives\/1049527"},"author":{"name":"darka mazi","@id":"https:\/\/darkamazi.info\/#\/schema\/person\/5ad3e24553a0567993fa8ed4bd0a776c"},"headline":"Tirkiye raz\u00ee b\u00fb ku dest bi hinartina petrola Her\u00eama Kurdistan\u00ea b\u00ea kirin","datePublished":"2025-08-21T08:36:06+00:00","mainEntityOfPage":{"@id":"https:\/\/darkamazi.info\/archives\/1049527"},"wordCount":225,"publisher":{"@id":"https:\/\/darkamazi.info\/#organization"},"image":{"@id":"https:\/\/darkamazi.info\/archives\/1049527#primaryimage"},"thumbnailUrl":"https:\/\/darkamazi.info\/file\/2025\/08\/turkey-Kurdistan-petrol-info.jpg","keywords":["sereke"],"articleSection":["Kurdistan"],"inLanguage":"en-US"},{"@type":"WebPage","@id":"https:\/\/darkamazi.info\/archives\/1049527","url":"https:\/\/darkamazi.info\/archives\/1049527","name":"Tirkiye raz\u00ee b\u00fb ku dest bi hinartina petrola Her\u00eama Kurdistan\u00ea b\u00ea kirin - Darka Maz\u00ee","isPartOf":{"@id":"https:\/\/darkamazi.info\/#website"},"primaryImageOfPage":{"@id":"https:\/\/darkamazi.info\/archives\/1049527#primaryimage"},"image":{"@id":"https:\/\/darkamazi.info\/archives\/1049527#primaryimage"},"thumbnailUrl":"https:\/\/darkamazi.info\/file\/2025\/08\/turkey-Kurdistan-petrol-info.jpg","datePublished":"2025-08-21T08:36:06+00:00","breadcrumb":{"@id":"https:\/\/darkamazi.info\/archives\/1049527#breadcrumb"},"inLanguage":"en-US","potentialAction":[{"@type":"ReadAction","target":["https:\/\/darkamazi.info\/archives\/1049527"]}]},{"@type":"ImageObject","inLanguage":"en-US","@id":"https:\/\/darkamazi.info\/archives\/1049527#primaryimage","url":"https:\/\/darkamazi.info\/file\/2025\/08\/turkey-Kurdistan-petrol-info.jpg","contentUrl":"https:\/\/darkamazi.info\/file\/2025\/08\/turkey-Kurdistan-petrol-info.jpg","width":900,"height":497,"caption":"turkey-Kurdistan-petrol-info"},{"@type":"BreadcrumbList","@id":"https:\/\/darkamazi.info\/archives\/1049527#breadcrumb","itemListElement":[{"@type":"ListItem","position":1,"name":"Home","item":"https:\/\/darkamazi.info\/"},{"@type":"ListItem","position":2,"name":"Tirkiye raz\u00ee b\u00fb ku dest bi hinartina petrola Her\u00eama Kurdistan\u00ea b\u00ea kirin"}]},{"@type":"WebSite","@id":"https:\/\/darkamazi.info\/#website","url":"https:\/\/darkamazi.info\/","name":"Darka Maz\u00ee","description":"P\u00eageha Zanyariy\u00ean Nebih\u00eest\u00ee","publisher":{"@id":"https:\/\/darkamazi.info\/#organization"},"potentialAction":[{"@type":"SearchAction","target":{"@type":"EntryPoint","urlTemplate":"https:\/\/darkamazi.info\/?s={search_term_string}"},"query-input":{"@type":"PropertyValueSpecification","valueRequired":true,"valueName":"search_term_string"}}],"inLanguage":"en-US"},{"@type":"Organization","@id":"https:\/\/darkamazi.info\/#organization","name":"Darka Maz\u00ee","url":"https:\/\/darkamazi.info\/","logo":{"@type":"ImageObject","inLanguage":"en-US","@id":"https:\/\/darkamazi.info\/#\/schema\/logo\/image\/","url":"https:\/\/darkamazi.info\/file\/2017\/12\/darka-mazi-logo.png","contentUrl":"https:\/\/darkamazi.info\/file\/2017\/12\/darka-mazi-logo.png","width":151,"height":75,"caption":"Darka Maz\u00ee"},"image":{"@id":"https:\/\/darkamazi.info\/#\/schema\/logo\/image\/"},"sameAs":["https:\/\/www.facebook.com\/DarMaziKurmanci","https:\/\/x.com\/DarkaMaziLatini","https:\/\/www.instagram.com\/darkamazi.kurmanci\/","https:\/\/www.youtube.com\/channel\/UCa5HkTdmI8U1qCUFuTw8B2g"]},{"@type":"Person","@id":"https:\/\/darkamazi.info\/#\/schema\/person\/5ad3e24553a0567993fa8ed4bd0a776c","name":"darka mazi","sameAs":["https:\/\/darkamazi.info\/"],"url":"https:\/\/darkamazi.info\/archives\/author\/kurdi"}]}},"_links":{"self":[{"href":"https:\/\/darkamazi.info\/funavuv\/wp\/v2\/posts\/1049527","targetHints":{"allow":["GET"]}}],"collection":[{"href":"https:\/\/darkamazi.info\/funavuv\/wp\/v2\/posts"}],"about":[{"href":"https:\/\/darkamazi.info\/funavuv\/wp\/v2\/types\/post"}],"author":[{"embeddable":true,"href":"https:\/\/darkamazi.info\/funavuv\/wp\/v2\/users\/2"}],"replies":[{"embeddable":true,"href":"https:\/\/darkamazi.info\/funavuv\/wp\/v2\/comments?post=1049527"}],"version-history":[{"count":0,"href":"https:\/\/darkamazi.info\/funavuv\/wp\/v2\/posts\/1049527\/revisions"}],"wp:featuredmedia":[{"embeddable":true,"href":"https:\/\/darkamazi.info\/funavuv\/wp\/v2\/media\/1049528"}],"wp:attachment":[{"href":"https:\/\/darkamazi.info\/funavuv\/wp\/v2\/media?parent=1049527"}],"wp:term":[{"taxonomy":"category","embeddable":true,"href":"https:\/\/darkamazi.info\/funavuv\/wp\/v2\/categories?post=1049527"},{"taxonomy":"post_tag","embeddable":true,"href":"https:\/\/darkamazi.info\/funavuv\/wp\/v2\/tags?post=1049527"}],"curies":[{"name":"wp","href":"https:\/\/api.w.org\/{rel}","templated":true}]}}