{"id":1049530,"date":"2025-08-21T12:13:54","date_gmt":"2025-08-21T09:13:54","guid":{"rendered":"https:\/\/darkamazi.info\/?p=1049530"},"modified":"2025-08-21T12:13:54","modified_gmt":"2025-08-21T09:13:54","slug":"mirina-fermandare-pkke-serhed-varto-askere-bu","status":"publish","type":"post","link":"https:\/\/darkamazi.info\/archives\/1049530","title":{"rendered":"Mirina fermandar\u00ea PKK\u00ea Serhed Varto a\u015fkere b\u00fb"},"content":{"rendered":"<h3 style=\"text-align: justify\"><span style=\"font-family: 'arial black', sans-serif\">Nasnameya fermandarek\u00ee din y\u00ea HPG\u00ea a\u015fkere b\u00fb ku ji sala 2021\u00ea ve li Bakur\u00ea Kurdistan\u00ea can\u00ea xwe ji dest daye \u00fb mirina w\u00ee nehatib\u00fb ragihandin.<\/span><\/h3>\n<h3 style=\"text-align: justify\"><span style=\"font-family: arial, helvetica, sans-serif\">HPG\u00ea bask\u00ea le\u015fker\u00ee y\u00ea PKK\u00ea \u00eero roja p\u00eanc\u015fem\u00ee 21 Tebaxa 2025\u00ea nasnameya fermandar\u00ea xwe y\u00ea bi nav\u00ea Y\u00fbsif Mihemed At\u00eek \u00fb bi kodnav\u00ea Serhed Varto a\u015fkere kir ku li 26 Adara sala 2021\u00ea li devera Kato ya her\u00eama Botan\u00ea ya li Bakur\u00ea Kurdistan\u00ea can\u00ea xwe ji dest da b\u00fb \u00fb r\u00eaxistin\u00ea mirina w\u00ee \u00eelan nekirb\u00fb.<\/span><\/h3>\n<h3 style=\"text-align: justify\"><span style=\"font-family: arial, helvetica, sans-serif\">HPG\u00ea a\u015fkere kir\u00eeye ku ev fermandar\u00ea w\u00ea bi nexwe\u015fiy\u00ea can\u00ea xwe ji dest day\u00ee ye.<\/span><\/h3>\n<h3 style=\"text-align: justify\"><span style=\"font-family: arial, helvetica, sans-serif\">Fermandar\u00ea HPG\u00ea Serhed Varto li sala 2003\u00ea tevl\u00ee ref\u00ean PKK\u00ea bib\u00fb.<\/span><\/h3>\n<h3 style=\"text-align: justify\"><span style=\"font-family: arial, helvetica, sans-serif\">R\u00eaxistina PKK\u00ea ji sala 2021\u00ea ve bi dehan fermandar \u00fb kadroy\u00ean xwe y\u00ean li h\u00eala j\u00fbr bi \u00ear\u00ee\u015f\u00ean dewleta Tirk ji dest da ne, mirina piran\u00eeya wan j\u00ee heya roja me ya \u00eero ve\u015fart\u00ee maye \u00fb nehatiye \u00eelan kirin.<\/span><\/h3>\n","protected":false},"excerpt":{"rendered":"<p>Nasnameya fermandarek\u00ee din y\u00ea HPG\u00ea a\u015fkere b\u00fb ku ji sala 2021\u00ea ve li Bakur\u00ea Kurdistan\u00ea can\u00ea xwe ji dest daye \u00fb mirina w\u00ee nehatib\u00fb ragihandin. HPG\u00ea bask\u00ea le\u015fker\u00ee y\u00ea PKK\u00ea \u00eero roja p\u00eanc\u015fem\u00ee 21 Tebaxa 2025\u00ea nasnameya fermandar\u00ea xwe y\u00ea bi nav\u00ea Y\u00fbsif Mihemed At\u00eek \u00fb bi kodnav\u00ea Serhed Varto a\u015fkere kir ku li 26 [&hellip;]<\/p>\n","protected":false},"author":2,"featured_media":1049531,"comment_status":"closed","ping_status":"closed","sticky":false,"template":"","format":"standard","meta":{"footnotes":""},"categories":[29],"tags":[37],"class_list":["post-1049530","post","type-post","status-publish","format-standard","has-post-thumbnail","hentry","category-kurdistan","tag-sereke"],"blocksy_meta":[],"seo_head":"<!-- This site is optimized with the Yoast SEO plugin v27.5 - https:\/\/yoast.com\/product\/yoast-seo-wordpress\/ -->\n<title>Mirina fermandar\u00ea PKK\u00ea Serhed Varto a\u015fkere b\u00fb - Darka Maz\u00ee<\/title>\n<meta name=\"robots\" content=\"index, follow, max-snippet:-1, max-image-preview:large, max-video-preview:-1\" \/>\n<link rel=\"canonical\" href=\"https:\/\/darkamazi.info\/archives\/1049530\" \/>\n<meta property=\"og:locale\" content=\"en_US\" \/>\n<meta property=\"og:type\" content=\"article\" \/>\n<meta property=\"og:title\" content=\"Mirina fermandar\u00ea PKK\u00ea Serhed Varto a\u015fkere b\u00fb - Darka Maz\u00ee\" \/>\n<meta property=\"og:description\" content=\"Nasnameya fermandarek\u00ee din y\u00ea HPG\u00ea a\u015fkere b\u00fb ku ji sala 2021\u00ea ve li Bakur\u00ea Kurdistan\u00ea can\u00ea xwe ji dest daye \u00fb mirina w\u00ee nehatib\u00fb ragihandin. HPG\u00ea bask\u00ea le\u015fker\u00ee y\u00ea PKK\u00ea \u00eero roja p\u00eanc\u015fem\u00ee 21 Tebaxa 2025\u00ea nasnameya fermandar\u00ea xwe y\u00ea bi nav\u00ea Y\u00fbsif Mihemed At\u00eek \u00fb bi kodnav\u00ea Serhed Varto a\u015fkere kir ku li 26 [&hellip;]\" \/>\n<meta property=\"og:url\" content=\"https:\/\/darkamazi.info\/archives\/1049530\" \/>\n<meta property=\"og:site_name\" content=\"Darka Maz\u00ee\" \/>\n<meta property=\"article:publisher\" content=\"https:\/\/www.facebook.com\/DarMaziKurmanci\" \/>\n<meta property=\"article:published_time\" content=\"2025-08-21T09:13:54+00:00\" \/>\n<meta property=\"og:image\" content=\"https:\/\/darkamazi.info\/file\/2025\/08\/Serhed-Varto-Info.jpg\" \/>\n\t<meta property=\"og:image:width\" content=\"900\" \/>\n\t<meta property=\"og:image:height\" content=\"500\" \/>\n\t<meta property=\"og:image:type\" content=\"image\/jpeg\" \/>\n<meta name=\"author\" content=\"darka mazi\" \/>\n<meta name=\"twitter:card\" content=\"summary_large_image\" \/>\n<meta name=\"twitter:creator\" content=\"@DarkaMaziLatini\" \/>\n<meta name=\"twitter:site\" content=\"@DarkaMaziLatini\" \/>\n<meta name=\"twitter:label1\" content=\"Written by\" \/>\n\t<meta name=\"twitter:data1\" content=\"darka mazi\" \/>\n\t<meta name=\"twitter:label2\" content=\"Est. reading time\" \/>\n\t<meta name=\"twitter:data2\" content=\"1 minute\" \/>\n<script type=\"application\/ld+json\" class=\"seo-schema-graph\">{\"@context\":\"https:\\\/\\\/schema.org\",\"@graph\":[{\"@type\":\"Article\",\"@id\":\"https:\\\/\\\/darkamazi.info\\\/archives\\\/1049530#article\",\"isPartOf\":{\"@id\":\"https:\\\/\\\/darkamazi.info\\\/archives\\\/1049530\"},\"author\":{\"name\":\"darka mazi\",\"@id\":\"https:\\\/\\\/darkamazi.info\\\/#\\\/schema\\\/person\\\/5ad3e24553a0567993fa8ed4bd0a776c\"},\"headline\":\"Mirina fermandar\u00ea PKK\u00ea Serhed Varto a\u015fkere b\u00fb\",\"datePublished\":\"2025-08-21T09:13:54+00:00\",\"mainEntityOfPage\":{\"@id\":\"https:\\\/\\\/darkamazi.info\\\/archives\\\/1049530\"},\"wordCount\":162,\"publisher\":{\"@id\":\"https:\\\/\\\/darkamazi.info\\\/#organization\"},\"image\":{\"@id\":\"https:\\\/\\\/darkamazi.info\\\/archives\\\/1049530#primaryimage\"},\"thumbnailUrl\":\"https:\\\/\\\/darkamazi.info\\\/darka-content\\\/uploads\\\/2025\\\/08\\\/Serhed-Varto-Info.jpg\",\"keywords\":[\"sereke\"],\"articleSection\":[\"Kurdistan\"],\"inLanguage\":\"en-US\"},{\"@type\":\"WebPage\",\"@id\":\"https:\\\/\\\/darkamazi.info\\\/archives\\\/1049530\",\"url\":\"https:\\\/\\\/darkamazi.info\\\/archives\\\/1049530\",\"name\":\"Mirina fermandar\u00ea PKK\u00ea Serhed Varto a\u015fkere b\u00fb - Darka Maz\u00ee\",\"isPartOf\":{\"@id\":\"https:\\\/\\\/darkamazi.info\\\/#website\"},\"primaryImageOfPage\":{\"@id\":\"https:\\\/\\\/darkamazi.info\\\/archives\\\/1049530#primaryimage\"},\"image\":{\"@id\":\"https:\\\/\\\/darkamazi.info\\\/archives\\\/1049530#primaryimage\"},\"thumbnailUrl\":\"https:\\\/\\\/darkamazi.info\\\/darka-content\\\/uploads\\\/2025\\\/08\\\/Serhed-Varto-Info.jpg\",\"datePublished\":\"2025-08-21T09:13:54+00:00\",\"breadcrumb\":{\"@id\":\"https:\\\/\\\/darkamazi.info\\\/archives\\\/1049530#breadcrumb\"},\"inLanguage\":\"en-US\",\"potentialAction\":[{\"@type\":\"ReadAction\",\"target\":[\"https:\\\/\\\/darkamazi.info\\\/archives\\\/1049530\"]}]},{\"@type\":\"ImageObject\",\"inLanguage\":\"en-US\",\"@id\":\"https:\\\/\\\/darkamazi.info\\\/archives\\\/1049530#primaryimage\",\"url\":\"https:\\\/\\\/darkamazi.info\\\/darka-content\\\/uploads\\\/2025\\\/08\\\/Serhed-Varto-Info.jpg\",\"contentUrl\":\"https:\\\/\\\/darkamazi.info\\\/darka-content\\\/uploads\\\/2025\\\/08\\\/Serhed-Varto-Info.jpg\",\"width\":900,\"height\":500,\"caption\":\"Serhed Varto -Net\"},{\"@type\":\"BreadcrumbList\",\"@id\":\"https:\\\/\\\/darkamazi.info\\\/archives\\\/1049530#breadcrumb\",\"itemListElement\":[{\"@type\":\"ListItem\",\"position\":1,\"name\":\"Home\",\"item\":\"https:\\\/\\\/darkamazi.info\\\/\"},{\"@type\":\"ListItem\",\"position\":2,\"name\":\"Mirina fermandar\u00ea PKK\u00ea Serhed Varto a\u015fkere b\u00fb\"}]},{\"@type\":\"WebSite\",\"@id\":\"https:\\\/\\\/darkamazi.info\\\/#website\",\"url\":\"https:\\\/\\\/darkamazi.info\\\/\",\"name\":\"Darka Maz\u00ee\",\"description\":\"P\u00eageha Zanyariy\u00ean Nebih\u00eest\u00ee\",\"publisher\":{\"@id\":\"https:\\\/\\\/darkamazi.info\\\/#organization\"},\"potentialAction\":[{\"@type\":\"SearchAction\",\"target\":{\"@type\":\"EntryPoint\",\"urlTemplate\":\"https:\\\/\\\/darkamazi.info\\\/?s={search_term_string}\"},\"query-input\":{\"@type\":\"PropertyValueSpecification\",\"valueRequired\":true,\"valueName\":\"search_term_string\"}}],\"inLanguage\":\"en-US\"},{\"@type\":\"Organization\",\"@id\":\"https:\\\/\\\/darkamazi.info\\\/#organization\",\"name\":\"Darka Maz\u00ee\",\"url\":\"https:\\\/\\\/darkamazi.info\\\/\",\"logo\":{\"@type\":\"ImageObject\",\"inLanguage\":\"en-US\",\"@id\":\"https:\\\/\\\/darkamazi.info\\\/#\\\/schema\\\/logo\\\/image\\\/\",\"url\":\"https:\\\/\\\/darkamazi.info\\\/darka-content\\\/uploads\\\/2017\\\/12\\\/darka-mazi-logo.png\",\"contentUrl\":\"https:\\\/\\\/darkamazi.info\\\/darka-content\\\/uploads\\\/2017\\\/12\\\/darka-mazi-logo.png\",\"width\":151,\"height\":75,\"caption\":\"Darka Maz\u00ee\"},\"image\":{\"@id\":\"https:\\\/\\\/darkamazi.info\\\/#\\\/schema\\\/logo\\\/image\\\/\"},\"sameAs\":[\"https:\\\/\\\/www.facebook.com\\\/DarMaziKurmanci\",\"https:\\\/\\\/x.com\\\/DarkaMaziLatini\",\"https:\\\/\\\/www.instagram.com\\\/darkamazi.kurmanci\\\/\",\"https:\\\/\\\/www.youtube.com\\\/channel\\\/UCa5HkTdmI8U1qCUFuTw8B2g\"]},{\"@type\":\"Person\",\"@id\":\"https:\\\/\\\/darkamazi.info\\\/#\\\/schema\\\/person\\\/5ad3e24553a0567993fa8ed4bd0a776c\",\"name\":\"darka mazi\",\"sameAs\":[\"https:\\\/\\\/darkamazi.info\\\/\"],\"url\":\"https:\\\/\\\/darkamazi.info\\\/archives\\\/author\\\/kurdi\"}]}<\/script>\n<!-- \/ Yoast SEO plugin. -->","seo_head_json":{"title":"Mirina fermandar\u00ea PKK\u00ea Serhed Varto a\u015fkere b\u00fb - Darka Maz\u00ee","robots":{"index":"index","follow":"follow","max-snippet":"max-snippet:-1","max-image-preview":"max-image-preview:large","max-video-preview":"max-video-preview:-1"},"canonical":"https:\/\/darkamazi.info\/archives\/1049530","og_locale":"en_US","og_type":"article","og_title":"Mirina fermandar\u00ea PKK\u00ea Serhed Varto a\u015fkere b\u00fb - Darka Maz\u00ee","og_description":"Nasnameya fermandarek\u00ee din y\u00ea HPG\u00ea a\u015fkere b\u00fb ku ji sala 2021\u00ea ve li Bakur\u00ea Kurdistan\u00ea can\u00ea xwe ji dest daye \u00fb mirina w\u00ee nehatib\u00fb ragihandin. HPG\u00ea bask\u00ea le\u015fker\u00ee y\u00ea PKK\u00ea \u00eero roja p\u00eanc\u015fem\u00ee 21 Tebaxa 2025\u00ea nasnameya fermandar\u00ea xwe y\u00ea bi nav\u00ea Y\u00fbsif Mihemed At\u00eek \u00fb bi kodnav\u00ea Serhed Varto a\u015fkere kir ku li 26 [&hellip;]","og_url":"https:\/\/darkamazi.info\/archives\/1049530","og_site_name":"Darka Maz\u00ee","article_publisher":"https:\/\/www.facebook.com\/DarMaziKurmanci","article_published_time":"2025-08-21T09:13:54+00:00","og_image":[{"width":900,"height":500,"url":"https:\/\/darkamazi.info\/file\/2025\/08\/Serhed-Varto-Info.jpg","type":"image\/jpeg"}],"author":"darka mazi","twitter_card":"summary_large_image","twitter_creator":"@DarkaMaziLatini","twitter_site":"@DarkaMaziLatini","twitter_misc":{"Written by":"darka mazi","Est. reading time":"1 minute"},"schema":{"@context":"https:\/\/schema.org","@graph":[{"@type":"Article","@id":"https:\/\/darkamazi.info\/archives\/1049530#article","isPartOf":{"@id":"https:\/\/darkamazi.info\/archives\/1049530"},"author":{"name":"darka mazi","@id":"https:\/\/darkamazi.info\/#\/schema\/person\/5ad3e24553a0567993fa8ed4bd0a776c"},"headline":"Mirina fermandar\u00ea PKK\u00ea Serhed Varto a\u015fkere b\u00fb","datePublished":"2025-08-21T09:13:54+00:00","mainEntityOfPage":{"@id":"https:\/\/darkamazi.info\/archives\/1049530"},"wordCount":162,"publisher":{"@id":"https:\/\/darkamazi.info\/#organization"},"image":{"@id":"https:\/\/darkamazi.info\/archives\/1049530#primaryimage"},"thumbnailUrl":"https:\/\/darkamazi.info\/file\/2025\/08\/Serhed-Varto-Info.jpg","keywords":["sereke"],"articleSection":["Kurdistan"],"inLanguage":"en-US"},{"@type":"WebPage","@id":"https:\/\/darkamazi.info\/archives\/1049530","url":"https:\/\/darkamazi.info\/archives\/1049530","name":"Mirina fermandar\u00ea PKK\u00ea Serhed Varto a\u015fkere b\u00fb - Darka Maz\u00ee","isPartOf":{"@id":"https:\/\/darkamazi.info\/#website"},"primaryImageOfPage":{"@id":"https:\/\/darkamazi.info\/archives\/1049530#primaryimage"},"image":{"@id":"https:\/\/darkamazi.info\/archives\/1049530#primaryimage"},"thumbnailUrl":"https:\/\/darkamazi.info\/file\/2025\/08\/Serhed-Varto-Info.jpg","datePublished":"2025-08-21T09:13:54+00:00","breadcrumb":{"@id":"https:\/\/darkamazi.info\/archives\/1049530#breadcrumb"},"inLanguage":"en-US","potentialAction":[{"@type":"ReadAction","target":["https:\/\/darkamazi.info\/archives\/1049530"]}]},{"@type":"ImageObject","inLanguage":"en-US","@id":"https:\/\/darkamazi.info\/archives\/1049530#primaryimage","url":"https:\/\/darkamazi.info\/file\/2025\/08\/Serhed-Varto-Info.jpg","contentUrl":"https:\/\/darkamazi.info\/file\/2025\/08\/Serhed-Varto-Info.jpg","width":900,"height":500,"caption":"Serhed Varto -Net"},{"@type":"BreadcrumbList","@id":"https:\/\/darkamazi.info\/archives\/1049530#breadcrumb","itemListElement":[{"@type":"ListItem","position":1,"name":"Home","item":"https:\/\/darkamazi.info\/"},{"@type":"ListItem","position":2,"name":"Mirina fermandar\u00ea PKK\u00ea Serhed Varto a\u015fkere b\u00fb"}]},{"@type":"WebSite","@id":"https:\/\/darkamazi.info\/#website","url":"https:\/\/darkamazi.info\/","name":"Darka Maz\u00ee","description":"P\u00eageha Zanyariy\u00ean Nebih\u00eest\u00ee","publisher":{"@id":"https:\/\/darkamazi.info\/#organization"},"potentialAction":[{"@type":"SearchAction","target":{"@type":"EntryPoint","urlTemplate":"https:\/\/darkamazi.info\/?s={search_term_string}"},"query-input":{"@type":"PropertyValueSpecification","valueRequired":true,"valueName":"search_term_string"}}],"inLanguage":"en-US"},{"@type":"Organization","@id":"https:\/\/darkamazi.info\/#organization","name":"Darka Maz\u00ee","url":"https:\/\/darkamazi.info\/","logo":{"@type":"ImageObject","inLanguage":"en-US","@id":"https:\/\/darkamazi.info\/#\/schema\/logo\/image\/","url":"https:\/\/darkamazi.info\/file\/2017\/12\/darka-mazi-logo.png","contentUrl":"https:\/\/darkamazi.info\/file\/2017\/12\/darka-mazi-logo.png","width":151,"height":75,"caption":"Darka Maz\u00ee"},"image":{"@id":"https:\/\/darkamazi.info\/#\/schema\/logo\/image\/"},"sameAs":["https:\/\/www.facebook.com\/DarMaziKurmanci","https:\/\/x.com\/DarkaMaziLatini","https:\/\/www.instagram.com\/darkamazi.kurmanci\/","https:\/\/www.youtube.com\/channel\/UCa5HkTdmI8U1qCUFuTw8B2g"]},{"@type":"Person","@id":"https:\/\/darkamazi.info\/#\/schema\/person\/5ad3e24553a0567993fa8ed4bd0a776c","name":"darka mazi","sameAs":["https:\/\/darkamazi.info\/"],"url":"https:\/\/darkamazi.info\/archives\/author\/kurdi"}]}},"_links":{"self":[{"href":"https:\/\/darkamazi.info\/funavuv\/wp\/v2\/posts\/1049530","targetHints":{"allow":["GET"]}}],"collection":[{"href":"https:\/\/darkamazi.info\/funavuv\/wp\/v2\/posts"}],"about":[{"href":"https:\/\/darkamazi.info\/funavuv\/wp\/v2\/types\/post"}],"author":[{"embeddable":true,"href":"https:\/\/darkamazi.info\/funavuv\/wp\/v2\/users\/2"}],"replies":[{"embeddable":true,"href":"https:\/\/darkamazi.info\/funavuv\/wp\/v2\/comments?post=1049530"}],"version-history":[{"count":0,"href":"https:\/\/darkamazi.info\/funavuv\/wp\/v2\/posts\/1049530\/revisions"}],"wp:featuredmedia":[{"embeddable":true,"href":"https:\/\/darkamazi.info\/funavuv\/wp\/v2\/media\/1049531"}],"wp:attachment":[{"href":"https:\/\/darkamazi.info\/funavuv\/wp\/v2\/media?parent=1049530"}],"wp:term":[{"taxonomy":"category","embeddable":true,"href":"https:\/\/darkamazi.info\/funavuv\/wp\/v2\/categories?post=1049530"},{"taxonomy":"post_tag","embeddable":true,"href":"https:\/\/darkamazi.info\/funavuv\/wp\/v2\/tags?post=1049530"}],"curies":[{"name":"wp","href":"https:\/\/api.w.org\/{rel}","templated":true}]}}