{"id":1049543,"date":"2025-08-23T15:36:10","date_gmt":"2025-08-23T12:36:10","guid":{"rendered":"https:\/\/darkamazi.info\/?p=1049543"},"modified":"2025-08-23T15:36:10","modified_gmt":"2025-08-23T12:36:10","slug":"dayiken-astiye-em-pistgiriya-careseriye-dikin-le-helwesta-diji-ziman-ji-qebul-nakin","status":"publish","type":"post","link":"https:\/\/darkamazi.info\/archives\/1049543","title":{"rendered":"Day\u00eek\u00ean A\u015ftiy\u00ea: Em pi\u015ftg\u0131riya \u00e7areseriy\u00ea dikin l\u00ea helwesta dij\u00ee ziman j\u00ee qeb\u00fbl nakin"},"content":{"rendered":"<h3 style=\"text-align: justify\"><span style=\"font-family: 'arial black', sans-serif\">Day\u00eek\u00ean a\u015ftiy\u00ea y\u00ean ku li parlelentoya Tirkiyey\u00ea r\u00ea li ber axaftina wan a bi kurd\u00ee hatib\u00fb girtin amaje kirin ku div\u00ea hemu zext \u00fb zor\u00ean p\u00ea\u015fiya ziman\u00ea kurd\u00ee ji hol\u00ea rabin \u00fb her wiha div\u00ea di dest\u00fbra Tirkiyey\u00ea de nasname \u00fb ziman\u00ea kurd\u00ee j\u00ee were nas\u00een.<\/span><\/h3>\n<h3 style=\"text-align: justify\">Day\u00eek\u00ean a\u015ftiy\u00ea bo komisyona hevgirtina netewey\u00ee birat\u00ee \u00fb demokrasiy\u00ea hatibun vexwendin \u00fb dema k udi kom\u00eesyon\u00ea de xwestib\u00fbn bi kurd\u00ee biaxifin r\u00ea li ber wan hatib\u00fb girtin. Day\u00eek\u00ean a\u015ftiy\u00ea derbar\u00ea v\u00ea helwest\u00ea de li Diyarbekir\u00ea di n\u00fbnertiya komeleya maf\u00ean mirovan a Diyarbekir\u00ea de civ\u00eenek \u00e7apemeniy\u00ea li dar xistin \u00fb li dij\u00ee helwesta ser ziman\u00ea kurd\u00ee bertek n\u00ee\u015fandan. Day\u00eek\u00ean a\u015ftiy\u00ea amaje kirin ku ew pi\u015ftgiriya hem\u00fb hewl \u00fb xebat\u00ean \u00e7areseriy\u00ea dikin l\u00ea helwest\u00ean wisa y\u00ean li dij\u00ee ziman\u00ea kurd\u00ee j\u00ee qebul nakin.<\/h3>\n<h3 style=\"text-align: justify\">Day\u00eeka A\u015ftiy\u00ea, Turkiye Bozkurt: \u201cEm dib\u00eajin div\u00ea di dest\u00fbra ku nu were \u00e7\u00eakirin de ziman\u00ea kurd\u00ee \u00fb nasnameya kurd j\u00ee hebe, em dixwazin ku bo ziman\u00ea kurd\u00ee statu were day\u00een.\u201d<\/h3>\n<h3 style=\"text-align: justify\">Day\u00eek\u00ean a\u015ftiy\u00ea bang kirin ku div\u00ea li dij\u00ee r\u00eanedana ziman\u00ea kurd\u00ee hem\u00fb kurd di hem\u00fb qad\u00ean jiyan\u00ea de bi ziman\u00ea kurd\u00ee biaxifin \u00fb li ziman\u00ea xwe xwed\u00ee derbikevin.<\/h3>\n<h3 style=\"text-align: justify\">Day\u00eeka A\u015ftiy\u00ea, Meryeme Turan dib\u00eaje: \u201cEm bang li hem\u00fb kurdan dikin ku li ziman\u00ea xwe xwed\u00ee derbikevin, di hem\u00fb qad\u00ean jiyan\u00ea de bi ziman\u00ea kurd\u00ee biaxifin, bila d\u00ea \u00fb bav bi zarok\u00ean xwe bi neviy\u00ean xwe re di mal\u00ea bi ziman\u00ea kurd\u00ee biaxifin, em dixwazin ziman\u00ea kurd\u00ee bibe ferm\u00ee.\u201d<\/h3>\n<h3 style=\"text-align: justify\">Day\u00eek\u00ean a\u015ftiy\u00ea bal\u00ea dik\u00ea\u015fin ku sedema pirsa kurd tinehesibandina ziman\u00ea kurd\u00ee ye \u00fb sedema avakirina kom\u00eesyon\u00ea j\u00ee \u00e7areserkirina pirsa kurd e \u00fb ji ber w\u00ea helwesta kom\u00eesyon\u00ea xizmeta \u00e7areseriy\u00ea nake, day\u00eek\u00ean a\u015ftiy\u00ea dib\u00eajin div\u00ea kurd\u00ee bibe xwed\u00ee statu.<\/h3>\n","protected":false},"excerpt":{"rendered":"<p>Day\u00eek\u00ean a\u015ftiy\u00ea y\u00ean ku li parlelentoya Tirkiyey\u00ea r\u00ea li ber axaftina wan a bi kurd\u00ee hatib\u00fb girtin amaje kirin ku div\u00ea hemu zext \u00fb zor\u00ean p\u00ea\u015fiya ziman\u00ea kurd\u00ee ji hol\u00ea rabin \u00fb her wiha div\u00ea di dest\u00fbra Tirkiyey\u00ea de nasname \u00fb ziman\u00ea kurd\u00ee j\u00ee were nas\u00een. Day\u00eek\u00ean a\u015ftiy\u00ea bo komisyona hevgirtina netewey\u00ee birat\u00ee \u00fb demokrasiy\u00ea [&hellip;]<\/p>\n","protected":false},"author":2,"featured_media":1049544,"comment_status":"closed","ping_status":"closed","sticky":false,"template":"","format":"standard","meta":{"footnotes":""},"categories":[29],"tags":[37],"class_list":["post-1049543","post","type-post","status-publish","format-standard","has-post-thumbnail","hentry","category-kurdistan","tag-sereke"],"blocksy_meta":[],"seo_head":"<!-- This site is optimized with the Yoast SEO plugin v27.5 - https:\/\/yoast.com\/product\/yoast-seo-wordpress\/ -->\n<title>Day\u00eek\u00ean A\u015ftiy\u00ea: Em pi\u015ftg\u0131riya \u00e7areseriy\u00ea dikin l\u00ea helwesta dij\u00ee ziman j\u00ee qeb\u00fbl nakin - Darka Maz\u00ee<\/title>\n<meta name=\"robots\" content=\"index, follow, max-snippet:-1, max-image-preview:large, max-video-preview:-1\" \/>\n<link rel=\"canonical\" href=\"https:\/\/darkamazi.info\/archives\/1049543\" \/>\n<meta property=\"og:locale\" content=\"en_US\" \/>\n<meta property=\"og:type\" content=\"article\" \/>\n<meta property=\"og:title\" content=\"Day\u00eek\u00ean A\u015ftiy\u00ea: Em pi\u015ftg\u0131riya \u00e7areseriy\u00ea dikin l\u00ea helwesta dij\u00ee ziman j\u00ee qeb\u00fbl nakin - Darka Maz\u00ee\" \/>\n<meta property=\"og:description\" content=\"Day\u00eek\u00ean a\u015ftiy\u00ea y\u00ean ku li parlelentoya Tirkiyey\u00ea r\u00ea li ber axaftina wan a bi kurd\u00ee hatib\u00fb girtin amaje kirin ku div\u00ea hemu zext \u00fb zor\u00ean p\u00ea\u015fiya ziman\u00ea kurd\u00ee ji hol\u00ea rabin \u00fb her wiha div\u00ea di dest\u00fbra Tirkiyey\u00ea de nasname \u00fb ziman\u00ea kurd\u00ee j\u00ee were nas\u00een. Day\u00eek\u00ean a\u015ftiy\u00ea bo komisyona hevgirtina netewey\u00ee birat\u00ee \u00fb demokrasiy\u00ea [&hellip;]\" \/>\n<meta property=\"og:url\" content=\"https:\/\/darkamazi.info\/archives\/1049543\" \/>\n<meta property=\"og:site_name\" content=\"Darka Maz\u00ee\" \/>\n<meta property=\"article:publisher\" content=\"https:\/\/www.facebook.com\/DarMaziKurmanci\" \/>\n<meta property=\"article:published_time\" content=\"2025-08-23T12:36:10+00:00\" \/>\n<meta property=\"og:image\" content=\"https:\/\/darkamazi.info\/file\/2025\/08\/dayiken-asitiye.jpg\" \/>\n\t<meta property=\"og:image:width\" content=\"900\" \/>\n\t<meta property=\"og:image:height\" content=\"497\" \/>\n\t<meta property=\"og:image:type\" content=\"image\/jpeg\" \/>\n<meta name=\"author\" content=\"darka mazi\" \/>\n<meta name=\"twitter:card\" content=\"summary_large_image\" \/>\n<meta name=\"twitter:creator\" content=\"@DarkaMaziLatini\" \/>\n<meta name=\"twitter:site\" content=\"@DarkaMaziLatini\" \/>\n<meta name=\"twitter:label1\" content=\"Written by\" \/>\n\t<meta name=\"twitter:data1\" content=\"darka mazi\" \/>\n\t<meta name=\"twitter:label2\" content=\"Est. reading time\" \/>\n\t<meta name=\"twitter:data2\" content=\"2 minutes\" \/>\n<script type=\"application\/ld+json\" class=\"seo-schema-graph\">{\"@context\":\"https:\\\/\\\/schema.org\",\"@graph\":[{\"@type\":\"Article\",\"@id\":\"https:\\\/\\\/darkamazi.info\\\/archives\\\/1049543#article\",\"isPartOf\":{\"@id\":\"https:\\\/\\\/darkamazi.info\\\/archives\\\/1049543\"},\"author\":{\"name\":\"darka mazi\",\"@id\":\"https:\\\/\\\/darkamazi.info\\\/#\\\/schema\\\/person\\\/5ad3e24553a0567993fa8ed4bd0a776c\"},\"headline\":\"Day\u00eek\u00ean A\u015ftiy\u00ea: Em pi\u015ftg\u0131riya \u00e7areseriy\u00ea dikin l\u00ea helwesta dij\u00ee ziman j\u00ee qeb\u00fbl nakin\",\"datePublished\":\"2025-08-23T12:36:10+00:00\",\"mainEntityOfPage\":{\"@id\":\"https:\\\/\\\/darkamazi.info\\\/archives\\\/1049543\"},\"wordCount\":332,\"publisher\":{\"@id\":\"https:\\\/\\\/darkamazi.info\\\/#organization\"},\"image\":{\"@id\":\"https:\\\/\\\/darkamazi.info\\\/archives\\\/1049543#primaryimage\"},\"thumbnailUrl\":\"https:\\\/\\\/darkamazi.info\\\/darka-content\\\/uploads\\\/2025\\\/08\\\/dayiken-asitiye.jpg\",\"keywords\":[\"sereke\"],\"articleSection\":[\"Kurdistan\"],\"inLanguage\":\"en-US\"},{\"@type\":\"WebPage\",\"@id\":\"https:\\\/\\\/darkamazi.info\\\/archives\\\/1049543\",\"url\":\"https:\\\/\\\/darkamazi.info\\\/archives\\\/1049543\",\"name\":\"Day\u00eek\u00ean A\u015ftiy\u00ea: Em pi\u015ftg\u0131riya \u00e7areseriy\u00ea dikin l\u00ea helwesta dij\u00ee ziman j\u00ee qeb\u00fbl nakin - Darka Maz\u00ee\",\"isPartOf\":{\"@id\":\"https:\\\/\\\/darkamazi.info\\\/#website\"},\"primaryImageOfPage\":{\"@id\":\"https:\\\/\\\/darkamazi.info\\\/archives\\\/1049543#primaryimage\"},\"image\":{\"@id\":\"https:\\\/\\\/darkamazi.info\\\/archives\\\/1049543#primaryimage\"},\"thumbnailUrl\":\"https:\\\/\\\/darkamazi.info\\\/darka-content\\\/uploads\\\/2025\\\/08\\\/dayiken-asitiye.jpg\",\"datePublished\":\"2025-08-23T12:36:10+00:00\",\"breadcrumb\":{\"@id\":\"https:\\\/\\\/darkamazi.info\\\/archives\\\/1049543#breadcrumb\"},\"inLanguage\":\"en-US\",\"potentialAction\":[{\"@type\":\"ReadAction\",\"target\":[\"https:\\\/\\\/darkamazi.info\\\/archives\\\/1049543\"]}]},{\"@type\":\"ImageObject\",\"inLanguage\":\"en-US\",\"@id\":\"https:\\\/\\\/darkamazi.info\\\/archives\\\/1049543#primaryimage\",\"url\":\"https:\\\/\\\/darkamazi.info\\\/darka-content\\\/uploads\\\/2025\\\/08\\\/dayiken-asitiye.jpg\",\"contentUrl\":\"https:\\\/\\\/darkamazi.info\\\/darka-content\\\/uploads\\\/2025\\\/08\\\/dayiken-asitiye.jpg\",\"width\":900,\"height\":497,\"caption\":\"Day\u00eek\u00ean A\u015ftiy\u00ea: Em pi\u015ftg\u0131riya \u00e7areseriy\u00ea dikin l\u00ea helwesta dij\u00ee ziman j\u00ee qeb\u00fbl nakin\"},{\"@type\":\"BreadcrumbList\",\"@id\":\"https:\\\/\\\/darkamazi.info\\\/archives\\\/1049543#breadcrumb\",\"itemListElement\":[{\"@type\":\"ListItem\",\"position\":1,\"name\":\"Home\",\"item\":\"https:\\\/\\\/darkamazi.info\\\/\"},{\"@type\":\"ListItem\",\"position\":2,\"name\":\"Day\u00eek\u00ean A\u015ftiy\u00ea: Em pi\u015ftg\u0131riya \u00e7areseriy\u00ea dikin l\u00ea helwesta dij\u00ee ziman j\u00ee qeb\u00fbl nakin\"}]},{\"@type\":\"WebSite\",\"@id\":\"https:\\\/\\\/darkamazi.info\\\/#website\",\"url\":\"https:\\\/\\\/darkamazi.info\\\/\",\"name\":\"Darka Maz\u00ee\",\"description\":\"P\u00eageha Zanyariy\u00ean Nebih\u00eest\u00ee\",\"publisher\":{\"@id\":\"https:\\\/\\\/darkamazi.info\\\/#organization\"},\"potentialAction\":[{\"@type\":\"SearchAction\",\"target\":{\"@type\":\"EntryPoint\",\"urlTemplate\":\"https:\\\/\\\/darkamazi.info\\\/?s={search_term_string}\"},\"query-input\":{\"@type\":\"PropertyValueSpecification\",\"valueRequired\":true,\"valueName\":\"search_term_string\"}}],\"inLanguage\":\"en-US\"},{\"@type\":\"Organization\",\"@id\":\"https:\\\/\\\/darkamazi.info\\\/#organization\",\"name\":\"Darka Maz\u00ee\",\"url\":\"https:\\\/\\\/darkamazi.info\\\/\",\"logo\":{\"@type\":\"ImageObject\",\"inLanguage\":\"en-US\",\"@id\":\"https:\\\/\\\/darkamazi.info\\\/#\\\/schema\\\/logo\\\/image\\\/\",\"url\":\"https:\\\/\\\/darkamazi.info\\\/darka-content\\\/uploads\\\/2017\\\/12\\\/darka-mazi-logo.png\",\"contentUrl\":\"https:\\\/\\\/darkamazi.info\\\/darka-content\\\/uploads\\\/2017\\\/12\\\/darka-mazi-logo.png\",\"width\":151,\"height\":75,\"caption\":\"Darka Maz\u00ee\"},\"image\":{\"@id\":\"https:\\\/\\\/darkamazi.info\\\/#\\\/schema\\\/logo\\\/image\\\/\"},\"sameAs\":[\"https:\\\/\\\/www.facebook.com\\\/DarMaziKurmanci\",\"https:\\\/\\\/x.com\\\/DarkaMaziLatini\",\"https:\\\/\\\/www.instagram.com\\\/darkamazi.kurmanci\\\/\",\"https:\\\/\\\/www.youtube.com\\\/channel\\\/UCa5HkTdmI8U1qCUFuTw8B2g\"]},{\"@type\":\"Person\",\"@id\":\"https:\\\/\\\/darkamazi.info\\\/#\\\/schema\\\/person\\\/5ad3e24553a0567993fa8ed4bd0a776c\",\"name\":\"darka mazi\",\"sameAs\":[\"https:\\\/\\\/darkamazi.info\\\/\"],\"url\":\"https:\\\/\\\/darkamazi.info\\\/archives\\\/author\\\/kurdi\"}]}<\/script>\n<!-- \/ Yoast SEO plugin. -->","seo_head_json":{"title":"Day\u00eek\u00ean A\u015ftiy\u00ea: Em pi\u015ftg\u0131riya \u00e7areseriy\u00ea dikin l\u00ea helwesta dij\u00ee ziman j\u00ee qeb\u00fbl nakin - Darka Maz\u00ee","robots":{"index":"index","follow":"follow","max-snippet":"max-snippet:-1","max-image-preview":"max-image-preview:large","max-video-preview":"max-video-preview:-1"},"canonical":"https:\/\/darkamazi.info\/archives\/1049543","og_locale":"en_US","og_type":"article","og_title":"Day\u00eek\u00ean A\u015ftiy\u00ea: Em pi\u015ftg\u0131riya \u00e7areseriy\u00ea dikin l\u00ea helwesta dij\u00ee ziman j\u00ee qeb\u00fbl nakin - Darka Maz\u00ee","og_description":"Day\u00eek\u00ean a\u015ftiy\u00ea y\u00ean ku li parlelentoya Tirkiyey\u00ea r\u00ea li ber axaftina wan a bi kurd\u00ee hatib\u00fb girtin amaje kirin ku div\u00ea hemu zext \u00fb zor\u00ean p\u00ea\u015fiya ziman\u00ea kurd\u00ee ji hol\u00ea rabin \u00fb her wiha div\u00ea di dest\u00fbra Tirkiyey\u00ea de nasname \u00fb ziman\u00ea kurd\u00ee j\u00ee were nas\u00een. Day\u00eek\u00ean a\u015ftiy\u00ea bo komisyona hevgirtina netewey\u00ee birat\u00ee \u00fb demokrasiy\u00ea [&hellip;]","og_url":"https:\/\/darkamazi.info\/archives\/1049543","og_site_name":"Darka Maz\u00ee","article_publisher":"https:\/\/www.facebook.com\/DarMaziKurmanci","article_published_time":"2025-08-23T12:36:10+00:00","og_image":[{"width":900,"height":497,"url":"https:\/\/darkamazi.info\/file\/2025\/08\/dayiken-asitiye.jpg","type":"image\/jpeg"}],"author":"darka mazi","twitter_card":"summary_large_image","twitter_creator":"@DarkaMaziLatini","twitter_site":"@DarkaMaziLatini","twitter_misc":{"Written by":"darka mazi","Est. reading time":"2 minutes"},"schema":{"@context":"https:\/\/schema.org","@graph":[{"@type":"Article","@id":"https:\/\/darkamazi.info\/archives\/1049543#article","isPartOf":{"@id":"https:\/\/darkamazi.info\/archives\/1049543"},"author":{"name":"darka mazi","@id":"https:\/\/darkamazi.info\/#\/schema\/person\/5ad3e24553a0567993fa8ed4bd0a776c"},"headline":"Day\u00eek\u00ean A\u015ftiy\u00ea: Em pi\u015ftg\u0131riya \u00e7areseriy\u00ea dikin l\u00ea helwesta dij\u00ee ziman j\u00ee qeb\u00fbl nakin","datePublished":"2025-08-23T12:36:10+00:00","mainEntityOfPage":{"@id":"https:\/\/darkamazi.info\/archives\/1049543"},"wordCount":332,"publisher":{"@id":"https:\/\/darkamazi.info\/#organization"},"image":{"@id":"https:\/\/darkamazi.info\/archives\/1049543#primaryimage"},"thumbnailUrl":"https:\/\/darkamazi.info\/file\/2025\/08\/dayiken-asitiye.jpg","keywords":["sereke"],"articleSection":["Kurdistan"],"inLanguage":"en-US"},{"@type":"WebPage","@id":"https:\/\/darkamazi.info\/archives\/1049543","url":"https:\/\/darkamazi.info\/archives\/1049543","name":"Day\u00eek\u00ean A\u015ftiy\u00ea: Em pi\u015ftg\u0131riya \u00e7areseriy\u00ea dikin l\u00ea helwesta dij\u00ee ziman j\u00ee qeb\u00fbl nakin - Darka Maz\u00ee","isPartOf":{"@id":"https:\/\/darkamazi.info\/#website"},"primaryImageOfPage":{"@id":"https:\/\/darkamazi.info\/archives\/1049543#primaryimage"},"image":{"@id":"https:\/\/darkamazi.info\/archives\/1049543#primaryimage"},"thumbnailUrl":"https:\/\/darkamazi.info\/file\/2025\/08\/dayiken-asitiye.jpg","datePublished":"2025-08-23T12:36:10+00:00","breadcrumb":{"@id":"https:\/\/darkamazi.info\/archives\/1049543#breadcrumb"},"inLanguage":"en-US","potentialAction":[{"@type":"ReadAction","target":["https:\/\/darkamazi.info\/archives\/1049543"]}]},{"@type":"ImageObject","inLanguage":"en-US","@id":"https:\/\/darkamazi.info\/archives\/1049543#primaryimage","url":"https:\/\/darkamazi.info\/file\/2025\/08\/dayiken-asitiye.jpg","contentUrl":"https:\/\/darkamazi.info\/file\/2025\/08\/dayiken-asitiye.jpg","width":900,"height":497,"caption":"Day\u00eek\u00ean A\u015ftiy\u00ea: Em pi\u015ftg\u0131riya \u00e7areseriy\u00ea dikin l\u00ea helwesta dij\u00ee ziman j\u00ee qeb\u00fbl nakin"},{"@type":"BreadcrumbList","@id":"https:\/\/darkamazi.info\/archives\/1049543#breadcrumb","itemListElement":[{"@type":"ListItem","position":1,"name":"Home","item":"https:\/\/darkamazi.info\/"},{"@type":"ListItem","position":2,"name":"Day\u00eek\u00ean A\u015ftiy\u00ea: Em pi\u015ftg\u0131riya \u00e7areseriy\u00ea dikin l\u00ea helwesta dij\u00ee ziman j\u00ee qeb\u00fbl nakin"}]},{"@type":"WebSite","@id":"https:\/\/darkamazi.info\/#website","url":"https:\/\/darkamazi.info\/","name":"Darka Maz\u00ee","description":"P\u00eageha Zanyariy\u00ean Nebih\u00eest\u00ee","publisher":{"@id":"https:\/\/darkamazi.info\/#organization"},"potentialAction":[{"@type":"SearchAction","target":{"@type":"EntryPoint","urlTemplate":"https:\/\/darkamazi.info\/?s={search_term_string}"},"query-input":{"@type":"PropertyValueSpecification","valueRequired":true,"valueName":"search_term_string"}}],"inLanguage":"en-US"},{"@type":"Organization","@id":"https:\/\/darkamazi.info\/#organization","name":"Darka Maz\u00ee","url":"https:\/\/darkamazi.info\/","logo":{"@type":"ImageObject","inLanguage":"en-US","@id":"https:\/\/darkamazi.info\/#\/schema\/logo\/image\/","url":"https:\/\/darkamazi.info\/file\/2017\/12\/darka-mazi-logo.png","contentUrl":"https:\/\/darkamazi.info\/file\/2017\/12\/darka-mazi-logo.png","width":151,"height":75,"caption":"Darka Maz\u00ee"},"image":{"@id":"https:\/\/darkamazi.info\/#\/schema\/logo\/image\/"},"sameAs":["https:\/\/www.facebook.com\/DarMaziKurmanci","https:\/\/x.com\/DarkaMaziLatini","https:\/\/www.instagram.com\/darkamazi.kurmanci\/","https:\/\/www.youtube.com\/channel\/UCa5HkTdmI8U1qCUFuTw8B2g"]},{"@type":"Person","@id":"https:\/\/darkamazi.info\/#\/schema\/person\/5ad3e24553a0567993fa8ed4bd0a776c","name":"darka mazi","sameAs":["https:\/\/darkamazi.info\/"],"url":"https:\/\/darkamazi.info\/archives\/author\/kurdi"}]}},"_links":{"self":[{"href":"https:\/\/darkamazi.info\/funavuv\/wp\/v2\/posts\/1049543","targetHints":{"allow":["GET"]}}],"collection":[{"href":"https:\/\/darkamazi.info\/funavuv\/wp\/v2\/posts"}],"about":[{"href":"https:\/\/darkamazi.info\/funavuv\/wp\/v2\/types\/post"}],"author":[{"embeddable":true,"href":"https:\/\/darkamazi.info\/funavuv\/wp\/v2\/users\/2"}],"replies":[{"embeddable":true,"href":"https:\/\/darkamazi.info\/funavuv\/wp\/v2\/comments?post=1049543"}],"version-history":[{"count":0,"href":"https:\/\/darkamazi.info\/funavuv\/wp\/v2\/posts\/1049543\/revisions"}],"wp:featuredmedia":[{"embeddable":true,"href":"https:\/\/darkamazi.info\/funavuv\/wp\/v2\/media\/1049544"}],"wp:attachment":[{"href":"https:\/\/darkamazi.info\/funavuv\/wp\/v2\/media?parent=1049543"}],"wp:term":[{"taxonomy":"category","embeddable":true,"href":"https:\/\/darkamazi.info\/funavuv\/wp\/v2\/categories?post=1049543"},{"taxonomy":"post_tag","embeddable":true,"href":"https:\/\/darkamazi.info\/funavuv\/wp\/v2\/tags?post=1049543"}],"curies":[{"name":"wp","href":"https:\/\/api.w.org\/{rel}","templated":true}]}}